{"id":1839,"date":"2025-03-27T16:01:36","date_gmt":"2025-03-27T15:01:36","guid":{"rendered":"https:\/\/www.ralarsa.com\/zaragoza-ya-tiene-su-tercer-taller-ralarsa\/"},"modified":"2025-09-05T10:58:05","modified_gmt":"2025-09-05T09:58:05","slug":"zaragoza-ya-tiene-su-tercer-taller-ralarsa","status":"publish","type":"post","link":"https:\/\/www.ralarsa.com\/ca\/zaragoza-ja-te-el-seu-tercer-taller-ralarsa\/","title":{"rendered":"Saragossa ja t\u00e9 el seu tercer taller Ralarsa"},"content":{"rendered":"<p><\/p>\n<p class=\"ai-optimize-6 ai-optimize-introduction\">Auto Cristal Ralarsa ha inaugurat el seu nou taller a la ciutat de Saragossa, sent el tercer que obre en aquesta localitat espanyola. Ralarsa continua creixent no nom\u00e9s amb m\u00e9s tallers repartits per tota la geografia espanyola, sin\u00f3 tamb\u00e9 amb m\u00e9s professionals instal\u00b7ladors de vidres. Amb aquesta obertura, ja s\u00f3n m\u00e9s de 235 centres \u2014 en concret, 238 \u2014 els que estan actualment operatius a Espanya.<\/p>\n<p class=\"ai-optimize-7\">Este nuevo centro est\u00e1 ubicado en la Avenida v\u00eda Hispanidad 106, uni\u00e9ndose a los otros dos que ya estaban operativos con anterioridad (ubicados en calle Juan Jos\u00e9 G\u00e1rate 14 y calle Marqu\u00e9s de la cadena 62, de manera respectiva). Se trata de un amplio centro tipo \u2018showroom\u2019 con aspecto casi de concesionario. De hecho, se estima que dentro pueden llegar a caber hasta 10 coches. El horario de apertura es de 9:00 a 13:00 y de 15:00 a 19:30 de lunes a viernes, salvo s\u00e1bados que abre de 9:00 a 13:00. Cuentan adem\u00e1s con unidad m\u00f3vil para realizar servicios a domicilio, principalmente reparaci\u00f3n y sustituci\u00f3n de parabrisas y lunas.<\/p>\n<h3 class=\"ai-optimize-8\"><strong>Servicios de primera calidad<\/strong><\/h3>\n<p class=\"ai-optimize-9\">Com a la resta de centres, en aquest taller s\u00f3n especialistes en reparaci\u00f3 i substituci\u00f3 de parabrises, vidres i finestres dels vehicles. Tamb\u00e9 realitzen altres serveis relacionats, com el tintat de vidres, el tractament antilluvia i, per descomptat, la recalibraci\u00f3 de les c\u00e0meres dels sistemes ADAS. Per recalibrar aquests sistemes es necessiten instal\u00b7lacions amb unes caracter\u00edstiques t\u00e8cniques determinades, i aquest centre les compleix completament. Es tracta d\u2019un servei de primera qualitat, fruit de m\u00e9s de 40 anys d\u2019experi\u00e8ncia de Ralarsa a Espanya.<\/p>\n<h3 class=\"ai-optimize-10\"><strong>Mesures de seguretat i prevenci\u00f3 contra la Covid-19<\/strong><\/h3>\n<p class=\"ai-optimize-11\">Aquest nou centre est\u00e0 situat a l\u2019Avinguda Via Hispanitat 106, unint-se als altres dos que ja estaven en funcionament (als carrers Juan Jos\u00e9 G\u00e1rate 14 i Marqu\u00e8s de la Cadena 62, respectivament). Es tracta d\u2019un ampli centre tipus showroom, amb un aspecte gaireb\u00e9 de concessionari. De fet, es calcula que a l\u2019interior hi poden cabre fins a 10 cotxes. L\u2019horari d\u2019obertura \u00e9s de 9:00 a 13:00 i de 15:00 a 19:30 de dilluns a divendres, i dissabtes de 9:00 a 13:00. A m\u00e9s, compta amb una unitat m\u00f2bil per oferir serveis a domicili, principalment reparaci\u00f3 i substituci\u00f3 de parabrises i vidres.<\/p>\n<p class=\"ai-optimize-12\">Ralarsa va ser una de les primeres empreses a oferir desinfeccions amb oz\u00f3 de manera gratu\u00efta. Aquest tractament, reconegut per l\u2019OMS com el desinfectant m\u00e9s potent contra microorganismes, utilitza un generador d\u2019oz\u00f3 (tamb\u00e9 conegut com a can\u00f3 d\u2019oz\u00f3) per higienitzar l\u2019interior del vehicle per via a\u00e8ria, eliminant tota mena de virus i bacteris que puguin estar en suspensi\u00f3, aix\u00ed com a les superf\u00edcies del quadre de comandament, seients, etc. En nom\u00e9s les primeres setmanes de confinament, i gr\u00e0cies a la campanya \u201cHerois de la Covid\u201d, ja havien superat la xifra de 500 vehicles d\u2019emerg\u00e8ncia higienitzats.<\/p>\n<p><\/p>","protected":false},"excerpt":{"rendered":"Auto Cristal Ralarsa ha inaugurat el seu nou taller a la ciutat de Saragossa, sent el tercer que obre en aquesta localitat espanyola. Ralarsa continua creixent no nom\u00e9s amb m\u00e9s tallers repartits per tota la geografia espanyola, sin\u00f3 tamb\u00e9 amb m\u00e9s professionals instal\u00b7ladors de vidres. Amb aquesta obertura, ja s\u00f3n m\u00e9s de 235 centres \u2014&#8230;","protected":false},"author":1,"featured_media":2336,"comment_status":"open","ping_status":"open","sticky":false,"template":"","format":"standard","meta":{"_acf_changed":false,"inline_featured_image":false,"footnotes":""},"categories":[14],"tags":[15],"class_list":["post-1839","post","type-post","status-publish","format-standard","has-post-thumbnail","hentry","category-ralarsa-cary-group","tag-ok"],"acf":[],"yoast_head":"<!-- This site is optimized with the Yoast SEO Premium plugin v25.3 (Yoast SEO v26.7) - https:\/\/yoast.com\/wordpress\/plugins\/seo\/ -->\n<title>Saragossa ja t\u00e9 el seu tercer taller Ralarsa - Ralarsa<\/title>\n<meta name=\"description\" content=\"Zaragoza ja t\u00e9 el seu tercer taller\" \/>\n<meta name=\"robots\" content=\"index, follow, max-snippet:-1, max-image-preview:large, max-video-preview:-1\" \/>\n<link rel=\"canonical\" href=\"https:\/\/www.ralarsa.com\/ca\/zaragoza-ya-tiene-su-tercer-taller-ralarsa\/\" \/>\n<meta property=\"og:locale\" content=\"ca_ES\" \/>\n<meta property=\"og:type\" content=\"article\" \/>\n<meta property=\"og:title\" content=\"Saragossa ja t\u00e9 el seu tercer taller Ralarsa\" \/>\n<meta property=\"og:description\" content=\"Zaragoza ja t\u00e9 el seu tercer taller\" \/>\n<meta property=\"og:url\" content=\"https:\/\/www.ralarsa.com\/ca\/zaragoza-ya-tiene-su-tercer-taller-ralarsa\/\" \/>\n<meta property=\"og:site_name\" content=\"Ralarsa\" \/>\n<meta property=\"article:published_time\" content=\"2025-03-27T15:01:36+00:00\" \/>\n<meta property=\"article:modified_time\" content=\"2025-09-05T09:58:05+00:00\" \/>\n<meta property=\"og:image\" content=\"https:\/\/ralarsa.s3.eu-central-1.amazonaws.com\/wp-content\/uploads\/2025\/03\/466.jpeg\" \/>\n\t<meta property=\"og:image:width\" content=\"850\" \/>\n\t<meta property=\"og:image:height\" content=\"600\" \/>\n\t<meta property=\"og:image:type\" content=\"image\/jpeg\" \/>\n<meta name=\"author\" content=\"ralarsa_admin\" \/>\n<meta name=\"twitter:card\" content=\"summary_large_image\" \/>\n<meta name=\"twitter:label1\" content=\"Escrit per\" \/>\n\t<meta name=\"twitter:data1\" content=\"ralarsa_admin\" \/>\n\t<meta name=\"twitter:label2\" content=\"Temps estimat de lectura\" \/>\n\t<meta name=\"twitter:data2\" content=\"3 minuts\" \/>\n<script type=\"application\/ld+json\" class=\"yoast-schema-graph\">{\"@context\":\"https:\/\/schema.org\",\"@graph\":[{\"@type\":\"Article\",\"@id\":\"https:\/\/www.ralarsa.com\/es\/zaragoza-ya-tiene-su-tercer-taller-ralarsa\/#article\",\"isPartOf\":{\"@id\":\"https:\/\/www.ralarsa.com\/es\/zaragoza-ya-tiene-su-tercer-taller-ralarsa\/\"},\"author\":{\"name\":\"ralarsa_admin\",\"@id\":\"https:\/\/www.ralarsa.com\/es\/#\/schema\/person\/cc6cd8ee6652131e9e8872b5cb9424fb\"},\"headline\":\"Saragossa ja t\u00e9 el seu tercer taller Ralarsa\",\"datePublished\":\"2025-03-27T15:01:36+00:00\",\"dateModified\":\"2025-09-05T09:58:05+00:00\",\"mainEntityOfPage\":{\"@id\":\"https:\/\/www.ralarsa.com\/es\/zaragoza-ya-tiene-su-tercer-taller-ralarsa\/\"},\"wordCount\":1399,\"commentCount\":0,\"publisher\":{\"@id\":\"https:\/\/www.ralarsa.com\/es\/#organization\"},\"image\":{\"@id\":\"https:\/\/www.ralarsa.com\/es\/zaragoza-ya-tiene-su-tercer-taller-ralarsa\/#primaryimage\"},\"thumbnailUrl\":\"https:\/\/d2oyvx818ubhz6.cloudfront.net\/wp-content\/uploads\/2025\/03\/466.jpeg\",\"keywords\":[\"ok\"],\"articleSection\":[\"Ralarsa &amp; Cary Group\"],\"inLanguage\":\"ca\",\"potentialAction\":[{\"@type\":\"CommentAction\",\"name\":\"Comment\",\"target\":[\"https:\/\/www.ralarsa.com\/es\/zaragoza-ya-tiene-su-tercer-taller-ralarsa\/#respond\"]}]},{\"@type\":\"WebPage\",\"@id\":\"https:\/\/www.ralarsa.com\/ca\/zaragoza-ya-tiene-su-tercer-taller-ralarsa\/\",\"url\":\"https:\/\/www.ralarsa.com\/ca\/zaragoza-ya-tiene-su-tercer-taller-ralarsa\/\",\"name\":\"Saragossa ja t\u00e9 el seu tercer taller Ralarsa - Ralarsa\",\"isPartOf\":{\"@id\":\"https:\/\/www.ralarsa.com\/ca\/#website\"},\"primaryImageOfPage\":{\"@id\":\"https:\/\/www.ralarsa.com\/ca\/zaragoza-ya-tiene-su-tercer-taller-ralarsa\/#primaryimage\"},\"image\":{\"@id\":\"https:\/\/www.ralarsa.com\/es\/zaragoza-ya-tiene-su-tercer-taller-ralarsa\/#primaryimage\"},\"thumbnailUrl\":\"https:\/\/d2oyvx818ubhz6.cloudfront.net\/wp-content\/uploads\/2025\/03\/466.jpeg\",\"datePublished\":\"2025-03-27T15:01:36+00:00\",\"dateModified\":\"2025-09-05T09:58:05+00:00\",\"description\":\"Zaragoza ja t\u00e9 el seu tercer taller\",\"breadcrumb\":{\"@id\":\"https:\/\/www.ralarsa.com\/ca\/zaragoza-ya-tiene-su-tercer-taller-ralarsa\/#breadcrumb\"},\"inLanguage\":\"ca\",\"potentialAction\":[{\"@type\":\"ReadAction\",\"target\":[[\"https:\/\/www.ralarsa.com\/ca\/zaragoza-ya-tiene-su-tercer-taller-ralarsa\/\"]]}]},{\"@type\":\"ImageObject\",\"inLanguage\":\"ca\",\"@id\":\"https:\/\/www.ralarsa.com\/ca\/zaragoza-ya-tiene-su-tercer-taller-ralarsa\/#primaryimage\",\"url\":\"https:\/\/d2oyvx818ubhz6.cloudfront.net\/wp-content\/uploads\/2025\/03\/466.jpeg\",\"contentUrl\":\"https:\/\/d2oyvx818ubhz6.cloudfront.net\/wp-content\/uploads\/2025\/03\/466.jpeg\",\"width\":850,\"height\":600},{\"@type\":\"BreadcrumbList\",\"@id\":\"https:\/\/www.ralarsa.com\/ca\/zaragoza-ya-tiene-su-tercer-taller-ralarsa\/#breadcrumb\",\"itemListElement\":[{\"@type\":\"ListItem\",\"position\":1,\"name\":\"Portada\",\"item\":\"https:\/\/www.ralarsa.com\/ca\/ralarsa-2\/\"},{\"@type\":\"ListItem\",\"position\":2,\"name\":\"Zaragoza ya tiene su tercer taller Ralarsa\"}]},{\"@type\":\"WebSite\",\"@id\":\"https:\/\/www.ralarsa.com\/ca\/#website\",\"url\":\"https:\/\/www.ralarsa.com\/ca\/\",\"name\":\"Ralarsa\",\"description\":\"\",\"publisher\":{\"@id\":\"https:\/\/www.ralarsa.com\/ca\/#organization\"},\"potentialAction\":[{\"@type\":\"SearchAction\",\"target\":{\"@type\":\"EntryPoint\",\"urlTemplate\":\"https:\/\/www.ralarsa.com\/ca\/?s={search_term_string}\"},\"query-input\":{\"@type\":\"PropertyValueSpecification\",\"valueRequired\":true,\"valueName\":\"search_term_string\"}}],\"inLanguage\":\"ca\"},{\"@type\":\"Organization\",\"@id\":\"https:\/\/www.ralarsa.com\/ca\/#organization\",\"name\":\"Ralarsa\",\"url\":\"https:\/\/www.ralarsa.com\/ca\/\",\"logo\":{\"@type\":\"ImageObject\",\"inLanguage\":\"ca\",\"@id\":\"https:\/\/www.ralarsa.com\/ca\/#\/schema\/logo\/image\/\",\"url\":\"https:\/\/ralarsa.s3.eu-central-1.amazonaws.com\/wp-content\/uploads\/2025\/04\/logo-ralarsa.png\",\"contentUrl\":\"https:\/\/ralarsa.s3.eu-central-1.amazonaws.com\/wp-content\/uploads\/2025\/04\/logo-ralarsa.png\",\"width\":1192,\"height\":412,\"caption\":\"Ralarsa\"},\"image\":{\"@id\":\"https:\/\/www.ralarsa.com\/ca\/#\/schema\/logo\/image\/\"}},{\"@type\":\"Person\",\"@id\":\"https:\/\/www.ralarsa.com\/es\/#\/schema\/person\/cc6cd8ee6652131e9e8872b5cb9424fb\",\"name\":\"ralarsa_admin\",\"image\":{\"@type\":\"ImageObject\",\"inLanguage\":\"ca\",\"@id\":\"https:\/\/www.ralarsa.com\/ca\/#\/schema\/person\/image\/\",\"url\":\"https:\/\/secure.gravatar.com\/avatar\/a74fd8d2062d4dc1f2f251438977288d50eb8ca5b4735594bcad2f5016833f49?s=96&d=mm&r=g\",\"contentUrl\":\"https:\/\/secure.gravatar.com\/avatar\/a74fd8d2062d4dc1f2f251438977288d50eb8ca5b4735594bcad2f5016833f49?s=96&d=mm&r=g\",\"caption\":\"ralarsa_admin\"},\"sameAs\":[\"https:\/\/www-pre.ralarsa.com\"]}]}<\/script>\n<!-- \/ Yoast SEO Premium plugin. -->","yoast_head_json":{"title":"Saragossa ja t\u00e9 el seu tercer taller Ralarsa - Ralarsa","description":"Zaragoza ja t\u00e9 el seu tercer taller","robots":{"index":"index","follow":"follow","max-snippet":"max-snippet:-1","max-image-preview":"max-image-preview:large","max-video-preview":"max-video-preview:-1"},"canonical":"https:\/\/www.ralarsa.com\/ca\/zaragoza-ya-tiene-su-tercer-taller-ralarsa\/","og_locale":"ca_ES","og_type":"article","og_title":"Saragossa ja t\u00e9 el seu tercer taller Ralarsa","og_description":"Zaragoza ja t\u00e9 el seu tercer taller","og_url":"https:\/\/www.ralarsa.com\/ca\/zaragoza-ya-tiene-su-tercer-taller-ralarsa\/","og_site_name":"Ralarsa","article_published_time":"2025-03-27T15:01:36+00:00","article_modified_time":"2025-09-05T09:58:05+00:00","og_image":[{"width":850,"height":600,"url":"https:\/\/ralarsa.s3.eu-central-1.amazonaws.com\/wp-content\/uploads\/2025\/03\/466.jpeg","type":"image\/jpeg"}],"author":"ralarsa_admin","twitter_card":"summary_large_image","twitter_misc":{"Escrit per":"ralarsa_admin","Temps estimat de lectura":"3 minuts"},"schema":{"@context":"https:\/\/schema.org","@graph":[{"@type":"Article","@id":"https:\/\/www.ralarsa.com\/es\/zaragoza-ya-tiene-su-tercer-taller-ralarsa\/#article","isPartOf":{"@id":"https:\/\/www.ralarsa.com\/es\/zaragoza-ya-tiene-su-tercer-taller-ralarsa\/"},"author":{"name":"ralarsa_admin","@id":"https:\/\/www.ralarsa.com\/es\/#\/schema\/person\/cc6cd8ee6652131e9e8872b5cb9424fb"},"headline":"Saragossa ja t\u00e9 el seu tercer taller Ralarsa","datePublished":"2025-03-27T15:01:36+00:00","dateModified":"2025-09-05T09:58:05+00:00","mainEntityOfPage":{"@id":"https:\/\/www.ralarsa.com\/es\/zaragoza-ya-tiene-su-tercer-taller-ralarsa\/"},"wordCount":1399,"commentCount":0,"publisher":{"@id":"https:\/\/www.ralarsa.com\/es\/#organization"},"image":{"@id":"https:\/\/www.ralarsa.com\/es\/zaragoza-ya-tiene-su-tercer-taller-ralarsa\/#primaryimage"},"thumbnailUrl":"https:\/\/d2oyvx818ubhz6.cloudfront.net\/wp-content\/uploads\/2025\/03\/466.jpeg","keywords":["ok"],"articleSection":["Ralarsa &amp; Cary Group"],"inLanguage":"ca","potentialAction":[{"@type":"CommentAction","name":"Comment","target":["https:\/\/www.ralarsa.com\/es\/zaragoza-ya-tiene-su-tercer-taller-ralarsa\/#respond"]}]},{"@type":"WebPage","@id":"https:\/\/www.ralarsa.com\/ca\/zaragoza-ya-tiene-su-tercer-taller-ralarsa\/","url":"https:\/\/www.ralarsa.com\/ca\/zaragoza-ya-tiene-su-tercer-taller-ralarsa\/","name":"Saragossa ja t\u00e9 el seu tercer taller Ralarsa - Ralarsa","isPartOf":{"@id":"https:\/\/www.ralarsa.com\/ca\/#website"},"primaryImageOfPage":{"@id":"https:\/\/www.ralarsa.com\/ca\/zaragoza-ya-tiene-su-tercer-taller-ralarsa\/#primaryimage"},"image":{"@id":"https:\/\/www.ralarsa.com\/es\/zaragoza-ya-tiene-su-tercer-taller-ralarsa\/#primaryimage"},"thumbnailUrl":"https:\/\/d2oyvx818ubhz6.cloudfront.net\/wp-content\/uploads\/2025\/03\/466.jpeg","datePublished":"2025-03-27T15:01:36+00:00","dateModified":"2025-09-05T09:58:05+00:00","description":"Zaragoza ja t\u00e9 el seu tercer taller","breadcrumb":{"@id":"https:\/\/www.ralarsa.com\/ca\/zaragoza-ya-tiene-su-tercer-taller-ralarsa\/#breadcrumb"},"inLanguage":"ca","potentialAction":[{"@type":"ReadAction","target":[["https:\/\/www.ralarsa.com\/ca\/zaragoza-ya-tiene-su-tercer-taller-ralarsa\/"]]}]},{"@type":"ImageObject","inLanguage":"ca","@id":"https:\/\/www.ralarsa.com\/ca\/zaragoza-ya-tiene-su-tercer-taller-ralarsa\/#primaryimage","url":"https:\/\/d2oyvx818ubhz6.cloudfront.net\/wp-content\/uploads\/2025\/03\/466.jpeg","contentUrl":"https:\/\/d2oyvx818ubhz6.cloudfront.net\/wp-content\/uploads\/2025\/03\/466.jpeg","width":850,"height":600},{"@type":"BreadcrumbList","@id":"https:\/\/www.ralarsa.com\/ca\/zaragoza-ya-tiene-su-tercer-taller-ralarsa\/#breadcrumb","itemListElement":[{"@type":"ListItem","position":1,"name":"Portada","item":"https:\/\/www.ralarsa.com\/ca\/ralarsa-2\/"},{"@type":"ListItem","position":2,"name":"Zaragoza ya tiene su tercer taller Ralarsa"}]},{"@type":"WebSite","@id":"https:\/\/www.ralarsa.com\/ca\/#website","url":"https:\/\/www.ralarsa.com\/ca\/","name":"Ralarsa","description":"","publisher":{"@id":"https:\/\/www.ralarsa.com\/ca\/#organization"},"potentialAction":[{"@type":"SearchAction","target":{"@type":"EntryPoint","urlTemplate":"https:\/\/www.ralarsa.com\/ca\/?s={search_term_string}"},"query-input":{"@type":"PropertyValueSpecification","valueRequired":true,"valueName":"search_term_string"}}],"inLanguage":"ca"},{"@type":"Organization","@id":"https:\/\/www.ralarsa.com\/ca\/#organization","name":"Ralarsa","url":"https:\/\/www.ralarsa.com\/ca\/","logo":{"@type":"ImageObject","inLanguage":"ca","@id":"https:\/\/www.ralarsa.com\/ca\/#\/schema\/logo\/image\/","url":"https:\/\/ralarsa.s3.eu-central-1.amazonaws.com\/wp-content\/uploads\/2025\/04\/logo-ralarsa.png","contentUrl":"https:\/\/ralarsa.s3.eu-central-1.amazonaws.com\/wp-content\/uploads\/2025\/04\/logo-ralarsa.png","width":1192,"height":412,"caption":"Ralarsa"},"image":{"@id":"https:\/\/www.ralarsa.com\/ca\/#\/schema\/logo\/image\/"}},{"@type":"Person","@id":"https:\/\/www.ralarsa.com\/es\/#\/schema\/person\/cc6cd8ee6652131e9e8872b5cb9424fb","name":"ralarsa_admin","image":{"@type":"ImageObject","inLanguage":"ca","@id":"https:\/\/www.ralarsa.com\/ca\/#\/schema\/person\/image\/","url":"https:\/\/secure.gravatar.com\/avatar\/a74fd8d2062d4dc1f2f251438977288d50eb8ca5b4735594bcad2f5016833f49?s=96&d=mm&r=g","contentUrl":"https:\/\/secure.gravatar.com\/avatar\/a74fd8d2062d4dc1f2f251438977288d50eb8ca5b4735594bcad2f5016833f49?s=96&d=mm&r=g","caption":"ralarsa_admin"},"sameAs":["https:\/\/www-pre.ralarsa.com"]}]}},"_links":{"self":[{"href":"https:\/\/www.ralarsa.com\/ca\/wp-json\/wp\/v2\/posts\/1839","targetHints":{"allow":["GET"]}}],"collection":[{"href":"https:\/\/www.ralarsa.com\/ca\/wp-json\/wp\/v2\/posts"}],"about":[{"href":"https:\/\/www.ralarsa.com\/ca\/wp-json\/wp\/v2\/types\/post"}],"author":[{"embeddable":true,"href":"https:\/\/www.ralarsa.com\/ca\/wp-json\/wp\/v2\/users\/1"}],"replies":[{"embeddable":true,"href":"https:\/\/www.ralarsa.com\/ca\/wp-json\/wp\/v2\/comments?post=1839"}],"version-history":[{"count":10,"href":"https:\/\/www.ralarsa.com\/ca\/wp-json\/wp\/v2\/posts\/1839\/revisions"}],"predecessor-version":[{"id":5183,"href":"https:\/\/www.ralarsa.com\/ca\/wp-json\/wp\/v2\/posts\/1839\/revisions\/5183"}],"wp:featuredmedia":[{"embeddable":true,"href":"https:\/\/www.ralarsa.com\/ca\/wp-json\/wp\/v2\/media\/2336"}],"wp:attachment":[{"href":"https:\/\/www.ralarsa.com\/ca\/wp-json\/wp\/v2\/media?parent=1839"}],"wp:term":[{"taxonomy":"category","embeddable":true,"href":"https:\/\/www.ralarsa.com\/ca\/wp-json\/wp\/v2\/categories?post=1839"},{"taxonomy":"post_tag","embeddable":true,"href":"https:\/\/www.ralarsa.com\/ca\/wp-json\/wp\/v2\/tags?post=1839"}],"curies":[{"name":"wp","href":"https:\/\/api.w.org\/{rel}","templated":true}]}}