{"id":1840,"date":"2021-05-18T00:00:00","date_gmt":"2021-05-18T00:00:00","guid":{"rendered":"https:\/\/www.ralarsa.com\/solidaria-con-la\/"},"modified":"2025-09-23T16:11:55","modified_gmt":"2025-09-23T15:11:55","slug":"solidaria-con-la","status":"publish","type":"post","link":"https:\/\/www.ralarsa.com\/ca\/solidaria-con-la\/","title":{"rendered":"Auto Cristal RALARSA solid\u00e0ria amb la Fundaci\u00f3 Vicente Ferrer"},"content":{"rendered":"<p><\/p>\n<p class=\"ai-optimize-12 ai-optimize-introduction\"><em>Auto Cristal Ralarsa, per cada reparaci\u00f3 i\/o substituci\u00f3 de llunes de cotxe, donar\u00e0 0,50\u202f\u20ac per ajudar que 56 nenes amb discapacitat intel\u00b7lectual del centre de B.K. Samudram (\u00cdndia) rebin una educaci\u00f3 de qualitat que afavoreixi la seva integraci\u00f3 social i els proporcioni igualtat d\u2019oportunitats en el futur.<\/em><\/p>\n<p class=\"ai-optimize-13\">Auto Cristal Ralarsa, empresa familiar amb 39 anys d\u2019experi\u00e8ncia, va ser la primera empresa a Espanya en aportar una xarxa comercial de centres especialitzats en vidrieria per a l\u2019autom\u00f2bil. Compta amb m\u00e9s de 210 tallers i m\u00e9s de 215 unitats m\u00f2bils, cosa que li permet oferir una cobertura de m\u00e9s del 97% en el territori nacional. A m\u00e9s, \u00e9s l\u2019\u00fanica empresa del sector que t\u00e9 la certificaci\u00f3 del Centro Zaragoza com a norma de qualitat interna.<\/p>\n<p class=\"ai-optimize-14\">La Fundaci\u00f3 Vicente Ferrer \u00e9s una ONG de prestigi internacional i compromesa des del 1969 a erradicar la pobresa i a transformar les zones m\u00e9s empobrides de l\u2019\u00cdndia.<\/p>\n<p class=\"ai-optimize-15\">Gr\u00e0cies a un acord de col\u00b7laboraci\u00f3, Auto Cristal Ralarsa activa una campanya solid\u00e0ria que consisteix en que <strong>per cada servei completat de reparaci\u00f3 i\/o substituci\u00f3 de llunes d\u2019autom\u00f2bil entre l\u20191 de desembre de 2017 i el 20 de gener de 2018, Auto Cristal RALARSA donar\u00e0 0,50\u202f\u20ac al projecte del centre residencial per a nenes amb discapacitat intel\u00b7lectual de la regi\u00f3 de B.K. Samudram.<\/strong> La Fundaci\u00f3 Vicente Ferrer t\u00e9 sis centres d\u2019educaci\u00f3 especial i rehabilitaci\u00f3 integradora que es troben en cinc localitats del districte d\u2019Anantapur, a l\u2019estat d\u2019Andhra Pradesh.<\/p>\n<p class=\"ai-optimize-16\">Aquest projecte permet garantir que les nenes amb discapacitat intel\u00b7lectual rebin una educaci\u00f3 de qualitat que afavoreixi la seva integraci\u00f3 social i els proporcioni igualtat d\u2019oportunitats en el futur.<\/p>\n<p class=\"ai-optimize-17\">El Director General, el Sr. Joan Jordi Arsalaguet, creu que: \u201cA Auto Cristal Ralarsa apostem per la responsabilitat social corporativa i per ajudar mitjan\u00e7ant aquest tipus d\u2019accions a la societat. Des d\u2019un principi vam tenir molt clar la nostra implicaci\u00f3 en aquest projecte per a nenes i nens amb discapacitat intel\u00b7lectual i en la prestigiosa Fundaci\u00f3 Vicente Ferrer.\u201d<\/p>\n<p><\/p>","protected":false},"excerpt":{"rendered":"Auto Cristal Ralarsa, per cada reparaci\u00f3 i\/o substituci\u00f3 de llunes de cotxe, donar\u00e0 0,50\u202f\u20ac per ajudar que 56 nenes amb discapacitat intel\u00b7lectual del centre de B.K. Samudram (\u00cdndia) rebin una educaci\u00f3 de qualitat que afavoreixi la seva integraci\u00f3 social i els proporcioni igualtat d\u2019oportunitats en el futur. Auto Cristal Ralarsa, empresa familiar amb 39 anys&#8230;","protected":false},"author":1,"featured_media":2337,"comment_status":"open","ping_status":"open","sticky":false,"template":"","format":"standard","meta":{"_acf_changed":false,"inline_featured_image":false,"footnotes":""},"categories":[1],"tags":[15],"class_list":["post-1840","post","type-post","status-publish","format-standard","has-post-thumbnail","hentry","category-uncategorized","tag-ok"],"acf":[],"yoast_head":"<!-- This site is optimized with the Yoast SEO Premium plugin v25.3 (Yoast SEO v26.7) - https:\/\/yoast.com\/wordpress\/plugins\/seo\/ -->\n<title>Auto Cristal RALARSA solid\u00e0ria amb la Fundaci\u00f3 Vicente Ferrer - Ralarsa<\/title>\n<meta name=\"description\" content=\"Auto Cristal RALARSA solidaria con la Fundaci\u00f3n Vicente Ferrer\" \/>\n<meta name=\"robots\" content=\"index, follow, max-snippet:-1, max-image-preview:large, max-video-preview:-1\" \/>\n<link rel=\"canonical\" href=\"https:\/\/www.ralarsa.com\/ca\/solidaria-con-la\/\" \/>\n<meta property=\"og:locale\" content=\"ca_ES\" \/>\n<meta property=\"og:type\" content=\"article\" \/>\n<meta property=\"og:title\" content=\"Auto Cristal RALARSA solid\u00e0ria amb la Fundaci\u00f3 Vicente Ferrer\" \/>\n<meta property=\"og:description\" content=\"Auto Cristal RALARSA solidaria con la Fundaci\u00f3n Vicente Ferrer\" \/>\n<meta property=\"og:url\" content=\"https:\/\/www.ralarsa.com\/ca\/solidaria-con-la\/\" \/>\n<meta property=\"og:site_name\" content=\"Ralarsa\" \/>\n<meta property=\"article:published_time\" content=\"2021-05-18T00:00:00+00:00\" \/>\n<meta property=\"article:modified_time\" content=\"2025-09-23T15:11:55+00:00\" \/>\n<meta property=\"og:image\" content=\"https:\/\/ralarsa.s3.eu-central-1.amazonaws.com\/wp-content\/uploads\/2025\/03\/519.jpeg\" \/>\n\t<meta property=\"og:image:width\" content=\"850\" \/>\n\t<meta property=\"og:image:height\" content=\"600\" \/>\n\t<meta property=\"og:image:type\" content=\"image\/jpeg\" \/>\n<meta name=\"author\" content=\"ralarsa_admin\" \/>\n<meta name=\"twitter:card\" content=\"summary_large_image\" \/>\n<meta name=\"twitter:label1\" content=\"Escrit per\" \/>\n\t<meta name=\"twitter:data1\" content=\"ralarsa_admin\" \/>\n\t<meta name=\"twitter:label2\" content=\"Temps estimat de lectura\" \/>\n\t<meta name=\"twitter:data2\" content=\"2 minuts\" \/>\n<script type=\"application\/ld+json\" class=\"yoast-schema-graph\">{\"@context\":\"https:\/\/schema.org\",\"@graph\":[{\"@type\":\"Article\",\"@id\":\"https:\/\/www.ralarsa.com\/es\/solidaria-con-la\/#article\",\"isPartOf\":{\"@id\":\"https:\/\/www.ralarsa.com\/es\/solidaria-con-la\/\"},\"author\":{\"name\":\"ralarsa_admin\",\"@id\":\"https:\/\/www.ralarsa.com\/es\/#\/schema\/person\/cc6cd8ee6652131e9e8872b5cb9424fb\"},\"headline\":\"Auto Cristal RALARSA solid\u00e0ria amb la Fundaci\u00f3 Vicente Ferrer\",\"datePublished\":\"2021-05-18T00:00:00+00:00\",\"dateModified\":\"2025-09-23T15:11:55+00:00\",\"mainEntityOfPage\":{\"@id\":\"https:\/\/www.ralarsa.com\/es\/solidaria-con-la\/\"},\"wordCount\":1022,\"commentCount\":0,\"publisher\":{\"@id\":\"https:\/\/www.ralarsa.com\/es\/#organization\"},\"image\":{\"@id\":\"https:\/\/www.ralarsa.com\/es\/solidaria-con-la\/#primaryimage\"},\"thumbnailUrl\":\"https:\/\/d2oyvx818ubhz6.cloudfront.net\/wp-content\/uploads\/2025\/03\/519.jpeg\",\"keywords\":[\"ok\"],\"articleSection\":[\"Informaci\u00f3\"],\"inLanguage\":\"ca\",\"potentialAction\":[{\"@type\":\"CommentAction\",\"name\":\"Comment\",\"target\":[\"https:\/\/www.ralarsa.com\/es\/solidaria-con-la\/#respond\"]}]},{\"@type\":\"WebPage\",\"@id\":\"https:\/\/www.ralarsa.com\/ca\/solidaria-con-la\/\",\"url\":\"https:\/\/www.ralarsa.com\/ca\/solidaria-con-la\/\",\"name\":\"Auto Cristal RALARSA solid\u00e0ria amb la Fundaci\u00f3 Vicente Ferrer - Ralarsa\",\"isPartOf\":{\"@id\":\"https:\/\/www.ralarsa.com\/ca\/#website\"},\"primaryImageOfPage\":{\"@id\":\"https:\/\/www.ralarsa.com\/ca\/solidaria-con-la\/#primaryimage\"},\"image\":{\"@id\":\"https:\/\/www.ralarsa.com\/es\/solidaria-con-la\/#primaryimage\"},\"thumbnailUrl\":\"https:\/\/d2oyvx818ubhz6.cloudfront.net\/wp-content\/uploads\/2025\/03\/519.jpeg\",\"datePublished\":\"2021-05-18T00:00:00+00:00\",\"dateModified\":\"2025-09-23T15:11:55+00:00\",\"description\":\"Auto Cristal RALARSA solidaria con la Fundaci\u00f3n Vicente Ferrer\",\"breadcrumb\":{\"@id\":\"https:\/\/www.ralarsa.com\/ca\/solidaria-con-la\/#breadcrumb\"},\"inLanguage\":\"ca\",\"potentialAction\":[{\"@type\":\"ReadAction\",\"target\":[[\"https:\/\/www.ralarsa.com\/ca\/solidaria-con-la\/\"]]}]},{\"@type\":\"ImageObject\",\"inLanguage\":\"ca\",\"@id\":\"https:\/\/www.ralarsa.com\/ca\/solidaria-con-la\/#primaryimage\",\"url\":\"https:\/\/d2oyvx818ubhz6.cloudfront.net\/wp-content\/uploads\/2025\/03\/519.jpeg\",\"contentUrl\":\"https:\/\/d2oyvx818ubhz6.cloudfront.net\/wp-content\/uploads\/2025\/03\/519.jpeg\",\"width\":850,\"height\":600},{\"@type\":\"BreadcrumbList\",\"@id\":\"https:\/\/www.ralarsa.com\/ca\/solidaria-con-la\/#breadcrumb\",\"itemListElement\":[{\"@type\":\"ListItem\",\"position\":1,\"name\":\"Portada\",\"item\":\"https:\/\/www.ralarsa.com\/ca\/ralarsa-2\/\"},{\"@type\":\"ListItem\",\"position\":2,\"name\":\"Auto Cristal RALARSA solidaria con la Fundaci\u00f3n Vicente Ferrer\"}]},{\"@type\":\"WebSite\",\"@id\":\"https:\/\/www.ralarsa.com\/ca\/#website\",\"url\":\"https:\/\/www.ralarsa.com\/ca\/\",\"name\":\"Ralarsa\",\"description\":\"\",\"publisher\":{\"@id\":\"https:\/\/www.ralarsa.com\/ca\/#organization\"},\"potentialAction\":[{\"@type\":\"SearchAction\",\"target\":{\"@type\":\"EntryPoint\",\"urlTemplate\":\"https:\/\/www.ralarsa.com\/ca\/?s={search_term_string}\"},\"query-input\":{\"@type\":\"PropertyValueSpecification\",\"valueRequired\":true,\"valueName\":\"search_term_string\"}}],\"inLanguage\":\"ca\"},{\"@type\":\"Organization\",\"@id\":\"https:\/\/www.ralarsa.com\/ca\/#organization\",\"name\":\"Ralarsa\",\"url\":\"https:\/\/www.ralarsa.com\/ca\/\",\"logo\":{\"@type\":\"ImageObject\",\"inLanguage\":\"ca\",\"@id\":\"https:\/\/www.ralarsa.com\/ca\/#\/schema\/logo\/image\/\",\"url\":\"https:\/\/ralarsa.s3.eu-central-1.amazonaws.com\/wp-content\/uploads\/2025\/04\/logo-ralarsa.png\",\"contentUrl\":\"https:\/\/ralarsa.s3.eu-central-1.amazonaws.com\/wp-content\/uploads\/2025\/04\/logo-ralarsa.png\",\"width\":1192,\"height\":412,\"caption\":\"Ralarsa\"},\"image\":{\"@id\":\"https:\/\/www.ralarsa.com\/ca\/#\/schema\/logo\/image\/\"}},{\"@type\":\"Person\",\"@id\":\"https:\/\/www.ralarsa.com\/es\/#\/schema\/person\/cc6cd8ee6652131e9e8872b5cb9424fb\",\"name\":\"ralarsa_admin\",\"image\":{\"@type\":\"ImageObject\",\"inLanguage\":\"ca\",\"@id\":\"https:\/\/www.ralarsa.com\/ca\/#\/schema\/person\/image\/\",\"url\":\"https:\/\/secure.gravatar.com\/avatar\/a74fd8d2062d4dc1f2f251438977288d50eb8ca5b4735594bcad2f5016833f49?s=96&d=mm&r=g\",\"contentUrl\":\"https:\/\/secure.gravatar.com\/avatar\/a74fd8d2062d4dc1f2f251438977288d50eb8ca5b4735594bcad2f5016833f49?s=96&d=mm&r=g\",\"caption\":\"ralarsa_admin\"},\"sameAs\":[\"https:\/\/www-pre.ralarsa.com\"]}]}<\/script>\n<!-- \/ Yoast SEO Premium plugin. -->","yoast_head_json":{"title":"Auto Cristal RALARSA solid\u00e0ria amb la Fundaci\u00f3 Vicente Ferrer - Ralarsa","description":"Auto Cristal RALARSA solidaria con la Fundaci\u00f3n Vicente Ferrer","robots":{"index":"index","follow":"follow","max-snippet":"max-snippet:-1","max-image-preview":"max-image-preview:large","max-video-preview":"max-video-preview:-1"},"canonical":"https:\/\/www.ralarsa.com\/ca\/solidaria-con-la\/","og_locale":"ca_ES","og_type":"article","og_title":"Auto Cristal RALARSA solid\u00e0ria amb la Fundaci\u00f3 Vicente Ferrer","og_description":"Auto Cristal RALARSA solidaria con la Fundaci\u00f3n Vicente Ferrer","og_url":"https:\/\/www.ralarsa.com\/ca\/solidaria-con-la\/","og_site_name":"Ralarsa","article_published_time":"2021-05-18T00:00:00+00:00","article_modified_time":"2025-09-23T15:11:55+00:00","og_image":[{"width":850,"height":600,"url":"https:\/\/ralarsa.s3.eu-central-1.amazonaws.com\/wp-content\/uploads\/2025\/03\/519.jpeg","type":"image\/jpeg"}],"author":"ralarsa_admin","twitter_card":"summary_large_image","twitter_misc":{"Escrit per":"ralarsa_admin","Temps estimat de lectura":"2 minuts"},"schema":{"@context":"https:\/\/schema.org","@graph":[{"@type":"Article","@id":"https:\/\/www.ralarsa.com\/es\/solidaria-con-la\/#article","isPartOf":{"@id":"https:\/\/www.ralarsa.com\/es\/solidaria-con-la\/"},"author":{"name":"ralarsa_admin","@id":"https:\/\/www.ralarsa.com\/es\/#\/schema\/person\/cc6cd8ee6652131e9e8872b5cb9424fb"},"headline":"Auto Cristal RALARSA solid\u00e0ria amb la Fundaci\u00f3 Vicente Ferrer","datePublished":"2021-05-18T00:00:00+00:00","dateModified":"2025-09-23T15:11:55+00:00","mainEntityOfPage":{"@id":"https:\/\/www.ralarsa.com\/es\/solidaria-con-la\/"},"wordCount":1022,"commentCount":0,"publisher":{"@id":"https:\/\/www.ralarsa.com\/es\/#organization"},"image":{"@id":"https:\/\/www.ralarsa.com\/es\/solidaria-con-la\/#primaryimage"},"thumbnailUrl":"https:\/\/d2oyvx818ubhz6.cloudfront.net\/wp-content\/uploads\/2025\/03\/519.jpeg","keywords":["ok"],"articleSection":["Informaci\u00f3"],"inLanguage":"ca","potentialAction":[{"@type":"CommentAction","name":"Comment","target":["https:\/\/www.ralarsa.com\/es\/solidaria-con-la\/#respond"]}]},{"@type":"WebPage","@id":"https:\/\/www.ralarsa.com\/ca\/solidaria-con-la\/","url":"https:\/\/www.ralarsa.com\/ca\/solidaria-con-la\/","name":"Auto Cristal RALARSA solid\u00e0ria amb la Fundaci\u00f3 Vicente Ferrer - Ralarsa","isPartOf":{"@id":"https:\/\/www.ralarsa.com\/ca\/#website"},"primaryImageOfPage":{"@id":"https:\/\/www.ralarsa.com\/ca\/solidaria-con-la\/#primaryimage"},"image":{"@id":"https:\/\/www.ralarsa.com\/es\/solidaria-con-la\/#primaryimage"},"thumbnailUrl":"https:\/\/d2oyvx818ubhz6.cloudfront.net\/wp-content\/uploads\/2025\/03\/519.jpeg","datePublished":"2021-05-18T00:00:00+00:00","dateModified":"2025-09-23T15:11:55+00:00","description":"Auto Cristal RALARSA solidaria con la Fundaci\u00f3n Vicente Ferrer","breadcrumb":{"@id":"https:\/\/www.ralarsa.com\/ca\/solidaria-con-la\/#breadcrumb"},"inLanguage":"ca","potentialAction":[{"@type":"ReadAction","target":[["https:\/\/www.ralarsa.com\/ca\/solidaria-con-la\/"]]}]},{"@type":"ImageObject","inLanguage":"ca","@id":"https:\/\/www.ralarsa.com\/ca\/solidaria-con-la\/#primaryimage","url":"https:\/\/d2oyvx818ubhz6.cloudfront.net\/wp-content\/uploads\/2025\/03\/519.jpeg","contentUrl":"https:\/\/d2oyvx818ubhz6.cloudfront.net\/wp-content\/uploads\/2025\/03\/519.jpeg","width":850,"height":600},{"@type":"BreadcrumbList","@id":"https:\/\/www.ralarsa.com\/ca\/solidaria-con-la\/#breadcrumb","itemListElement":[{"@type":"ListItem","position":1,"name":"Portada","item":"https:\/\/www.ralarsa.com\/ca\/ralarsa-2\/"},{"@type":"ListItem","position":2,"name":"Auto Cristal RALARSA solidaria con la Fundaci\u00f3n Vicente Ferrer"}]},{"@type":"WebSite","@id":"https:\/\/www.ralarsa.com\/ca\/#website","url":"https:\/\/www.ralarsa.com\/ca\/","name":"Ralarsa","description":"","publisher":{"@id":"https:\/\/www.ralarsa.com\/ca\/#organization"},"potentialAction":[{"@type":"SearchAction","target":{"@type":"EntryPoint","urlTemplate":"https:\/\/www.ralarsa.com\/ca\/?s={search_term_string}"},"query-input":{"@type":"PropertyValueSpecification","valueRequired":true,"valueName":"search_term_string"}}],"inLanguage":"ca"},{"@type":"Organization","@id":"https:\/\/www.ralarsa.com\/ca\/#organization","name":"Ralarsa","url":"https:\/\/www.ralarsa.com\/ca\/","logo":{"@type":"ImageObject","inLanguage":"ca","@id":"https:\/\/www.ralarsa.com\/ca\/#\/schema\/logo\/image\/","url":"https:\/\/ralarsa.s3.eu-central-1.amazonaws.com\/wp-content\/uploads\/2025\/04\/logo-ralarsa.png","contentUrl":"https:\/\/ralarsa.s3.eu-central-1.amazonaws.com\/wp-content\/uploads\/2025\/04\/logo-ralarsa.png","width":1192,"height":412,"caption":"Ralarsa"},"image":{"@id":"https:\/\/www.ralarsa.com\/ca\/#\/schema\/logo\/image\/"}},{"@type":"Person","@id":"https:\/\/www.ralarsa.com\/es\/#\/schema\/person\/cc6cd8ee6652131e9e8872b5cb9424fb","name":"ralarsa_admin","image":{"@type":"ImageObject","inLanguage":"ca","@id":"https:\/\/www.ralarsa.com\/ca\/#\/schema\/person\/image\/","url":"https:\/\/secure.gravatar.com\/avatar\/a74fd8d2062d4dc1f2f251438977288d50eb8ca5b4735594bcad2f5016833f49?s=96&d=mm&r=g","contentUrl":"https:\/\/secure.gravatar.com\/avatar\/a74fd8d2062d4dc1f2f251438977288d50eb8ca5b4735594bcad2f5016833f49?s=96&d=mm&r=g","caption":"ralarsa_admin"},"sameAs":["https:\/\/www-pre.ralarsa.com"]}]}},"_links":{"self":[{"href":"https:\/\/www.ralarsa.com\/ca\/wp-json\/wp\/v2\/posts\/1840","targetHints":{"allow":["GET"]}}],"collection":[{"href":"https:\/\/www.ralarsa.com\/ca\/wp-json\/wp\/v2\/posts"}],"about":[{"href":"https:\/\/www.ralarsa.com\/ca\/wp-json\/wp\/v2\/types\/post"}],"author":[{"embeddable":true,"href":"https:\/\/www.ralarsa.com\/ca\/wp-json\/wp\/v2\/users\/1"}],"replies":[{"embeddable":true,"href":"https:\/\/www.ralarsa.com\/ca\/wp-json\/wp\/v2\/comments?post=1840"}],"version-history":[{"count":2,"href":"https:\/\/www.ralarsa.com\/ca\/wp-json\/wp\/v2\/posts\/1840\/revisions"}],"predecessor-version":[{"id":5540,"href":"https:\/\/www.ralarsa.com\/ca\/wp-json\/wp\/v2\/posts\/1840\/revisions\/5540"}],"wp:featuredmedia":[{"embeddable":true,"href":"https:\/\/www.ralarsa.com\/ca\/wp-json\/wp\/v2\/media\/2337"}],"wp:attachment":[{"href":"https:\/\/www.ralarsa.com\/ca\/wp-json\/wp\/v2\/media?parent=1840"}],"wp:term":[{"taxonomy":"category","embeddable":true,"href":"https:\/\/www.ralarsa.com\/ca\/wp-json\/wp\/v2\/categories?post=1840"},{"taxonomy":"post_tag","embeddable":true,"href":"https:\/\/www.ralarsa.com\/ca\/wp-json\/wp\/v2\/tags?post=1840"}],"curies":[{"name":"wp","href":"https:\/\/api.w.org\/{rel}","templated":true}]}}