{"id":1867,"date":"2021-12-20T00:00:00","date_gmt":"2021-12-20T00:00:00","guid":{"rendered":"https:\/\/www.ralarsa.com\/reparacion-sustitucion-lunas-fundacion-enriqueta-villavecchia\/"},"modified":"2025-09-22T14:45:41","modified_gmt":"2025-09-22T13:45:41","slug":"reparacion-sustitucion-lunas-fundacion-enriqueta-villavecchia","status":"publish","type":"post","link":"https:\/\/www.ralarsa.com\/ca\/taller-ralarsa-fundacio-enriqueta-villavecchia\/","title":{"rendered":"Ralarsa i la Fundaci\u00f3 Enriqueta Villavecchia contra el c\u00e0ncer infantil"},"content":{"rendered":"<p><\/p>\n<p class=\"ai-optimize-55 ai-optimize-introduction\">Per sis\u00e8 any consecutiu, i com a mostra del nostre comprom\u00eds amb la responsabilitat social corporativa, a Ralarsa col\u00b7laborem amb la Fundaci\u00f3 d\u2019Oncologia Infantil Enriqueta Villavecchia per lluitar contra el c\u00e0ncer infantil. Una ONG que, des del 1989, treballa per aconseguir que els nens, nenes i joves malalts de c\u00e0ncer i d\u2019altres malalties greus tinguin cobertes les seves necessitats tant en l\u2019aspecte f\u00edsic, familiar, social, psicol\u00f2gic, emocional com espiritual.<\/p>\n<h2 class=\"ai-optimize-56\">Responsabilitat Social Corporativa Ralarsa<\/h2>\n<p class=\"ai-optimize-56\">Des de l\u2019any 2016, com a mostra de la nostra responsabilitat social corporativa, col\u00b7laborem anualment amb ONGs i fundacions per intentar aportar el nostre granet de sorra i ajudar els infants que m\u00e9s ho necessiten, en projectes tant m\u00e8dic\u2011sanitaris com educatius. La selecci\u00f3 del projecte amb qu\u00e8 col\u00b7laborem no \u00e9s casual, i per escollir-lo ens basem en les seg\u00fcents premisses:<\/p>\n<ol>\n<li class=\"ai-optimize-57\">Amb la finalitat d\u2019ajudar nens malalts o sense recursos perqu\u00e8 tinguin un futur millor, totes les nostres campanyes de RSC s\u00f3n en col\u00b7laboraci\u00f3 amb ONGs o fundacions que ajudin infants.<\/li>\n<li class=\"ai-optimize-57\">La participaci\u00f3 sempre \u00e9s global, \u00e9s a dir, tots i cadascun dels integrants del \u201cM\u00f3n\u201d Ralarsa hi participa. Clients, companyies, agents mediadors, treballadors, tallers, prove\u00efdors i partners prenen part en el projecte aportant i ajudant en tot el que poden.<\/li>\n<li class=\"ai-optimize-57\">Per tal que tot aix\u00f2 tingui sentit i puguem arribar al m\u00e0xim de gent possible, fem campanyes multicanal utilitzant les nostres xarxes socials, web i altres canals.<\/li>\n<li class=\"ai-optimize-57\">Totes les donacions estan lligades a l\u2019activitat principal, \u00e9s a dir, per cada servei de reparaci\u00f3 o substituci\u00f3 de vidres sol\u00b7licitat a trav\u00e9s de la nostra web, donem un euro durant un per\u00edode determinat.<\/li>\n<\/ol>\n<h2 class=\"ai-optimize-66\">Donacions per cada petici\u00f3 web<\/h2>\n<p class=\"ai-optimize-67\">Aix\u00ed doncs, amb l\u2019objectiu d\u2019aportar el nostre granet de sorra, enguany ens hem proposat el repte d\u2019aconseguir com a m\u00ednim 3.000 euros per poder-los donar a la Fundaci\u00f3 d\u2019Oncologia Infantil Enriqueta Villavecchia.<\/p>\n<p class=\"ai-optimize-58\">La durada de la campanya ser\u00e0 del 15 de desembre de 2021 fins al dia 31 de gener del 2022. Aquesta campanya solid\u00e0ria consistir\u00e0 a donar 1 euro per cada servei de reparaci\u00f3 o substituci\u00f3 de vidres sol\u00b7licitat a trav\u00e9s de la nostra p\u00e0gina web.<\/p>\n<p class=\"ai-optimize-59\">A les portes del Nadal i amb l\u2019objectiu d\u2019ajudar en tot el que puguem la Fundaci\u00f3 d\u2019Oncologia Infantil Enriqueta Villavecchia, ens deixarem la pell per tal d\u2019assolir l\u2019objectiu de la donaci\u00f3: 3.000 euros.<\/p>\n<p class=\"ai-optimize-60\"><strong>Ajuda\u2019ns a triar el projecte solidari!<\/strong><\/p>\n<p class=\"ai-optimize-60\">L\u2019objectiu \u00e9s aconseguir aquests 3.000 euros i donar-los a un projecte concret de la Fundaci\u00f3 Enriqueta Villavecchia. Per\u00f2, per escollir el projecte, necessitem la teva col\u00b7laboraci\u00f3; per aix\u00f2 hem habilitat una p\u00e0gina perqu\u00e8 puguis seleccionar a quin projecte destinem el total recaptat.<\/p>\n<p class=\"ai-optimize-61\">Els diferents projectes de la Fundaci\u00f3 d\u2019Oncologia Infantil Enriqueta Villavecchia s\u00f3n els seg\u00fcents:<\/p>\n<ol>\n<li class=\"ai-optimize-62\"><strong>Atenci\u00f3 social a fam\u00edlies.<\/strong> Ajudes econ\u00f2miques, acompanyament i respir familiar, gesti\u00f3 de tr\u00e0mits i recursos.<\/li>\n<li class=\"ai-optimize-62\"><strong>Cures pal\u00b7liatives.<\/strong> Assist\u00e8ncia especialitzada a l\u2019hospital i al domicili en la seva \u00faltima etapa.<\/li>\n<li class=\"ai-optimize-62\"><strong>Voluntariat.<\/strong> Un gran equip preparat i sempre present per acompanyar els nens, nenes i les seves fam\u00edlies.<\/li>\n<li class=\"ai-optimize-62\"><strong>Activitats per a nens\/es i les seves fam\u00edlies.<\/strong> Compartir experi\u00e8ncies els ajuda a afrontar millor la malaltia.<\/li>\n<li class=\"ai-optimize-62\"><strong>Suport als hospitals.<\/strong> Durant les estades hospital\u00e0ries necessiten el m\u00e0xim de facilitats i un entorn cuidat.<\/li>\n<\/ol>\n<p class=\"ai-optimize-68\">Fes <a href=\"https:\/\/es.surveymonkey.com\/r\/3RNTHRD\">clic aqu\u00ed<\/a> i selecciona el projecte al qual vols que aportem el nostre granet de sorra.<\/p>\n<h2 class=\"ai-optimize-63\">Reserva la teva cita i col\u00b7labora amb la Fundaci\u00f3 Enriqueta Villavecchia!<\/h2>\n<p class=\"ai-optimize-63\">Com ja hem mencionat anteriorment, del 15 de desembre de 2021 fins al dia 31 de gener del 2022 donarem 1 euro per cada servei de reparaci\u00f3 o substituci\u00f3 de vidres sol\u00b7licitat a trav\u00e9s de la nostra p\u00e0gina web.<\/p>\n<p class=\"ai-optimize-64\">Aix\u00ed, a m\u00e9s d\u2019augmentar la teva seguretat vi\u00e0ria, en realitzar la reparaci\u00f3 o substituci\u00f3 dels vidres ajudar\u00e0s aquesta fundaci\u00f3 sense \u00e0nim de lucre a fer m\u00e9s f\u00e0cil el cam\u00ed i acompanyar tant els infants com les seves fam\u00edlies.<\/p>\n<p class=\"ai-optimize-65\">Reserva la teva cita ara i dona suport a aquest bonic projecte.<\/p>\n<p><\/p>","protected":false},"excerpt":{"rendered":"Per sis\u00e8 any consecutiu, i com a mostra del nostre comprom\u00eds amb la responsabilitat social corporativa, a Ralarsa col\u00b7laborem amb la Fundaci\u00f3 d\u2019Oncologia Infantil Enriqueta Villavecchia per lluitar contra el c\u00e0ncer infantil. Una ONG que, des del 1989, treballa per aconseguir que els nens, nenes i joves malalts de c\u00e0ncer i d\u2019altres malalties greus tinguin&#8230;","protected":false},"author":1,"featured_media":5491,"comment_status":"open","ping_status":"open","sticky":false,"template":"","format":"standard","meta":{"_acf_changed":false,"inline_featured_image":false,"footnotes":""},"categories":[14],"tags":[15],"class_list":["post-1867","post","type-post","status-publish","format-standard","has-post-thumbnail","hentry","category-ralarsa-cary-group","tag-ok"],"acf":[],"yoast_head":"<!-- This site is optimized with the Yoast SEO Premium plugin v25.3 (Yoast SEO v26.7) - https:\/\/yoast.com\/wordpress\/plugins\/seo\/ -->\n<title>Ralarsa i la Fundaci\u00f3 Enriqueta Villavecchia contra el c\u00e0ncer infantil - Ralarsa<\/title>\n<meta name=\"description\" content=\"Per cada servei de reparaci\u00f3 i substituci\u00f3 de llunes en tallers de llunes Ralarsa sol\u00b7licitat per web, es destinar\u00e0 1\u20ac a la Fundaci\u00f3 Enriqueta Villavecchia.\" \/>\n<meta name=\"robots\" content=\"index, follow, max-snippet:-1, max-image-preview:large, max-video-preview:-1\" \/>\n<link rel=\"canonical\" href=\"https:\/\/www.ralarsa.com\/ca\/reparacion-sustitucion-lunas-fundacion-enriqueta-villavecchia\/\" \/>\n<meta property=\"og:locale\" content=\"ca_ES\" \/>\n<meta property=\"og:type\" content=\"article\" \/>\n<meta property=\"og:title\" content=\"Ralarsa i la Fundaci\u00f3 Enriqueta Villavecchia contra el c\u00e0ncer infantil\" \/>\n<meta property=\"og:description\" content=\"Per cada servei de reparaci\u00f3 i substituci\u00f3 de llunes en tallers de llunes Ralarsa sol\u00b7licitat per web, es destinar\u00e0 1\u20ac a la Fundaci\u00f3 Enriqueta Villavecchia.\" \/>\n<meta property=\"og:url\" content=\"https:\/\/www.ralarsa.com\/ca\/reparacion-sustitucion-lunas-fundacion-enriqueta-villavecchia\/\" \/>\n<meta property=\"og:site_name\" content=\"Ralarsa\" \/>\n<meta property=\"article:published_time\" content=\"2021-12-20T00:00:00+00:00\" \/>\n<meta property=\"article:modified_time\" content=\"2025-09-22T13:45:41+00:00\" \/>\n<meta property=\"og:image\" content=\"https:\/\/ralarsa.s3.eu-central-1.amazonaws.com\/wp-content\/uploads\/2021\/12\/ralarsa-fundacion-enriqueta-villavecchia-contra-cancer-infantil.jpeg\" \/>\n\t<meta property=\"og:image:width\" content=\"900\" \/>\n\t<meta property=\"og:image:height\" content=\"600\" \/>\n\t<meta property=\"og:image:type\" content=\"image\/jpeg\" \/>\n<meta name=\"author\" content=\"ralarsa_admin\" \/>\n<meta name=\"twitter:card\" content=\"summary_large_image\" \/>\n<meta name=\"twitter:label1\" content=\"Escrit per\" \/>\n\t<meta name=\"twitter:data1\" content=\"ralarsa_admin\" \/>\n\t<meta name=\"twitter:label2\" content=\"Temps estimat de lectura\" \/>\n\t<meta name=\"twitter:data2\" content=\"4 minuts\" \/>\n<script type=\"application\/ld+json\" class=\"yoast-schema-graph\">{\"@context\":\"https:\/\/schema.org\",\"@graph\":[{\"@type\":\"Article\",\"@id\":\"https:\/\/www.ralarsa.com\/es\/reparacion-sustitucion-lunas-fundacion-enriqueta-villavecchia\/#article\",\"isPartOf\":{\"@id\":\"https:\/\/www.ralarsa.com\/es\/reparacion-sustitucion-lunas-fundacion-enriqueta-villavecchia\/\"},\"author\":{\"name\":\"ralarsa_admin\",\"@id\":\"https:\/\/www.ralarsa.com\/es\/#\/schema\/person\/cc6cd8ee6652131e9e8872b5cb9424fb\"},\"headline\":\"Ralarsa i la Fundaci\u00f3 Enriqueta Villavecchia contra el c\u00e0ncer infantil\",\"datePublished\":\"2021-12-20T00:00:00+00:00\",\"dateModified\":\"2025-09-22T13:45:41+00:00\",\"mainEntityOfPage\":{\"@id\":\"https:\/\/www.ralarsa.com\/es\/reparacion-sustitucion-lunas-fundacion-enriqueta-villavecchia\/\"},\"wordCount\":2009,\"commentCount\":0,\"publisher\":{\"@id\":\"https:\/\/www.ralarsa.com\/es\/#organization\"},\"image\":{\"@id\":\"https:\/\/www.ralarsa.com\/es\/reparacion-sustitucion-lunas-fundacion-enriqueta-villavecchia\/#primaryimage\"},\"thumbnailUrl\":\"https:\/\/d2oyvx818ubhz6.cloudfront.net\/wp-content\/uploads\/2021\/12\/ralarsa-fundacion-enriqueta-villavecchia-contra-cancer-infantil.jpeg\",\"keywords\":[\"ok\"],\"articleSection\":[\"Ralarsa &amp; Cary Group\"],\"inLanguage\":\"ca\",\"potentialAction\":[{\"@type\":\"CommentAction\",\"name\":\"Comment\",\"target\":[\"https:\/\/www.ralarsa.com\/es\/reparacion-sustitucion-lunas-fundacion-enriqueta-villavecchia\/#respond\"]}]},{\"@type\":\"WebPage\",\"@id\":\"https:\/\/www.ralarsa.com\/ca\/reparacion-sustitucion-lunas-fundacion-enriqueta-villavecchia\/\",\"url\":\"https:\/\/www.ralarsa.com\/ca\/reparacion-sustitucion-lunas-fundacion-enriqueta-villavecchia\/\",\"name\":\"Ralarsa i la Fundaci\u00f3 Enriqueta Villavecchia contra el c\u00e0ncer infantil - Ralarsa\",\"isPartOf\":{\"@id\":\"https:\/\/www.ralarsa.com\/ca\/#website\"},\"primaryImageOfPage\":{\"@id\":\"https:\/\/www.ralarsa.com\/ca\/reparacion-sustitucion-lunas-fundacion-enriqueta-villavecchia\/#primaryimage\"},\"image\":{\"@id\":\"https:\/\/www.ralarsa.com\/es\/reparacion-sustitucion-lunas-fundacion-enriqueta-villavecchia\/#primaryimage\"},\"thumbnailUrl\":\"https:\/\/d2oyvx818ubhz6.cloudfront.net\/wp-content\/uploads\/2021\/12\/ralarsa-fundacion-enriqueta-villavecchia-contra-cancer-infantil.jpeg\",\"datePublished\":\"2021-12-20T00:00:00+00:00\",\"dateModified\":\"2025-09-22T13:45:41+00:00\",\"description\":\"Per cada servei de reparaci\u00f3 i substituci\u00f3 de llunes en tallers de llunes Ralarsa sol\u00b7licitat per web, es destinar\u00e0 1\u20ac a la Fundaci\u00f3 Enriqueta Villavecchia.\",\"breadcrumb\":{\"@id\":\"https:\/\/www.ralarsa.com\/ca\/reparacion-sustitucion-lunas-fundacion-enriqueta-villavecchia\/#breadcrumb\"},\"inLanguage\":\"ca\",\"potentialAction\":[{\"@type\":\"ReadAction\",\"target\":[[\"https:\/\/www.ralarsa.com\/ca\/reparacion-sustitucion-lunas-fundacion-enriqueta-villavecchia\/\"]]}]},{\"@type\":\"ImageObject\",\"inLanguage\":\"ca\",\"@id\":\"https:\/\/www.ralarsa.com\/ca\/reparacion-sustitucion-lunas-fundacion-enriqueta-villavecchia\/#primaryimage\",\"url\":\"https:\/\/d2oyvx818ubhz6.cloudfront.net\/wp-content\/uploads\/2021\/12\/ralarsa-fundacion-enriqueta-villavecchia-contra-cancer-infantil.jpeg\",\"contentUrl\":\"https:\/\/d2oyvx818ubhz6.cloudfront.net\/wp-content\/uploads\/2021\/12\/ralarsa-fundacion-enriqueta-villavecchia-contra-cancer-infantil.jpeg\",\"width\":900,\"height\":600,\"caption\":\"Unidos por la esperanza: juntos en la lucha contra el c\u00e1ncer infantil.\"},{\"@type\":\"BreadcrumbList\",\"@id\":\"https:\/\/www.ralarsa.com\/ca\/reparacion-sustitucion-lunas-fundacion-enriqueta-villavecchia\/#breadcrumb\",\"itemListElement\":[{\"@type\":\"ListItem\",\"position\":1,\"name\":\"Portada\",\"item\":\"https:\/\/www.ralarsa.com\/ca\/ralarsa-2\/\"},{\"@type\":\"ListItem\",\"position\":2,\"name\":\"Ralarsa y la Fundaci\u00f3n Enriqueta Villavecchia contra el c\u00e1ncer infantil\"}]},{\"@type\":\"WebSite\",\"@id\":\"https:\/\/www.ralarsa.com\/ca\/#website\",\"url\":\"https:\/\/www.ralarsa.com\/ca\/\",\"name\":\"Ralarsa\",\"description\":\"\",\"publisher\":{\"@id\":\"https:\/\/www.ralarsa.com\/ca\/#organization\"},\"potentialAction\":[{\"@type\":\"SearchAction\",\"target\":{\"@type\":\"EntryPoint\",\"urlTemplate\":\"https:\/\/www.ralarsa.com\/ca\/?s={search_term_string}\"},\"query-input\":{\"@type\":\"PropertyValueSpecification\",\"valueRequired\":true,\"valueName\":\"search_term_string\"}}],\"inLanguage\":\"ca\"},{\"@type\":\"Organization\",\"@id\":\"https:\/\/www.ralarsa.com\/ca\/#organization\",\"name\":\"Ralarsa\",\"url\":\"https:\/\/www.ralarsa.com\/ca\/\",\"logo\":{\"@type\":\"ImageObject\",\"inLanguage\":\"ca\",\"@id\":\"https:\/\/www.ralarsa.com\/ca\/#\/schema\/logo\/image\/\",\"url\":\"https:\/\/ralarsa.s3.eu-central-1.amazonaws.com\/wp-content\/uploads\/2025\/04\/logo-ralarsa.png\",\"contentUrl\":\"https:\/\/ralarsa.s3.eu-central-1.amazonaws.com\/wp-content\/uploads\/2025\/04\/logo-ralarsa.png\",\"width\":1192,\"height\":412,\"caption\":\"Ralarsa\"},\"image\":{\"@id\":\"https:\/\/www.ralarsa.com\/ca\/#\/schema\/logo\/image\/\"}},{\"@type\":\"Person\",\"@id\":\"https:\/\/www.ralarsa.com\/es\/#\/schema\/person\/cc6cd8ee6652131e9e8872b5cb9424fb\",\"name\":\"ralarsa_admin\",\"image\":{\"@type\":\"ImageObject\",\"inLanguage\":\"ca\",\"@id\":\"https:\/\/www.ralarsa.com\/ca\/#\/schema\/person\/image\/\",\"url\":\"https:\/\/secure.gravatar.com\/avatar\/a74fd8d2062d4dc1f2f251438977288d50eb8ca5b4735594bcad2f5016833f49?s=96&d=mm&r=g\",\"contentUrl\":\"https:\/\/secure.gravatar.com\/avatar\/a74fd8d2062d4dc1f2f251438977288d50eb8ca5b4735594bcad2f5016833f49?s=96&d=mm&r=g\",\"caption\":\"ralarsa_admin\"},\"sameAs\":[\"https:\/\/www-pre.ralarsa.com\"]}]}<\/script>\n<!-- \/ Yoast SEO Premium plugin. -->","yoast_head_json":{"title":"Ralarsa i la Fundaci\u00f3 Enriqueta Villavecchia contra el c\u00e0ncer infantil - Ralarsa","description":"Per cada servei de reparaci\u00f3 i substituci\u00f3 de llunes en tallers de llunes Ralarsa sol\u00b7licitat per web, es destinar\u00e0 1\u20ac a la Fundaci\u00f3 Enriqueta Villavecchia.","robots":{"index":"index","follow":"follow","max-snippet":"max-snippet:-1","max-image-preview":"max-image-preview:large","max-video-preview":"max-video-preview:-1"},"canonical":"https:\/\/www.ralarsa.com\/ca\/reparacion-sustitucion-lunas-fundacion-enriqueta-villavecchia\/","og_locale":"ca_ES","og_type":"article","og_title":"Ralarsa i la Fundaci\u00f3 Enriqueta Villavecchia contra el c\u00e0ncer infantil","og_description":"Per cada servei de reparaci\u00f3 i substituci\u00f3 de llunes en tallers de llunes Ralarsa sol\u00b7licitat per web, es destinar\u00e0 1\u20ac a la Fundaci\u00f3 Enriqueta Villavecchia.","og_url":"https:\/\/www.ralarsa.com\/ca\/reparacion-sustitucion-lunas-fundacion-enriqueta-villavecchia\/","og_site_name":"Ralarsa","article_published_time":"2021-12-20T00:00:00+00:00","article_modified_time":"2025-09-22T13:45:41+00:00","og_image":[{"width":900,"height":600,"url":"https:\/\/ralarsa.s3.eu-central-1.amazonaws.com\/wp-content\/uploads\/2021\/12\/ralarsa-fundacion-enriqueta-villavecchia-contra-cancer-infantil.jpeg","type":"image\/jpeg"}],"author":"ralarsa_admin","twitter_card":"summary_large_image","twitter_misc":{"Escrit per":"ralarsa_admin","Temps estimat de lectura":"4 minuts"},"schema":{"@context":"https:\/\/schema.org","@graph":[{"@type":"Article","@id":"https:\/\/www.ralarsa.com\/es\/reparacion-sustitucion-lunas-fundacion-enriqueta-villavecchia\/#article","isPartOf":{"@id":"https:\/\/www.ralarsa.com\/es\/reparacion-sustitucion-lunas-fundacion-enriqueta-villavecchia\/"},"author":{"name":"ralarsa_admin","@id":"https:\/\/www.ralarsa.com\/es\/#\/schema\/person\/cc6cd8ee6652131e9e8872b5cb9424fb"},"headline":"Ralarsa i la Fundaci\u00f3 Enriqueta Villavecchia contra el c\u00e0ncer infantil","datePublished":"2021-12-20T00:00:00+00:00","dateModified":"2025-09-22T13:45:41+00:00","mainEntityOfPage":{"@id":"https:\/\/www.ralarsa.com\/es\/reparacion-sustitucion-lunas-fundacion-enriqueta-villavecchia\/"},"wordCount":2009,"commentCount":0,"publisher":{"@id":"https:\/\/www.ralarsa.com\/es\/#organization"},"image":{"@id":"https:\/\/www.ralarsa.com\/es\/reparacion-sustitucion-lunas-fundacion-enriqueta-villavecchia\/#primaryimage"},"thumbnailUrl":"https:\/\/d2oyvx818ubhz6.cloudfront.net\/wp-content\/uploads\/2021\/12\/ralarsa-fundacion-enriqueta-villavecchia-contra-cancer-infantil.jpeg","keywords":["ok"],"articleSection":["Ralarsa &amp; Cary Group"],"inLanguage":"ca","potentialAction":[{"@type":"CommentAction","name":"Comment","target":["https:\/\/www.ralarsa.com\/es\/reparacion-sustitucion-lunas-fundacion-enriqueta-villavecchia\/#respond"]}]},{"@type":"WebPage","@id":"https:\/\/www.ralarsa.com\/ca\/reparacion-sustitucion-lunas-fundacion-enriqueta-villavecchia\/","url":"https:\/\/www.ralarsa.com\/ca\/reparacion-sustitucion-lunas-fundacion-enriqueta-villavecchia\/","name":"Ralarsa i la Fundaci\u00f3 Enriqueta Villavecchia contra el c\u00e0ncer infantil - Ralarsa","isPartOf":{"@id":"https:\/\/www.ralarsa.com\/ca\/#website"},"primaryImageOfPage":{"@id":"https:\/\/www.ralarsa.com\/ca\/reparacion-sustitucion-lunas-fundacion-enriqueta-villavecchia\/#primaryimage"},"image":{"@id":"https:\/\/www.ralarsa.com\/es\/reparacion-sustitucion-lunas-fundacion-enriqueta-villavecchia\/#primaryimage"},"thumbnailUrl":"https:\/\/d2oyvx818ubhz6.cloudfront.net\/wp-content\/uploads\/2021\/12\/ralarsa-fundacion-enriqueta-villavecchia-contra-cancer-infantil.jpeg","datePublished":"2021-12-20T00:00:00+00:00","dateModified":"2025-09-22T13:45:41+00:00","description":"Per cada servei de reparaci\u00f3 i substituci\u00f3 de llunes en tallers de llunes Ralarsa sol\u00b7licitat per web, es destinar\u00e0 1\u20ac a la Fundaci\u00f3 Enriqueta Villavecchia.","breadcrumb":{"@id":"https:\/\/www.ralarsa.com\/ca\/reparacion-sustitucion-lunas-fundacion-enriqueta-villavecchia\/#breadcrumb"},"inLanguage":"ca","potentialAction":[{"@type":"ReadAction","target":[["https:\/\/www.ralarsa.com\/ca\/reparacion-sustitucion-lunas-fundacion-enriqueta-villavecchia\/"]]}]},{"@type":"ImageObject","inLanguage":"ca","@id":"https:\/\/www.ralarsa.com\/ca\/reparacion-sustitucion-lunas-fundacion-enriqueta-villavecchia\/#primaryimage","url":"https:\/\/d2oyvx818ubhz6.cloudfront.net\/wp-content\/uploads\/2021\/12\/ralarsa-fundacion-enriqueta-villavecchia-contra-cancer-infantil.jpeg","contentUrl":"https:\/\/d2oyvx818ubhz6.cloudfront.net\/wp-content\/uploads\/2021\/12\/ralarsa-fundacion-enriqueta-villavecchia-contra-cancer-infantil.jpeg","width":900,"height":600,"caption":"Unidos por la esperanza: juntos en la lucha contra el c\u00e1ncer infantil."},{"@type":"BreadcrumbList","@id":"https:\/\/www.ralarsa.com\/ca\/reparacion-sustitucion-lunas-fundacion-enriqueta-villavecchia\/#breadcrumb","itemListElement":[{"@type":"ListItem","position":1,"name":"Portada","item":"https:\/\/www.ralarsa.com\/ca\/ralarsa-2\/"},{"@type":"ListItem","position":2,"name":"Ralarsa y la Fundaci\u00f3n Enriqueta Villavecchia contra el c\u00e1ncer infantil"}]},{"@type":"WebSite","@id":"https:\/\/www.ralarsa.com\/ca\/#website","url":"https:\/\/www.ralarsa.com\/ca\/","name":"Ralarsa","description":"","publisher":{"@id":"https:\/\/www.ralarsa.com\/ca\/#organization"},"potentialAction":[{"@type":"SearchAction","target":{"@type":"EntryPoint","urlTemplate":"https:\/\/www.ralarsa.com\/ca\/?s={search_term_string}"},"query-input":{"@type":"PropertyValueSpecification","valueRequired":true,"valueName":"search_term_string"}}],"inLanguage":"ca"},{"@type":"Organization","@id":"https:\/\/www.ralarsa.com\/ca\/#organization","name":"Ralarsa","url":"https:\/\/www.ralarsa.com\/ca\/","logo":{"@type":"ImageObject","inLanguage":"ca","@id":"https:\/\/www.ralarsa.com\/ca\/#\/schema\/logo\/image\/","url":"https:\/\/ralarsa.s3.eu-central-1.amazonaws.com\/wp-content\/uploads\/2025\/04\/logo-ralarsa.png","contentUrl":"https:\/\/ralarsa.s3.eu-central-1.amazonaws.com\/wp-content\/uploads\/2025\/04\/logo-ralarsa.png","width":1192,"height":412,"caption":"Ralarsa"},"image":{"@id":"https:\/\/www.ralarsa.com\/ca\/#\/schema\/logo\/image\/"}},{"@type":"Person","@id":"https:\/\/www.ralarsa.com\/es\/#\/schema\/person\/cc6cd8ee6652131e9e8872b5cb9424fb","name":"ralarsa_admin","image":{"@type":"ImageObject","inLanguage":"ca","@id":"https:\/\/www.ralarsa.com\/ca\/#\/schema\/person\/image\/","url":"https:\/\/secure.gravatar.com\/avatar\/a74fd8d2062d4dc1f2f251438977288d50eb8ca5b4735594bcad2f5016833f49?s=96&d=mm&r=g","contentUrl":"https:\/\/secure.gravatar.com\/avatar\/a74fd8d2062d4dc1f2f251438977288d50eb8ca5b4735594bcad2f5016833f49?s=96&d=mm&r=g","caption":"ralarsa_admin"},"sameAs":["https:\/\/www-pre.ralarsa.com"]}]}},"_links":{"self":[{"href":"https:\/\/www.ralarsa.com\/ca\/wp-json\/wp\/v2\/posts\/1867","targetHints":{"allow":["GET"]}}],"collection":[{"href":"https:\/\/www.ralarsa.com\/ca\/wp-json\/wp\/v2\/posts"}],"about":[{"href":"https:\/\/www.ralarsa.com\/ca\/wp-json\/wp\/v2\/types\/post"}],"author":[{"embeddable":true,"href":"https:\/\/www.ralarsa.com\/ca\/wp-json\/wp\/v2\/users\/1"}],"replies":[{"embeddable":true,"href":"https:\/\/www.ralarsa.com\/ca\/wp-json\/wp\/v2\/comments?post=1867"}],"version-history":[{"count":2,"href":"https:\/\/www.ralarsa.com\/ca\/wp-json\/wp\/v2\/posts\/1867\/revisions"}],"predecessor-version":[{"id":5490,"href":"https:\/\/www.ralarsa.com\/ca\/wp-json\/wp\/v2\/posts\/1867\/revisions\/5490"}],"wp:featuredmedia":[{"embeddable":true,"href":"https:\/\/www.ralarsa.com\/ca\/wp-json\/wp\/v2\/media\/5491"}],"wp:attachment":[{"href":"https:\/\/www.ralarsa.com\/ca\/wp-json\/wp\/v2\/media?parent=1867"}],"wp:term":[{"taxonomy":"category","embeddable":true,"href":"https:\/\/www.ralarsa.com\/ca\/wp-json\/wp\/v2\/categories?post=1867"},{"taxonomy":"post_tag","embeddable":true,"href":"https:\/\/www.ralarsa.com\/ca\/wp-json\/wp\/v2\/tags?post=1867"}],"curies":[{"name":"wp","href":"https:\/\/api.w.org\/{rel}","templated":true}]}}