{"id":1870,"date":"2022-01-17T00:00:00","date_gmt":"2022-01-17T00:00:00","guid":{"rendered":"https:\/\/www.ralarsa.com\/taller-cristales-para-automoviles-fin-dakar\/"},"modified":"2025-09-22T14:21:26","modified_gmt":"2025-09-22T13:21:26","slug":"taller-cristales-para-automoviles-fin-dakar","status":"publish","type":"post","link":"https:\/\/www.ralarsa.com\/ca\/taller-llunes-cotxe-fi-dakar\/","title":{"rendered":"FN Speed Team: aix\u00ed ha estat el seu pas pel Dakar 2022"},"content":{"rendered":"<p><\/p>\n<p class=\"ai-optimize-30 ai-optimize-introduction\"><span style=\"font-weight: 400;\">Despr\u00e9s de 14 dies i 12 \u00e0rdues etapes, la carrera m\u00e9s popular a nivell internacional posa punt i final a la seva 44\u00e8 edici\u00f3. Una aventura m\u00e9s que intensa que ha servit, com a poc, per a escalfar motors res m\u00e9s comen\u00e7ar l&#8217;any als fan\u00e0tics del motor.\u00a0<\/span><\/p>\n<p class=\"ai-optimize-31\"><span style=\"font-weight: 400;\">En Ralarsa, taller de cristalls per a autom\u00f2bils, hem tingut l&#8217;honor de ser part\u00edcips i viure de prop aquesta experi\u00e8ncia que, sens dubte, no ha deixat indiferent a ning\u00fa. Per aix\u00f2, en aquest article tractarem de repassar els punts claus i les viv\u00e8ncies que han marcat el recorregut de FN Speed Team durant el Ral\u00b7li Dakar 2022.<\/span><\/p>\n<p class=\"ai-optimize-32\"><span style=\"font-weight: 400;\">Tamb\u00e9 volem recordar-te que, en la nostra p\u00e0gina web, pots sol\u00b7licitar la teva cita per a posar a punt el teu vehicle. Posem a la teva disposici\u00f3 serveis com el tractament antipluja, polir fars cotxe o <\/span><a href=\"..\/..\/..\/es\/servicios\/tintado-de-lunas\"><span style=\"font-weight: 400;\">tintar llunes<\/span><\/a><span style=\"font-weight: 400;\">, entre altres. Consulta quins necessites i posa el teu cotxe en les millors mans: taller de cristalls per a autom\u00f2bils Ralarsa.<\/span><\/p>\n<h2 class=\"ai-optimize-33\"><strong>Aventura cont\u00ednua tram a tram<\/strong><\/h2>\n<p class=\"ai-optimize-34\"><span style=\"font-weight: 400;\">Despr\u00e9s del seu primer Ral\u00b7li Dakar en el 2019, FN Speed Team ho ha posat tot de la seva part per quart any consecutiu. I \u00e9s que es tracta del conjunt espanyol que ha reunit el major nombre de competidors a l&#8217;Ar\u00e0bia Saudita.\u00a0<\/span><\/p>\n<p class=\"ai-optimize-35\"><span style=\"font-weight: 400;\">Quant a la categoria de les motos, Daniel Nosigilia i Joan Pedrero han aconseguit finalitzar la carrera col\u00b7locant-se entre les 20 primeres posicions despr\u00e9s de tra\u00e7ar m\u00e9s de 8.000 quil\u00f2metres. Nosigilia, en la 17a posici\u00f3, ha pogut compensar l&#8217;aband\u00f3 de la passada edici\u00f3 aconseguint uns resultats molt competits i, Joan Pedrero, per part seva, ha consolidat la 20a posici\u00f3 despr\u00e9s de rec\u00f3rrer el seu catorz\u00e8 Dakar.<\/span><\/p>\n<p class=\"ai-optimize-36\"><span style=\"font-weight: 400;\">En la categoria T3, que engloba els prototips lleugers, Marc Sol\u00e0 i Santi Navarro s&#8217;han fet amb el 4t lloc despr\u00e9s de superar un a un tots els reptes que s&#8217;han anat plantejant sobre les dunes del desert i posicionant-se a menys de quaranta minuts del bronze.<\/span><\/p>\n<p class=\"ai-optimize-37\"><span style=\"font-weight: 400;\">D&#8217;altra banda, Ricardo Torlaschi i Sebasti\u00e1n Guayasamin han escalat fins a la pla\u00e7a n\u00famero 30 en la classificaci\u00f3 general, despr\u00e9s de l&#8217;aparat\u00f3s accident de l&#8217;equip sud-americ\u00e0. Encara que el contratemps no va implicar danys personals, els dos pilots es van veure obligats a abandonar la desena etapa del Dakar. Javier V\u00e9lez i Mateo Moreno tamb\u00e9 han disputat amb integritat cadascuna de les fases, aconseguint ocupar la 29a posici\u00f3 en l&#8217;absoluta.\u00a0<\/span><\/p>\n<p class=\"ai-optimize-38\"><span style=\"font-weight: 400;\">Aix\u00ed mateix, aquesta 44a edici\u00f3 de la contesa tamb\u00e9 acollia un fet mai abans vist en els vehicles participants del Ral\u00b7li Dakar. I \u00e9s que per primera vegada i de la m\u00e0 del conjunt giron\u00ed FN Speed Team, un dels equips que van conformar la categoria T3 va ser <\/span><a href=\"..\/..\/..\/es\/blog\/equipo-femenino-dakar-taller-tintado-lunas\"><span style=\"font-weight: 400;\">capitanejat i orquestrat \u00fanicament per dones<\/span><\/a><span style=\"font-weight: 400;\">, les protagonistes de les quals van ser Merc\u00e8 Mart\u00ed i Margot Llobera.<\/span><\/p>\n<p class=\"ai-optimize-39\"><span style=\"font-weight: 400;\">Finalment, els titans de l&#8217;agrupaci\u00f3 van prendre forma de cami\u00f3. En aquesta categoria, Javier Jacoste, Francesc Ester i V\u00edctor Gonz\u00e1lez han quedat en 33a posici\u00f3, mentre que just un pas per darrere els seguien \u00c1lex Aguirregaviria, Siscu Salisi i Rub\u00e9n Ma\u00f1as, en el lloc 34. A causa d&#8217;un contratemps en la pen\u00faltima etapa, \u00c0nec Silva, Carlos Mel Banfi i Pau Navarro s&#8217;han quedat a les portes de poder finalitzar la carrera.\u00a0<\/span><\/p>\n<h2 class=\"ai-optimize-40\"><strong>Taller de cristalls per a autom\u00f2bils Ralarsa<\/strong><\/h2>\n<p class=\"ai-optimize-41\"><span style=\"font-weight: 400;\">Despr\u00e9s de la primera meitat de gener entre la sorra del desert, Jeddah ha vist travessar la l\u00ednia de meta a gaireb\u00e9 tots els pilots de FN Speed Team amb satisfacci\u00f3 i orgull. I des de Ralarsa ho hem viscut d&#8217;una forma especial, perqu\u00e8 per al nostre taller de cristalls per a autom\u00f2bils ha representat un enorme privilegi haver estat entre els sponsors dels de Llagostera.<\/span><\/p>\n<p class=\"ai-optimize-42\"><span style=\"font-weight: 400;\">Si t&#8217;agraden tant els vehicles com a nosaltres, estem segurs que t&#8217;agradar\u00e0 con\u00e8ixer els serveis que oferim per a un excel\u00b7lent manteniment del teu cotxe. Alguns dels quals podr\u00e0s trobar en el nostre cat\u00e0leg i que milloraran la qualitat de tots els viatges a bord del teu vehicle s\u00f3n el tractament antipluja, tintar llunes o polir fars cotxe. No esperis m\u00e9s i aposta per una cura a l&#8217;altura en Ralarsa. T&#8217;esperem aviat!<\/span><\/p>\n<p><\/p>","protected":false},"excerpt":{"rendered":"Despr\u00e9s de 14 dies i 12 \u00e0rdues etapes, la carrera m\u00e9s popular a nivell internacional posa punt i final a la seva 44\u00e8 edici\u00f3. Una aventura m\u00e9s que intensa que ha servit, com a poc, per a escalfar motors res m\u00e9s comen\u00e7ar l&#8217;any als fan\u00e0tics del motor.\u00a0 En Ralarsa, taller de cristalls per a autom\u00f2bils,&#8230;","protected":false},"author":1,"featured_media":5485,"comment_status":"open","ping_status":"open","sticky":false,"template":"","format":"standard","meta":{"_acf_changed":false,"inline_featured_image":false,"footnotes":""},"categories":[1],"tags":[15],"class_list":["post-1870","post","type-post","status-publish","format-standard","has-post-thumbnail","hentry","category-uncategorized","tag-ok"],"acf":[],"yoast_head":"<!-- This site is optimized with the Yoast SEO Premium plugin v25.3 (Yoast SEO v26.7) - https:\/\/yoast.com\/wordpress\/plugins\/seo\/ -->\n<title>FN Speed Team: aix\u00ed ha estat el seu pas pel Dakar 2022 - Ralarsa<\/title>\n<meta name=\"description\" content=\"Descobreix en aquest article el pas de FN Speed Team al Dakar 2022 i visita el taller de cristalls per a autom\u00f2bils Ralarsa. \u00a0\" \/>\n<meta name=\"robots\" content=\"index, follow, max-snippet:-1, max-image-preview:large, max-video-preview:-1\" \/>\n<link rel=\"canonical\" href=\"https:\/\/www.ralarsa.com\/ca\/taller-cristales-para-automoviles-fin-dakar\/\" \/>\n<meta property=\"og:locale\" content=\"ca_ES\" \/>\n<meta property=\"og:type\" content=\"article\" \/>\n<meta property=\"og:title\" content=\"FN Speed Team: aix\u00ed ha estat el seu pas pel Dakar 2022\" \/>\n<meta property=\"og:description\" content=\"Descobreix en aquest article el pas de FN Speed Team al Dakar 2022 i visita el taller de cristalls per a autom\u00f2bils Ralarsa. \u00a0\" \/>\n<meta property=\"og:url\" content=\"https:\/\/www.ralarsa.com\/ca\/taller-cristales-para-automoviles-fin-dakar\/\" \/>\n<meta property=\"og:site_name\" content=\"Ralarsa\" \/>\n<meta property=\"article:published_time\" content=\"2022-01-17T00:00:00+00:00\" \/>\n<meta property=\"article:modified_time\" content=\"2025-09-22T13:21:26+00:00\" \/>\n<meta property=\"og:image\" content=\"https:\/\/ralarsa.s3.eu-central-1.amazonaws.com\/wp-content\/uploads\/2022\/01\/fn-speed-team-paso-dakar-2022.jpeg\" \/>\n\t<meta property=\"og:image:width\" content=\"900\" \/>\n\t<meta property=\"og:image:height\" content=\"600\" \/>\n\t<meta property=\"og:image:type\" content=\"image\/jpeg\" \/>\n<meta name=\"author\" content=\"ralarsa_admin\" \/>\n<meta name=\"twitter:card\" content=\"summary_large_image\" \/>\n<meta name=\"twitter:label1\" content=\"Escrit per\" \/>\n\t<meta name=\"twitter:data1\" content=\"ralarsa_admin\" \/>\n\t<meta name=\"twitter:label2\" content=\"Temps estimat de lectura\" \/>\n\t<meta name=\"twitter:data2\" content=\"3 minuts\" \/>\n<script type=\"application\/ld+json\" class=\"yoast-schema-graph\">{\"@context\":\"https:\/\/schema.org\",\"@graph\":[{\"@type\":\"Article\",\"@id\":\"https:\/\/www.ralarsa.com\/es\/taller-cristales-para-automoviles-fin-dakar\/#article\",\"isPartOf\":{\"@id\":\"https:\/\/www.ralarsa.com\/es\/taller-cristales-para-automoviles-fin-dakar\/\"},\"author\":{\"name\":\"ralarsa_admin\",\"@id\":\"https:\/\/www.ralarsa.com\/es\/#\/schema\/person\/cc6cd8ee6652131e9e8872b5cb9424fb\"},\"headline\":\"FN Speed Team: aix\u00ed ha estat el seu pas pel Dakar 2022\",\"datePublished\":\"2022-01-17T00:00:00+00:00\",\"dateModified\":\"2025-09-22T13:21:26+00:00\",\"mainEntityOfPage\":{\"@id\":\"https:\/\/www.ralarsa.com\/es\/taller-cristales-para-automoviles-fin-dakar\/\"},\"wordCount\":2089,\"commentCount\":0,\"publisher\":{\"@id\":\"https:\/\/www.ralarsa.com\/es\/#organization\"},\"image\":{\"@id\":\"https:\/\/www.ralarsa.com\/es\/taller-cristales-para-automoviles-fin-dakar\/#primaryimage\"},\"thumbnailUrl\":\"https:\/\/d2oyvx818ubhz6.cloudfront.net\/wp-content\/uploads\/2022\/01\/fn-speed-team-paso-dakar-2022.jpeg\",\"keywords\":[\"ok\"],\"articleSection\":[\"Informaci\u00f3\"],\"inLanguage\":\"ca\",\"potentialAction\":[{\"@type\":\"CommentAction\",\"name\":\"Comment\",\"target\":[\"https:\/\/www.ralarsa.com\/es\/taller-cristales-para-automoviles-fin-dakar\/#respond\"]}]},{\"@type\":\"WebPage\",\"@id\":\"https:\/\/www.ralarsa.com\/ca\/taller-cristales-para-automoviles-fin-dakar\/\",\"url\":\"https:\/\/www.ralarsa.com\/ca\/taller-cristales-para-automoviles-fin-dakar\/\",\"name\":\"FN Speed Team: aix\u00ed ha estat el seu pas pel Dakar 2022 - Ralarsa\",\"isPartOf\":{\"@id\":\"https:\/\/www.ralarsa.com\/ca\/#website\"},\"primaryImageOfPage\":{\"@id\":\"https:\/\/www.ralarsa.com\/ca\/taller-cristales-para-automoviles-fin-dakar\/#primaryimage\"},\"image\":{\"@id\":\"https:\/\/www.ralarsa.com\/es\/taller-cristales-para-automoviles-fin-dakar\/#primaryimage\"},\"thumbnailUrl\":\"https:\/\/d2oyvx818ubhz6.cloudfront.net\/wp-content\/uploads\/2022\/01\/fn-speed-team-paso-dakar-2022.jpeg\",\"datePublished\":\"2022-01-17T00:00:00+00:00\",\"dateModified\":\"2025-09-22T13:21:26+00:00\",\"description\":\"Descobreix en aquest article el pas de FN Speed Team al Dakar 2022 i visita el taller de cristalls per a autom\u00f2bils Ralarsa. \u00a0\",\"breadcrumb\":{\"@id\":\"https:\/\/www.ralarsa.com\/ca\/taller-cristales-para-automoviles-fin-dakar\/#breadcrumb\"},\"inLanguage\":\"ca\",\"potentialAction\":[{\"@type\":\"ReadAction\",\"target\":[[\"https:\/\/www.ralarsa.com\/ca\/taller-cristales-para-automoviles-fin-dakar\/\"]]}]},{\"@type\":\"ImageObject\",\"inLanguage\":\"ca\",\"@id\":\"https:\/\/www.ralarsa.com\/ca\/taller-cristales-para-automoviles-fin-dakar\/#primaryimage\",\"url\":\"https:\/\/d2oyvx818ubhz6.cloudfront.net\/wp-content\/uploads\/2022\/01\/fn-speed-team-paso-dakar-2022.jpeg\",\"contentUrl\":\"https:\/\/d2oyvx818ubhz6.cloudfront.net\/wp-content\/uploads\/2022\/01\/fn-speed-team-paso-dakar-2022.jpeg\",\"width\":900,\"height\":600,\"caption\":\"El FN Speed Team afronta los exigentes desaf\u00edos del Dakar 2022 sobre las dunas.\"},{\"@type\":\"BreadcrumbList\",\"@id\":\"https:\/\/www.ralarsa.com\/ca\/taller-cristales-para-automoviles-fin-dakar\/#breadcrumb\",\"itemListElement\":[{\"@type\":\"ListItem\",\"position\":1,\"name\":\"Portada\",\"item\":\"https:\/\/www.ralarsa.com\/ca\/ralarsa-2\/\"},{\"@type\":\"ListItem\",\"position\":2,\"name\":\"FN Speed Team: as\u00ed ha sido su paso por el Dakar 2022\"}]},{\"@type\":\"WebSite\",\"@id\":\"https:\/\/www.ralarsa.com\/ca\/#website\",\"url\":\"https:\/\/www.ralarsa.com\/ca\/\",\"name\":\"Ralarsa\",\"description\":\"\",\"publisher\":{\"@id\":\"https:\/\/www.ralarsa.com\/ca\/#organization\"},\"potentialAction\":[{\"@type\":\"SearchAction\",\"target\":{\"@type\":\"EntryPoint\",\"urlTemplate\":\"https:\/\/www.ralarsa.com\/ca\/?s={search_term_string}\"},\"query-input\":{\"@type\":\"PropertyValueSpecification\",\"valueRequired\":true,\"valueName\":\"search_term_string\"}}],\"inLanguage\":\"ca\"},{\"@type\":\"Organization\",\"@id\":\"https:\/\/www.ralarsa.com\/ca\/#organization\",\"name\":\"Ralarsa\",\"url\":\"https:\/\/www.ralarsa.com\/ca\/\",\"logo\":{\"@type\":\"ImageObject\",\"inLanguage\":\"ca\",\"@id\":\"https:\/\/www.ralarsa.com\/ca\/#\/schema\/logo\/image\/\",\"url\":\"https:\/\/ralarsa.s3.eu-central-1.amazonaws.com\/wp-content\/uploads\/2025\/04\/logo-ralarsa.png\",\"contentUrl\":\"https:\/\/ralarsa.s3.eu-central-1.amazonaws.com\/wp-content\/uploads\/2025\/04\/logo-ralarsa.png\",\"width\":1192,\"height\":412,\"caption\":\"Ralarsa\"},\"image\":{\"@id\":\"https:\/\/www.ralarsa.com\/ca\/#\/schema\/logo\/image\/\"}},{\"@type\":\"Person\",\"@id\":\"https:\/\/www.ralarsa.com\/es\/#\/schema\/person\/cc6cd8ee6652131e9e8872b5cb9424fb\",\"name\":\"ralarsa_admin\",\"image\":{\"@type\":\"ImageObject\",\"inLanguage\":\"ca\",\"@id\":\"https:\/\/www.ralarsa.com\/ca\/#\/schema\/person\/image\/\",\"url\":\"https:\/\/secure.gravatar.com\/avatar\/a74fd8d2062d4dc1f2f251438977288d50eb8ca5b4735594bcad2f5016833f49?s=96&d=mm&r=g\",\"contentUrl\":\"https:\/\/secure.gravatar.com\/avatar\/a74fd8d2062d4dc1f2f251438977288d50eb8ca5b4735594bcad2f5016833f49?s=96&d=mm&r=g\",\"caption\":\"ralarsa_admin\"},\"sameAs\":[\"https:\/\/www-pre.ralarsa.com\"]}]}<\/script>\n<!-- \/ Yoast SEO Premium plugin. -->","yoast_head_json":{"title":"FN Speed Team: aix\u00ed ha estat el seu pas pel Dakar 2022 - Ralarsa","description":"Descobreix en aquest article el pas de FN Speed Team al Dakar 2022 i visita el taller de cristalls per a autom\u00f2bils Ralarsa. \u00a0","robots":{"index":"index","follow":"follow","max-snippet":"max-snippet:-1","max-image-preview":"max-image-preview:large","max-video-preview":"max-video-preview:-1"},"canonical":"https:\/\/www.ralarsa.com\/ca\/taller-cristales-para-automoviles-fin-dakar\/","og_locale":"ca_ES","og_type":"article","og_title":"FN Speed Team: aix\u00ed ha estat el seu pas pel Dakar 2022","og_description":"Descobreix en aquest article el pas de FN Speed Team al Dakar 2022 i visita el taller de cristalls per a autom\u00f2bils Ralarsa. \u00a0","og_url":"https:\/\/www.ralarsa.com\/ca\/taller-cristales-para-automoviles-fin-dakar\/","og_site_name":"Ralarsa","article_published_time":"2022-01-17T00:00:00+00:00","article_modified_time":"2025-09-22T13:21:26+00:00","og_image":[{"width":900,"height":600,"url":"https:\/\/ralarsa.s3.eu-central-1.amazonaws.com\/wp-content\/uploads\/2022\/01\/fn-speed-team-paso-dakar-2022.jpeg","type":"image\/jpeg"}],"author":"ralarsa_admin","twitter_card":"summary_large_image","twitter_misc":{"Escrit per":"ralarsa_admin","Temps estimat de lectura":"3 minuts"},"schema":{"@context":"https:\/\/schema.org","@graph":[{"@type":"Article","@id":"https:\/\/www.ralarsa.com\/es\/taller-cristales-para-automoviles-fin-dakar\/#article","isPartOf":{"@id":"https:\/\/www.ralarsa.com\/es\/taller-cristales-para-automoviles-fin-dakar\/"},"author":{"name":"ralarsa_admin","@id":"https:\/\/www.ralarsa.com\/es\/#\/schema\/person\/cc6cd8ee6652131e9e8872b5cb9424fb"},"headline":"FN Speed Team: aix\u00ed ha estat el seu pas pel Dakar 2022","datePublished":"2022-01-17T00:00:00+00:00","dateModified":"2025-09-22T13:21:26+00:00","mainEntityOfPage":{"@id":"https:\/\/www.ralarsa.com\/es\/taller-cristales-para-automoviles-fin-dakar\/"},"wordCount":2089,"commentCount":0,"publisher":{"@id":"https:\/\/www.ralarsa.com\/es\/#organization"},"image":{"@id":"https:\/\/www.ralarsa.com\/es\/taller-cristales-para-automoviles-fin-dakar\/#primaryimage"},"thumbnailUrl":"https:\/\/d2oyvx818ubhz6.cloudfront.net\/wp-content\/uploads\/2022\/01\/fn-speed-team-paso-dakar-2022.jpeg","keywords":["ok"],"articleSection":["Informaci\u00f3"],"inLanguage":"ca","potentialAction":[{"@type":"CommentAction","name":"Comment","target":["https:\/\/www.ralarsa.com\/es\/taller-cristales-para-automoviles-fin-dakar\/#respond"]}]},{"@type":"WebPage","@id":"https:\/\/www.ralarsa.com\/ca\/taller-cristales-para-automoviles-fin-dakar\/","url":"https:\/\/www.ralarsa.com\/ca\/taller-cristales-para-automoviles-fin-dakar\/","name":"FN Speed Team: aix\u00ed ha estat el seu pas pel Dakar 2022 - Ralarsa","isPartOf":{"@id":"https:\/\/www.ralarsa.com\/ca\/#website"},"primaryImageOfPage":{"@id":"https:\/\/www.ralarsa.com\/ca\/taller-cristales-para-automoviles-fin-dakar\/#primaryimage"},"image":{"@id":"https:\/\/www.ralarsa.com\/es\/taller-cristales-para-automoviles-fin-dakar\/#primaryimage"},"thumbnailUrl":"https:\/\/d2oyvx818ubhz6.cloudfront.net\/wp-content\/uploads\/2022\/01\/fn-speed-team-paso-dakar-2022.jpeg","datePublished":"2022-01-17T00:00:00+00:00","dateModified":"2025-09-22T13:21:26+00:00","description":"Descobreix en aquest article el pas de FN Speed Team al Dakar 2022 i visita el taller de cristalls per a autom\u00f2bils Ralarsa. \u00a0","breadcrumb":{"@id":"https:\/\/www.ralarsa.com\/ca\/taller-cristales-para-automoviles-fin-dakar\/#breadcrumb"},"inLanguage":"ca","potentialAction":[{"@type":"ReadAction","target":[["https:\/\/www.ralarsa.com\/ca\/taller-cristales-para-automoviles-fin-dakar\/"]]}]},{"@type":"ImageObject","inLanguage":"ca","@id":"https:\/\/www.ralarsa.com\/ca\/taller-cristales-para-automoviles-fin-dakar\/#primaryimage","url":"https:\/\/d2oyvx818ubhz6.cloudfront.net\/wp-content\/uploads\/2022\/01\/fn-speed-team-paso-dakar-2022.jpeg","contentUrl":"https:\/\/d2oyvx818ubhz6.cloudfront.net\/wp-content\/uploads\/2022\/01\/fn-speed-team-paso-dakar-2022.jpeg","width":900,"height":600,"caption":"El FN Speed Team afronta los exigentes desaf\u00edos del Dakar 2022 sobre las dunas."},{"@type":"BreadcrumbList","@id":"https:\/\/www.ralarsa.com\/ca\/taller-cristales-para-automoviles-fin-dakar\/#breadcrumb","itemListElement":[{"@type":"ListItem","position":1,"name":"Portada","item":"https:\/\/www.ralarsa.com\/ca\/ralarsa-2\/"},{"@type":"ListItem","position":2,"name":"FN Speed Team: as\u00ed ha sido su paso por el Dakar 2022"}]},{"@type":"WebSite","@id":"https:\/\/www.ralarsa.com\/ca\/#website","url":"https:\/\/www.ralarsa.com\/ca\/","name":"Ralarsa","description":"","publisher":{"@id":"https:\/\/www.ralarsa.com\/ca\/#organization"},"potentialAction":[{"@type":"SearchAction","target":{"@type":"EntryPoint","urlTemplate":"https:\/\/www.ralarsa.com\/ca\/?s={search_term_string}"},"query-input":{"@type":"PropertyValueSpecification","valueRequired":true,"valueName":"search_term_string"}}],"inLanguage":"ca"},{"@type":"Organization","@id":"https:\/\/www.ralarsa.com\/ca\/#organization","name":"Ralarsa","url":"https:\/\/www.ralarsa.com\/ca\/","logo":{"@type":"ImageObject","inLanguage":"ca","@id":"https:\/\/www.ralarsa.com\/ca\/#\/schema\/logo\/image\/","url":"https:\/\/ralarsa.s3.eu-central-1.amazonaws.com\/wp-content\/uploads\/2025\/04\/logo-ralarsa.png","contentUrl":"https:\/\/ralarsa.s3.eu-central-1.amazonaws.com\/wp-content\/uploads\/2025\/04\/logo-ralarsa.png","width":1192,"height":412,"caption":"Ralarsa"},"image":{"@id":"https:\/\/www.ralarsa.com\/ca\/#\/schema\/logo\/image\/"}},{"@type":"Person","@id":"https:\/\/www.ralarsa.com\/es\/#\/schema\/person\/cc6cd8ee6652131e9e8872b5cb9424fb","name":"ralarsa_admin","image":{"@type":"ImageObject","inLanguage":"ca","@id":"https:\/\/www.ralarsa.com\/ca\/#\/schema\/person\/image\/","url":"https:\/\/secure.gravatar.com\/avatar\/a74fd8d2062d4dc1f2f251438977288d50eb8ca5b4735594bcad2f5016833f49?s=96&d=mm&r=g","contentUrl":"https:\/\/secure.gravatar.com\/avatar\/a74fd8d2062d4dc1f2f251438977288d50eb8ca5b4735594bcad2f5016833f49?s=96&d=mm&r=g","caption":"ralarsa_admin"},"sameAs":["https:\/\/www-pre.ralarsa.com"]}]}},"_links":{"self":[{"href":"https:\/\/www.ralarsa.com\/ca\/wp-json\/wp\/v2\/posts\/1870","targetHints":{"allow":["GET"]}}],"collection":[{"href":"https:\/\/www.ralarsa.com\/ca\/wp-json\/wp\/v2\/posts"}],"about":[{"href":"https:\/\/www.ralarsa.com\/ca\/wp-json\/wp\/v2\/types\/post"}],"author":[{"embeddable":true,"href":"https:\/\/www.ralarsa.com\/ca\/wp-json\/wp\/v2\/users\/1"}],"replies":[{"embeddable":true,"href":"https:\/\/www.ralarsa.com\/ca\/wp-json\/wp\/v2\/comments?post=1870"}],"version-history":[{"count":2,"href":"https:\/\/www.ralarsa.com\/ca\/wp-json\/wp\/v2\/posts\/1870\/revisions"}],"predecessor-version":[{"id":5484,"href":"https:\/\/www.ralarsa.com\/ca\/wp-json\/wp\/v2\/posts\/1870\/revisions\/5484"}],"wp:featuredmedia":[{"embeddable":true,"href":"https:\/\/www.ralarsa.com\/ca\/wp-json\/wp\/v2\/media\/5485"}],"wp:attachment":[{"href":"https:\/\/www.ralarsa.com\/ca\/wp-json\/wp\/v2\/media?parent=1870"}],"wp:term":[{"taxonomy":"category","embeddable":true,"href":"https:\/\/www.ralarsa.com\/ca\/wp-json\/wp\/v2\/categories?post=1870"},{"taxonomy":"post_tag","embeddable":true,"href":"https:\/\/www.ralarsa.com\/ca\/wp-json\/wp\/v2\/tags?post=1870"}],"curies":[{"name":"wp","href":"https:\/\/api.w.org\/{rel}","templated":true}]}}