{"id":1872,"date":"2022-02-11T00:00:00","date_gmt":"2022-02-11T00:00:00","guid":{"rendered":"https:\/\/www.ralarsa.com\/normativa-frenada-automatica-aeb\/"},"modified":"2025-09-19T14:08:19","modified_gmt":"2025-09-19T13:08:19","slug":"normativa-frenada-automatica-aeb","status":"publish","type":"post","link":"https:\/\/www.ralarsa.com\/ca\/normativa-frenada-automatica-aeb\/","title":{"rendered":"Nova normativa de frenada autom\u00e0tica AEB"},"content":{"rendered":"<p><\/p>\n<p class=\"ai-optimize-19 ai-optimize-introduction\"><span style=\"font-weight: 400;\">A mitjan aquest 2022, entrar\u00e0 en vigor la normativa del sistema ADAS. Aix\u00ed doncs, es tracta d&#8217;una nova norma que s&#8217;encarregar\u00e0 que tots els cotxes que siguin venuts a la Uni\u00f3 Europea portin aquest sistema integrat de manera obligat\u00f2ria, amb la finalitat de refor\u00e7ar la seguretat vi\u00e0ria en tots els vehicles europeus.<\/span><\/p>\n<p class=\"ai-optimize-20\"><span style=\"font-weight: 400;\">Amb la implantaci\u00f3 obligat\u00f2ria d&#8217;aquests sistemes avan\u00e7ats d&#8217;assist\u00e8ncia a la conducci\u00f3, les sigles en angl\u00e8s de la qual s\u00f3n ADAS, s&#8217;evitaran fins a 25.000 morts i m\u00e9s de 140.000 ferits greus de llarg a llarg d&#8217;Europa en els seg\u00fcents 18 anys, segons un estudi realitzat pel Parlament Europeu.<\/span><\/p>\n<p class=\"ai-optimize-21\"><span style=\"font-weight: 400;\">En aquest article, com a <\/span><a href=\"..\/..\/..\/ca\/\"><strong>especialista a canviar cristall cotxe<\/strong><\/a><span style=\"font-weight: 400;\"> i sistema ADAS, comptarem tot el relacionat amb aquesta normativa, quins s\u00f3n els diferents sistemes de frenada autom\u00e0tica d&#8217;emerg\u00e8ncia i altres curiositats d&#8217;aquest tema.\u00a0<\/span><\/p>\n<h2 class=\"ai-optimize-22\"><strong>Qu\u00e8 \u00e9s la frenada autom\u00e0tica d\u2019emerg\u00e8cia?<\/strong><\/h2>\n<p class=\"ai-optimize-23\"><span style=\"font-weight: 400;\">Aquest \u00e9s un dispositiu que ajuda a reduir i evitar les col\u00b7lisions amb els vehicles que van davant de nosaltres, un fet molt important si ens centrem en que les sortides a les vies acumulen un ter\u00e7 del total dels accidents de tr\u00e0nsit segons la Direcci\u00f3 General de Tr\u00e0nsit.<\/span><\/p>\n<p class=\"ai-optimize-24\"><span style=\"font-weight: 400;\">Aix\u00ed doncs, es tracta d&#8217;un element de seguretat al volant compost per diferents c\u00e0meres, sensors i radars que permeten detectar els vehicles i objectes que estan allotjats en el nostre cam\u00ed estiguin aturats o a una velocitat menor que la nostra, ja siguin vehicles, vianants o bicicletes. Aix\u00ed mateix, quan el sistema detecta un perill de col\u00b7lisi\u00f3 alerta al conductor i si aquesta no respon realitza un frenat d&#8217;emerg\u00e8ncia.\u00a0<\/span><\/p>\n<h2 class=\"ai-optimize-25\"><strong>Tipus de frenada autom\u00e0tica<\/strong><\/h2>\n<p class=\"ai-optimize-26\"><span style=\"font-weight: 400;\">Existeixen tres sistemes de frenada autom\u00e0tica capaces de detectar persones i objectes en funci\u00f3 de les velocitats d&#8217;aquests. Aquests tres sistemes s\u00f3n: carretera, urb\u00e0 i vianant.<br \/>\n<\/span><\/p>\n<ul>\n<li class=\"ai-optimize-27\" style=\"font-weight: 400;\" aria-level=\"1\"><strong>Sistema en carretera<\/strong><span style=\"font-weight: 400;\">. En el moment que aquest sistema detecta una situaci\u00f3 de perill immediat de xoc per abast, el sistema ADAS emet un senyal llumin\u00f3s al conductor visible en el quadre de comandaments o en la lluna juntament amb un av\u00eds sonor. En el cas que aquest no reaccioni, el sistema en carretera realitza una frenada d&#8217;emerg\u00e8ncia per a evitar la imminent col\u00b7lisi\u00f3. Per\u00f2, si per contra el conductor reacciona enfront d&#8217;aquest av\u00eds, el sistema es desactiva. <\/span>A m\u00e9s d&#8217;aix\u00f2, el control de creuer adaptatiu regula la velocitat m\u00e0xima i la dist\u00e0ncia de seguretat del vehicle, per la qual cosa si el sistema en carretera detecta un vehicle circulant en el mateix carril a una velocitat inferior, immediatament deixa d&#8217;accelerar. I, en el cas que aquesta acci\u00f3 no sigui suficient per a evitar el xoc, el sistema activar\u00e0 la frenada.<\/li>\n<\/ul>\n<ul>\n<li class=\"ai-optimize-29\" style=\"font-weight: 400;\" aria-level=\"1\"><strong>Sistema AEB vianant<\/strong><span style=\"font-weight: 400;\">. Aquest sistema \u00e9s el responsable de detectar el perill d&#8217;atropellament a un vianant i, amb la condici\u00f3 d&#8217;evitar aquest fet, s&#8217;activar\u00e0 un llumin\u00f3s en el quadre de comandaments i un senyal ac\u00fastic. En el cas que el conductor no reaccioni, s&#8217;activar\u00e0 la frenada d&#8217;emerg\u00e8ncia.<\/span><\/li>\n<\/ul>\n<ul>\n<li class=\"ai-optimize-30\" style=\"font-weight: 400;\" aria-level=\"1\"><strong>Sistema AEB urb\u00e0<\/strong><span style=\"font-weight: 400;\">. Aquest sistema adverteix al conductor en el cas que hi hagi un xoc per abast, igual que en els casos anteriors si el conductor no reacciona als senyals el propi sistema assumeix el control del vehicle i realitzar\u00e0 una frenada d&#8217;emerg\u00e8ncia fins a detenir-lo. Es tracta d&#8217;un sistema que eludeix les col\u00b7lisions per distraccions, sempre que se circuli a una velocitat inferior a 50 km\/h. <\/span>Per a evitar les limitacions d&#8217;aquesta tecnologia per factors externs com la pluja, la neu o la brut\u00edcia acumulada, el sistema ADAS avisa al conductor a trav\u00e9s del quadre de comandaments del vehicle.<\/li>\n<\/ul>\n<p class=\"ai-optimize-32\"><span style=\"font-weight: 400;\">I, com b\u00e9 hem enunciat al principi d&#8217;aquest article, AEB \u00e9s un sistema de seguretat vi\u00e0ria que ser\u00e0 obligatori a partir de juliol de 2022 en totes les noves homologacions de vehicles de la Uni\u00f3 Europea.<\/span><\/p>\n<p class=\"ai-optimize-33\"><span style=\"font-weight: 400;\">En canvi, el sistema AEB Vianant, no ser\u00e0 necessari en les noves unitats homologades fins a passats dos anys des de la implantaci\u00f3 obligat\u00f2ria del AEB, \u00e9s a dir, fins a juliol de 2022.<\/span><\/p>\n<p><\/p>","protected":false},"excerpt":{"rendered":"A mitjan aquest 2022, entrar\u00e0 en vigor la normativa del sistema ADAS. Aix\u00ed doncs, es tracta d&#8217;una nova norma que s&#8217;encarregar\u00e0 que tots els cotxes que siguin venuts a la Uni\u00f3 Europea portin aquest sistema integrat de manera obligat\u00f2ria, amb la finalitat de refor\u00e7ar la seguretat vi\u00e0ria en tots els vehicles europeus. Amb la implantaci\u00f3&#8230;","protected":false},"author":1,"featured_media":5479,"comment_status":"open","ping_status":"open","sticky":false,"template":"","format":"standard","meta":{"_acf_changed":false,"inline_featured_image":false,"footnotes":""},"categories":[1],"tags":[15],"class_list":["post-1872","post","type-post","status-publish","format-standard","has-post-thumbnail","hentry","category-uncategorized","tag-ok"],"acf":[],"yoast_head":"<!-- This site is optimized with the Yoast SEO Premium plugin v25.3 (Yoast SEO v26.7) - https:\/\/yoast.com\/wordpress\/plugins\/seo\/ -->\n<title>Nova normativa de frenada autom\u00e0tica AEB - Ralarsa<\/title>\n<meta name=\"description\" content=\"En aquest article t&#039;expliquem tot all\u00f2 relacionat amb la nova normativa de frenada autom\u00e0tica AEB. Clic aqu\u00ed per a con\u00e8ixer tots els detalls!\" \/>\n<meta name=\"robots\" content=\"index, follow, max-snippet:-1, max-image-preview:large, max-video-preview:-1\" \/>\n<link rel=\"canonical\" href=\"https:\/\/www.ralarsa.com\/ca\/normativa-frenada-automatica-aeb\/\" \/>\n<meta property=\"og:locale\" content=\"ca_ES\" \/>\n<meta property=\"og:type\" content=\"article\" \/>\n<meta property=\"og:title\" content=\"Nova normativa de frenada autom\u00e0tica AEB\" \/>\n<meta property=\"og:description\" content=\"En aquest article t&#039;expliquem tot all\u00f2 relacionat amb la nova normativa de frenada autom\u00e0tica AEB. Clic aqu\u00ed per a con\u00e8ixer tots els detalls!\" \/>\n<meta property=\"og:url\" content=\"https:\/\/www.ralarsa.com\/ca\/normativa-frenada-automatica-aeb\/\" \/>\n<meta property=\"og:site_name\" content=\"Ralarsa\" \/>\n<meta property=\"article:published_time\" content=\"2022-02-11T00:00:00+00:00\" \/>\n<meta property=\"article:modified_time\" content=\"2025-09-19T13:08:19+00:00\" \/>\n<meta property=\"og:image\" content=\"https:\/\/ralarsa.s3.eu-central-1.amazonaws.com\/wp-content\/uploads\/2022\/02\/nueva-normativa-frenada-automatica-aeb.jpeg\" \/>\n\t<meta property=\"og:image:width\" content=\"900\" \/>\n\t<meta property=\"og:image:height\" content=\"600\" \/>\n\t<meta property=\"og:image:type\" content=\"image\/jpeg\" \/>\n<meta name=\"author\" content=\"ralarsa_admin\" \/>\n<meta name=\"twitter:card\" content=\"summary_large_image\" \/>\n<meta name=\"twitter:label1\" content=\"Escrit per\" \/>\n\t<meta name=\"twitter:data1\" content=\"ralarsa_admin\" \/>\n\t<meta name=\"twitter:label2\" content=\"Temps estimat de lectura\" \/>\n\t<meta name=\"twitter:data2\" content=\"3 minuts\" \/>\n<script type=\"application\/ld+json\" class=\"yoast-schema-graph\">{\"@context\":\"https:\/\/schema.org\",\"@graph\":[{\"@type\":\"Article\",\"@id\":\"https:\/\/www.ralarsa.com\/es\/normativa-frenada-automatica-aeb\/#article\",\"isPartOf\":{\"@id\":\"https:\/\/www.ralarsa.com\/es\/normativa-frenada-automatica-aeb\/\"},\"author\":{\"name\":\"ralarsa_admin\",\"@id\":\"https:\/\/www.ralarsa.com\/es\/#\/schema\/person\/cc6cd8ee6652131e9e8872b5cb9424fb\"},\"headline\":\"Nova normativa de frenada autom\u00e0tica AEB\",\"datePublished\":\"2022-02-11T00:00:00+00:00\",\"dateModified\":\"2025-09-19T13:08:19+00:00\",\"mainEntityOfPage\":{\"@id\":\"https:\/\/www.ralarsa.com\/es\/normativa-frenada-automatica-aeb\/\"},\"wordCount\":2010,\"commentCount\":0,\"publisher\":{\"@id\":\"https:\/\/www.ralarsa.com\/es\/#organization\"},\"image\":{\"@id\":\"https:\/\/www.ralarsa.com\/es\/normativa-frenada-automatica-aeb\/#primaryimage\"},\"thumbnailUrl\":\"https:\/\/d2oyvx818ubhz6.cloudfront.net\/wp-content\/uploads\/2022\/02\/nueva-normativa-frenada-automatica-aeb.jpeg\",\"keywords\":[\"ok\"],\"articleSection\":[\"Informaci\u00f3\"],\"inLanguage\":\"ca\",\"potentialAction\":[{\"@type\":\"CommentAction\",\"name\":\"Comment\",\"target\":[\"https:\/\/www.ralarsa.com\/es\/normativa-frenada-automatica-aeb\/#respond\"]}]},{\"@type\":\"WebPage\",\"@id\":\"https:\/\/www.ralarsa.com\/ca\/normativa-frenada-automatica-aeb\/\",\"url\":\"https:\/\/www.ralarsa.com\/ca\/normativa-frenada-automatica-aeb\/\",\"name\":\"Nova normativa de frenada autom\u00e0tica AEB - Ralarsa\",\"isPartOf\":{\"@id\":\"https:\/\/www.ralarsa.com\/ca\/#website\"},\"primaryImageOfPage\":{\"@id\":\"https:\/\/www.ralarsa.com\/ca\/normativa-frenada-automatica-aeb\/#primaryimage\"},\"image\":{\"@id\":\"https:\/\/www.ralarsa.com\/es\/normativa-frenada-automatica-aeb\/#primaryimage\"},\"thumbnailUrl\":\"https:\/\/d2oyvx818ubhz6.cloudfront.net\/wp-content\/uploads\/2022\/02\/nueva-normativa-frenada-automatica-aeb.jpeg\",\"datePublished\":\"2022-02-11T00:00:00+00:00\",\"dateModified\":\"2025-09-19T13:08:19+00:00\",\"description\":\"En aquest article t'expliquem tot all\u00f2 relacionat amb la nova normativa de frenada autom\u00e0tica AEB. Clic aqu\u00ed per a con\u00e8ixer tots els detalls!\",\"breadcrumb\":{\"@id\":\"https:\/\/www.ralarsa.com\/ca\/normativa-frenada-automatica-aeb\/#breadcrumb\"},\"inLanguage\":\"ca\",\"potentialAction\":[{\"@type\":\"ReadAction\",\"target\":[[\"https:\/\/www.ralarsa.com\/ca\/normativa-frenada-automatica-aeb\/\"]]}]},{\"@type\":\"ImageObject\",\"inLanguage\":\"ca\",\"@id\":\"https:\/\/www.ralarsa.com\/ca\/normativa-frenada-automatica-aeb\/#primaryimage\",\"url\":\"https:\/\/d2oyvx818ubhz6.cloudfront.net\/wp-content\/uploads\/2022\/02\/nueva-normativa-frenada-automatica-aeb.jpeg\",\"contentUrl\":\"https:\/\/d2oyvx818ubhz6.cloudfront.net\/wp-content\/uploads\/2022\/02\/nueva-normativa-frenada-automatica-aeb.jpeg\",\"width\":900,\"height\":600,\"caption\":\"La frenada autom\u00e1tica de emergencia AEB protege a peatones y conductores en situaciones imprevistas.\"},{\"@type\":\"BreadcrumbList\",\"@id\":\"https:\/\/www.ralarsa.com\/ca\/normativa-frenada-automatica-aeb\/#breadcrumb\",\"itemListElement\":[{\"@type\":\"ListItem\",\"position\":1,\"name\":\"Portada\",\"item\":\"https:\/\/www.ralarsa.com\/ca\/ralarsa-2\/\"},{\"@type\":\"ListItem\",\"position\":2,\"name\":\"Nueva normativa de frenada autom\u00e1tica AEB\"}]},{\"@type\":\"WebSite\",\"@id\":\"https:\/\/www.ralarsa.com\/ca\/#website\",\"url\":\"https:\/\/www.ralarsa.com\/ca\/\",\"name\":\"Ralarsa\",\"description\":\"\",\"publisher\":{\"@id\":\"https:\/\/www.ralarsa.com\/ca\/#organization\"},\"potentialAction\":[{\"@type\":\"SearchAction\",\"target\":{\"@type\":\"EntryPoint\",\"urlTemplate\":\"https:\/\/www.ralarsa.com\/ca\/?s={search_term_string}\"},\"query-input\":{\"@type\":\"PropertyValueSpecification\",\"valueRequired\":true,\"valueName\":\"search_term_string\"}}],\"inLanguage\":\"ca\"},{\"@type\":\"Organization\",\"@id\":\"https:\/\/www.ralarsa.com\/ca\/#organization\",\"name\":\"Ralarsa\",\"url\":\"https:\/\/www.ralarsa.com\/ca\/\",\"logo\":{\"@type\":\"ImageObject\",\"inLanguage\":\"ca\",\"@id\":\"https:\/\/www.ralarsa.com\/ca\/#\/schema\/logo\/image\/\",\"url\":\"https:\/\/ralarsa.s3.eu-central-1.amazonaws.com\/wp-content\/uploads\/2025\/04\/logo-ralarsa.png\",\"contentUrl\":\"https:\/\/ralarsa.s3.eu-central-1.amazonaws.com\/wp-content\/uploads\/2025\/04\/logo-ralarsa.png\",\"width\":1192,\"height\":412,\"caption\":\"Ralarsa\"},\"image\":{\"@id\":\"https:\/\/www.ralarsa.com\/ca\/#\/schema\/logo\/image\/\"}},{\"@type\":\"Person\",\"@id\":\"https:\/\/www.ralarsa.com\/es\/#\/schema\/person\/cc6cd8ee6652131e9e8872b5cb9424fb\",\"name\":\"ralarsa_admin\",\"image\":{\"@type\":\"ImageObject\",\"inLanguage\":\"ca\",\"@id\":\"https:\/\/www.ralarsa.com\/ca\/#\/schema\/person\/image\/\",\"url\":\"https:\/\/secure.gravatar.com\/avatar\/a74fd8d2062d4dc1f2f251438977288d50eb8ca5b4735594bcad2f5016833f49?s=96&d=mm&r=g\",\"contentUrl\":\"https:\/\/secure.gravatar.com\/avatar\/a74fd8d2062d4dc1f2f251438977288d50eb8ca5b4735594bcad2f5016833f49?s=96&d=mm&r=g\",\"caption\":\"ralarsa_admin\"},\"sameAs\":[\"https:\/\/www-pre.ralarsa.com\"]}]}<\/script>\n<!-- \/ Yoast SEO Premium plugin. -->","yoast_head_json":{"title":"Nova normativa de frenada autom\u00e0tica AEB - Ralarsa","description":"En aquest article t'expliquem tot all\u00f2 relacionat amb la nova normativa de frenada autom\u00e0tica AEB. Clic aqu\u00ed per a con\u00e8ixer tots els detalls!","robots":{"index":"index","follow":"follow","max-snippet":"max-snippet:-1","max-image-preview":"max-image-preview:large","max-video-preview":"max-video-preview:-1"},"canonical":"https:\/\/www.ralarsa.com\/ca\/normativa-frenada-automatica-aeb\/","og_locale":"ca_ES","og_type":"article","og_title":"Nova normativa de frenada autom\u00e0tica AEB","og_description":"En aquest article t'expliquem tot all\u00f2 relacionat amb la nova normativa de frenada autom\u00e0tica AEB. Clic aqu\u00ed per a con\u00e8ixer tots els detalls!","og_url":"https:\/\/www.ralarsa.com\/ca\/normativa-frenada-automatica-aeb\/","og_site_name":"Ralarsa","article_published_time":"2022-02-11T00:00:00+00:00","article_modified_time":"2025-09-19T13:08:19+00:00","og_image":[{"width":900,"height":600,"url":"https:\/\/ralarsa.s3.eu-central-1.amazonaws.com\/wp-content\/uploads\/2022\/02\/nueva-normativa-frenada-automatica-aeb.jpeg","type":"image\/jpeg"}],"author":"ralarsa_admin","twitter_card":"summary_large_image","twitter_misc":{"Escrit per":"ralarsa_admin","Temps estimat de lectura":"3 minuts"},"schema":{"@context":"https:\/\/schema.org","@graph":[{"@type":"Article","@id":"https:\/\/www.ralarsa.com\/es\/normativa-frenada-automatica-aeb\/#article","isPartOf":{"@id":"https:\/\/www.ralarsa.com\/es\/normativa-frenada-automatica-aeb\/"},"author":{"name":"ralarsa_admin","@id":"https:\/\/www.ralarsa.com\/es\/#\/schema\/person\/cc6cd8ee6652131e9e8872b5cb9424fb"},"headline":"Nova normativa de frenada autom\u00e0tica AEB","datePublished":"2022-02-11T00:00:00+00:00","dateModified":"2025-09-19T13:08:19+00:00","mainEntityOfPage":{"@id":"https:\/\/www.ralarsa.com\/es\/normativa-frenada-automatica-aeb\/"},"wordCount":2010,"commentCount":0,"publisher":{"@id":"https:\/\/www.ralarsa.com\/es\/#organization"},"image":{"@id":"https:\/\/www.ralarsa.com\/es\/normativa-frenada-automatica-aeb\/#primaryimage"},"thumbnailUrl":"https:\/\/d2oyvx818ubhz6.cloudfront.net\/wp-content\/uploads\/2022\/02\/nueva-normativa-frenada-automatica-aeb.jpeg","keywords":["ok"],"articleSection":["Informaci\u00f3"],"inLanguage":"ca","potentialAction":[{"@type":"CommentAction","name":"Comment","target":["https:\/\/www.ralarsa.com\/es\/normativa-frenada-automatica-aeb\/#respond"]}]},{"@type":"WebPage","@id":"https:\/\/www.ralarsa.com\/ca\/normativa-frenada-automatica-aeb\/","url":"https:\/\/www.ralarsa.com\/ca\/normativa-frenada-automatica-aeb\/","name":"Nova normativa de frenada autom\u00e0tica AEB - Ralarsa","isPartOf":{"@id":"https:\/\/www.ralarsa.com\/ca\/#website"},"primaryImageOfPage":{"@id":"https:\/\/www.ralarsa.com\/ca\/normativa-frenada-automatica-aeb\/#primaryimage"},"image":{"@id":"https:\/\/www.ralarsa.com\/es\/normativa-frenada-automatica-aeb\/#primaryimage"},"thumbnailUrl":"https:\/\/d2oyvx818ubhz6.cloudfront.net\/wp-content\/uploads\/2022\/02\/nueva-normativa-frenada-automatica-aeb.jpeg","datePublished":"2022-02-11T00:00:00+00:00","dateModified":"2025-09-19T13:08:19+00:00","description":"En aquest article t'expliquem tot all\u00f2 relacionat amb la nova normativa de frenada autom\u00e0tica AEB. Clic aqu\u00ed per a con\u00e8ixer tots els detalls!","breadcrumb":{"@id":"https:\/\/www.ralarsa.com\/ca\/normativa-frenada-automatica-aeb\/#breadcrumb"},"inLanguage":"ca","potentialAction":[{"@type":"ReadAction","target":[["https:\/\/www.ralarsa.com\/ca\/normativa-frenada-automatica-aeb\/"]]}]},{"@type":"ImageObject","inLanguage":"ca","@id":"https:\/\/www.ralarsa.com\/ca\/normativa-frenada-automatica-aeb\/#primaryimage","url":"https:\/\/d2oyvx818ubhz6.cloudfront.net\/wp-content\/uploads\/2022\/02\/nueva-normativa-frenada-automatica-aeb.jpeg","contentUrl":"https:\/\/d2oyvx818ubhz6.cloudfront.net\/wp-content\/uploads\/2022\/02\/nueva-normativa-frenada-automatica-aeb.jpeg","width":900,"height":600,"caption":"La frenada autom\u00e1tica de emergencia AEB protege a peatones y conductores en situaciones imprevistas."},{"@type":"BreadcrumbList","@id":"https:\/\/www.ralarsa.com\/ca\/normativa-frenada-automatica-aeb\/#breadcrumb","itemListElement":[{"@type":"ListItem","position":1,"name":"Portada","item":"https:\/\/www.ralarsa.com\/ca\/ralarsa-2\/"},{"@type":"ListItem","position":2,"name":"Nueva normativa de frenada autom\u00e1tica AEB"}]},{"@type":"WebSite","@id":"https:\/\/www.ralarsa.com\/ca\/#website","url":"https:\/\/www.ralarsa.com\/ca\/","name":"Ralarsa","description":"","publisher":{"@id":"https:\/\/www.ralarsa.com\/ca\/#organization"},"potentialAction":[{"@type":"SearchAction","target":{"@type":"EntryPoint","urlTemplate":"https:\/\/www.ralarsa.com\/ca\/?s={search_term_string}"},"query-input":{"@type":"PropertyValueSpecification","valueRequired":true,"valueName":"search_term_string"}}],"inLanguage":"ca"},{"@type":"Organization","@id":"https:\/\/www.ralarsa.com\/ca\/#organization","name":"Ralarsa","url":"https:\/\/www.ralarsa.com\/ca\/","logo":{"@type":"ImageObject","inLanguage":"ca","@id":"https:\/\/www.ralarsa.com\/ca\/#\/schema\/logo\/image\/","url":"https:\/\/ralarsa.s3.eu-central-1.amazonaws.com\/wp-content\/uploads\/2025\/04\/logo-ralarsa.png","contentUrl":"https:\/\/ralarsa.s3.eu-central-1.amazonaws.com\/wp-content\/uploads\/2025\/04\/logo-ralarsa.png","width":1192,"height":412,"caption":"Ralarsa"},"image":{"@id":"https:\/\/www.ralarsa.com\/ca\/#\/schema\/logo\/image\/"}},{"@type":"Person","@id":"https:\/\/www.ralarsa.com\/es\/#\/schema\/person\/cc6cd8ee6652131e9e8872b5cb9424fb","name":"ralarsa_admin","image":{"@type":"ImageObject","inLanguage":"ca","@id":"https:\/\/www.ralarsa.com\/ca\/#\/schema\/person\/image\/","url":"https:\/\/secure.gravatar.com\/avatar\/a74fd8d2062d4dc1f2f251438977288d50eb8ca5b4735594bcad2f5016833f49?s=96&d=mm&r=g","contentUrl":"https:\/\/secure.gravatar.com\/avatar\/a74fd8d2062d4dc1f2f251438977288d50eb8ca5b4735594bcad2f5016833f49?s=96&d=mm&r=g","caption":"ralarsa_admin"},"sameAs":["https:\/\/www-pre.ralarsa.com"]}]}},"_links":{"self":[{"href":"https:\/\/www.ralarsa.com\/ca\/wp-json\/wp\/v2\/posts\/1872","targetHints":{"allow":["GET"]}}],"collection":[{"href":"https:\/\/www.ralarsa.com\/ca\/wp-json\/wp\/v2\/posts"}],"about":[{"href":"https:\/\/www.ralarsa.com\/ca\/wp-json\/wp\/v2\/types\/post"}],"author":[{"embeddable":true,"href":"https:\/\/www.ralarsa.com\/ca\/wp-json\/wp\/v2\/users\/1"}],"replies":[{"embeddable":true,"href":"https:\/\/www.ralarsa.com\/ca\/wp-json\/wp\/v2\/comments?post=1872"}],"version-history":[{"count":3,"href":"https:\/\/www.ralarsa.com\/ca\/wp-json\/wp\/v2\/posts\/1872\/revisions"}],"predecessor-version":[{"id":5478,"href":"https:\/\/www.ralarsa.com\/ca\/wp-json\/wp\/v2\/posts\/1872\/revisions\/5478"}],"wp:featuredmedia":[{"embeddable":true,"href":"https:\/\/www.ralarsa.com\/ca\/wp-json\/wp\/v2\/media\/5479"}],"wp:attachment":[{"href":"https:\/\/www.ralarsa.com\/ca\/wp-json\/wp\/v2\/media?parent=1872"}],"wp:term":[{"taxonomy":"category","embeddable":true,"href":"https:\/\/www.ralarsa.com\/ca\/wp-json\/wp\/v2\/categories?post=1872"},{"taxonomy":"post_tag","embeddable":true,"href":"https:\/\/www.ralarsa.com\/ca\/wp-json\/wp\/v2\/tags?post=1872"}],"curies":[{"name":"wp","href":"https:\/\/api.w.org\/{rel}","templated":true}]}}