{"id":1877,"date":"2022-03-04T00:00:00","date_gmt":"2022-03-04T00:00:00","guid":{"rendered":"https:\/\/www.ralarsa.com\/aumentamos-presencia-espana\/"},"modified":"2025-09-19T13:50:22","modified_gmt":"2025-09-19T12:50:22","slug":"aumentamos-presencia-espana","status":"publish","type":"post","link":"https:\/\/www.ralarsa.com\/ca\/augmentem-presencia-espanya\/","title":{"rendered":"Augmentem la nostra pres\u00e8ncia a Espanya"},"content":{"rendered":"<p><\/p>\n<p class=\"ai-optimize-19 ai-optimize-introduction\"><span style=\"font-weight: 400;\">En aquesta ocasi\u00f3, us expliquem les nostres tres noves incorporacions a Sevilla i Alacant ampliant aix\u00ed la nostra xarxa de taller de llunes per a tota mena de vehicles, ja que hem obert tres nous tallers en els quals reparar o <\/span><a href=\"..\/..\/..\/ca\/serveis\/canviar-parabrisa\"><strong>canviar cristall cotxe<\/strong><\/a><span style=\"font-weight: 400;\">.<br \/>\n<\/span><\/p>\n<p class=\"ai-optimize-20\"><span style=\"font-weight: 400;\">Des de Ralarsa, com a part del Grup Internacional Cary Group, volem continuar amb la nostra expansi\u00f3 per a poder arribar a cada rac\u00f3 d&#8217;Espanya i que tots els nostres clients tinguin a l&#8217;abast de la m\u00e0 un taller Ralarsa en el qual poder substituir o reparar els cristalls dels nostres vehicles.\u00a0<\/span><\/p>\n<h2 class=\"ai-optimize-21\"><strong>Tres nous tallers a Sevilla i Alacant!<\/strong><\/h2>\n<p class=\"ai-optimize-22\"><span style=\"font-weight: 400;\">Com b\u00e9 vam anunciar el mes d&#8217;agost passat, Ralarsa va ser adquirida per Cary Group. Tot aix\u00f2 acompanyat per la seva filosofia d&#8217;empresa que se centra en l&#8217;expansi\u00f3 a trav\u00e9s de les noves adquisicions de companyies solvents, amb equips professionalitzats i que tinguin un paper de lideratge dins del seu mercat.<br \/>\n<\/span><\/p>\n<p class=\"ai-optimize-23\"><span style=\"font-weight: 400;\">Gr\u00e0cies a la compra d&#8217;aquests tres nous tallers situats a Alacant i Sevilla, Cary Group i Ralarsa pretenem impulsar la nostra pres\u00e8ncia i consolidar la nostra expansi\u00f3 a Espanya. Un fet que ens refor\u00e7a com a marca i ens situa cada vegada m\u00e9s prop de cadascun dels nostres clients i futurs clients.<br \/>\n<\/span><\/p>\n<p class=\"ai-optimize-24\"><span style=\"font-weight: 400;\">Amb la compra d&#8217;aquests tres nous tallers donem sortida al nostre ambici\u00f3s pla de desenvolupament per a aquest 2022. I \u00e9s que, estem estudiant al detall altres operacions de les quals en els pr\u00f2xims mesos esperem poder explicar-vos not\u00edcies noves.<br \/>\n<\/span><\/p>\n<p class=\"ai-optimize-25\"><span style=\"font-weight: 400;\">Cary Group i<\/span><span style=\"font-weight: 400;\">\u00a0Ralarsa conformen un t\u00e0ndem perfecte en el qual junts estem consolidant-nos tant en el mercat com en la ment de tot aquell que necessiti un <\/span><a href=\"..\/..\/..\/ca\/localitzador-de-taller\/\"><strong>taller de llunes<\/strong><\/a><span style=\"font-weight: 400;\"> per a poder reparar o substituir al m\u00e9s aviat possible.\u00a0<\/span><\/p>\n<h2 class=\"ai-optimize-26\"><strong>Taller de vidres per a tot tipus de vehicles<\/strong><\/h2>\n<p class=\"ai-optimize-27\"><span style=\"font-weight: 400;\">Gr\u00e0cies a aquestes tres noves incorporacions en la nostra \u00e0mplia xarxa de tallers, comptarem amb m\u00e9s de 240 tallers i m\u00e9s de 200 unitats m\u00f2bils repartides per tot el territori espanyol. Aquest fet ens permet afirmar que som una de les xarxes de tallers de llunes m\u00e9s \u00e0mplies i consolidades.<\/span><\/p>\n<p class=\"ai-optimize-28\"><span style=\"font-weight: 400;\">Cadascun dels nostres passos els donem pensant a poder oferir el m\u00e9s a prop possible de cada client els nostres serveis, perqu\u00e8 a m\u00e9s d&#8217;un servei r\u00e0pid pugui estar prop de casa.<\/span><\/p>\n<p class=\"ai-optimize-29\"><span style=\"font-weight: 400;\">En l&#8217;actualitat, comptem amb un modern Contact Center amb el qual estem en comunicaci\u00f3 directa amb les companyies d&#8217;assegurances i amb tots els nostres tallers i unitats m\u00f2bils de servei a domicili.<\/span><\/p>\n<h2 class=\"ai-optimize-30\"><strong>Ralarsa, l&#8217;opci\u00f3 sostenible en el servei de reparaci\u00f3 i substituci\u00f3 de llunes a Espanya<\/strong><\/h2>\n<p class=\"ai-optimize-31\"><span style=\"font-weight: 400;\">Reparar en lloc de substituir quan sigui possible, es tradueix a ser responsable amb la societat i a tenir un impacte clim\u00e0tic m\u00ednim. Aquesta \u00e9s precisament la base de la cura sostenible en Cary Group, i ara en Ralarsa s&#8217;est\u00e0 treballant per a aconseguir sumar-se al seu projecte global sobre la sostenibilitat. D&#8217;aquesta manera, ser l&#8217;opci\u00f3 sostenible en el sector de llunes a Espanya.<br \/>\n<\/span><\/p>\n<p class=\"ai-optimize-32\"><span style=\"font-weight: 400;\">Aposta per la qualitat, aposta per Ralarsa!<\/span><\/p>\n<p><\/p>","protected":false},"excerpt":{"rendered":"En aquesta ocasi\u00f3, us expliquem les nostres tres noves incorporacions a Sevilla i Alacant ampliant aix\u00ed la nostra xarxa de taller de llunes per a tota mena de vehicles, ja que hem obert tres nous tallers en els quals reparar o canviar cristall cotxe. Des de Ralarsa, com a part del Grup Internacional Cary Group,&#8230;","protected":false},"author":1,"featured_media":5469,"comment_status":"open","ping_status":"open","sticky":false,"template":"","format":"standard","meta":{"_acf_changed":false,"inline_featured_image":false,"footnotes":""},"categories":[1],"tags":[15],"class_list":["post-1877","post","type-post","status-publish","format-standard","has-post-thumbnail","hentry","category-uncategorized","tag-ok"],"acf":[],"yoast_head":"<!-- This site is optimized with the Yoast SEO Premium plugin v25.3 (Yoast SEO v26.7) - https:\/\/yoast.com\/wordpress\/plugins\/seo\/ -->\n<title>Augmentem la nostra pres\u00e8ncia a Espanya - Ralarsa<\/title>\n<meta name=\"description\" content=\"Nous tallers a Sevilla i Alacant! Entra aqu\u00ed per a con\u00e8ixer els detalla. Visita la nostra web per a m\u00e9s informaci\u00f3!\" \/>\n<meta name=\"robots\" content=\"index, follow, max-snippet:-1, max-image-preview:large, max-video-preview:-1\" \/>\n<link rel=\"canonical\" href=\"https:\/\/www.ralarsa.com\/ca\/aumentamos-presencia-espana\/\" \/>\n<meta property=\"og:locale\" content=\"ca_ES\" \/>\n<meta property=\"og:type\" content=\"article\" \/>\n<meta property=\"og:title\" content=\"Augmentem la nostra pres\u00e8ncia a Espanya\" \/>\n<meta property=\"og:description\" content=\"Nous tallers a Sevilla i Alacant! Entra aqu\u00ed per a con\u00e8ixer els detalla. Visita la nostra web per a m\u00e9s informaci\u00f3!\" \/>\n<meta property=\"og:url\" content=\"https:\/\/www.ralarsa.com\/ca\/aumentamos-presencia-espana\/\" \/>\n<meta property=\"og:site_name\" content=\"Ralarsa\" \/>\n<meta property=\"article:published_time\" content=\"2022-03-04T00:00:00+00:00\" \/>\n<meta property=\"article:modified_time\" content=\"2025-09-19T12:50:22+00:00\" \/>\n<meta property=\"og:image\" content=\"https:\/\/ralarsa.s3.eu-central-1.amazonaws.com\/wp-content\/uploads\/2022\/03\/aumentamos-nuestra-presencia-espana.jpeg\" \/>\n\t<meta property=\"og:image:width\" content=\"401\" \/>\n\t<meta property=\"og:image:height\" content=\"267\" \/>\n\t<meta property=\"og:image:type\" content=\"image\/jpeg\" \/>\n<meta name=\"author\" content=\"ralarsa_admin\" \/>\n<meta name=\"twitter:card\" content=\"summary_large_image\" \/>\n<meta name=\"twitter:label1\" content=\"Escrit per\" \/>\n\t<meta name=\"twitter:data1\" content=\"ralarsa_admin\" \/>\n\t<meta name=\"twitter:label2\" content=\"Temps estimat de lectura\" \/>\n\t<meta name=\"twitter:data2\" content=\"3 minuts\" \/>\n<script type=\"application\/ld+json\" class=\"yoast-schema-graph\">{\"@context\":\"https:\/\/schema.org\",\"@graph\":[{\"@type\":\"Article\",\"@id\":\"https:\/\/www.ralarsa.com\/es\/aumentamos-presencia-espana\/#article\",\"isPartOf\":{\"@id\":\"https:\/\/www.ralarsa.com\/es\/aumentamos-presencia-espana\/\"},\"author\":{\"name\":\"ralarsa_admin\",\"@id\":\"https:\/\/www.ralarsa.com\/es\/#\/schema\/person\/cc6cd8ee6652131e9e8872b5cb9424fb\"},\"headline\":\"Augmentem la nostra pres\u00e8ncia a Espanya\",\"datePublished\":\"2022-03-04T00:00:00+00:00\",\"dateModified\":\"2025-09-19T12:50:22+00:00\",\"mainEntityOfPage\":{\"@id\":\"https:\/\/www.ralarsa.com\/es\/aumentamos-presencia-espana\/\"},\"wordCount\":1493,\"commentCount\":0,\"publisher\":{\"@id\":\"https:\/\/www.ralarsa.com\/es\/#organization\"},\"image\":{\"@id\":\"https:\/\/www.ralarsa.com\/es\/aumentamos-presencia-espana\/#primaryimage\"},\"thumbnailUrl\":\"https:\/\/d2oyvx818ubhz6.cloudfront.net\/wp-content\/uploads\/2022\/03\/aumentamos-nuestra-presencia-espana.jpeg\",\"keywords\":[\"ok\"],\"articleSection\":[\"Informaci\u00f3\"],\"inLanguage\":\"ca\",\"potentialAction\":[{\"@type\":\"CommentAction\",\"name\":\"Comment\",\"target\":[\"https:\/\/www.ralarsa.com\/es\/aumentamos-presencia-espana\/#respond\"]}]},{\"@type\":\"WebPage\",\"@id\":\"https:\/\/www.ralarsa.com\/ca\/aumentamos-presencia-espana\/\",\"url\":\"https:\/\/www.ralarsa.com\/ca\/aumentamos-presencia-espana\/\",\"name\":\"Augmentem la nostra pres\u00e8ncia a Espanya - Ralarsa\",\"isPartOf\":{\"@id\":\"https:\/\/www.ralarsa.com\/ca\/#website\"},\"primaryImageOfPage\":{\"@id\":\"https:\/\/www.ralarsa.com\/ca\/aumentamos-presencia-espana\/#primaryimage\"},\"image\":{\"@id\":\"https:\/\/www.ralarsa.com\/es\/aumentamos-presencia-espana\/#primaryimage\"},\"thumbnailUrl\":\"https:\/\/d2oyvx818ubhz6.cloudfront.net\/wp-content\/uploads\/2022\/03\/aumentamos-nuestra-presencia-espana.jpeg\",\"datePublished\":\"2022-03-04T00:00:00+00:00\",\"dateModified\":\"2025-09-19T12:50:22+00:00\",\"description\":\"Nous tallers a Sevilla i Alacant! Entra aqu\u00ed per a con\u00e8ixer els detalla. Visita la nostra web per a m\u00e9s informaci\u00f3!\",\"breadcrumb\":{\"@id\":\"https:\/\/www.ralarsa.com\/ca\/aumentamos-presencia-espana\/#breadcrumb\"},\"inLanguage\":\"ca\",\"potentialAction\":[{\"@type\":\"ReadAction\",\"target\":[[\"https:\/\/www.ralarsa.com\/ca\/aumentamos-presencia-espana\/\"]]}]},{\"@type\":\"ImageObject\",\"inLanguage\":\"ca\",\"@id\":\"https:\/\/www.ralarsa.com\/ca\/aumentamos-presencia-espana\/#primaryimage\",\"url\":\"https:\/\/d2oyvx818ubhz6.cloudfront.net\/wp-content\/uploads\/2022\/03\/aumentamos-nuestra-presencia-espana.jpeg\",\"contentUrl\":\"https:\/\/d2oyvx818ubhz6.cloudfront.net\/wp-content\/uploads\/2022\/03\/aumentamos-nuestra-presencia-espana.jpeg\",\"width\":401,\"height\":267,\"caption\":\"Refuerzos en nuestra red para ofrecer un servicio m\u00e1s cercano y eficiente en todo el pa\u00eds.\"},{\"@type\":\"BreadcrumbList\",\"@id\":\"https:\/\/www.ralarsa.com\/ca\/aumentamos-presencia-espana\/#breadcrumb\",\"itemListElement\":[{\"@type\":\"ListItem\",\"position\":1,\"name\":\"Portada\",\"item\":\"https:\/\/www.ralarsa.com\/ca\/ralarsa-2\/\"},{\"@type\":\"ListItem\",\"position\":2,\"name\":\"Aumentamos nuestra presencia en Espa\u00f1a\"}]},{\"@type\":\"WebSite\",\"@id\":\"https:\/\/www.ralarsa.com\/ca\/#website\",\"url\":\"https:\/\/www.ralarsa.com\/ca\/\",\"name\":\"Ralarsa\",\"description\":\"\",\"publisher\":{\"@id\":\"https:\/\/www.ralarsa.com\/ca\/#organization\"},\"potentialAction\":[{\"@type\":\"SearchAction\",\"target\":{\"@type\":\"EntryPoint\",\"urlTemplate\":\"https:\/\/www.ralarsa.com\/ca\/?s={search_term_string}\"},\"query-input\":{\"@type\":\"PropertyValueSpecification\",\"valueRequired\":true,\"valueName\":\"search_term_string\"}}],\"inLanguage\":\"ca\"},{\"@type\":\"Organization\",\"@id\":\"https:\/\/www.ralarsa.com\/ca\/#organization\",\"name\":\"Ralarsa\",\"url\":\"https:\/\/www.ralarsa.com\/ca\/\",\"logo\":{\"@type\":\"ImageObject\",\"inLanguage\":\"ca\",\"@id\":\"https:\/\/www.ralarsa.com\/ca\/#\/schema\/logo\/image\/\",\"url\":\"https:\/\/ralarsa.s3.eu-central-1.amazonaws.com\/wp-content\/uploads\/2025\/04\/logo-ralarsa.png\",\"contentUrl\":\"https:\/\/ralarsa.s3.eu-central-1.amazonaws.com\/wp-content\/uploads\/2025\/04\/logo-ralarsa.png\",\"width\":1192,\"height\":412,\"caption\":\"Ralarsa\"},\"image\":{\"@id\":\"https:\/\/www.ralarsa.com\/ca\/#\/schema\/logo\/image\/\"}},{\"@type\":\"Person\",\"@id\":\"https:\/\/www.ralarsa.com\/es\/#\/schema\/person\/cc6cd8ee6652131e9e8872b5cb9424fb\",\"name\":\"ralarsa_admin\",\"image\":{\"@type\":\"ImageObject\",\"inLanguage\":\"ca\",\"@id\":\"https:\/\/www.ralarsa.com\/ca\/#\/schema\/person\/image\/\",\"url\":\"https:\/\/secure.gravatar.com\/avatar\/a74fd8d2062d4dc1f2f251438977288d50eb8ca5b4735594bcad2f5016833f49?s=96&d=mm&r=g\",\"contentUrl\":\"https:\/\/secure.gravatar.com\/avatar\/a74fd8d2062d4dc1f2f251438977288d50eb8ca5b4735594bcad2f5016833f49?s=96&d=mm&r=g\",\"caption\":\"ralarsa_admin\"},\"sameAs\":[\"https:\/\/www-pre.ralarsa.com\"]}]}<\/script>\n<!-- \/ Yoast SEO Premium plugin. -->","yoast_head_json":{"title":"Augmentem la nostra pres\u00e8ncia a Espanya - Ralarsa","description":"Nous tallers a Sevilla i Alacant! Entra aqu\u00ed per a con\u00e8ixer els detalla. Visita la nostra web per a m\u00e9s informaci\u00f3!","robots":{"index":"index","follow":"follow","max-snippet":"max-snippet:-1","max-image-preview":"max-image-preview:large","max-video-preview":"max-video-preview:-1"},"canonical":"https:\/\/www.ralarsa.com\/ca\/aumentamos-presencia-espana\/","og_locale":"ca_ES","og_type":"article","og_title":"Augmentem la nostra pres\u00e8ncia a Espanya","og_description":"Nous tallers a Sevilla i Alacant! Entra aqu\u00ed per a con\u00e8ixer els detalla. Visita la nostra web per a m\u00e9s informaci\u00f3!","og_url":"https:\/\/www.ralarsa.com\/ca\/aumentamos-presencia-espana\/","og_site_name":"Ralarsa","article_published_time":"2022-03-04T00:00:00+00:00","article_modified_time":"2025-09-19T12:50:22+00:00","og_image":[{"width":401,"height":267,"url":"https:\/\/ralarsa.s3.eu-central-1.amazonaws.com\/wp-content\/uploads\/2022\/03\/aumentamos-nuestra-presencia-espana.jpeg","type":"image\/jpeg"}],"author":"ralarsa_admin","twitter_card":"summary_large_image","twitter_misc":{"Escrit per":"ralarsa_admin","Temps estimat de lectura":"3 minuts"},"schema":{"@context":"https:\/\/schema.org","@graph":[{"@type":"Article","@id":"https:\/\/www.ralarsa.com\/es\/aumentamos-presencia-espana\/#article","isPartOf":{"@id":"https:\/\/www.ralarsa.com\/es\/aumentamos-presencia-espana\/"},"author":{"name":"ralarsa_admin","@id":"https:\/\/www.ralarsa.com\/es\/#\/schema\/person\/cc6cd8ee6652131e9e8872b5cb9424fb"},"headline":"Augmentem la nostra pres\u00e8ncia a Espanya","datePublished":"2022-03-04T00:00:00+00:00","dateModified":"2025-09-19T12:50:22+00:00","mainEntityOfPage":{"@id":"https:\/\/www.ralarsa.com\/es\/aumentamos-presencia-espana\/"},"wordCount":1493,"commentCount":0,"publisher":{"@id":"https:\/\/www.ralarsa.com\/es\/#organization"},"image":{"@id":"https:\/\/www.ralarsa.com\/es\/aumentamos-presencia-espana\/#primaryimage"},"thumbnailUrl":"https:\/\/d2oyvx818ubhz6.cloudfront.net\/wp-content\/uploads\/2022\/03\/aumentamos-nuestra-presencia-espana.jpeg","keywords":["ok"],"articleSection":["Informaci\u00f3"],"inLanguage":"ca","potentialAction":[{"@type":"CommentAction","name":"Comment","target":["https:\/\/www.ralarsa.com\/es\/aumentamos-presencia-espana\/#respond"]}]},{"@type":"WebPage","@id":"https:\/\/www.ralarsa.com\/ca\/aumentamos-presencia-espana\/","url":"https:\/\/www.ralarsa.com\/ca\/aumentamos-presencia-espana\/","name":"Augmentem la nostra pres\u00e8ncia a Espanya - Ralarsa","isPartOf":{"@id":"https:\/\/www.ralarsa.com\/ca\/#website"},"primaryImageOfPage":{"@id":"https:\/\/www.ralarsa.com\/ca\/aumentamos-presencia-espana\/#primaryimage"},"image":{"@id":"https:\/\/www.ralarsa.com\/es\/aumentamos-presencia-espana\/#primaryimage"},"thumbnailUrl":"https:\/\/d2oyvx818ubhz6.cloudfront.net\/wp-content\/uploads\/2022\/03\/aumentamos-nuestra-presencia-espana.jpeg","datePublished":"2022-03-04T00:00:00+00:00","dateModified":"2025-09-19T12:50:22+00:00","description":"Nous tallers a Sevilla i Alacant! Entra aqu\u00ed per a con\u00e8ixer els detalla. Visita la nostra web per a m\u00e9s informaci\u00f3!","breadcrumb":{"@id":"https:\/\/www.ralarsa.com\/ca\/aumentamos-presencia-espana\/#breadcrumb"},"inLanguage":"ca","potentialAction":[{"@type":"ReadAction","target":[["https:\/\/www.ralarsa.com\/ca\/aumentamos-presencia-espana\/"]]}]},{"@type":"ImageObject","inLanguage":"ca","@id":"https:\/\/www.ralarsa.com\/ca\/aumentamos-presencia-espana\/#primaryimage","url":"https:\/\/d2oyvx818ubhz6.cloudfront.net\/wp-content\/uploads\/2022\/03\/aumentamos-nuestra-presencia-espana.jpeg","contentUrl":"https:\/\/d2oyvx818ubhz6.cloudfront.net\/wp-content\/uploads\/2022\/03\/aumentamos-nuestra-presencia-espana.jpeg","width":401,"height":267,"caption":"Refuerzos en nuestra red para ofrecer un servicio m\u00e1s cercano y eficiente en todo el pa\u00eds."},{"@type":"BreadcrumbList","@id":"https:\/\/www.ralarsa.com\/ca\/aumentamos-presencia-espana\/#breadcrumb","itemListElement":[{"@type":"ListItem","position":1,"name":"Portada","item":"https:\/\/www.ralarsa.com\/ca\/ralarsa-2\/"},{"@type":"ListItem","position":2,"name":"Aumentamos nuestra presencia en Espa\u00f1a"}]},{"@type":"WebSite","@id":"https:\/\/www.ralarsa.com\/ca\/#website","url":"https:\/\/www.ralarsa.com\/ca\/","name":"Ralarsa","description":"","publisher":{"@id":"https:\/\/www.ralarsa.com\/ca\/#organization"},"potentialAction":[{"@type":"SearchAction","target":{"@type":"EntryPoint","urlTemplate":"https:\/\/www.ralarsa.com\/ca\/?s={search_term_string}"},"query-input":{"@type":"PropertyValueSpecification","valueRequired":true,"valueName":"search_term_string"}}],"inLanguage":"ca"},{"@type":"Organization","@id":"https:\/\/www.ralarsa.com\/ca\/#organization","name":"Ralarsa","url":"https:\/\/www.ralarsa.com\/ca\/","logo":{"@type":"ImageObject","inLanguage":"ca","@id":"https:\/\/www.ralarsa.com\/ca\/#\/schema\/logo\/image\/","url":"https:\/\/ralarsa.s3.eu-central-1.amazonaws.com\/wp-content\/uploads\/2025\/04\/logo-ralarsa.png","contentUrl":"https:\/\/ralarsa.s3.eu-central-1.amazonaws.com\/wp-content\/uploads\/2025\/04\/logo-ralarsa.png","width":1192,"height":412,"caption":"Ralarsa"},"image":{"@id":"https:\/\/www.ralarsa.com\/ca\/#\/schema\/logo\/image\/"}},{"@type":"Person","@id":"https:\/\/www.ralarsa.com\/es\/#\/schema\/person\/cc6cd8ee6652131e9e8872b5cb9424fb","name":"ralarsa_admin","image":{"@type":"ImageObject","inLanguage":"ca","@id":"https:\/\/www.ralarsa.com\/ca\/#\/schema\/person\/image\/","url":"https:\/\/secure.gravatar.com\/avatar\/a74fd8d2062d4dc1f2f251438977288d50eb8ca5b4735594bcad2f5016833f49?s=96&d=mm&r=g","contentUrl":"https:\/\/secure.gravatar.com\/avatar\/a74fd8d2062d4dc1f2f251438977288d50eb8ca5b4735594bcad2f5016833f49?s=96&d=mm&r=g","caption":"ralarsa_admin"},"sameAs":["https:\/\/www-pre.ralarsa.com"]}]}},"_links":{"self":[{"href":"https:\/\/www.ralarsa.com\/ca\/wp-json\/wp\/v2\/posts\/1877","targetHints":{"allow":["GET"]}}],"collection":[{"href":"https:\/\/www.ralarsa.com\/ca\/wp-json\/wp\/v2\/posts"}],"about":[{"href":"https:\/\/www.ralarsa.com\/ca\/wp-json\/wp\/v2\/types\/post"}],"author":[{"embeddable":true,"href":"https:\/\/www.ralarsa.com\/ca\/wp-json\/wp\/v2\/users\/1"}],"replies":[{"embeddable":true,"href":"https:\/\/www.ralarsa.com\/ca\/wp-json\/wp\/v2\/comments?post=1877"}],"version-history":[{"count":3,"href":"https:\/\/www.ralarsa.com\/ca\/wp-json\/wp\/v2\/posts\/1877\/revisions"}],"predecessor-version":[{"id":5468,"href":"https:\/\/www.ralarsa.com\/ca\/wp-json\/wp\/v2\/posts\/1877\/revisions\/5468"}],"wp:featuredmedia":[{"embeddable":true,"href":"https:\/\/www.ralarsa.com\/ca\/wp-json\/wp\/v2\/media\/5469"}],"wp:attachment":[{"href":"https:\/\/www.ralarsa.com\/ca\/wp-json\/wp\/v2\/media?parent=1877"}],"wp:term":[{"taxonomy":"category","embeddable":true,"href":"https:\/\/www.ralarsa.com\/ca\/wp-json\/wp\/v2\/categories?post=1877"},{"taxonomy":"post_tag","embeddable":true,"href":"https:\/\/www.ralarsa.com\/ca\/wp-json\/wp\/v2\/tags?post=1877"}],"curies":[{"name":"wp","href":"https:\/\/api.w.org\/{rel}","templated":true}]}}