{"id":1882,"date":"2022-06-06T00:00:00","date_gmt":"2022-06-06T00:00:00","guid":{"rendered":"https:\/\/www.ralarsa.com\/como-reparar-elevalunas-electrico\/"},"modified":"2025-09-19T11:10:04","modified_gmt":"2025-09-19T10:10:04","slug":"como-reparar-elevalunas-electrico","status":"publish","type":"post","link":"https:\/\/www.ralarsa.com\/ca\/com-reparar-vidres-electrics\/","title":{"rendered":"Al\u00e7avidres el\u00e8ctric i la seva reparaci\u00f3"},"content":{"rendered":"<p><\/p>\n<p class=\"ai-optimize-6 ai-optimize-introduction\"><span style=\"font-weight: 400;\">\u00c9s clar que els avan\u00e7os en la tecnologia han perm\u00e8s moltes millores en incomptables \u00e0mbits que fan que la nostra vida quotidiana sigui m\u00e9s senzilla. I un dels camps en els quals m\u00e9s s&#8217;ha notat \u00e9s en el motor: seguretat i confort al volant.<br \/>\n<\/span><\/p>\n<p class=\"ai-optimize-7\"><span style=\"font-weight: 400;\">No obstant aix\u00f2, aquests avan\u00e7os tamb\u00e9 han suposat un manteniment m\u00e9s constant i que requereixen una mica m\u00e9s d&#8217;atenci\u00f3. Com per exemple el fet de com reparar al\u00e7avidres el\u00e8ctric. En aquest post del taller de llunes Ralarsa expliquem una mica m\u00e9s sobre aix\u00f2, oferint un <a href=\"..\/..\/es\/servicios\/reparacion-elevalunas\"><strong>arreglar al\u00e7avidres el\u00e8ctric preu assequible<\/strong><\/a>. Desitges con\u00e8ixer m\u00e9s detalls? Continua llegint a continuaci\u00f3!<\/span><\/p>\n<h2 class=\"ai-optimize-8\"><span style=\"font-weight: 400;\">Com saber si el motor de l&#8217;al\u00e7avidres est\u00e0 trencat?<\/span><\/h2>\n<p class=\"ai-optimize-9\"><span style=\"font-weight: 400;\">Encara que els al\u00e7avidres manuals no estaven lliures de fallades ni exempts d&#8217;espatllar-se, \u00e9s m\u00e9s senzill que un mecanisme el\u00e8ctric pateixi algun mal. Aix\u00ed, actualment la majoria alberguen un sistema de tisora o de cable. El primer sol donar menys problemes, donada la seva robustesa i el seu car\u00e0cter met\u00e0l\u00b7lic, si b\u00e9 \u00e9s el menys usat. Per contra, el de cable suma gran quantitat de fabricants que aposten per ell, i est\u00e0 format per peces de metall i de pl\u00e0stic f\u00e0cilment adaptables.<br \/>\n<\/span><\/p>\n<p class=\"ai-optimize-10\"><span style=\"font-weight: 400;\">Per\u00f2, quins s\u00f3n els motius m\u00e9s comuns pels quals s&#8217;espatlla i s&#8217;hagi de canviar cable al\u00e7avidres el\u00e8ctric? Un dels m\u00e9s habituals \u00e9s l&#8217;exc\u00e9s de brut\u00edcia acumulada i d&#8217;humitat. D&#8217;aquesta manera els circuits poden funcionar parcialment malament, provocant la fallada de l&#8217;al\u00e7avidres.<\/span><\/p>\n<p class=\"ai-optimize-11\"><span style=\"font-weight: 400;\">Aix\u00ed mateix, un desgast desmesurat de les peces a causa del continuat \u00fas. Si el cable es trenca, la lluna podria quedar immobilitzada per complet. Contr\u00e0riament, un \u00fas poc freq\u00fcent tamb\u00e9 pot ocasionar fallades en el mecanisme. Just per aix\u00f2 i abans d&#8217;haver d&#8217;esbrinar com reparar al\u00e7avidres el\u00e8ctric, s&#8217;aconsella pujar i baixar les finestretes, encara que no hi hagi cap acompanyant.<\/span><\/p>\n<h2 class=\"ai-optimize-12\"><span style=\"font-weight: 400;\">Com reparar al\u00e7avidres el\u00e8ctric?<\/span><\/h2>\n<p class=\"ai-optimize-13\"><span style=\"font-weight: 400;\">Si l&#8217;usuari detecta que un o m\u00e9s al\u00e7avidres deixen de funcionar, hauria de consultar el manual d&#8217;instruccions del vehicle, amb la condici\u00f3 de localitzar el fusible. Aquest es pot haver fos, sent aix\u00ed la causa de l&#8217;avaria. Si el fusible funciona correctament, la qual cosa hauria de comprovar-se \u00e9s l&#8217;estat del polsador. Tanmateix, per a aix\u00f2 ser\u00e0 necessari desmuntar la porta, per a cerciorar-se de qu\u00e8 no es tracta d&#8217;un exc\u00e9s de brut\u00edcia o d&#8217;humitat.<br \/>\n<\/span><\/p>\n<p class=\"ai-optimize-14\"><span style=\"font-weight: 400;\">Si no es dona cap dels casos anteriors, amb gaireb\u00e9 tota seguretat el problema ser\u00e0 mec\u00e0nic. Tenint en compte les circumst\u00e0ncies, doncs, \u00e9s altament recomanable acudir a un taller especialista que pugui canviar cable al\u00e7avidres el\u00e8ctric. Des de Ralarsa posem a la teva disposici\u00f3 un ajustat arreglar al\u00e7avidres el\u00e8ctric preu i un equip de t\u00e8cnics professionals en el sector amb els mitjans necessaris i cent per cent homologats per a resoldre la incid\u00e8ncia en el menor temps possible.<\/span><\/p>\n<p class=\"ai-optimize-15\"><span style=\"font-weight: 400;\">D&#8217;igual manera, tamb\u00e9 \u00e9s aconsellable portar l&#8217;autom\u00f2bil en q\u00fcesti\u00f3 a un centre especialitzat encara que l&#8217;avaria tingui el seu origen en el fusible. I \u00e9s que el mecanisme \u00e9s extremadament delicat, per la qual cosa per molt senzill que sembli, sempre ser\u00e0 millor comptar amb una opini\u00f3 experta en aix\u00f2.<br \/>\n<\/span><\/p>\n<p class=\"ai-optimize-16\"><span style=\"font-weight: 400;\">Per\u00f2, mentre l&#8217;al\u00e7avidres no pugui ser reparat, \u00e9s important que l&#8217;usuari tingui en compte una s\u00e8rie de consells per a no empitjorar el seu estat. En concret, s\u00f3n tres: no s&#8217;han de donar cops de porta, no hem de recolzar-nos en el cant de la lluna i no hem de manipular el comandament de l&#8217;al\u00e7avidres.\u00a0<\/span><\/p>\n<h2 class=\"ai-optimize-17\"><span style=\"font-weight: 400;\">Canviar cable al\u00e7avidres el\u00e8ctric en Ralarsa<\/span><\/h2>\n<p class=\"ai-optimize-18\"><span style=\"font-weight: 400;\">Encara no ens coneixes? Som una de les xarxes de tallers de lluna m\u00e9s extenses del nostre camp, amb m\u00e9s de 240 centres repartits per tota la Pen\u00ednsula Ib\u00e8rica. D&#8217;aquesta manera volem garantir a tots els nostres clients una cobertura eficient i efica\u00e7 durant el proc\u00e9s de com reparar al\u00e7avidres el\u00e8ctric.<br \/>\n<\/span><\/p>\n<p class=\"ai-optimize-19\"><span style=\"font-weight: 400;\">I \u00e9s que amb unes finestretes mal col\u00b7locades no es pot passar la ITV, aix\u00ed com tampoc assegura una seguretat i un confort total durant els viatges amb cotxe. Els cristalls s\u00f3n una part essencial en l&#8217;estructura del vehicle, i per aix\u00f2 cal parar-los esment. Les nostres peces s\u00f3n originals i homologades, i per aix\u00f2 desenes d&#8217;asseguradores confien en els serveis de Ralarsa. A m\u00e9s, som <\/span><a href=\"..\/..\/..\/ca\/blog\/ralarsa-opcio-sostenible-reparacio-llunes\"><strong>una de les companyies que m\u00e9s aposta per la sostenibilitat<\/strong><\/a><span style=\"font-weight: 400;\">.<br \/>\n<\/span><\/p>\n<p class=\"ai-optimize-20\"><span style=\"font-weight: 400;\">A quines esperes per a posar a punt el teu autom\u00f2bil? Aprofita i deixa llest el teu cotxe com m\u00e9s aviat millor. Demana ara la teva cita per la nostra web i troba el taller m\u00e9s pr\u00f2xim a tu. T&#8217;esperem aviat!<\/span><\/p>\n<p><\/p>","protected":false},"excerpt":{"rendered":"\u00c9s clar que els avan\u00e7os en la tecnologia han perm\u00e8s moltes millores en incomptables \u00e0mbits que fan que la nostra vida quotidiana sigui m\u00e9s senzilla. I un dels camps en els quals m\u00e9s s&#8217;ha notat \u00e9s en el motor: seguretat i confort al volant. No obstant aix\u00f2, aquests avan\u00e7os tamb\u00e9 han suposat un manteniment m\u00e9s&#8230;","protected":false},"author":1,"featured_media":5448,"comment_status":"open","ping_status":"open","sticky":false,"template":"","format":"standard","meta":{"_acf_changed":false,"inline_featured_image":false,"footnotes":""},"categories":[1],"tags":[15],"class_list":["post-1882","post","type-post","status-publish","format-standard","has-post-thumbnail","hentry","category-uncategorized","tag-ok"],"acf":[],"yoast_head":"<!-- This site is optimized with the Yoast SEO Premium plugin v25.3 (Yoast SEO v26.7) - https:\/\/yoast.com\/wordpress\/plugins\/seo\/ -->\n<title>Al\u00e7avidres el\u00e8ctric i la seva reparaci\u00f3 - Ralarsa<\/title>\n<meta name=\"description\" content=\"Llegeix aquest article i aposta per un centre especialitzat com Ralarsa per a canviar cable al\u00e7avidres el\u00e8ctric. T&#039;esperem!\" \/>\n<meta name=\"robots\" content=\"index, follow, max-snippet:-1, max-image-preview:large, max-video-preview:-1\" \/>\n<link rel=\"canonical\" href=\"https:\/\/www.ralarsa.com\/ca\/como-reparar-elevalunas-electrico\/\" \/>\n<meta property=\"og:locale\" content=\"ca_ES\" \/>\n<meta property=\"og:type\" content=\"article\" \/>\n<meta property=\"og:title\" content=\"Al\u00e7avidres el\u00e8ctric i la seva reparaci\u00f3\" \/>\n<meta property=\"og:description\" content=\"Llegeix aquest article i aposta per un centre especialitzat com Ralarsa per a canviar cable al\u00e7avidres el\u00e8ctric. T&#039;esperem!\" \/>\n<meta property=\"og:url\" content=\"https:\/\/www.ralarsa.com\/ca\/como-reparar-elevalunas-electrico\/\" \/>\n<meta property=\"og:site_name\" content=\"Ralarsa\" \/>\n<meta property=\"article:published_time\" content=\"2022-06-06T00:00:00+00:00\" \/>\n<meta property=\"article:modified_time\" content=\"2025-09-19T10:10:04+00:00\" \/>\n<meta property=\"og:image\" content=\"https:\/\/ralarsa.s3.eu-central-1.amazonaws.com\/wp-content\/uploads\/2022\/06\/elevalunas-electrico-reparacion.jpeg\" \/>\n\t<meta property=\"og:image:width\" content=\"900\" \/>\n\t<meta property=\"og:image:height\" content=\"600\" \/>\n\t<meta property=\"og:image:type\" content=\"image\/jpeg\" \/>\n<meta name=\"author\" content=\"ralarsa_admin\" \/>\n<meta name=\"twitter:card\" content=\"summary_large_image\" \/>\n<meta name=\"twitter:label1\" content=\"Escrit per\" \/>\n\t<meta name=\"twitter:data1\" content=\"ralarsa_admin\" \/>\n\t<meta name=\"twitter:label2\" content=\"Temps estimat de lectura\" \/>\n\t<meta name=\"twitter:data2\" content=\"4 minuts\" \/>\n<script type=\"application\/ld+json\" class=\"yoast-schema-graph\">{\"@context\":\"https:\/\/schema.org\",\"@graph\":[{\"@type\":\"Article\",\"@id\":\"https:\/\/www.ralarsa.com\/es\/como-reparar-elevalunas-electrico\/#article\",\"isPartOf\":{\"@id\":\"https:\/\/www.ralarsa.com\/es\/como-reparar-elevalunas-electrico\/\"},\"author\":{\"name\":\"ralarsa_admin\",\"@id\":\"https:\/\/www.ralarsa.com\/es\/#\/schema\/person\/cc6cd8ee6652131e9e8872b5cb9424fb\"},\"headline\":\"Al\u00e7avidres el\u00e8ctric i la seva reparaci\u00f3\",\"datePublished\":\"2022-06-06T00:00:00+00:00\",\"dateModified\":\"2025-09-19T10:10:04+00:00\",\"mainEntityOfPage\":{\"@id\":\"https:\/\/www.ralarsa.com\/es\/como-reparar-elevalunas-electrico\/\"},\"wordCount\":2386,\"commentCount\":0,\"publisher\":{\"@id\":\"https:\/\/www.ralarsa.com\/es\/#organization\"},\"image\":{\"@id\":\"https:\/\/www.ralarsa.com\/es\/como-reparar-elevalunas-electrico\/#primaryimage\"},\"thumbnailUrl\":\"https:\/\/d2oyvx818ubhz6.cloudfront.net\/wp-content\/uploads\/2022\/06\/elevalunas-electrico-reparacion.jpeg\",\"keywords\":[\"ok\"],\"articleSection\":[\"Informaci\u00f3\"],\"inLanguage\":\"ca\",\"potentialAction\":[{\"@type\":\"CommentAction\",\"name\":\"Comment\",\"target\":[\"https:\/\/www.ralarsa.com\/es\/como-reparar-elevalunas-electrico\/#respond\"]}]},{\"@type\":\"WebPage\",\"@id\":\"https:\/\/www.ralarsa.com\/ca\/como-reparar-elevalunas-electrico\/\",\"url\":\"https:\/\/www.ralarsa.com\/ca\/como-reparar-elevalunas-electrico\/\",\"name\":\"Al\u00e7avidres el\u00e8ctric i la seva reparaci\u00f3 - Ralarsa\",\"isPartOf\":{\"@id\":\"https:\/\/www.ralarsa.com\/ca\/#website\"},\"primaryImageOfPage\":{\"@id\":\"https:\/\/www.ralarsa.com\/ca\/como-reparar-elevalunas-electrico\/#primaryimage\"},\"image\":{\"@id\":\"https:\/\/www.ralarsa.com\/es\/como-reparar-elevalunas-electrico\/#primaryimage\"},\"thumbnailUrl\":\"https:\/\/d2oyvx818ubhz6.cloudfront.net\/wp-content\/uploads\/2022\/06\/elevalunas-electrico-reparacion.jpeg\",\"datePublished\":\"2022-06-06T00:00:00+00:00\",\"dateModified\":\"2025-09-19T10:10:04+00:00\",\"description\":\"Llegeix aquest article i aposta per un centre especialitzat com Ralarsa per a canviar cable al\u00e7avidres el\u00e8ctric. T'esperem!\",\"breadcrumb\":{\"@id\":\"https:\/\/www.ralarsa.com\/ca\/como-reparar-elevalunas-electrico\/#breadcrumb\"},\"inLanguage\":\"ca\",\"potentialAction\":[{\"@type\":\"ReadAction\",\"target\":[[\"https:\/\/www.ralarsa.com\/ca\/como-reparar-elevalunas-electrico\/\"]]}]},{\"@type\":\"ImageObject\",\"inLanguage\":\"ca\",\"@id\":\"https:\/\/www.ralarsa.com\/ca\/como-reparar-elevalunas-electrico\/#primaryimage\",\"url\":\"https:\/\/d2oyvx818ubhz6.cloudfront.net\/wp-content\/uploads\/2022\/06\/elevalunas-electrico-reparacion.jpeg\",\"contentUrl\":\"https:\/\/d2oyvx818ubhz6.cloudfront.net\/wp-content\/uploads\/2022\/06\/elevalunas-electrico-reparacion.jpeg\",\"width\":900,\"height\":600,\"caption\":\"El correcto funcionamiento del elevalunas el\u00e9ctrico garantiza comodidad y seguridad en la conducci\u00f3n.\"},{\"@type\":\"BreadcrumbList\",\"@id\":\"https:\/\/www.ralarsa.com\/ca\/como-reparar-elevalunas-electrico\/#breadcrumb\",\"itemListElement\":[{\"@type\":\"ListItem\",\"position\":1,\"name\":\"Portada\",\"item\":\"https:\/\/www.ralarsa.com\/ca\/ralarsa-2\/\"},{\"@type\":\"ListItem\",\"position\":2,\"name\":\"Elevalunas el\u00e9ctrico y su reparaci\u00f3n\"}]},{\"@type\":\"WebSite\",\"@id\":\"https:\/\/www.ralarsa.com\/ca\/#website\",\"url\":\"https:\/\/www.ralarsa.com\/ca\/\",\"name\":\"Ralarsa\",\"description\":\"\",\"publisher\":{\"@id\":\"https:\/\/www.ralarsa.com\/ca\/#organization\"},\"potentialAction\":[{\"@type\":\"SearchAction\",\"target\":{\"@type\":\"EntryPoint\",\"urlTemplate\":\"https:\/\/www.ralarsa.com\/ca\/?s={search_term_string}\"},\"query-input\":{\"@type\":\"PropertyValueSpecification\",\"valueRequired\":true,\"valueName\":\"search_term_string\"}}],\"inLanguage\":\"ca\"},{\"@type\":\"Organization\",\"@id\":\"https:\/\/www.ralarsa.com\/ca\/#organization\",\"name\":\"Ralarsa\",\"url\":\"https:\/\/www.ralarsa.com\/ca\/\",\"logo\":{\"@type\":\"ImageObject\",\"inLanguage\":\"ca\",\"@id\":\"https:\/\/www.ralarsa.com\/ca\/#\/schema\/logo\/image\/\",\"url\":\"https:\/\/ralarsa.s3.eu-central-1.amazonaws.com\/wp-content\/uploads\/2025\/04\/logo-ralarsa.png\",\"contentUrl\":\"https:\/\/ralarsa.s3.eu-central-1.amazonaws.com\/wp-content\/uploads\/2025\/04\/logo-ralarsa.png\",\"width\":1192,\"height\":412,\"caption\":\"Ralarsa\"},\"image\":{\"@id\":\"https:\/\/www.ralarsa.com\/ca\/#\/schema\/logo\/image\/\"}},{\"@type\":\"Person\",\"@id\":\"https:\/\/www.ralarsa.com\/es\/#\/schema\/person\/cc6cd8ee6652131e9e8872b5cb9424fb\",\"name\":\"ralarsa_admin\",\"image\":{\"@type\":\"ImageObject\",\"inLanguage\":\"ca\",\"@id\":\"https:\/\/www.ralarsa.com\/ca\/#\/schema\/person\/image\/\",\"url\":\"https:\/\/secure.gravatar.com\/avatar\/a74fd8d2062d4dc1f2f251438977288d50eb8ca5b4735594bcad2f5016833f49?s=96&d=mm&r=g\",\"contentUrl\":\"https:\/\/secure.gravatar.com\/avatar\/a74fd8d2062d4dc1f2f251438977288d50eb8ca5b4735594bcad2f5016833f49?s=96&d=mm&r=g\",\"caption\":\"ralarsa_admin\"},\"sameAs\":[\"https:\/\/www-pre.ralarsa.com\"]}]}<\/script>\n<!-- \/ Yoast SEO Premium plugin. -->","yoast_head_json":{"title":"Al\u00e7avidres el\u00e8ctric i la seva reparaci\u00f3 - Ralarsa","description":"Llegeix aquest article i aposta per un centre especialitzat com Ralarsa per a canviar cable al\u00e7avidres el\u00e8ctric. T'esperem!","robots":{"index":"index","follow":"follow","max-snippet":"max-snippet:-1","max-image-preview":"max-image-preview:large","max-video-preview":"max-video-preview:-1"},"canonical":"https:\/\/www.ralarsa.com\/ca\/como-reparar-elevalunas-electrico\/","og_locale":"ca_ES","og_type":"article","og_title":"Al\u00e7avidres el\u00e8ctric i la seva reparaci\u00f3","og_description":"Llegeix aquest article i aposta per un centre especialitzat com Ralarsa per a canviar cable al\u00e7avidres el\u00e8ctric. T'esperem!","og_url":"https:\/\/www.ralarsa.com\/ca\/como-reparar-elevalunas-electrico\/","og_site_name":"Ralarsa","article_published_time":"2022-06-06T00:00:00+00:00","article_modified_time":"2025-09-19T10:10:04+00:00","og_image":[{"width":900,"height":600,"url":"https:\/\/ralarsa.s3.eu-central-1.amazonaws.com\/wp-content\/uploads\/2022\/06\/elevalunas-electrico-reparacion.jpeg","type":"image\/jpeg"}],"author":"ralarsa_admin","twitter_card":"summary_large_image","twitter_misc":{"Escrit per":"ralarsa_admin","Temps estimat de lectura":"4 minuts"},"schema":{"@context":"https:\/\/schema.org","@graph":[{"@type":"Article","@id":"https:\/\/www.ralarsa.com\/es\/como-reparar-elevalunas-electrico\/#article","isPartOf":{"@id":"https:\/\/www.ralarsa.com\/es\/como-reparar-elevalunas-electrico\/"},"author":{"name":"ralarsa_admin","@id":"https:\/\/www.ralarsa.com\/es\/#\/schema\/person\/cc6cd8ee6652131e9e8872b5cb9424fb"},"headline":"Al\u00e7avidres el\u00e8ctric i la seva reparaci\u00f3","datePublished":"2022-06-06T00:00:00+00:00","dateModified":"2025-09-19T10:10:04+00:00","mainEntityOfPage":{"@id":"https:\/\/www.ralarsa.com\/es\/como-reparar-elevalunas-electrico\/"},"wordCount":2386,"commentCount":0,"publisher":{"@id":"https:\/\/www.ralarsa.com\/es\/#organization"},"image":{"@id":"https:\/\/www.ralarsa.com\/es\/como-reparar-elevalunas-electrico\/#primaryimage"},"thumbnailUrl":"https:\/\/d2oyvx818ubhz6.cloudfront.net\/wp-content\/uploads\/2022\/06\/elevalunas-electrico-reparacion.jpeg","keywords":["ok"],"articleSection":["Informaci\u00f3"],"inLanguage":"ca","potentialAction":[{"@type":"CommentAction","name":"Comment","target":["https:\/\/www.ralarsa.com\/es\/como-reparar-elevalunas-electrico\/#respond"]}]},{"@type":"WebPage","@id":"https:\/\/www.ralarsa.com\/ca\/como-reparar-elevalunas-electrico\/","url":"https:\/\/www.ralarsa.com\/ca\/como-reparar-elevalunas-electrico\/","name":"Al\u00e7avidres el\u00e8ctric i la seva reparaci\u00f3 - Ralarsa","isPartOf":{"@id":"https:\/\/www.ralarsa.com\/ca\/#website"},"primaryImageOfPage":{"@id":"https:\/\/www.ralarsa.com\/ca\/como-reparar-elevalunas-electrico\/#primaryimage"},"image":{"@id":"https:\/\/www.ralarsa.com\/es\/como-reparar-elevalunas-electrico\/#primaryimage"},"thumbnailUrl":"https:\/\/d2oyvx818ubhz6.cloudfront.net\/wp-content\/uploads\/2022\/06\/elevalunas-electrico-reparacion.jpeg","datePublished":"2022-06-06T00:00:00+00:00","dateModified":"2025-09-19T10:10:04+00:00","description":"Llegeix aquest article i aposta per un centre especialitzat com Ralarsa per a canviar cable al\u00e7avidres el\u00e8ctric. T'esperem!","breadcrumb":{"@id":"https:\/\/www.ralarsa.com\/ca\/como-reparar-elevalunas-electrico\/#breadcrumb"},"inLanguage":"ca","potentialAction":[{"@type":"ReadAction","target":[["https:\/\/www.ralarsa.com\/ca\/como-reparar-elevalunas-electrico\/"]]}]},{"@type":"ImageObject","inLanguage":"ca","@id":"https:\/\/www.ralarsa.com\/ca\/como-reparar-elevalunas-electrico\/#primaryimage","url":"https:\/\/d2oyvx818ubhz6.cloudfront.net\/wp-content\/uploads\/2022\/06\/elevalunas-electrico-reparacion.jpeg","contentUrl":"https:\/\/d2oyvx818ubhz6.cloudfront.net\/wp-content\/uploads\/2022\/06\/elevalunas-electrico-reparacion.jpeg","width":900,"height":600,"caption":"El correcto funcionamiento del elevalunas el\u00e9ctrico garantiza comodidad y seguridad en la conducci\u00f3n."},{"@type":"BreadcrumbList","@id":"https:\/\/www.ralarsa.com\/ca\/como-reparar-elevalunas-electrico\/#breadcrumb","itemListElement":[{"@type":"ListItem","position":1,"name":"Portada","item":"https:\/\/www.ralarsa.com\/ca\/ralarsa-2\/"},{"@type":"ListItem","position":2,"name":"Elevalunas el\u00e9ctrico y su reparaci\u00f3n"}]},{"@type":"WebSite","@id":"https:\/\/www.ralarsa.com\/ca\/#website","url":"https:\/\/www.ralarsa.com\/ca\/","name":"Ralarsa","description":"","publisher":{"@id":"https:\/\/www.ralarsa.com\/ca\/#organization"},"potentialAction":[{"@type":"SearchAction","target":{"@type":"EntryPoint","urlTemplate":"https:\/\/www.ralarsa.com\/ca\/?s={search_term_string}"},"query-input":{"@type":"PropertyValueSpecification","valueRequired":true,"valueName":"search_term_string"}}],"inLanguage":"ca"},{"@type":"Organization","@id":"https:\/\/www.ralarsa.com\/ca\/#organization","name":"Ralarsa","url":"https:\/\/www.ralarsa.com\/ca\/","logo":{"@type":"ImageObject","inLanguage":"ca","@id":"https:\/\/www.ralarsa.com\/ca\/#\/schema\/logo\/image\/","url":"https:\/\/ralarsa.s3.eu-central-1.amazonaws.com\/wp-content\/uploads\/2025\/04\/logo-ralarsa.png","contentUrl":"https:\/\/ralarsa.s3.eu-central-1.amazonaws.com\/wp-content\/uploads\/2025\/04\/logo-ralarsa.png","width":1192,"height":412,"caption":"Ralarsa"},"image":{"@id":"https:\/\/www.ralarsa.com\/ca\/#\/schema\/logo\/image\/"}},{"@type":"Person","@id":"https:\/\/www.ralarsa.com\/es\/#\/schema\/person\/cc6cd8ee6652131e9e8872b5cb9424fb","name":"ralarsa_admin","image":{"@type":"ImageObject","inLanguage":"ca","@id":"https:\/\/www.ralarsa.com\/ca\/#\/schema\/person\/image\/","url":"https:\/\/secure.gravatar.com\/avatar\/a74fd8d2062d4dc1f2f251438977288d50eb8ca5b4735594bcad2f5016833f49?s=96&d=mm&r=g","contentUrl":"https:\/\/secure.gravatar.com\/avatar\/a74fd8d2062d4dc1f2f251438977288d50eb8ca5b4735594bcad2f5016833f49?s=96&d=mm&r=g","caption":"ralarsa_admin"},"sameAs":["https:\/\/www-pre.ralarsa.com"]}]}},"_links":{"self":[{"href":"https:\/\/www.ralarsa.com\/ca\/wp-json\/wp\/v2\/posts\/1882","targetHints":{"allow":["GET"]}}],"collection":[{"href":"https:\/\/www.ralarsa.com\/ca\/wp-json\/wp\/v2\/posts"}],"about":[{"href":"https:\/\/www.ralarsa.com\/ca\/wp-json\/wp\/v2\/types\/post"}],"author":[{"embeddable":true,"href":"https:\/\/www.ralarsa.com\/ca\/wp-json\/wp\/v2\/users\/1"}],"replies":[{"embeddable":true,"href":"https:\/\/www.ralarsa.com\/ca\/wp-json\/wp\/v2\/comments?post=1882"}],"version-history":[{"count":3,"href":"https:\/\/www.ralarsa.com\/ca\/wp-json\/wp\/v2\/posts\/1882\/revisions"}],"predecessor-version":[{"id":5446,"href":"https:\/\/www.ralarsa.com\/ca\/wp-json\/wp\/v2\/posts\/1882\/revisions\/5446"}],"wp:featuredmedia":[{"embeddable":true,"href":"https:\/\/www.ralarsa.com\/ca\/wp-json\/wp\/v2\/media\/5448"}],"wp:attachment":[{"href":"https:\/\/www.ralarsa.com\/ca\/wp-json\/wp\/v2\/media?parent=1882"}],"wp:term":[{"taxonomy":"category","embeddable":true,"href":"https:\/\/www.ralarsa.com\/ca\/wp-json\/wp\/v2\/categories?post=1882"},{"taxonomy":"post_tag","embeddable":true,"href":"https:\/\/www.ralarsa.com\/ca\/wp-json\/wp\/v2\/tags?post=1882"}],"curies":[{"name":"wp","href":"https:\/\/api.w.org\/{rel}","templated":true}]}}