{"id":1887,"date":"2022-07-28T00:00:00","date_gmt":"2022-07-28T00:00:00","guid":{"rendered":"https:\/\/www.ralarsa.com\/nuevo-taller-ralarsa-mejorada-del-campo\/"},"modified":"2025-09-18T16:49:07","modified_gmt":"2025-09-18T15:49:07","slug":"nuevo-taller-ralarsa-mejorada-del-campo","status":"publish","type":"post","link":"https:\/\/www.ralarsa.com\/ca\/nou-taller-ralarsa-mejorada-del-campo\/","title":{"rendered":"Nou taller Ralarsa a Mejorada del Campo"},"content":{"rendered":"<p><\/p>\n<p class=\"ai-optimize-15 ai-optimize-introduction\">Amb aquest nou centre de reparaci\u00f3 i substituci\u00f3 de vidres de tot tipus de vehicles, sumem un total de 29 tallers a la Comunitat de Madrid, oferint cada dia una major cobertura i proximitat als nostres clients.<\/p>\n<p class=\"ai-optimize-15 ai-optimize-introduction\">Aquest taller Ralarsa es troba al <a href=\"..\/..\/es\/taller-lunas-coche\/MEJORADA-DEL-CAMPO\"><strong>Carrer Castilla 1, nau 6, 28840 de Mejorada del Campo (Madrid)<\/strong><\/a>, i ens permet cobrir tot el corredor de l\u2019Henares des de Guadalajara, Azuqueca de Henares, Alcal\u00e1 de Henares, Torrej\u00f3n, Coslada, Rivas-Vaciamadrid i Arganda. El taller est\u00e0 obert de dilluns a divendres, als matins de 9.00\u202fh a 14.00\u202fh i a les tardes de 16.00\u202fh a 19.00\u202fh.<\/p>\n<p class=\"ai-optimize-16\">Per qu\u00e8 reparar o substituir els vidres del teu vehicle al nostre taller?<\/p>\n<p class=\"ai-optimize-16\">A Ralarsa portem <a href=\"..\/..\/es\/auto-cristal-ralarsa\"><strong>m\u00e9s de 40 anys reparant i substituint vidres<\/strong><\/a>, per la qual cosa som la cadena en cristalleria de l\u2019autom\u00f2bil amb m\u00e9s experi\u00e8ncia a Espanya.<\/p>\n<p class=\"ai-optimize-16\">Des de mitjans del 2021 formem part de Cary Group, empresa internacional i escandinava amb alts valors i un <a href=\"..\/..\/es\/sostenibilidad\"><strong>ferm comprom\u00eds amb la sostenibilitat<\/strong><\/a>, i des del primer dia ens estan guiant per aconseguir sumar-nos a aquest projecte global per cuidar el planeta des del sector de la cristalleria de l\u2019autom\u00f2bil, reparant sempre que sigui possible abans que substituir el vidre, perqu\u00e8 \u00e9s m\u00e9s sostenible.<\/p>\n<p class=\"ai-optimize-17\">A Ralarsa estem recomanats per les principals companyies asseguradores d\u2019Espanya i ens ocupem de tota la gesti\u00f3.<\/p>\n<p class=\"ai-optimize-17\">Si tens una trencadura al teu parabrisa, te la reparem en nom\u00e9s 30 minuts. I si la trencadura no \u00e9s reparable, \u00e9s a dir, si s\u2019ha de substituir el vidre, el temps d\u2019intervenci\u00f3 sense comptar el temps de la comanda del vidre \u00e9s d\u2019aproximadament 3 hores.<\/p>\n<p class=\"ai-optimize-17\">A m\u00e9s, comptem amb les \u00faltimes tecnologies en els sistemes de calibratge de c\u00e0meres dels sistemes ADAS i disposem de molts altres serveis a part de la reparaci\u00f3 i substituci\u00f3 de vidres, com el tintat de vidres, el polit de fars, la reparaci\u00f3 d\u2019elevavidres el\u00e8ctrics i manuals, el recanvi d\u2019escombretes i els tractaments d\u2019oz\u00f3 i antilluvia.<\/p>\n<p class=\"ai-optimize-18\">Ja pots concertar cita a trav\u00e9s de la nostra web, <a href=\"http:\/\/www.ralarsa.com\"><strong>www.ralarsa.com<\/strong><\/a>, i gr\u00e0cies per escollir l\u2019opci\u00f3 sostenible en la reparaci\u00f3 i substituci\u00f3 de vidres de l\u2019autom\u00f2bil.<\/p>\n<p><\/p>","protected":false},"excerpt":{"rendered":"Amb aquest nou centre de reparaci\u00f3 i substituci\u00f3 de vidres de tot tipus de vehicles, sumem un total de 29 tallers a la Comunitat de Madrid, oferint cada dia una major cobertura i proximitat als nostres clients. Aquest taller Ralarsa es troba al Carrer Castilla 1, nau 6, 28840 de Mejorada del Campo (Madrid), i&#8230;","protected":false},"author":1,"featured_media":2386,"comment_status":"open","ping_status":"open","sticky":false,"template":"","format":"standard","meta":{"_acf_changed":false,"inline_featured_image":false,"footnotes":""},"categories":[14],"tags":[15],"class_list":["post-1887","post","type-post","status-publish","format-standard","has-post-thumbnail","hentry","category-ralarsa-cary-group","tag-ok"],"acf":[],"yoast_head":"<!-- This site is optimized with the Yoast SEO Premium plugin v25.3 (Yoast SEO v26.7) - https:\/\/yoast.com\/wordpress\/plugins\/seo\/ -->\n<title>Nou taller Ralarsa a Mejorada del Campo - Ralarsa<\/title>\n<meta name=\"description\" content=\".\" \/>\n<meta name=\"robots\" content=\"index, follow, max-snippet:-1, max-image-preview:large, max-video-preview:-1\" \/>\n<link rel=\"canonical\" href=\"https:\/\/www.ralarsa.com\/ca\/nuevo-taller-ralarsa-mejorada-del-campo\/\" \/>\n<meta property=\"og:locale\" content=\"ca_ES\" \/>\n<meta property=\"og:type\" content=\"article\" \/>\n<meta property=\"og:title\" content=\"Nou taller Ralarsa a Mejorada del Campo\" \/>\n<meta property=\"og:description\" content=\".\" \/>\n<meta property=\"og:url\" content=\"https:\/\/www.ralarsa.com\/ca\/nuevo-taller-ralarsa-mejorada-del-campo\/\" \/>\n<meta property=\"og:site_name\" content=\"Ralarsa\" \/>\n<meta property=\"article:published_time\" content=\"2022-07-28T00:00:00+00:00\" \/>\n<meta property=\"article:modified_time\" content=\"2025-09-18T15:49:07+00:00\" \/>\n<meta property=\"og:image\" content=\"https:\/\/ralarsa.s3.eu-central-1.amazonaws.com\/wp-content\/uploads\/2025\/03\/6950-1024x768.jpeg\" \/>\n\t<meta property=\"og:image:width\" content=\"1024\" \/>\n\t<meta property=\"og:image:height\" content=\"768\" \/>\n\t<meta property=\"og:image:type\" content=\"image\/jpeg\" \/>\n<meta name=\"author\" content=\"ralarsa_admin\" \/>\n<meta name=\"twitter:card\" content=\"summary_large_image\" \/>\n<meta name=\"twitter:label1\" content=\"Escrit per\" \/>\n\t<meta name=\"twitter:data1\" content=\"ralarsa_admin\" \/>\n\t<meta name=\"twitter:label2\" content=\"Temps estimat de lectura\" \/>\n\t<meta name=\"twitter:data2\" content=\"2 minuts\" \/>\n<script type=\"application\/ld+json\" class=\"yoast-schema-graph\">{\"@context\":\"https:\/\/schema.org\",\"@graph\":[{\"@type\":\"Article\",\"@id\":\"https:\/\/www.ralarsa.com\/es\/nuevo-taller-ralarsa-mejorada-del-campo\/#article\",\"isPartOf\":{\"@id\":\"https:\/\/www.ralarsa.com\/es\/nuevo-taller-ralarsa-mejorada-del-campo\/\"},\"author\":{\"name\":\"ralarsa_admin\",\"@id\":\"https:\/\/www.ralarsa.com\/es\/#\/schema\/person\/cc6cd8ee6652131e9e8872b5cb9424fb\"},\"headline\":\"Nou taller Ralarsa a Mejorada del Campo\",\"datePublished\":\"2022-07-28T00:00:00+00:00\",\"dateModified\":\"2025-09-18T15:49:07+00:00\",\"mainEntityOfPage\":{\"@id\":\"https:\/\/www.ralarsa.com\/es\/nuevo-taller-ralarsa-mejorada-del-campo\/\"},\"wordCount\":1102,\"commentCount\":0,\"publisher\":{\"@id\":\"https:\/\/www.ralarsa.com\/es\/#organization\"},\"image\":{\"@id\":\"https:\/\/www.ralarsa.com\/es\/nuevo-taller-ralarsa-mejorada-del-campo\/#primaryimage\"},\"thumbnailUrl\":\"https:\/\/d2oyvx818ubhz6.cloudfront.net\/wp-content\/uploads\/2025\/03\/6950-scaled.jpeg\",\"keywords\":[\"ok\"],\"articleSection\":[\"Ralarsa &amp; Cary Group\"],\"inLanguage\":\"ca\",\"potentialAction\":[{\"@type\":\"CommentAction\",\"name\":\"Comment\",\"target\":[\"https:\/\/www.ralarsa.com\/es\/nuevo-taller-ralarsa-mejorada-del-campo\/#respond\"]}]},{\"@type\":\"WebPage\",\"@id\":\"https:\/\/www.ralarsa.com\/ca\/nuevo-taller-ralarsa-mejorada-del-campo\/\",\"url\":\"https:\/\/www.ralarsa.com\/ca\/nuevo-taller-ralarsa-mejorada-del-campo\/\",\"name\":\"Nou taller Ralarsa a Mejorada del Campo - Ralarsa\",\"isPartOf\":{\"@id\":\"https:\/\/www.ralarsa.com\/ca\/#website\"},\"primaryImageOfPage\":{\"@id\":\"https:\/\/www.ralarsa.com\/ca\/nuevo-taller-ralarsa-mejorada-del-campo\/#primaryimage\"},\"image\":{\"@id\":\"https:\/\/www.ralarsa.com\/es\/nuevo-taller-ralarsa-mejorada-del-campo\/#primaryimage\"},\"thumbnailUrl\":\"https:\/\/d2oyvx818ubhz6.cloudfront.net\/wp-content\/uploads\/2025\/03\/6950-scaled.jpeg\",\"datePublished\":\"2022-07-28T00:00:00+00:00\",\"dateModified\":\"2025-09-18T15:49:07+00:00\",\"description\":\".\",\"breadcrumb\":{\"@id\":\"https:\/\/www.ralarsa.com\/ca\/nuevo-taller-ralarsa-mejorada-del-campo\/#breadcrumb\"},\"inLanguage\":\"ca\",\"potentialAction\":[{\"@type\":\"ReadAction\",\"target\":[[\"https:\/\/www.ralarsa.com\/ca\/nuevo-taller-ralarsa-mejorada-del-campo\/\"]]}]},{\"@type\":\"ImageObject\",\"inLanguage\":\"ca\",\"@id\":\"https:\/\/www.ralarsa.com\/ca\/nuevo-taller-ralarsa-mejorada-del-campo\/#primaryimage\",\"url\":\"https:\/\/d2oyvx818ubhz6.cloudfront.net\/wp-content\/uploads\/2025\/03\/6950-scaled.jpeg\",\"contentUrl\":\"https:\/\/d2oyvx818ubhz6.cloudfront.net\/wp-content\/uploads\/2025\/03\/6950-scaled.jpeg\",\"width\":3693,\"height\":2770},{\"@type\":\"BreadcrumbList\",\"@id\":\"https:\/\/www.ralarsa.com\/ca\/nuevo-taller-ralarsa-mejorada-del-campo\/#breadcrumb\",\"itemListElement\":[{\"@type\":\"ListItem\",\"position\":1,\"name\":\"Portada\",\"item\":\"https:\/\/www.ralarsa.com\/ca\/ralarsa-2\/\"},{\"@type\":\"ListItem\",\"position\":2,\"name\":\"Nuevo taller de Ralarsa en Mejorada del Campo\"}]},{\"@type\":\"WebSite\",\"@id\":\"https:\/\/www.ralarsa.com\/ca\/#website\",\"url\":\"https:\/\/www.ralarsa.com\/ca\/\",\"name\":\"Ralarsa\",\"description\":\"\",\"publisher\":{\"@id\":\"https:\/\/www.ralarsa.com\/ca\/#organization\"},\"potentialAction\":[{\"@type\":\"SearchAction\",\"target\":{\"@type\":\"EntryPoint\",\"urlTemplate\":\"https:\/\/www.ralarsa.com\/ca\/?s={search_term_string}\"},\"query-input\":{\"@type\":\"PropertyValueSpecification\",\"valueRequired\":true,\"valueName\":\"search_term_string\"}}],\"inLanguage\":\"ca\"},{\"@type\":\"Organization\",\"@id\":\"https:\/\/www.ralarsa.com\/ca\/#organization\",\"name\":\"Ralarsa\",\"url\":\"https:\/\/www.ralarsa.com\/ca\/\",\"logo\":{\"@type\":\"ImageObject\",\"inLanguage\":\"ca\",\"@id\":\"https:\/\/www.ralarsa.com\/ca\/#\/schema\/logo\/image\/\",\"url\":\"https:\/\/ralarsa.s3.eu-central-1.amazonaws.com\/wp-content\/uploads\/2025\/04\/logo-ralarsa.png\",\"contentUrl\":\"https:\/\/ralarsa.s3.eu-central-1.amazonaws.com\/wp-content\/uploads\/2025\/04\/logo-ralarsa.png\",\"width\":1192,\"height\":412,\"caption\":\"Ralarsa\"},\"image\":{\"@id\":\"https:\/\/www.ralarsa.com\/ca\/#\/schema\/logo\/image\/\"}},{\"@type\":\"Person\",\"@id\":\"https:\/\/www.ralarsa.com\/es\/#\/schema\/person\/cc6cd8ee6652131e9e8872b5cb9424fb\",\"name\":\"ralarsa_admin\",\"image\":{\"@type\":\"ImageObject\",\"inLanguage\":\"ca\",\"@id\":\"https:\/\/www.ralarsa.com\/ca\/#\/schema\/person\/image\/\",\"url\":\"https:\/\/secure.gravatar.com\/avatar\/a74fd8d2062d4dc1f2f251438977288d50eb8ca5b4735594bcad2f5016833f49?s=96&d=mm&r=g\",\"contentUrl\":\"https:\/\/secure.gravatar.com\/avatar\/a74fd8d2062d4dc1f2f251438977288d50eb8ca5b4735594bcad2f5016833f49?s=96&d=mm&r=g\",\"caption\":\"ralarsa_admin\"},\"sameAs\":[\"https:\/\/www-pre.ralarsa.com\"]}]}<\/script>\n<!-- \/ Yoast SEO Premium plugin. -->","yoast_head_json":{"title":"Nou taller Ralarsa a Mejorada del Campo - Ralarsa","description":".","robots":{"index":"index","follow":"follow","max-snippet":"max-snippet:-1","max-image-preview":"max-image-preview:large","max-video-preview":"max-video-preview:-1"},"canonical":"https:\/\/www.ralarsa.com\/ca\/nuevo-taller-ralarsa-mejorada-del-campo\/","og_locale":"ca_ES","og_type":"article","og_title":"Nou taller Ralarsa a Mejorada del Campo","og_description":".","og_url":"https:\/\/www.ralarsa.com\/ca\/nuevo-taller-ralarsa-mejorada-del-campo\/","og_site_name":"Ralarsa","article_published_time":"2022-07-28T00:00:00+00:00","article_modified_time":"2025-09-18T15:49:07+00:00","og_image":[{"width":1024,"height":768,"url":"https:\/\/ralarsa.s3.eu-central-1.amazonaws.com\/wp-content\/uploads\/2025\/03\/6950-1024x768.jpeg","type":"image\/jpeg"}],"author":"ralarsa_admin","twitter_card":"summary_large_image","twitter_misc":{"Escrit per":"ralarsa_admin","Temps estimat de lectura":"2 minuts"},"schema":{"@context":"https:\/\/schema.org","@graph":[{"@type":"Article","@id":"https:\/\/www.ralarsa.com\/es\/nuevo-taller-ralarsa-mejorada-del-campo\/#article","isPartOf":{"@id":"https:\/\/www.ralarsa.com\/es\/nuevo-taller-ralarsa-mejorada-del-campo\/"},"author":{"name":"ralarsa_admin","@id":"https:\/\/www.ralarsa.com\/es\/#\/schema\/person\/cc6cd8ee6652131e9e8872b5cb9424fb"},"headline":"Nou taller Ralarsa a Mejorada del Campo","datePublished":"2022-07-28T00:00:00+00:00","dateModified":"2025-09-18T15:49:07+00:00","mainEntityOfPage":{"@id":"https:\/\/www.ralarsa.com\/es\/nuevo-taller-ralarsa-mejorada-del-campo\/"},"wordCount":1102,"commentCount":0,"publisher":{"@id":"https:\/\/www.ralarsa.com\/es\/#organization"},"image":{"@id":"https:\/\/www.ralarsa.com\/es\/nuevo-taller-ralarsa-mejorada-del-campo\/#primaryimage"},"thumbnailUrl":"https:\/\/d2oyvx818ubhz6.cloudfront.net\/wp-content\/uploads\/2025\/03\/6950-scaled.jpeg","keywords":["ok"],"articleSection":["Ralarsa &amp; Cary Group"],"inLanguage":"ca","potentialAction":[{"@type":"CommentAction","name":"Comment","target":["https:\/\/www.ralarsa.com\/es\/nuevo-taller-ralarsa-mejorada-del-campo\/#respond"]}]},{"@type":"WebPage","@id":"https:\/\/www.ralarsa.com\/ca\/nuevo-taller-ralarsa-mejorada-del-campo\/","url":"https:\/\/www.ralarsa.com\/ca\/nuevo-taller-ralarsa-mejorada-del-campo\/","name":"Nou taller Ralarsa a Mejorada del Campo - Ralarsa","isPartOf":{"@id":"https:\/\/www.ralarsa.com\/ca\/#website"},"primaryImageOfPage":{"@id":"https:\/\/www.ralarsa.com\/ca\/nuevo-taller-ralarsa-mejorada-del-campo\/#primaryimage"},"image":{"@id":"https:\/\/www.ralarsa.com\/es\/nuevo-taller-ralarsa-mejorada-del-campo\/#primaryimage"},"thumbnailUrl":"https:\/\/d2oyvx818ubhz6.cloudfront.net\/wp-content\/uploads\/2025\/03\/6950-scaled.jpeg","datePublished":"2022-07-28T00:00:00+00:00","dateModified":"2025-09-18T15:49:07+00:00","description":".","breadcrumb":{"@id":"https:\/\/www.ralarsa.com\/ca\/nuevo-taller-ralarsa-mejorada-del-campo\/#breadcrumb"},"inLanguage":"ca","potentialAction":[{"@type":"ReadAction","target":[["https:\/\/www.ralarsa.com\/ca\/nuevo-taller-ralarsa-mejorada-del-campo\/"]]}]},{"@type":"ImageObject","inLanguage":"ca","@id":"https:\/\/www.ralarsa.com\/ca\/nuevo-taller-ralarsa-mejorada-del-campo\/#primaryimage","url":"https:\/\/d2oyvx818ubhz6.cloudfront.net\/wp-content\/uploads\/2025\/03\/6950-scaled.jpeg","contentUrl":"https:\/\/d2oyvx818ubhz6.cloudfront.net\/wp-content\/uploads\/2025\/03\/6950-scaled.jpeg","width":3693,"height":2770},{"@type":"BreadcrumbList","@id":"https:\/\/www.ralarsa.com\/ca\/nuevo-taller-ralarsa-mejorada-del-campo\/#breadcrumb","itemListElement":[{"@type":"ListItem","position":1,"name":"Portada","item":"https:\/\/www.ralarsa.com\/ca\/ralarsa-2\/"},{"@type":"ListItem","position":2,"name":"Nuevo taller de Ralarsa en Mejorada del Campo"}]},{"@type":"WebSite","@id":"https:\/\/www.ralarsa.com\/ca\/#website","url":"https:\/\/www.ralarsa.com\/ca\/","name":"Ralarsa","description":"","publisher":{"@id":"https:\/\/www.ralarsa.com\/ca\/#organization"},"potentialAction":[{"@type":"SearchAction","target":{"@type":"EntryPoint","urlTemplate":"https:\/\/www.ralarsa.com\/ca\/?s={search_term_string}"},"query-input":{"@type":"PropertyValueSpecification","valueRequired":true,"valueName":"search_term_string"}}],"inLanguage":"ca"},{"@type":"Organization","@id":"https:\/\/www.ralarsa.com\/ca\/#organization","name":"Ralarsa","url":"https:\/\/www.ralarsa.com\/ca\/","logo":{"@type":"ImageObject","inLanguage":"ca","@id":"https:\/\/www.ralarsa.com\/ca\/#\/schema\/logo\/image\/","url":"https:\/\/ralarsa.s3.eu-central-1.amazonaws.com\/wp-content\/uploads\/2025\/04\/logo-ralarsa.png","contentUrl":"https:\/\/ralarsa.s3.eu-central-1.amazonaws.com\/wp-content\/uploads\/2025\/04\/logo-ralarsa.png","width":1192,"height":412,"caption":"Ralarsa"},"image":{"@id":"https:\/\/www.ralarsa.com\/ca\/#\/schema\/logo\/image\/"}},{"@type":"Person","@id":"https:\/\/www.ralarsa.com\/es\/#\/schema\/person\/cc6cd8ee6652131e9e8872b5cb9424fb","name":"ralarsa_admin","image":{"@type":"ImageObject","inLanguage":"ca","@id":"https:\/\/www.ralarsa.com\/ca\/#\/schema\/person\/image\/","url":"https:\/\/secure.gravatar.com\/avatar\/a74fd8d2062d4dc1f2f251438977288d50eb8ca5b4735594bcad2f5016833f49?s=96&d=mm&r=g","contentUrl":"https:\/\/secure.gravatar.com\/avatar\/a74fd8d2062d4dc1f2f251438977288d50eb8ca5b4735594bcad2f5016833f49?s=96&d=mm&r=g","caption":"ralarsa_admin"},"sameAs":["https:\/\/www-pre.ralarsa.com"]}]}},"_links":{"self":[{"href":"https:\/\/www.ralarsa.com\/ca\/wp-json\/wp\/v2\/posts\/1887","targetHints":{"allow":["GET"]}}],"collection":[{"href":"https:\/\/www.ralarsa.com\/ca\/wp-json\/wp\/v2\/posts"}],"about":[{"href":"https:\/\/www.ralarsa.com\/ca\/wp-json\/wp\/v2\/types\/post"}],"author":[{"embeddable":true,"href":"https:\/\/www.ralarsa.com\/ca\/wp-json\/wp\/v2\/users\/1"}],"replies":[{"embeddable":true,"href":"https:\/\/www.ralarsa.com\/ca\/wp-json\/wp\/v2\/comments?post=1887"}],"version-history":[{"count":2,"href":"https:\/\/www.ralarsa.com\/ca\/wp-json\/wp\/v2\/posts\/1887\/revisions"}],"predecessor-version":[{"id":5436,"href":"https:\/\/www.ralarsa.com\/ca\/wp-json\/wp\/v2\/posts\/1887\/revisions\/5436"}],"wp:featuredmedia":[{"embeddable":true,"href":"https:\/\/www.ralarsa.com\/ca\/wp-json\/wp\/v2\/media\/2386"}],"wp:attachment":[{"href":"https:\/\/www.ralarsa.com\/ca\/wp-json\/wp\/v2\/media?parent=1887"}],"wp:term":[{"taxonomy":"category","embeddable":true,"href":"https:\/\/www.ralarsa.com\/ca\/wp-json\/wp\/v2\/categories?post=1887"},{"taxonomy":"post_tag","embeddable":true,"href":"https:\/\/www.ralarsa.com\/ca\/wp-json\/wp\/v2\/tags?post=1887"}],"curies":[{"name":"wp","href":"https:\/\/api.w.org\/{rel}","templated":true}]}}