{"id":1888,"date":"2022-07-08T00:00:00","date_gmt":"2022-07-08T00:00:00","guid":{"rendered":"https:\/\/www.ralarsa.com\/reparar-sustituir-cual-mejor\/"},"modified":"2025-09-18T17:22:59","modified_gmt":"2025-09-18T16:22:59","slug":"reparar-sustituir-cual-mejor","status":"publish","type":"post","link":"https:\/\/www.ralarsa.com\/ca\/reparar-substituir-quina-millor\/","title":{"rendered":"Per sostenibilitat, reparem abans que substitu\u00efm"},"content":{"rendered":"<p><span style=\"font-weight: 400;\">Quan la lluna del nostre vehicle pateix algun contratemps, ens agrada tenir la tranquil\u00b7litat de tenir una empresa eficient. Aix\u00f2 \u00e9s, que ens ofereixi la garantia de poder reparar una lluna davantera esquerdada de la forma m\u00e9s \u00e0gil possible. A Ralarsa, taller de vidres per a autom\u00f2bils, s&#8217;aconsegueix. I \u00e9s que a m\u00e9s, per no perjudicar l&#8217;entorn, apostem per la sostenibilitat, cosa que es tradueix a reparar abans que substituir.<\/span><\/p>\n<p><span style=\"font-weight: 400;\">Aix\u00ed doncs, si et trobes buscant un centre proper on acudir perqu\u00e8 el teu autom\u00f2bil estigui en perfecte estat, visita Ralarsa. Troba el taller de vidres per a autom\u00f2bils proper a tu i demana la teva cita a trav\u00e9s de la nostra web. T&#8217;esperem!<\/span><\/p>\n<h2><span style=\"font-weight: 400;\">Quan es pot reparar un vidre?<\/span><\/h2>\n<p><span style=\"font-weight: 400;\">El trencament de vidres resulta ser un dels danys m\u00e9s comuns quan un cotxe necessita passar pel taller de vidres per a autom\u00f2bils. Si un vidre del nostre vehicle s&#8217;ha trencat, per petita que sigui l&#8217;obertura, \u00e9s imprescindible acudir a un centre professional per reparar-lo abans que s&#8217;estengui la bretxa. D&#8217;aquesta manera es podr\u00e0 evitar la substituci\u00f3 i apostar per la reparaci\u00f3, cosa que ser\u00e0 molt m\u00e9s beneficiosa per al medi ambient i reduir\u00e0 costos en l&#8217;arranjament de la <\/span><a href=\"..\/..\/..\/ca\/serveis\/reparacio-parabrises\"><strong>lluna davantera esquerdada<\/strong><\/a><span style=\"font-weight: 400;\">, posterior o lateral.<\/span><\/p>\n<p><span style=\"font-weight: 400;\">No obstant aix\u00f2, un vidre esquerdat no sempre ofereix la possibilitat de ser reparat. I \u00e9s que per aix\u00f2 cal, en primer lloc, que l&#8217;equip t\u00e8cnic revisi la magnitud dels danys. Aix\u00ed, si el vidre presenta una perforaci\u00f3 sense fissures i de mida aproximada inferior a una moneda de dos euros, es pot reparar, tal com passa amb l&#8217;ull de bou. Es tracta d&#8217;un forat en forma de con al parabrisa.<\/span><\/p>\n<p><span style=\"font-weight: 400;\">Per contra, si la raja del vidre acull esquerdes, estem parlant d&#8217;un trencament m\u00e9s gran i m\u00e9s greu. En cas que l&#8217;esquerda sigui una mica profunda, n&#8217;hi haur\u00e0 prou amb qualsevol petit obstacle extern com una pedra o un sot perqu\u00e8 la seva mida augmenti fins que sigui impossible fer una reparaci\u00f3, i l&#8217;\u00fanica alternativa \u00e9s la substituci\u00f3.<\/span><\/p>\n<h2><span style=\"font-weight: 400;\">Sistema ADAS i parabrises: quina relaci\u00f3 hi ha?<\/span><\/h2>\n<p><span style=\"font-weight: 400;\">Advanced Driver Assistance Systems, en castell\u00e0 Sistemes Avan\u00e7ats d&#8217;Assist\u00e8ncia a la Conducci\u00f3, descriu un m\u00e8tode enfocat a l&#8217;increment durant la conducci\u00f3. I si b\u00e9 \u00e9s un plus a l&#8217;assist\u00e8ncia mentre es realitza un trajecte, \u00e9s important subratllar que no parlem d&#8217;un pilot autom\u00e0tic, per la qual cosa <\/span><a href=\"..\/..\/..\/ca\/blog\/calibracio-sistema-adas-importancia\"><strong>comptar amb el sistema ADAS<\/strong><\/a><span style=\"font-weight: 400;\"> no ha de comportar una distracci\u00f3 a la carretera.<\/span><\/p>\n<p><span style=\"font-weight: 400;\">Aquest est\u00e0 compost per diversos sensors o c\u00e0meres, capa\u00e7os de percebre alertes a l&#8217;entorn i, d&#8217;aquesta manera, avisar el conductor. I \u00e9s aqu\u00ed on trobem la relaci\u00f3 entre el sistema ADAS i una lluna davantera rajada: aquestes c\u00e0meres es poden trobar integrades al parabrisa del cotxe.<\/span><\/p>\n<p><span style=\"font-weight: 400;\">Una garantia a la seguretat vi\u00e0ria \u00e9s imprescindible per a tots els conductors de la cal\u00e7ada. Aix\u00ed doncs, un parabrises danyat perjudicar\u00e0 la correcta funci\u00f3 del sistema ADAS, essent un element essencial per reduir els sinistres. Nom\u00e9s al nostre pa\u00eds, el risc de patir un accident greu disminuiria fins a un 60% si tots els autom\u00f2bils estiguessin equipats amb aquest sistema.<\/span><\/p>\n<h2><span style=\"font-weight: 400;\">Ralarsa \u00e9s sin\u00f2nim de plus en sostenibilitat<\/span><\/h2>\n<p><span style=\"font-weight: 400;\">A m\u00e9s del que hem esmentat, un parabrisa en \u00f2ptim estat ser\u00e0 conditio sine qua non per passar la revisi\u00f3 de la ITV, igual que altres aspectes que s\u00f3n acuradament inspeccionats i comprovats per assegurar una conducci\u00f3 segura.<\/span><\/p>\n<p><span style=\"font-weight: 400;\">Reparar una lluna davantera rajada suposa un estalvi de temps. I \u00e9s que a Ralarsa tan sols necessitem que el teu cotxe estigui aparcat 30 minuts, ja sigui a un dels centres de la nostra xarxa de tallers o on tu ens indiquis, gr\u00e0cies al nostre servei de despla\u00e7ament a domicili. Aix\u00ed mateix, suposa un estalvi econ\u00f2mic respecte a la substituci\u00f3 del vidre.<\/span><\/p>\n<p><span style=\"font-weight: 400;\">Finalment, per\u00f2 no menys important, a qualsevol taller de vidres per a autom\u00f2bils Ralarsa \u00e9s primordial la conservaci\u00f3 del medi ambient. Per posar el nostre granet de sorra, sempre que es pugui s&#8217;optar\u00e0 per reparar una lluna i no per substituir-la. Coneix m\u00e9s sobre nosaltres visitant la nostra p\u00e0gina web.<\/span><\/p>","protected":false},"excerpt":{"rendered":"Quan la lluna del nostre vehicle pateix algun contratemps, ens agrada tenir la tranquil\u00b7litat de tenir una empresa eficient. Aix\u00f2 \u00e9s, que ens ofereixi la garantia de poder reparar una lluna davantera esquerdada de la forma m\u00e9s \u00e0gil possible. A Ralarsa, taller de vidres per a autom\u00f2bils, s&#8217;aconsegueix. I \u00e9s que a m\u00e9s, per no&#8230;","protected":false},"author":1,"featured_media":5441,"comment_status":"open","ping_status":"open","sticky":false,"template":"","format":"standard","meta":{"_acf_changed":false,"inline_featured_image":false,"footnotes":""},"categories":[1],"tags":[15],"class_list":["post-1888","post","type-post","status-publish","format-standard","has-post-thumbnail","hentry","category-uncategorized","tag-ok"],"acf":[],"yoast_head":"<!-- This site is optimized with the Yoast SEO Premium plugin v25.3 (Yoast SEO v26.7) - https:\/\/yoast.com\/wordpress\/plugins\/seo\/ -->\n<title>Per sostenibilitat, reparem abans que substitu\u00efm - Ralarsa<\/title>\n<meta name=\"description\" content=\"Des de Ralarsa, per sostenibilitat, reparem abans que substitu\u00efm. I \u00e9s que aquesta \u00e9s una de les pr\u00e0ctiques que fem per cuidar el nostre planeta. M\u00e9s informaci\u00f3 aqu\u00ed!\" \/>\n<meta name=\"robots\" content=\"index, follow, max-snippet:-1, max-image-preview:large, max-video-preview:-1\" \/>\n<link rel=\"canonical\" href=\"https:\/\/www.ralarsa.com\/ca\/reparar-sustituir-cual-mejor\/\" \/>\n<meta property=\"og:locale\" content=\"ca_ES\" \/>\n<meta property=\"og:type\" content=\"article\" \/>\n<meta property=\"og:title\" content=\"Per sostenibilitat, reparem abans que substitu\u00efm\" \/>\n<meta property=\"og:description\" content=\"Des de Ralarsa, per sostenibilitat, reparem abans que substitu\u00efm. I \u00e9s que aquesta \u00e9s una de les pr\u00e0ctiques que fem per cuidar el nostre planeta. M\u00e9s informaci\u00f3 aqu\u00ed!\" \/>\n<meta property=\"og:url\" content=\"https:\/\/www.ralarsa.com\/ca\/reparar-sustituir-cual-mejor\/\" \/>\n<meta property=\"og:site_name\" content=\"Ralarsa\" \/>\n<meta property=\"article:published_time\" content=\"2022-07-08T00:00:00+00:00\" \/>\n<meta property=\"article:modified_time\" content=\"2025-09-18T16:22:59+00:00\" \/>\n<meta property=\"og:image\" content=\"https:\/\/ralarsa.s3.eu-central-1.amazonaws.com\/wp-content\/uploads\/2022\/07\/sostenibilidad-reparamos-antes-sustituimos.jpeg\" \/>\n\t<meta property=\"og:image:width\" content=\"900\" \/>\n\t<meta property=\"og:image:height\" content=\"600\" \/>\n\t<meta property=\"og:image:type\" content=\"image\/jpeg\" \/>\n<meta name=\"author\" content=\"ralarsa_admin\" \/>\n<meta name=\"twitter:card\" content=\"summary_large_image\" \/>\n<meta name=\"twitter:label1\" content=\"Escrit per\" \/>\n\t<meta name=\"twitter:data1\" content=\"ralarsa_admin\" \/>\n\t<meta name=\"twitter:label2\" content=\"Temps estimat de lectura\" \/>\n\t<meta name=\"twitter:data2\" content=\"4 minuts\" \/>\n<script type=\"application\/ld+json\" class=\"yoast-schema-graph\">{\"@context\":\"https:\/\/schema.org\",\"@graph\":[{\"@type\":\"Article\",\"@id\":\"https:\/\/www.ralarsa.com\/es\/reparar-sustituir-cual-mejor\/#article\",\"isPartOf\":{\"@id\":\"https:\/\/www.ralarsa.com\/es\/reparar-sustituir-cual-mejor\/\"},\"author\":{\"name\":\"ralarsa_admin\",\"@id\":\"https:\/\/www.ralarsa.com\/es\/#\/schema\/person\/cc6cd8ee6652131e9e8872b5cb9424fb\"},\"headline\":\"Per sostenibilitat, reparem abans que substitu\u00efm\",\"datePublished\":\"2022-07-08T00:00:00+00:00\",\"dateModified\":\"2025-09-18T16:22:59+00:00\",\"mainEntityOfPage\":{\"@id\":\"https:\/\/www.ralarsa.com\/es\/reparar-sustituir-cual-mejor\/\"},\"wordCount\":2131,\"commentCount\":0,\"publisher\":{\"@id\":\"https:\/\/www.ralarsa.com\/es\/#organization\"},\"image\":{\"@id\":\"https:\/\/www.ralarsa.com\/es\/reparar-sustituir-cual-mejor\/#primaryimage\"},\"thumbnailUrl\":\"https:\/\/d2oyvx818ubhz6.cloudfront.net\/wp-content\/uploads\/2022\/07\/sostenibilidad-reparamos-antes-sustituimos.jpeg\",\"keywords\":[\"ok\"],\"articleSection\":[\"Informaci\u00f3\"],\"inLanguage\":\"ca\",\"potentialAction\":[{\"@type\":\"CommentAction\",\"name\":\"Comment\",\"target\":[\"https:\/\/www.ralarsa.com\/es\/reparar-sustituir-cual-mejor\/#respond\"]}]},{\"@type\":\"WebPage\",\"@id\":\"https:\/\/www.ralarsa.com\/ca\/reparar-sustituir-cual-mejor\/\",\"url\":\"https:\/\/www.ralarsa.com\/ca\/reparar-sustituir-cual-mejor\/\",\"name\":\"Per sostenibilitat, reparem abans que substitu\u00efm - Ralarsa\",\"isPartOf\":{\"@id\":\"https:\/\/www.ralarsa.com\/ca\/#website\"},\"primaryImageOfPage\":{\"@id\":\"https:\/\/www.ralarsa.com\/ca\/reparar-sustituir-cual-mejor\/#primaryimage\"},\"image\":{\"@id\":\"https:\/\/www.ralarsa.com\/es\/reparar-sustituir-cual-mejor\/#primaryimage\"},\"thumbnailUrl\":\"https:\/\/d2oyvx818ubhz6.cloudfront.net\/wp-content\/uploads\/2022\/07\/sostenibilidad-reparamos-antes-sustituimos.jpeg\",\"datePublished\":\"2022-07-08T00:00:00+00:00\",\"dateModified\":\"2025-09-18T16:22:59+00:00\",\"description\":\"Des de Ralarsa, per sostenibilitat, reparem abans que substitu\u00efm. I \u00e9s que aquesta \u00e9s una de les pr\u00e0ctiques que fem per cuidar el nostre planeta. M\u00e9s informaci\u00f3 aqu\u00ed!\",\"breadcrumb\":{\"@id\":\"https:\/\/www.ralarsa.com\/ca\/reparar-sustituir-cual-mejor\/#breadcrumb\"},\"inLanguage\":\"ca\",\"potentialAction\":[{\"@type\":\"ReadAction\",\"target\":[[\"https:\/\/www.ralarsa.com\/ca\/reparar-sustituir-cual-mejor\/\"]]}]},{\"@type\":\"ImageObject\",\"inLanguage\":\"ca\",\"@id\":\"https:\/\/www.ralarsa.com\/ca\/reparar-sustituir-cual-mejor\/#primaryimage\",\"url\":\"https:\/\/d2oyvx818ubhz6.cloudfront.net\/wp-content\/uploads\/2022\/07\/sostenibilidad-reparamos-antes-sustituimos.jpeg\",\"contentUrl\":\"https:\/\/d2oyvx818ubhz6.cloudfront.net\/wp-content\/uploads\/2022\/07\/sostenibilidad-reparamos-antes-sustituimos.jpeg\",\"width\":900,\"height\":600,\"caption\":\"Reparar el parabrisas: una opci\u00f3n segura, econ\u00f3mica y respetuosa con el medioambiente.\"},{\"@type\":\"BreadcrumbList\",\"@id\":\"https:\/\/www.ralarsa.com\/ca\/reparar-sustituir-cual-mejor\/#breadcrumb\",\"itemListElement\":[{\"@type\":\"ListItem\",\"position\":1,\"name\":\"Portada\",\"item\":\"https:\/\/www.ralarsa.com\/ca\/ralarsa-2\/\"},{\"@type\":\"ListItem\",\"position\":2,\"name\":\"Por sostenibilidad, reparamos antes que sustituimos\"}]},{\"@type\":\"WebSite\",\"@id\":\"https:\/\/www.ralarsa.com\/ca\/#website\",\"url\":\"https:\/\/www.ralarsa.com\/ca\/\",\"name\":\"Ralarsa\",\"description\":\"\",\"publisher\":{\"@id\":\"https:\/\/www.ralarsa.com\/ca\/#organization\"},\"potentialAction\":[{\"@type\":\"SearchAction\",\"target\":{\"@type\":\"EntryPoint\",\"urlTemplate\":\"https:\/\/www.ralarsa.com\/ca\/?s={search_term_string}\"},\"query-input\":{\"@type\":\"PropertyValueSpecification\",\"valueRequired\":true,\"valueName\":\"search_term_string\"}}],\"inLanguage\":\"ca\"},{\"@type\":\"Organization\",\"@id\":\"https:\/\/www.ralarsa.com\/ca\/#organization\",\"name\":\"Ralarsa\",\"url\":\"https:\/\/www.ralarsa.com\/ca\/\",\"logo\":{\"@type\":\"ImageObject\",\"inLanguage\":\"ca\",\"@id\":\"https:\/\/www.ralarsa.com\/ca\/#\/schema\/logo\/image\/\",\"url\":\"https:\/\/ralarsa.s3.eu-central-1.amazonaws.com\/wp-content\/uploads\/2025\/04\/logo-ralarsa.png\",\"contentUrl\":\"https:\/\/ralarsa.s3.eu-central-1.amazonaws.com\/wp-content\/uploads\/2025\/04\/logo-ralarsa.png\",\"width\":1192,\"height\":412,\"caption\":\"Ralarsa\"},\"image\":{\"@id\":\"https:\/\/www.ralarsa.com\/ca\/#\/schema\/logo\/image\/\"}},{\"@type\":\"Person\",\"@id\":\"https:\/\/www.ralarsa.com\/es\/#\/schema\/person\/cc6cd8ee6652131e9e8872b5cb9424fb\",\"name\":\"ralarsa_admin\",\"image\":{\"@type\":\"ImageObject\",\"inLanguage\":\"ca\",\"@id\":\"https:\/\/www.ralarsa.com\/ca\/#\/schema\/person\/image\/\",\"url\":\"https:\/\/secure.gravatar.com\/avatar\/a74fd8d2062d4dc1f2f251438977288d50eb8ca5b4735594bcad2f5016833f49?s=96&d=mm&r=g\",\"contentUrl\":\"https:\/\/secure.gravatar.com\/avatar\/a74fd8d2062d4dc1f2f251438977288d50eb8ca5b4735594bcad2f5016833f49?s=96&d=mm&r=g\",\"caption\":\"ralarsa_admin\"},\"sameAs\":[\"https:\/\/www-pre.ralarsa.com\"]}]}<\/script>\n<!-- \/ Yoast SEO Premium plugin. -->","yoast_head_json":{"title":"Per sostenibilitat, reparem abans que substitu\u00efm - Ralarsa","description":"Des de Ralarsa, per sostenibilitat, reparem abans que substitu\u00efm. I \u00e9s que aquesta \u00e9s una de les pr\u00e0ctiques que fem per cuidar el nostre planeta. M\u00e9s informaci\u00f3 aqu\u00ed!","robots":{"index":"index","follow":"follow","max-snippet":"max-snippet:-1","max-image-preview":"max-image-preview:large","max-video-preview":"max-video-preview:-1"},"canonical":"https:\/\/www.ralarsa.com\/ca\/reparar-sustituir-cual-mejor\/","og_locale":"ca_ES","og_type":"article","og_title":"Per sostenibilitat, reparem abans que substitu\u00efm","og_description":"Des de Ralarsa, per sostenibilitat, reparem abans que substitu\u00efm. I \u00e9s que aquesta \u00e9s una de les pr\u00e0ctiques que fem per cuidar el nostre planeta. M\u00e9s informaci\u00f3 aqu\u00ed!","og_url":"https:\/\/www.ralarsa.com\/ca\/reparar-sustituir-cual-mejor\/","og_site_name":"Ralarsa","article_published_time":"2022-07-08T00:00:00+00:00","article_modified_time":"2025-09-18T16:22:59+00:00","og_image":[{"width":900,"height":600,"url":"https:\/\/ralarsa.s3.eu-central-1.amazonaws.com\/wp-content\/uploads\/2022\/07\/sostenibilidad-reparamos-antes-sustituimos.jpeg","type":"image\/jpeg"}],"author":"ralarsa_admin","twitter_card":"summary_large_image","twitter_misc":{"Escrit per":"ralarsa_admin","Temps estimat de lectura":"4 minuts"},"schema":{"@context":"https:\/\/schema.org","@graph":[{"@type":"Article","@id":"https:\/\/www.ralarsa.com\/es\/reparar-sustituir-cual-mejor\/#article","isPartOf":{"@id":"https:\/\/www.ralarsa.com\/es\/reparar-sustituir-cual-mejor\/"},"author":{"name":"ralarsa_admin","@id":"https:\/\/www.ralarsa.com\/es\/#\/schema\/person\/cc6cd8ee6652131e9e8872b5cb9424fb"},"headline":"Per sostenibilitat, reparem abans que substitu\u00efm","datePublished":"2022-07-08T00:00:00+00:00","dateModified":"2025-09-18T16:22:59+00:00","mainEntityOfPage":{"@id":"https:\/\/www.ralarsa.com\/es\/reparar-sustituir-cual-mejor\/"},"wordCount":2131,"commentCount":0,"publisher":{"@id":"https:\/\/www.ralarsa.com\/es\/#organization"},"image":{"@id":"https:\/\/www.ralarsa.com\/es\/reparar-sustituir-cual-mejor\/#primaryimage"},"thumbnailUrl":"https:\/\/d2oyvx818ubhz6.cloudfront.net\/wp-content\/uploads\/2022\/07\/sostenibilidad-reparamos-antes-sustituimos.jpeg","keywords":["ok"],"articleSection":["Informaci\u00f3"],"inLanguage":"ca","potentialAction":[{"@type":"CommentAction","name":"Comment","target":["https:\/\/www.ralarsa.com\/es\/reparar-sustituir-cual-mejor\/#respond"]}]},{"@type":"WebPage","@id":"https:\/\/www.ralarsa.com\/ca\/reparar-sustituir-cual-mejor\/","url":"https:\/\/www.ralarsa.com\/ca\/reparar-sustituir-cual-mejor\/","name":"Per sostenibilitat, reparem abans que substitu\u00efm - Ralarsa","isPartOf":{"@id":"https:\/\/www.ralarsa.com\/ca\/#website"},"primaryImageOfPage":{"@id":"https:\/\/www.ralarsa.com\/ca\/reparar-sustituir-cual-mejor\/#primaryimage"},"image":{"@id":"https:\/\/www.ralarsa.com\/es\/reparar-sustituir-cual-mejor\/#primaryimage"},"thumbnailUrl":"https:\/\/d2oyvx818ubhz6.cloudfront.net\/wp-content\/uploads\/2022\/07\/sostenibilidad-reparamos-antes-sustituimos.jpeg","datePublished":"2022-07-08T00:00:00+00:00","dateModified":"2025-09-18T16:22:59+00:00","description":"Des de Ralarsa, per sostenibilitat, reparem abans que substitu\u00efm. I \u00e9s que aquesta \u00e9s una de les pr\u00e0ctiques que fem per cuidar el nostre planeta. M\u00e9s informaci\u00f3 aqu\u00ed!","breadcrumb":{"@id":"https:\/\/www.ralarsa.com\/ca\/reparar-sustituir-cual-mejor\/#breadcrumb"},"inLanguage":"ca","potentialAction":[{"@type":"ReadAction","target":[["https:\/\/www.ralarsa.com\/ca\/reparar-sustituir-cual-mejor\/"]]}]},{"@type":"ImageObject","inLanguage":"ca","@id":"https:\/\/www.ralarsa.com\/ca\/reparar-sustituir-cual-mejor\/#primaryimage","url":"https:\/\/d2oyvx818ubhz6.cloudfront.net\/wp-content\/uploads\/2022\/07\/sostenibilidad-reparamos-antes-sustituimos.jpeg","contentUrl":"https:\/\/d2oyvx818ubhz6.cloudfront.net\/wp-content\/uploads\/2022\/07\/sostenibilidad-reparamos-antes-sustituimos.jpeg","width":900,"height":600,"caption":"Reparar el parabrisas: una opci\u00f3n segura, econ\u00f3mica y respetuosa con el medioambiente."},{"@type":"BreadcrumbList","@id":"https:\/\/www.ralarsa.com\/ca\/reparar-sustituir-cual-mejor\/#breadcrumb","itemListElement":[{"@type":"ListItem","position":1,"name":"Portada","item":"https:\/\/www.ralarsa.com\/ca\/ralarsa-2\/"},{"@type":"ListItem","position":2,"name":"Por sostenibilidad, reparamos antes que sustituimos"}]},{"@type":"WebSite","@id":"https:\/\/www.ralarsa.com\/ca\/#website","url":"https:\/\/www.ralarsa.com\/ca\/","name":"Ralarsa","description":"","publisher":{"@id":"https:\/\/www.ralarsa.com\/ca\/#organization"},"potentialAction":[{"@type":"SearchAction","target":{"@type":"EntryPoint","urlTemplate":"https:\/\/www.ralarsa.com\/ca\/?s={search_term_string}"},"query-input":{"@type":"PropertyValueSpecification","valueRequired":true,"valueName":"search_term_string"}}],"inLanguage":"ca"},{"@type":"Organization","@id":"https:\/\/www.ralarsa.com\/ca\/#organization","name":"Ralarsa","url":"https:\/\/www.ralarsa.com\/ca\/","logo":{"@type":"ImageObject","inLanguage":"ca","@id":"https:\/\/www.ralarsa.com\/ca\/#\/schema\/logo\/image\/","url":"https:\/\/ralarsa.s3.eu-central-1.amazonaws.com\/wp-content\/uploads\/2025\/04\/logo-ralarsa.png","contentUrl":"https:\/\/ralarsa.s3.eu-central-1.amazonaws.com\/wp-content\/uploads\/2025\/04\/logo-ralarsa.png","width":1192,"height":412,"caption":"Ralarsa"},"image":{"@id":"https:\/\/www.ralarsa.com\/ca\/#\/schema\/logo\/image\/"}},{"@type":"Person","@id":"https:\/\/www.ralarsa.com\/es\/#\/schema\/person\/cc6cd8ee6652131e9e8872b5cb9424fb","name":"ralarsa_admin","image":{"@type":"ImageObject","inLanguage":"ca","@id":"https:\/\/www.ralarsa.com\/ca\/#\/schema\/person\/image\/","url":"https:\/\/secure.gravatar.com\/avatar\/a74fd8d2062d4dc1f2f251438977288d50eb8ca5b4735594bcad2f5016833f49?s=96&d=mm&r=g","contentUrl":"https:\/\/secure.gravatar.com\/avatar\/a74fd8d2062d4dc1f2f251438977288d50eb8ca5b4735594bcad2f5016833f49?s=96&d=mm&r=g","caption":"ralarsa_admin"},"sameAs":["https:\/\/www-pre.ralarsa.com"]}]}},"_links":{"self":[{"href":"https:\/\/www.ralarsa.com\/ca\/wp-json\/wp\/v2\/posts\/1888","targetHints":{"allow":["GET"]}}],"collection":[{"href":"https:\/\/www.ralarsa.com\/ca\/wp-json\/wp\/v2\/posts"}],"about":[{"href":"https:\/\/www.ralarsa.com\/ca\/wp-json\/wp\/v2\/types\/post"}],"author":[{"embeddable":true,"href":"https:\/\/www.ralarsa.com\/ca\/wp-json\/wp\/v2\/users\/1"}],"replies":[{"embeddable":true,"href":"https:\/\/www.ralarsa.com\/ca\/wp-json\/wp\/v2\/comments?post=1888"}],"version-history":[{"count":2,"href":"https:\/\/www.ralarsa.com\/ca\/wp-json\/wp\/v2\/posts\/1888\/revisions"}],"predecessor-version":[{"id":5440,"href":"https:\/\/www.ralarsa.com\/ca\/wp-json\/wp\/v2\/posts\/1888\/revisions\/5440"}],"wp:featuredmedia":[{"embeddable":true,"href":"https:\/\/www.ralarsa.com\/ca\/wp-json\/wp\/v2\/media\/5441"}],"wp:attachment":[{"href":"https:\/\/www.ralarsa.com\/ca\/wp-json\/wp\/v2\/media?parent=1888"}],"wp:term":[{"taxonomy":"category","embeddable":true,"href":"https:\/\/www.ralarsa.com\/ca\/wp-json\/wp\/v2\/categories?post=1888"},{"taxonomy":"post_tag","embeddable":true,"href":"https:\/\/www.ralarsa.com\/ca\/wp-json\/wp\/v2\/tags?post=1888"}],"curies":[{"name":"wp","href":"https:\/\/api.w.org\/{rel}","templated":true}]}}