{"id":1889,"date":"2022-08-12T00:00:00","date_gmt":"2022-08-12T00:00:00","guid":{"rendered":"https:\/\/www.ralarsa.com\/ralarsa-trucks-parabrisas-camion\/"},"modified":"2025-09-18T16:36:03","modified_gmt":"2025-09-18T15:36:03","slug":"ralarsa-trucks-parabrisas-camion","status":"publish","type":"post","link":"https:\/\/www.ralarsa.com\/ca\/ralarsa-trucks-parabrises-camio\/","title":{"rendered":"Ralarsa Trucks: coneix la nostra subdivisi\u00f3 de camions"},"content":{"rendered":"<p><\/p>\n<p class=\"ai-optimize-6 ai-optimize-introduction\"><span style=\"font-weight: 400;\">Tots els vehicles han de comptar amb la millor atenci\u00f3 a tots els seus components, i hi trobem els camions. A causa de les seves evidents dimensions i d&#8217;altres particularitats, aquests necessiten un servei individualitzat capa\u00e7 d&#8217;atendre qualsevol contratemps.<\/span><\/p>\n<p class=\"ai-optimize-7\"><span style=\"font-weight: 400;\">A Ralarsa, com a taller de vidres per a autom\u00f2bils, no nom\u00e9s apostem per una assist\u00e8ncia en cotxes. I \u00e9s que els m\u00e9s de 40 anys al sector ens van fer fer un pas endavant i comptar amb una subdivisi\u00f3 espec\u00edfica per a <\/span><a href=\"..\/..\/..\/ca\/serveis\/parabrises-camions\"><strong>vidres i llunes per a camions<\/strong><\/a><span style=\"font-weight: 400;\">, que va rebre el nom de Ralarsa Trucks.<\/span><\/p>\n<p class=\"ai-optimize-8\"><span style=\"font-weight: 400;\">Per con\u00e8ixer-ne m\u00e9s detalls, segueix llegint aquest post. A m\u00e9s, us convidem a comptar amb els nostres serveis per tenir el vostre cotxe, cami\u00f3 o tractor a punt en qualsevol moment. Som el teu taller de vidres per a autom\u00f2bils de confian\u00e7a. Contacta amb nosaltres i visita el teu centre m\u00e9s proper, t&#8217;esperem!<\/span><\/p>\n<h2 class=\"ai-optimize-9\"><span style=\"font-weight: 400;\">Servei especialitzat: vidres i vidres per a camions<\/span><\/h2>\n<p class=\"ai-optimize-10\"><span style=\"font-weight: 400;\">Com ja s&#8217;esmentava al principi d&#8217;aquest post, els camions presenten necessitats especials i, per tant, diferents dels vehicles convencionals. Per aix\u00f2 i per l&#8217;important rol que juguen al nostre sector, Auto Cristal Ralarsa va posar en marxa Ralarsa Trucks.<\/span><\/p>\n<p class=\"ai-optimize-11\"><span style=\"font-weight: 400;\">Es tracta d&#8217;un servei molt m\u00e9s personalitzat, pensat i enfocat \u00fanicament als vidres i llunes per a camions. Per oferir un servei a l&#8217;al\u00e7ada de les particularitats que presenten els vehicles esmentats, es reuneixen tots els esfor\u00e7os, tant personals com materials, per ajustar-se a les necessitats que requereix cada cami\u00f3. I \u00e9s que a causa de la mida considerable del vehicle, \u00e9s imprescindible comptar amb les instal\u00b7lacions adequades per facilitar al m\u00e0xim les tasques. Les eines i materials s\u00f3n cent per cent homologats, complint aix\u00ed les normes que el mercat regula i apostant per primeres marques.\u00a0<\/span><\/p>\n<p class=\"ai-optimize-12\"><span style=\"font-weight: 400;\">Per assolir l&#8217;\u00e8xit en totes les nostres intervencions, apostem per una tecnologia moderna, avan\u00e7ada i preparada. D&#8217;aquesta manera, tant la substituci\u00f3 de parabrises cami\u00f3 com el calibratge del sistema ADAS, entre altres modalitats de servei, oferiran als nostres clients els millors resultats. Aix\u00ed mateix, igual que passa amb els cotxes, la subdivisi\u00f3 de camions Ralarsa Trucks tamb\u00e9 compta amb cobertura a domicili, cosa que representa un plus en comoditat i assist\u00e8ncia.<\/span><\/p>\n<p class=\"ai-optimize-13\"><span style=\"font-weight: 400;\">Un altre aspecte que es mant\u00e9 respecte a la modalitat d&#8217;autom\u00f2bils convencionals \u00e9s l&#8217;<\/span><a href=\"..\/..\/..\/ca\/blog\/reparar-substituir-quina-millor\"><strong>afany de Ralarsa per tenir cura del medi ambient<\/strong><\/a><span style=\"font-weight: 400;\">. Sigui quin sigui el servei que s&#8217;executi a qualsevol dels nostres centres, assegurem una acci\u00f3 lliure d&#8217;empremta de carboni. Aix\u00ed, la sostenibilitat \u00e9s un dels valors que representa millor el car\u00e0cter de Ralarsa Trucks i de tota l&#8217;empresa. \u00c9s per aix\u00f2 que abans de procedir a una substituci\u00f3 parabrisa cami\u00f3, tractem de reparar-la, cosa que es tradueix en menor temps, menor cost i menor incid\u00e8ncia en l&#8217;ecosistema natural. Al nostre taller de vidres per a autom\u00f2bils tamb\u00e9 es reciclen els vidres sempre que la pe\u00e7a ho permet.<\/span><\/p>\n<h2 class=\"ai-optimize-14\"><span style=\"font-weight: 400;\">Reparaci\u00f3 en mitja hora, a Ralarsa!<\/span><\/h2>\n<p class=\"ai-optimize-15\"><span style=\"font-weight: 400;\">Si b\u00e9 \u00e9s cert que les voluptuoses dimensions d&#8217;un cami\u00f3 fan que la tasca sigui una mica m\u00e9s complexa, a Ralarsa en tindrem prou amb mitja hora. Per motius evidents, substituir parabrises cami\u00f3 necessitar\u00e0 dos especialistes i una bastida. D&#8217;aquesta manera ens assegurem que totes les parts han estat acoblades correctament.<\/span><\/p>\n<p class=\"ai-optimize-16\"><span style=\"font-weight: 400;\">I \u00e9s que la funci\u00f3 d&#8217;un parabrisa \u00e9s imprescindible. A m\u00e9s de protegir els integrants del vehicle, suporta el pes del sostre i de la carrosseria del cami\u00f3 perqu\u00e8, en cas d&#8217;accident, no s&#8217;enfonsi. Tot plegat explicant que un cami\u00f3 abasta molt m\u00e9s pes que un turisme. \u00c9s aqu\u00ed on rau la import\u00e0ncia de revisar peri\u00f2dicament l&#8217;estat dels vidres i, en definitiva, el vehicle en general.<\/span><\/p>\n<p class=\"ai-optimize-17\"><span style=\"font-weight: 400;\">I per aix\u00f2 estem nosaltres. A Ralarsa podr\u00e0s demanar la teva cita online al taller de vidres per a autom\u00f2bils que et quedi m\u00e9s a prop. Recorda que un bon manteniment del teu cotxe, tractor o cami\u00f3 \u00e9s decisiu per evitar imprevistos a la carretera. T&#8217;esperem!<\/span><\/p>\n<p><\/p>","protected":false},"excerpt":{"rendered":"Tots els vehicles han de comptar amb la millor atenci\u00f3 a tots els seus components, i hi trobem els camions. A causa de les seves evidents dimensions i d&#8217;altres particularitats, aquests necessiten un servei individualitzat capa\u00e7 d&#8217;atendre qualsevol contratemps. A Ralarsa, com a taller de vidres per a autom\u00f2bils, no nom\u00e9s apostem per una assist\u00e8ncia&#8230;","protected":false},"author":1,"featured_media":0,"comment_status":"open","ping_status":"open","sticky":false,"template":"","format":"standard","meta":{"_acf_changed":false,"inline_featured_image":false,"footnotes":""},"categories":[14],"tags":[15],"class_list":["post-1889","post","type-post","status-publish","format-standard","hentry","category-ralarsa-cary-group","tag-ok"],"acf":[],"yoast_head":"<!-- This site is optimized with the Yoast SEO Premium plugin v25.3 (Yoast SEO v26.7) - https:\/\/yoast.com\/wordpress\/plugins\/seo\/ -->\n<title>Ralarsa Trucks: coneix la nostra subdivisi\u00f3 de camions - Ralarsa<\/title>\n<meta name=\"description\" content=\"Encara no coneixes la nostra subdivisi\u00f3 de camions? Visita la nostra web i descobreix Ralarsa Trucks. Tamb\u00e9 posem a punt el teu cami\u00f3!\" \/>\n<meta name=\"robots\" content=\"index, follow, max-snippet:-1, max-image-preview:large, max-video-preview:-1\" \/>\n<link rel=\"canonical\" href=\"https:\/\/www.ralarsa.com\/ca\/ralarsa-trucks-parabrisas-camion\/\" \/>\n<meta property=\"og:locale\" content=\"ca_ES\" \/>\n<meta property=\"og:type\" content=\"article\" \/>\n<meta property=\"og:title\" content=\"Ralarsa Trucks: coneix la nostra subdivisi\u00f3 de camions\" \/>\n<meta property=\"og:description\" content=\"Encara no coneixes la nostra subdivisi\u00f3 de camions? Visita la nostra web i descobreix Ralarsa Trucks. Tamb\u00e9 posem a punt el teu cami\u00f3!\" \/>\n<meta property=\"og:url\" content=\"https:\/\/www.ralarsa.com\/ca\/ralarsa-trucks-parabrisas-camion\/\" \/>\n<meta property=\"og:site_name\" content=\"Ralarsa\" \/>\n<meta property=\"article:published_time\" content=\"2022-08-12T00:00:00+00:00\" \/>\n<meta property=\"article:modified_time\" content=\"2025-09-18T15:36:03+00:00\" \/>\n<meta property=\"og:image\" content=\"https:\/\/d2oyvx818ubhz6.cloudfront.net\/wp-content\/uploads\/2025\/06\/ralarsa-logo.png\" \/>\n\t<meta property=\"og:image:width\" content=\"250\" \/>\n\t<meta property=\"og:image:height\" content=\"250\" \/>\n\t<meta property=\"og:image:type\" content=\"image\/png\" \/>\n<meta name=\"author\" content=\"ralarsa_admin\" \/>\n<meta name=\"twitter:card\" content=\"summary_large_image\" \/>\n<meta name=\"twitter:label1\" content=\"Escrit per\" \/>\n\t<meta name=\"twitter:data1\" content=\"ralarsa_admin\" \/>\n\t<meta name=\"twitter:label2\" content=\"Temps estimat de lectura\" \/>\n\t<meta name=\"twitter:data2\" content=\"3 minuts\" \/>\n<script type=\"application\/ld+json\" class=\"yoast-schema-graph\">{\"@context\":\"https:\/\/schema.org\",\"@graph\":[{\"@type\":\"Article\",\"@id\":\"https:\/\/www.ralarsa.com\/es\/ralarsa-trucks-parabrisas-camion\/#article\",\"isPartOf\":{\"@id\":\"https:\/\/www.ralarsa.com\/es\/ralarsa-trucks-parabrisas-camion\/\"},\"author\":{\"name\":\"ralarsa_admin\",\"@id\":\"https:\/\/www.ralarsa.com\/es\/#\/schema\/person\/cc6cd8ee6652131e9e8872b5cb9424fb\"},\"headline\":\"Ralarsa Trucks: coneix la nostra subdivisi\u00f3 de camions\",\"datePublished\":\"2022-08-12T00:00:00+00:00\",\"dateModified\":\"2025-09-18T15:36:03+00:00\",\"mainEntityOfPage\":{\"@id\":\"https:\/\/www.ralarsa.com\/es\/ralarsa-trucks-parabrisas-camion\/\"},\"wordCount\":2030,\"commentCount\":0,\"publisher\":{\"@id\":\"https:\/\/www.ralarsa.com\/es\/#organization\"},\"keywords\":[\"ok\"],\"articleSection\":[\"Ralarsa &amp; Cary Group\"],\"inLanguage\":\"ca\",\"potentialAction\":[{\"@type\":\"CommentAction\",\"name\":\"Comment\",\"target\":[\"https:\/\/www.ralarsa.com\/es\/ralarsa-trucks-parabrisas-camion\/#respond\"]}]},{\"@type\":\"WebPage\",\"@id\":\"https:\/\/www.ralarsa.com\/ca\/ralarsa-trucks-parabrisas-camion\/\",\"url\":\"https:\/\/www.ralarsa.com\/ca\/ralarsa-trucks-parabrisas-camion\/\",\"name\":\"Ralarsa Trucks: coneix la nostra subdivisi\u00f3 de camions - Ralarsa\",\"isPartOf\":{\"@id\":\"https:\/\/www.ralarsa.com\/ca\/#website\"},\"datePublished\":\"2022-08-12T00:00:00+00:00\",\"dateModified\":\"2025-09-18T15:36:03+00:00\",\"description\":\"Encara no coneixes la nostra subdivisi\u00f3 de camions? Visita la nostra web i descobreix Ralarsa Trucks. Tamb\u00e9 posem a punt el teu cami\u00f3!\",\"breadcrumb\":{\"@id\":\"https:\/\/www.ralarsa.com\/ca\/ralarsa-trucks-parabrisas-camion\/#breadcrumb\"},\"inLanguage\":\"ca\",\"potentialAction\":[{\"@type\":\"ReadAction\",\"target\":[[\"https:\/\/www.ralarsa.com\/ca\/ralarsa-trucks-parabrisas-camion\/\"]]}]},{\"@type\":\"BreadcrumbList\",\"@id\":\"https:\/\/www.ralarsa.com\/ca\/ralarsa-trucks-parabrisas-camion\/#breadcrumb\",\"itemListElement\":[{\"@type\":\"ListItem\",\"position\":1,\"name\":\"Portada\",\"item\":\"https:\/\/www.ralarsa.com\/ca\/ralarsa-2\/\"},{\"@type\":\"ListItem\",\"position\":2,\"name\":\"Ralarsa Trucks: conoce nuestra subdivisi\u00f3n de camiones\"}]},{\"@type\":\"WebSite\",\"@id\":\"https:\/\/www.ralarsa.com\/ca\/#website\",\"url\":\"https:\/\/www.ralarsa.com\/ca\/\",\"name\":\"Ralarsa\",\"description\":\"\",\"publisher\":{\"@id\":\"https:\/\/www.ralarsa.com\/ca\/#organization\"},\"potentialAction\":[{\"@type\":\"SearchAction\",\"target\":{\"@type\":\"EntryPoint\",\"urlTemplate\":\"https:\/\/www.ralarsa.com\/ca\/?s={search_term_string}\"},\"query-input\":{\"@type\":\"PropertyValueSpecification\",\"valueRequired\":true,\"valueName\":\"search_term_string\"}}],\"inLanguage\":\"ca\"},{\"@type\":\"Organization\",\"@id\":\"https:\/\/www.ralarsa.com\/ca\/#organization\",\"name\":\"Ralarsa\",\"url\":\"https:\/\/www.ralarsa.com\/ca\/\",\"logo\":{\"@type\":\"ImageObject\",\"inLanguage\":\"ca\",\"@id\":\"https:\/\/www.ralarsa.com\/ca\/#\/schema\/logo\/image\/\",\"url\":\"https:\/\/ralarsa.s3.eu-central-1.amazonaws.com\/wp-content\/uploads\/2025\/04\/logo-ralarsa.png\",\"contentUrl\":\"https:\/\/ralarsa.s3.eu-central-1.amazonaws.com\/wp-content\/uploads\/2025\/04\/logo-ralarsa.png\",\"width\":1192,\"height\":412,\"caption\":\"Ralarsa\"},\"image\":{\"@id\":\"https:\/\/www.ralarsa.com\/ca\/#\/schema\/logo\/image\/\"}},{\"@type\":\"Person\",\"@id\":\"https:\/\/www.ralarsa.com\/es\/#\/schema\/person\/cc6cd8ee6652131e9e8872b5cb9424fb\",\"name\":\"ralarsa_admin\",\"image\":{\"@type\":\"ImageObject\",\"inLanguage\":\"ca\",\"@id\":\"https:\/\/www.ralarsa.com\/ca\/#\/schema\/person\/image\/\",\"url\":\"https:\/\/secure.gravatar.com\/avatar\/a74fd8d2062d4dc1f2f251438977288d50eb8ca5b4735594bcad2f5016833f49?s=96&d=mm&r=g\",\"contentUrl\":\"https:\/\/secure.gravatar.com\/avatar\/a74fd8d2062d4dc1f2f251438977288d50eb8ca5b4735594bcad2f5016833f49?s=96&d=mm&r=g\",\"caption\":\"ralarsa_admin\"},\"sameAs\":[\"https:\/\/www-pre.ralarsa.com\"]}]}<\/script>\n<!-- \/ Yoast SEO Premium plugin. -->","yoast_head_json":{"title":"Ralarsa Trucks: coneix la nostra subdivisi\u00f3 de camions - Ralarsa","description":"Encara no coneixes la nostra subdivisi\u00f3 de camions? Visita la nostra web i descobreix Ralarsa Trucks. Tamb\u00e9 posem a punt el teu cami\u00f3!","robots":{"index":"index","follow":"follow","max-snippet":"max-snippet:-1","max-image-preview":"max-image-preview:large","max-video-preview":"max-video-preview:-1"},"canonical":"https:\/\/www.ralarsa.com\/ca\/ralarsa-trucks-parabrisas-camion\/","og_locale":"ca_ES","og_type":"article","og_title":"Ralarsa Trucks: coneix la nostra subdivisi\u00f3 de camions","og_description":"Encara no coneixes la nostra subdivisi\u00f3 de camions? Visita la nostra web i descobreix Ralarsa Trucks. Tamb\u00e9 posem a punt el teu cami\u00f3!","og_url":"https:\/\/www.ralarsa.com\/ca\/ralarsa-trucks-parabrisas-camion\/","og_site_name":"Ralarsa","article_published_time":"2022-08-12T00:00:00+00:00","article_modified_time":"2025-09-18T15:36:03+00:00","og_image":[{"width":250,"height":250,"url":"https:\/\/d2oyvx818ubhz6.cloudfront.net\/wp-content\/uploads\/2025\/06\/ralarsa-logo.png","type":"image\/png"}],"author":"ralarsa_admin","twitter_card":"summary_large_image","twitter_misc":{"Escrit per":"ralarsa_admin","Temps estimat de lectura":"3 minuts"},"schema":{"@context":"https:\/\/schema.org","@graph":[{"@type":"Article","@id":"https:\/\/www.ralarsa.com\/es\/ralarsa-trucks-parabrisas-camion\/#article","isPartOf":{"@id":"https:\/\/www.ralarsa.com\/es\/ralarsa-trucks-parabrisas-camion\/"},"author":{"name":"ralarsa_admin","@id":"https:\/\/www.ralarsa.com\/es\/#\/schema\/person\/cc6cd8ee6652131e9e8872b5cb9424fb"},"headline":"Ralarsa Trucks: coneix la nostra subdivisi\u00f3 de camions","datePublished":"2022-08-12T00:00:00+00:00","dateModified":"2025-09-18T15:36:03+00:00","mainEntityOfPage":{"@id":"https:\/\/www.ralarsa.com\/es\/ralarsa-trucks-parabrisas-camion\/"},"wordCount":2030,"commentCount":0,"publisher":{"@id":"https:\/\/www.ralarsa.com\/es\/#organization"},"keywords":["ok"],"articleSection":["Ralarsa &amp; Cary Group"],"inLanguage":"ca","potentialAction":[{"@type":"CommentAction","name":"Comment","target":["https:\/\/www.ralarsa.com\/es\/ralarsa-trucks-parabrisas-camion\/#respond"]}]},{"@type":"WebPage","@id":"https:\/\/www.ralarsa.com\/ca\/ralarsa-trucks-parabrisas-camion\/","url":"https:\/\/www.ralarsa.com\/ca\/ralarsa-trucks-parabrisas-camion\/","name":"Ralarsa Trucks: coneix la nostra subdivisi\u00f3 de camions - Ralarsa","isPartOf":{"@id":"https:\/\/www.ralarsa.com\/ca\/#website"},"datePublished":"2022-08-12T00:00:00+00:00","dateModified":"2025-09-18T15:36:03+00:00","description":"Encara no coneixes la nostra subdivisi\u00f3 de camions? Visita la nostra web i descobreix Ralarsa Trucks. Tamb\u00e9 posem a punt el teu cami\u00f3!","breadcrumb":{"@id":"https:\/\/www.ralarsa.com\/ca\/ralarsa-trucks-parabrisas-camion\/#breadcrumb"},"inLanguage":"ca","potentialAction":[{"@type":"ReadAction","target":[["https:\/\/www.ralarsa.com\/ca\/ralarsa-trucks-parabrisas-camion\/"]]}]},{"@type":"BreadcrumbList","@id":"https:\/\/www.ralarsa.com\/ca\/ralarsa-trucks-parabrisas-camion\/#breadcrumb","itemListElement":[{"@type":"ListItem","position":1,"name":"Portada","item":"https:\/\/www.ralarsa.com\/ca\/ralarsa-2\/"},{"@type":"ListItem","position":2,"name":"Ralarsa Trucks: conoce nuestra subdivisi\u00f3n de camiones"}]},{"@type":"WebSite","@id":"https:\/\/www.ralarsa.com\/ca\/#website","url":"https:\/\/www.ralarsa.com\/ca\/","name":"Ralarsa","description":"","publisher":{"@id":"https:\/\/www.ralarsa.com\/ca\/#organization"},"potentialAction":[{"@type":"SearchAction","target":{"@type":"EntryPoint","urlTemplate":"https:\/\/www.ralarsa.com\/ca\/?s={search_term_string}"},"query-input":{"@type":"PropertyValueSpecification","valueRequired":true,"valueName":"search_term_string"}}],"inLanguage":"ca"},{"@type":"Organization","@id":"https:\/\/www.ralarsa.com\/ca\/#organization","name":"Ralarsa","url":"https:\/\/www.ralarsa.com\/ca\/","logo":{"@type":"ImageObject","inLanguage":"ca","@id":"https:\/\/www.ralarsa.com\/ca\/#\/schema\/logo\/image\/","url":"https:\/\/ralarsa.s3.eu-central-1.amazonaws.com\/wp-content\/uploads\/2025\/04\/logo-ralarsa.png","contentUrl":"https:\/\/ralarsa.s3.eu-central-1.amazonaws.com\/wp-content\/uploads\/2025\/04\/logo-ralarsa.png","width":1192,"height":412,"caption":"Ralarsa"},"image":{"@id":"https:\/\/www.ralarsa.com\/ca\/#\/schema\/logo\/image\/"}},{"@type":"Person","@id":"https:\/\/www.ralarsa.com\/es\/#\/schema\/person\/cc6cd8ee6652131e9e8872b5cb9424fb","name":"ralarsa_admin","image":{"@type":"ImageObject","inLanguage":"ca","@id":"https:\/\/www.ralarsa.com\/ca\/#\/schema\/person\/image\/","url":"https:\/\/secure.gravatar.com\/avatar\/a74fd8d2062d4dc1f2f251438977288d50eb8ca5b4735594bcad2f5016833f49?s=96&d=mm&r=g","contentUrl":"https:\/\/secure.gravatar.com\/avatar\/a74fd8d2062d4dc1f2f251438977288d50eb8ca5b4735594bcad2f5016833f49?s=96&d=mm&r=g","caption":"ralarsa_admin"},"sameAs":["https:\/\/www-pre.ralarsa.com"]}]}},"_links":{"self":[{"href":"https:\/\/www.ralarsa.com\/ca\/wp-json\/wp\/v2\/posts\/1889","targetHints":{"allow":["GET"]}}],"collection":[{"href":"https:\/\/www.ralarsa.com\/ca\/wp-json\/wp\/v2\/posts"}],"about":[{"href":"https:\/\/www.ralarsa.com\/ca\/wp-json\/wp\/v2\/types\/post"}],"author":[{"embeddable":true,"href":"https:\/\/www.ralarsa.com\/ca\/wp-json\/wp\/v2\/users\/1"}],"replies":[{"embeddable":true,"href":"https:\/\/www.ralarsa.com\/ca\/wp-json\/wp\/v2\/comments?post=1889"}],"version-history":[{"count":2,"href":"https:\/\/www.ralarsa.com\/ca\/wp-json\/wp\/v2\/posts\/1889\/revisions"}],"predecessor-version":[{"id":5433,"href":"https:\/\/www.ralarsa.com\/ca\/wp-json\/wp\/v2\/posts\/1889\/revisions\/5433"}],"wp:attachment":[{"href":"https:\/\/www.ralarsa.com\/ca\/wp-json\/wp\/v2\/media?parent=1889"}],"wp:term":[{"taxonomy":"category","embeddable":true,"href":"https:\/\/www.ralarsa.com\/ca\/wp-json\/wp\/v2\/categories?post=1889"},{"taxonomy":"post_tag","embeddable":true,"href":"https:\/\/www.ralarsa.com\/ca\/wp-json\/wp\/v2\/tags?post=1889"}],"curies":[{"name":"wp","href":"https:\/\/api.w.org\/{rel}","templated":true}]}}