{"id":1890,"date":"2022-08-25T00:00:00","date_gmt":"2022-08-25T00:00:00","guid":{"rendered":"https:\/\/www.ralarsa.com\/reparar-antes-que-sustituir\/"},"modified":"2025-09-18T16:26:30","modified_gmt":"2025-09-18T15:26:30","slug":"reparar-antes-que-sustituir","status":"publish","type":"post","link":"https:\/\/www.ralarsa.com\/ca\/reparar-abans-substituir\/","title":{"rendered":"Per qu\u00e8 reparar abans de substituir?"},"content":{"rendered":"<p><\/p>\n<p class=\"ai-optimize-6 ai-optimize-introduction\"><span style=\"font-weight: 400;\">Si el que busques \u00e9s un taller de vidres on poder reparar els vidres del teu vehicle i que a m\u00e9s cuidi el medi ambient, som la xarxa de tallers id\u00f2nia on poder reparar vidre cotxe. I \u00e9s que, optar per reparar vidre cotxe en comptes de per una substituci\u00f3 parabrises \u00e9s sin\u00f2nim de sostenibilitat. I, si aquest acte el multipliquem pels m\u00e9s de 240 tallers que tenim repartits per tot Espanya, ens posicionem com una empresa que vetlla per millorar la salut mediambiental del nostre planeta.<\/span><\/p>\n<h2 class=\"ai-optimize-18\"><strong>Reparar vidre cotxe o substituir?<\/strong><\/h2>\n<p class=\"ai-optimize-8\"><span style=\"font-weight: 400;\">Deixant de banda el factor econ\u00f2mic, reparar \u00e9s molt m\u00e9s sostenible que canviar lluna davantera ja que la seva petjada de carboni \u00e9s molt menor. Aix\u00ed doncs, com b\u00e9 esmentem anteriorment reparar suposa un cost menor tant pel propietari del vehicle com pel medi ambient.<\/span><\/p>\n<p class=\"ai-optimize-9\"><span style=\"font-weight: 400;\">Si exposem les xifres, ens toparem que <\/span><a href=\"..\/..\/..\/ca\/serveis\/canviar-parabrisa\"><strong>canviar lluna davantera<\/strong><\/a><span style=\"font-weight: 400;\"> suposa un cost mediambiental de fins a gaireb\u00e9 40 kg de CO2 i prop de 14 kg de residus. En canvi, si apostem per reparar vidre ratllat el cost mediambiental \u00e9s molt menor, ja que nom\u00e9s ens enfrontem a 4 kg de CO2 i 0,002 kg de residus.<\/span><\/p>\n<p class=\"ai-optimize-10\"><span style=\"font-weight: 400;\">Per\u00f2 et preguntar\u00e0s: qu\u00e8 \u00e9s la petjada de carboni? Doncs b\u00e9, quan parlem d&#8217;empremta de carboni ens referim al senyalitzador que mesura l&#8217;impacte de tota acci\u00f3 sobre l&#8217;escalfament global.<\/span><\/p>\n<h2 class=\"ai-optimize-19\"><strong>Com evitar la substituci\u00f3 parabrises?<\/strong><\/h2>\n<p class=\"ai-optimize-12\"><span style=\"font-weight: 400;\">Si b\u00e9 \u00e9s cert que de vegades la substituci\u00f3 parabrises \u00e9s un fet inevitable, hi ha certes pr\u00e0ctiques que ens poden ajudar a mantenir la lluna del nostre cotxe intacta i no haver de reparar vidre cotxe ni substituir-lo.<\/span><\/p>\n<p class=\"ai-optimize-13\"><span style=\"font-weight: 400;\"><strong>Respecteu sempre la dist\u00e0ncia de seguretat.<\/strong> I \u00e9s que aquest fet, a m\u00e9s de preservar el teu seguir a la carretera, far\u00e0 que evitis els danys a la lluna del teu vehicle derivats dels impactes per graveta. \u00c9s a dir, respectant la dist\u00e0ncia de seguretat far\u00e0s que les pedretes projectades pel vehicle de davant no causin imperfecte a la teva lluna.<\/span><\/p>\n<p class=\"ai-optimize-14\"><span style=\"font-weight: 400;\"><strong>Compte amb els canvis de temperatura a l&#8217;hivern.<\/strong> Encara que sigui una mica del m\u00e9s habitual, en cap concepte treguis el gel del teu parabrisa amb aigua calenta, ja que si ho fas aix\u00ed estar\u00e0s afavorint l&#8217;aparici\u00f3 d&#8217;esquerdes. I en el cas que tinguis una petita fissura, far\u00e0s que aquesta es faci m\u00e9s gran.<\/span><\/p>\n<p class=\"ai-optimize-15\"><span style=\"font-weight: 400;\"><strong>Exerceix els vidres de manera adequada.<\/strong> Quan hagis de fer els vidres, no ho facis apuntant l&#8217;aire condicionat a les llunes. El motiu \u00e9s que aquest fred \u00e9s sec i fa que quan arriba el vidre aquest s&#8217;escalfi, per la qual cosa augmenta la seva capacitat de treure el baf dels vidres. Aix\u00ed, sempre que la situaci\u00f3 ho permeti, opta per obrir una mica les finestres del vehicle i esperar fins a guanyar visibilitat.<\/span><\/p>\n<p class=\"ai-optimize-16\"><span style=\"font-weight: 400;\"><strong>Atent els canvis de temperatura a l&#8217;estiu.<\/strong> Un altre dels errors m\u00e9s comuns \u00e9s encendre l&#8217;aire condicionat a m\u00e0xima pot\u00e8ncia nom\u00e9s pujar al vehicle. Pel que si vols <a href=\"..\/..\/es\/blog\/cuidar-lunas-de-coche-verano\"><strong>preservar les teves llunes a l&#8217;estiu<\/strong><\/a> i evitar una substituci\u00f3 parabrises, et recomanem que no encenguis l&#8217;aire condicionat nom\u00e9s entrar i, si no, obris les finestres perqu\u00e8 surti la calor i un cop hagi baixat la temperatura encenguis el aire condicionat.<\/span><\/p>\n<h2 class=\"ai-optimize-17\">Quan \u00e9s necess\u00e0ria la substituci\u00f3 del parabrisa?<\/h2>\n<p class=\"ai-optimize-20\">Seguint aquests senzills recomanaments aconseguir\u00e0s preservar els teus vidres, per\u00f2 potser arribar\u00e0 el moment en qu\u00e8 una reparaci\u00f3 no sigui possible i nom\u00e9s et quedi una opci\u00f3: la substituci\u00f3 del vidre.<\/p>\n<p class=\"ai-optimize-20\">Aix\u00ed doncs, una de les trencadures que no es poden reparar s\u00f3n les que tenen forma d\u2019estrella o esquerdes. A m\u00e9s, cal tenir una cura especial amb aquestes, ja que s\u2019estenen amb molta facilitat amb els canvis bruscos de temperatura i si es condueix per carreteres o camins amb molt sotragueig. Un altre dels casos de substituci\u00f3 m\u00e9s comuns s\u00f3n els despreniments del laminat del parabrisa.<\/p>\n<p class=\"ai-optimize-20\">Per aix\u00f2, si et trobes davant d\u2019aquesta situaci\u00f3, et recomanem acudir al teu taller Ralarsa m\u00e9s proper i posar-te en mans dels nostres professionals perqu\u00e8 et deixin el cotxe a punt com m\u00e9s aviat millor.<\/p>\n<p><\/p>","protected":false},"excerpt":{"rendered":"Si el que busques \u00e9s un taller de vidres on poder reparar els vidres del teu vehicle i que a m\u00e9s cuidi el medi ambient, som la xarxa de tallers id\u00f2nia on poder reparar vidre cotxe. I \u00e9s que, optar per reparar vidre cotxe en comptes de per una substituci\u00f3 parabrises \u00e9s sin\u00f2nim de sostenibilitat&#8230;.","protected":false},"author":1,"featured_media":5431,"comment_status":"open","ping_status":"open","sticky":false,"template":"","format":"standard","meta":{"_acf_changed":false,"inline_featured_image":false,"footnotes":""},"categories":[1],"tags":[15],"class_list":["post-1890","post","type-post","status-publish","format-standard","has-post-thumbnail","hentry","category-uncategorized","tag-ok"],"acf":[],"yoast_head":"<!-- This site is optimized with the Yoast SEO Premium plugin v25.3 (Yoast SEO v26.7) - https:\/\/yoast.com\/wordpress\/plugins\/seo\/ -->\n<title>Per qu\u00e8 reparar abans de substituir? - Ralarsa<\/title>\n<meta name=\"description\" content=\"Per sostenibilitat, sempre fem la reparaci\u00f3 de vidres abans que la substituci\u00f3 de vidres de cotxe. Ralarsa, un taller comprom\u00e8s amb el medi ambient.\" \/>\n<meta name=\"robots\" content=\"index, follow, max-snippet:-1, max-image-preview:large, max-video-preview:-1\" \/>\n<link rel=\"canonical\" href=\"https:\/\/www.ralarsa.com\/ca\/reparar-antes-que-sustituir\/\" \/>\n<meta property=\"og:locale\" content=\"ca_ES\" \/>\n<meta property=\"og:type\" content=\"article\" \/>\n<meta property=\"og:title\" content=\"Per qu\u00e8 reparar abans de substituir?\" \/>\n<meta property=\"og:description\" content=\"Per sostenibilitat, sempre fem la reparaci\u00f3 de vidres abans que la substituci\u00f3 de vidres de cotxe. Ralarsa, un taller comprom\u00e8s amb el medi ambient.\" \/>\n<meta property=\"og:url\" content=\"https:\/\/www.ralarsa.com\/ca\/reparar-antes-que-sustituir\/\" \/>\n<meta property=\"og:site_name\" content=\"Ralarsa\" \/>\n<meta property=\"article:published_time\" content=\"2022-08-25T00:00:00+00:00\" \/>\n<meta property=\"article:modified_time\" content=\"2025-09-18T15:26:30+00:00\" \/>\n<meta property=\"og:image\" content=\"https:\/\/ralarsa.s3.eu-central-1.amazonaws.com\/wp-content\/uploads\/2022\/08\/porque-reparar-antes-sustituir.jpeg\" \/>\n\t<meta property=\"og:image:width\" content=\"900\" \/>\n\t<meta property=\"og:image:height\" content=\"600\" \/>\n\t<meta property=\"og:image:type\" content=\"image\/jpeg\" \/>\n<meta name=\"author\" content=\"ralarsa_admin\" \/>\n<meta name=\"twitter:card\" content=\"summary_large_image\" \/>\n<meta name=\"twitter:label1\" content=\"Escrit per\" \/>\n\t<meta name=\"twitter:data1\" content=\"ralarsa_admin\" \/>\n\t<meta name=\"twitter:label2\" content=\"Temps estimat de lectura\" \/>\n\t<meta name=\"twitter:data2\" content=\"4 minuts\" \/>\n<script type=\"application\/ld+json\" class=\"yoast-schema-graph\">{\"@context\":\"https:\/\/schema.org\",\"@graph\":[{\"@type\":\"Article\",\"@id\":\"https:\/\/www.ralarsa.com\/es\/reparar-antes-que-sustituir\/#article\",\"isPartOf\":{\"@id\":\"https:\/\/www.ralarsa.com\/es\/reparar-antes-que-sustituir\/\"},\"author\":{\"name\":\"ralarsa_admin\",\"@id\":\"https:\/\/www.ralarsa.com\/es\/#\/schema\/person\/cc6cd8ee6652131e9e8872b5cb9424fb\"},\"headline\":\"Per qu\u00e8 reparar abans de substituir?\",\"datePublished\":\"2022-08-25T00:00:00+00:00\",\"dateModified\":\"2025-09-18T15:26:30+00:00\",\"mainEntityOfPage\":{\"@id\":\"https:\/\/www.ralarsa.com\/es\/reparar-antes-que-sustituir\/\"},\"wordCount\":2130,\"commentCount\":0,\"publisher\":{\"@id\":\"https:\/\/www.ralarsa.com\/es\/#organization\"},\"image\":{\"@id\":\"https:\/\/www.ralarsa.com\/es\/reparar-antes-que-sustituir\/#primaryimage\"},\"thumbnailUrl\":\"https:\/\/d2oyvx818ubhz6.cloudfront.net\/wp-content\/uploads\/2022\/08\/porque-reparar-antes-sustituir.jpeg\",\"keywords\":[\"ok\"],\"articleSection\":[\"Informaci\u00f3\"],\"inLanguage\":\"ca\",\"potentialAction\":[{\"@type\":\"CommentAction\",\"name\":\"Comment\",\"target\":[\"https:\/\/www.ralarsa.com\/es\/reparar-antes-que-sustituir\/#respond\"]}]},{\"@type\":\"WebPage\",\"@id\":\"https:\/\/www.ralarsa.com\/ca\/reparar-antes-que-sustituir\/\",\"url\":\"https:\/\/www.ralarsa.com\/ca\/reparar-antes-que-sustituir\/\",\"name\":\"Per qu\u00e8 reparar abans de substituir? - Ralarsa\",\"isPartOf\":{\"@id\":\"https:\/\/www.ralarsa.com\/ca\/#website\"},\"primaryImageOfPage\":{\"@id\":\"https:\/\/www.ralarsa.com\/ca\/reparar-antes-que-sustituir\/#primaryimage\"},\"image\":{\"@id\":\"https:\/\/www.ralarsa.com\/es\/reparar-antes-que-sustituir\/#primaryimage\"},\"thumbnailUrl\":\"https:\/\/d2oyvx818ubhz6.cloudfront.net\/wp-content\/uploads\/2022\/08\/porque-reparar-antes-sustituir.jpeg\",\"datePublished\":\"2022-08-25T00:00:00+00:00\",\"dateModified\":\"2025-09-18T15:26:30+00:00\",\"description\":\"Per sostenibilitat, sempre fem la reparaci\u00f3 de vidres abans que la substituci\u00f3 de vidres de cotxe. Ralarsa, un taller comprom\u00e8s amb el medi ambient.\",\"breadcrumb\":{\"@id\":\"https:\/\/www.ralarsa.com\/ca\/reparar-antes-que-sustituir\/#breadcrumb\"},\"inLanguage\":\"ca\",\"potentialAction\":[{\"@type\":\"ReadAction\",\"target\":[[\"https:\/\/www.ralarsa.com\/ca\/reparar-antes-que-sustituir\/\"]]}]},{\"@type\":\"ImageObject\",\"inLanguage\":\"ca\",\"@id\":\"https:\/\/www.ralarsa.com\/ca\/reparar-antes-que-sustituir\/#primaryimage\",\"url\":\"https:\/\/d2oyvx818ubhz6.cloudfront.net\/wp-content\/uploads\/2022\/08\/porque-reparar-antes-sustituir.jpeg\",\"contentUrl\":\"https:\/\/d2oyvx818ubhz6.cloudfront.net\/wp-content\/uploads\/2022\/08\/porque-reparar-antes-sustituir.jpeg\",\"width\":900,\"height\":600,\"caption\":\"Reparar a tiempo ahorra costes y prolonga la vida \u00fatil del parabrisas.\"},{\"@type\":\"BreadcrumbList\",\"@id\":\"https:\/\/www.ralarsa.com\/ca\/reparar-antes-que-sustituir\/#breadcrumb\",\"itemListElement\":[{\"@type\":\"ListItem\",\"position\":1,\"name\":\"Portada\",\"item\":\"https:\/\/www.ralarsa.com\/ca\/ralarsa-2\/\"},{\"@type\":\"ListItem\",\"position\":2,\"name\":\"\u00bfPor qu\u00e9 reparar antes que sustituir?\"}]},{\"@type\":\"WebSite\",\"@id\":\"https:\/\/www.ralarsa.com\/ca\/#website\",\"url\":\"https:\/\/www.ralarsa.com\/ca\/\",\"name\":\"Ralarsa\",\"description\":\"\",\"publisher\":{\"@id\":\"https:\/\/www.ralarsa.com\/ca\/#organization\"},\"potentialAction\":[{\"@type\":\"SearchAction\",\"target\":{\"@type\":\"EntryPoint\",\"urlTemplate\":\"https:\/\/www.ralarsa.com\/ca\/?s={search_term_string}\"},\"query-input\":{\"@type\":\"PropertyValueSpecification\",\"valueRequired\":true,\"valueName\":\"search_term_string\"}}],\"inLanguage\":\"ca\"},{\"@type\":\"Organization\",\"@id\":\"https:\/\/www.ralarsa.com\/ca\/#organization\",\"name\":\"Ralarsa\",\"url\":\"https:\/\/www.ralarsa.com\/ca\/\",\"logo\":{\"@type\":\"ImageObject\",\"inLanguage\":\"ca\",\"@id\":\"https:\/\/www.ralarsa.com\/ca\/#\/schema\/logo\/image\/\",\"url\":\"https:\/\/ralarsa.s3.eu-central-1.amazonaws.com\/wp-content\/uploads\/2025\/04\/logo-ralarsa.png\",\"contentUrl\":\"https:\/\/ralarsa.s3.eu-central-1.amazonaws.com\/wp-content\/uploads\/2025\/04\/logo-ralarsa.png\",\"width\":1192,\"height\":412,\"caption\":\"Ralarsa\"},\"image\":{\"@id\":\"https:\/\/www.ralarsa.com\/ca\/#\/schema\/logo\/image\/\"}},{\"@type\":\"Person\",\"@id\":\"https:\/\/www.ralarsa.com\/es\/#\/schema\/person\/cc6cd8ee6652131e9e8872b5cb9424fb\",\"name\":\"ralarsa_admin\",\"image\":{\"@type\":\"ImageObject\",\"inLanguage\":\"ca\",\"@id\":\"https:\/\/www.ralarsa.com\/ca\/#\/schema\/person\/image\/\",\"url\":\"https:\/\/secure.gravatar.com\/avatar\/a74fd8d2062d4dc1f2f251438977288d50eb8ca5b4735594bcad2f5016833f49?s=96&d=mm&r=g\",\"contentUrl\":\"https:\/\/secure.gravatar.com\/avatar\/a74fd8d2062d4dc1f2f251438977288d50eb8ca5b4735594bcad2f5016833f49?s=96&d=mm&r=g\",\"caption\":\"ralarsa_admin\"},\"sameAs\":[\"https:\/\/www-pre.ralarsa.com\"]}]}<\/script>\n<!-- \/ Yoast SEO Premium plugin. -->","yoast_head_json":{"title":"Per qu\u00e8 reparar abans de substituir? - Ralarsa","description":"Per sostenibilitat, sempre fem la reparaci\u00f3 de vidres abans que la substituci\u00f3 de vidres de cotxe. Ralarsa, un taller comprom\u00e8s amb el medi ambient.","robots":{"index":"index","follow":"follow","max-snippet":"max-snippet:-1","max-image-preview":"max-image-preview:large","max-video-preview":"max-video-preview:-1"},"canonical":"https:\/\/www.ralarsa.com\/ca\/reparar-antes-que-sustituir\/","og_locale":"ca_ES","og_type":"article","og_title":"Per qu\u00e8 reparar abans de substituir?","og_description":"Per sostenibilitat, sempre fem la reparaci\u00f3 de vidres abans que la substituci\u00f3 de vidres de cotxe. Ralarsa, un taller comprom\u00e8s amb el medi ambient.","og_url":"https:\/\/www.ralarsa.com\/ca\/reparar-antes-que-sustituir\/","og_site_name":"Ralarsa","article_published_time":"2022-08-25T00:00:00+00:00","article_modified_time":"2025-09-18T15:26:30+00:00","og_image":[{"width":900,"height":600,"url":"https:\/\/ralarsa.s3.eu-central-1.amazonaws.com\/wp-content\/uploads\/2022\/08\/porque-reparar-antes-sustituir.jpeg","type":"image\/jpeg"}],"author":"ralarsa_admin","twitter_card":"summary_large_image","twitter_misc":{"Escrit per":"ralarsa_admin","Temps estimat de lectura":"4 minuts"},"schema":{"@context":"https:\/\/schema.org","@graph":[{"@type":"Article","@id":"https:\/\/www.ralarsa.com\/es\/reparar-antes-que-sustituir\/#article","isPartOf":{"@id":"https:\/\/www.ralarsa.com\/es\/reparar-antes-que-sustituir\/"},"author":{"name":"ralarsa_admin","@id":"https:\/\/www.ralarsa.com\/es\/#\/schema\/person\/cc6cd8ee6652131e9e8872b5cb9424fb"},"headline":"Per qu\u00e8 reparar abans de substituir?","datePublished":"2022-08-25T00:00:00+00:00","dateModified":"2025-09-18T15:26:30+00:00","mainEntityOfPage":{"@id":"https:\/\/www.ralarsa.com\/es\/reparar-antes-que-sustituir\/"},"wordCount":2130,"commentCount":0,"publisher":{"@id":"https:\/\/www.ralarsa.com\/es\/#organization"},"image":{"@id":"https:\/\/www.ralarsa.com\/es\/reparar-antes-que-sustituir\/#primaryimage"},"thumbnailUrl":"https:\/\/d2oyvx818ubhz6.cloudfront.net\/wp-content\/uploads\/2022\/08\/porque-reparar-antes-sustituir.jpeg","keywords":["ok"],"articleSection":["Informaci\u00f3"],"inLanguage":"ca","potentialAction":[{"@type":"CommentAction","name":"Comment","target":["https:\/\/www.ralarsa.com\/es\/reparar-antes-que-sustituir\/#respond"]}]},{"@type":"WebPage","@id":"https:\/\/www.ralarsa.com\/ca\/reparar-antes-que-sustituir\/","url":"https:\/\/www.ralarsa.com\/ca\/reparar-antes-que-sustituir\/","name":"Per qu\u00e8 reparar abans de substituir? - Ralarsa","isPartOf":{"@id":"https:\/\/www.ralarsa.com\/ca\/#website"},"primaryImageOfPage":{"@id":"https:\/\/www.ralarsa.com\/ca\/reparar-antes-que-sustituir\/#primaryimage"},"image":{"@id":"https:\/\/www.ralarsa.com\/es\/reparar-antes-que-sustituir\/#primaryimage"},"thumbnailUrl":"https:\/\/d2oyvx818ubhz6.cloudfront.net\/wp-content\/uploads\/2022\/08\/porque-reparar-antes-sustituir.jpeg","datePublished":"2022-08-25T00:00:00+00:00","dateModified":"2025-09-18T15:26:30+00:00","description":"Per sostenibilitat, sempre fem la reparaci\u00f3 de vidres abans que la substituci\u00f3 de vidres de cotxe. Ralarsa, un taller comprom\u00e8s amb el medi ambient.","breadcrumb":{"@id":"https:\/\/www.ralarsa.com\/ca\/reparar-antes-que-sustituir\/#breadcrumb"},"inLanguage":"ca","potentialAction":[{"@type":"ReadAction","target":[["https:\/\/www.ralarsa.com\/ca\/reparar-antes-que-sustituir\/"]]}]},{"@type":"ImageObject","inLanguage":"ca","@id":"https:\/\/www.ralarsa.com\/ca\/reparar-antes-que-sustituir\/#primaryimage","url":"https:\/\/d2oyvx818ubhz6.cloudfront.net\/wp-content\/uploads\/2022\/08\/porque-reparar-antes-sustituir.jpeg","contentUrl":"https:\/\/d2oyvx818ubhz6.cloudfront.net\/wp-content\/uploads\/2022\/08\/porque-reparar-antes-sustituir.jpeg","width":900,"height":600,"caption":"Reparar a tiempo ahorra costes y prolonga la vida \u00fatil del parabrisas."},{"@type":"BreadcrumbList","@id":"https:\/\/www.ralarsa.com\/ca\/reparar-antes-que-sustituir\/#breadcrumb","itemListElement":[{"@type":"ListItem","position":1,"name":"Portada","item":"https:\/\/www.ralarsa.com\/ca\/ralarsa-2\/"},{"@type":"ListItem","position":2,"name":"\u00bfPor qu\u00e9 reparar antes que sustituir?"}]},{"@type":"WebSite","@id":"https:\/\/www.ralarsa.com\/ca\/#website","url":"https:\/\/www.ralarsa.com\/ca\/","name":"Ralarsa","description":"","publisher":{"@id":"https:\/\/www.ralarsa.com\/ca\/#organization"},"potentialAction":[{"@type":"SearchAction","target":{"@type":"EntryPoint","urlTemplate":"https:\/\/www.ralarsa.com\/ca\/?s={search_term_string}"},"query-input":{"@type":"PropertyValueSpecification","valueRequired":true,"valueName":"search_term_string"}}],"inLanguage":"ca"},{"@type":"Organization","@id":"https:\/\/www.ralarsa.com\/ca\/#organization","name":"Ralarsa","url":"https:\/\/www.ralarsa.com\/ca\/","logo":{"@type":"ImageObject","inLanguage":"ca","@id":"https:\/\/www.ralarsa.com\/ca\/#\/schema\/logo\/image\/","url":"https:\/\/ralarsa.s3.eu-central-1.amazonaws.com\/wp-content\/uploads\/2025\/04\/logo-ralarsa.png","contentUrl":"https:\/\/ralarsa.s3.eu-central-1.amazonaws.com\/wp-content\/uploads\/2025\/04\/logo-ralarsa.png","width":1192,"height":412,"caption":"Ralarsa"},"image":{"@id":"https:\/\/www.ralarsa.com\/ca\/#\/schema\/logo\/image\/"}},{"@type":"Person","@id":"https:\/\/www.ralarsa.com\/es\/#\/schema\/person\/cc6cd8ee6652131e9e8872b5cb9424fb","name":"ralarsa_admin","image":{"@type":"ImageObject","inLanguage":"ca","@id":"https:\/\/www.ralarsa.com\/ca\/#\/schema\/person\/image\/","url":"https:\/\/secure.gravatar.com\/avatar\/a74fd8d2062d4dc1f2f251438977288d50eb8ca5b4735594bcad2f5016833f49?s=96&d=mm&r=g","contentUrl":"https:\/\/secure.gravatar.com\/avatar\/a74fd8d2062d4dc1f2f251438977288d50eb8ca5b4735594bcad2f5016833f49?s=96&d=mm&r=g","caption":"ralarsa_admin"},"sameAs":["https:\/\/www-pre.ralarsa.com"]}]}},"_links":{"self":[{"href":"https:\/\/www.ralarsa.com\/ca\/wp-json\/wp\/v2\/posts\/1890","targetHints":{"allow":["GET"]}}],"collection":[{"href":"https:\/\/www.ralarsa.com\/ca\/wp-json\/wp\/v2\/posts"}],"about":[{"href":"https:\/\/www.ralarsa.com\/ca\/wp-json\/wp\/v2\/types\/post"}],"author":[{"embeddable":true,"href":"https:\/\/www.ralarsa.com\/ca\/wp-json\/wp\/v2\/users\/1"}],"replies":[{"embeddable":true,"href":"https:\/\/www.ralarsa.com\/ca\/wp-json\/wp\/v2\/comments?post=1890"}],"version-history":[{"count":3,"href":"https:\/\/www.ralarsa.com\/ca\/wp-json\/wp\/v2\/posts\/1890\/revisions"}],"predecessor-version":[{"id":5430,"href":"https:\/\/www.ralarsa.com\/ca\/wp-json\/wp\/v2\/posts\/1890\/revisions\/5430"}],"wp:featuredmedia":[{"embeddable":true,"href":"https:\/\/www.ralarsa.com\/ca\/wp-json\/wp\/v2\/media\/5431"}],"wp:attachment":[{"href":"https:\/\/www.ralarsa.com\/ca\/wp-json\/wp\/v2\/media?parent=1890"}],"wp:term":[{"taxonomy":"category","embeddable":true,"href":"https:\/\/www.ralarsa.com\/ca\/wp-json\/wp\/v2\/categories?post=1890"},{"taxonomy":"post_tag","embeddable":true,"href":"https:\/\/www.ralarsa.com\/ca\/wp-json\/wp\/v2\/tags?post=1890"}],"curies":[{"name":"wp","href":"https:\/\/api.w.org\/{rel}","templated":true}]}}