{"id":1892,"date":"2022-09-28T00:00:00","date_gmt":"2022-09-28T00:00:00","guid":{"rendered":"https:\/\/www.ralarsa.com\/cuando-volver-a-pasar-itv\/"},"modified":"2025-09-18T16:04:41","modified_gmt":"2025-09-18T15:04:41","slug":"cuando-volver-a-pasar-itv","status":"publish","type":"post","link":"https:\/\/www.ralarsa.com\/ca\/quan-tornar-a-passar-itv\/","title":{"rendered":"Quan s&#8217;hauria de tornar a passar la ITV?"},"content":{"rendered":"<p><\/p>\n<p class=\"ai-optimize-23\"><span style=\"font-weight: 400;\">Hi ha la possibilitat que t&#8217;hagis trobat davant del dubte de si el teu cotxe necessita revisi\u00f3 despr\u00e9s de fer una reparaci\u00f3 important, com podria ser el reparar vidre esquerdat o la substituci\u00f3 del parabrisa en un taller de vidres per a autom\u00f2bils.<\/span><\/p>\n<p class=\"ai-optimize-24\"><span style=\"font-weight: 400;\">No t&#8217;has de preocupar de res, ja que aquest gran canvi no suposa que el teu vehicle hagi de tornar a passar la Inspecci\u00f3 T\u00e8cnica del Vehicle (ITV) corresponent, per\u00f2 s\u00ed que hi ha un altre tipus de modificacions que suposen que el teu vehicle hagi de superar de nou la ITV i canviar el adhesiu enganxat al parabrisa que tots coneixem.<\/span><\/p>\n<p class=\"ai-optimize-25\"><span style=\"font-weight: 400;\">Des de Ralarsa, experts en <\/span><a href=\"..\/..\/..\/ca\/serveis\/reparacio-parabrises\"><strong>reparaci\u00f3 de vidres de vehicles<\/strong><\/a><span style=\"font-weight: 400;\">, t&#8217;expliquem en quins casos, i amb quins canvis al teu cotxe cal tornar a fer la inspecci\u00f3 per evitar qualsevol tipus de problema o fins i tot sanci\u00f3 a la carretera.<\/span><\/p>\n<h2 class=\"ai-optimize-26\"><span style=\"font-weight: 400;\">Canvis que es consideren una reforma del vehicle<\/span><\/h2>\n<p class=\"ai-optimize-27\"><span style=\"font-weight: 400;\">Segons podem trobar al manual d&#8217;AECA-ITV, l&#8217;associaci\u00f3 col\u00b7laboradora que reuneix totes les estacions que fan la Inspecci\u00f3 T\u00e8cnica del Vehicle a Espanya, un canvi que es pugui arribar a considerar una reforma del vehicle haur\u00e0 de passar pel procediment necessari de legalitzaci\u00f3.<\/span><\/p>\n<p class=\"ai-optimize-28\"><span style=\"font-weight: 400;\">A continuaci\u00f3, us mostrem alguns exemples de quins s\u00f3n els canvis i substitucions dels elements del cotxe m\u00e9s susceptibles a una nova revisi\u00f3.<\/span><\/p>\n<p class=\"ai-optimize-29\"><strong>Canvi de pneum\u00e0tics.<\/strong><span style=\"font-weight: 400;\"> En el cas d&#8217;instal\u00b7lar nous pneum\u00e0tics no equivalents, cal passar la ITV per legalitzar-los. Aquests tipus de pneum\u00e0tics s\u00f3n aquells que la difer\u00e8ncia en dimensions entre el pneum\u00e0tic nou i l&#8217;original arriba a excedir la toler\u00e0ncia del 3%, tamb\u00e9 quan l&#8217;\u00edndex de velocitat o de c\u00e0rrega sigui inferior a l&#8217;original del model del vehicle.<\/span><\/p>\n<p class=\"ai-optimize-30\"><strong>Molles de suspensi\u00f3.<\/strong><span style=\"font-weight: 400;\"> Com que modificar l&#8217;al\u00e7ada o les propietats de la suspensi\u00f3 del cotxe afecta el comportament del cotxe, substituir els molls originals per uns no considerats recanvis es considera reforma.<\/span><\/p>\n<p class=\"ai-optimize-31\"><strong>Elements de carrosseria. <\/strong><span style=\"font-weight: 400;\">De la mateixa manera que la suspensi\u00f3 pot alterar el comportament del cotxe, els elements de carrosseria tamb\u00e9 poden. Per aix\u00f2 substituir-los o instal\u00b7lar-ne d&#8217;altres diferents, caldr\u00e0 una homologaci\u00f3.<\/span><\/p>\n<p class=\"ai-optimize-32\"><span style=\"font-weight: 400;\">Ja que, per exemple, tant el para-xocs davanter com el cap\u00f3 tenen m\u00e9s responsabilitat en cas d&#8217;impacte, i el possible canvi d&#8217;aquestes peces ha de passar per la ITV.<\/span><\/p>\n<p class=\"ai-optimize-33\"><strong>Centraleta del motor. <\/strong><span style=\"font-weight: 400;\">En el cas de la centraleta del motor s&#8217;ha de tenir en compte que aquest petit dispositiu electr\u00f2nic controla els par\u00e0metres del nostre vehicle, per aix\u00f2 se n&#8217;ha de comprovar el funcionament correcte per evitar el possible augment de les emissions contaminants del cotxe que poden afectar el medi ambient i els vianants.<\/span><\/p>\n<p class=\"ai-optimize-34\"><strong>Il\u00b7luminaci\u00f3 dels fars. <\/strong><span style=\"font-weight: 400;\">Abans de res, cal tenir els fars del teu vehicle en bon estat per passar la ITV, per aix\u00f2, et recomanem passar pel teu taller de vidres per a autom\u00f2bils Ralarsa m\u00e9s proper, des d&#8217;on podr\u00e0s polir els fars del teu vehicle en el cas que aquests estiguin cremats o desgastats, i deixar-los ben lluents.<\/span><\/p>\n<p class=\"ai-optimize-35\"><span style=\"font-weight: 400;\">Tenint en compte la import\u00e0ncia de l&#8217;estat dels fars del vehicle, en el cas que optis per canviar la il\u00b7luminaci\u00f3 per un altre tipus d&#8217;\u00f2ptiques, com ara substituir la cl\u00e0ssica tecnologia hal\u00f2gena per la LED, consider\u00e9s molt m\u00e9s eficient, haur\u00e0s de tornar a passar per la inspecci\u00f3 t\u00e8cnica del teu vehicle.<\/span><\/p>\n<p class=\"ai-optimize-36\"><span style=\"font-weight: 400;\">D&#8217;altra banda, si substitueixes completament els grups \u00f2ptics laterals o els del darrere per uns que siguin homologats, no caldr\u00e0 fer una nova revisi\u00f3 per a la seva legalitzaci\u00f3.<\/span><\/p>\n<p class=\"ai-optimize-37\"><strong>Remolc.<\/strong><span style=\"font-weight: 400;\"> Si necessites transportar elements pesants i est\u00e0s pensant en instal\u00b7lar algun tipus de suport al teu vehicle, has de saber que certes instal\u00b7lacions es consideren reforma segons el manual.<\/span><\/p>\n<p class=\"ai-optimize-38\"><span style=\"font-weight: 400;\">La instal\u00b7laci\u00f3 d&#8217;una baca a la part superior del cotxe no influir\u00e0 a haver de tornar a passar la ITV, per\u00f2 si ho far\u00e0 la instal\u00b7laci\u00f3 d&#8217;un remolc.<\/span><\/p>\n<p class=\"ai-optimize-39\"><span style=\"font-weight: 400;\">Des de Ralarsa esperem que aquesta informaci\u00f3 us hagi estat \u00fatil i us convidem a visitar la nostra p\u00e0gina web, on trobareu tots els serveis que oferim, des de reparaci\u00f3 i substituci\u00f3 de vidres fins al poliment de fars, en m\u00e9s de <\/span><a href=\"..\/..\/..\/ca\/localitzador-de-taller\/\"><strong>250 tallers al territori nacional<\/strong><\/a><span style=\"font-weight: 400;\">, tamb\u00e9 podr\u00e0s llegir curiositats interessants del m\u00f3n del motor i com cuidar el teu vehicle. T&#8217;esperem!<\/span><\/p>\n<p><\/p>","protected":false},"excerpt":{"rendered":"Hi ha la possibilitat que t&#8217;hagis trobat davant del dubte de si el teu cotxe necessita revisi\u00f3 despr\u00e9s de fer una reparaci\u00f3 important, com podria ser el reparar vidre esquerdat o la substituci\u00f3 del parabrisa en un taller de vidres per a autom\u00f2bils. No t&#8217;has de preocupar de res, ja que aquest gran canvi no&#8230;","protected":false},"author":1,"featured_media":5425,"comment_status":"open","ping_status":"open","sticky":false,"template":"","format":"standard","meta":{"_acf_changed":false,"inline_featured_image":false,"footnotes":""},"categories":[1],"tags":[15],"class_list":["post-1892","post","type-post","status-publish","format-standard","has-post-thumbnail","hentry","category-uncategorized","tag-ok"],"acf":[],"yoast_head":"<!-- This site is optimized with the Yoast SEO Premium plugin v25.3 (Yoast SEO v26.7) - https:\/\/yoast.com\/wordpress\/plugins\/seo\/ -->\n<title>Quan s&#039;hauria de tornar a passar la ITV? - Ralarsa<\/title>\n<meta name=\"description\" content=\"No descuidis la teva revisi\u00f3 ITV i coneix en quins casos l&#039;has de tornar a passar. T&#039;ho expliquem tot al taller parabrises Ralarsa!\" \/>\n<meta name=\"robots\" content=\"index, follow, max-snippet:-1, max-image-preview:large, max-video-preview:-1\" \/>\n<link rel=\"canonical\" href=\"https:\/\/www.ralarsa.com\/ca\/cuando-volver-a-pasar-itv\/\" \/>\n<meta property=\"og:locale\" content=\"ca_ES\" \/>\n<meta property=\"og:type\" content=\"article\" \/>\n<meta property=\"og:title\" content=\"Quan s&#039;hauria de tornar a passar la ITV?\" \/>\n<meta property=\"og:description\" content=\"No descuidis la teva revisi\u00f3 ITV i coneix en quins casos l&#039;has de tornar a passar. T&#039;ho expliquem tot al taller parabrises Ralarsa!\" \/>\n<meta property=\"og:url\" content=\"https:\/\/www.ralarsa.com\/ca\/cuando-volver-a-pasar-itv\/\" \/>\n<meta property=\"og:site_name\" content=\"Ralarsa\" \/>\n<meta property=\"article:published_time\" content=\"2022-09-28T00:00:00+00:00\" \/>\n<meta property=\"article:modified_time\" content=\"2025-09-18T15:04:41+00:00\" \/>\n<meta property=\"og:image\" content=\"https:\/\/ralarsa.s3.eu-central-1.amazonaws.com\/wp-content\/uploads\/2022\/09\/caso-deberias-volver-parar-itv.jpeg\" \/>\n\t<meta property=\"og:image:width\" content=\"900\" \/>\n\t<meta property=\"og:image:height\" content=\"600\" \/>\n\t<meta property=\"og:image:type\" content=\"image\/jpeg\" \/>\n<meta name=\"author\" content=\"ralarsa_admin\" \/>\n<meta name=\"twitter:card\" content=\"summary_large_image\" \/>\n<meta name=\"twitter:label1\" content=\"Escrit per\" \/>\n\t<meta name=\"twitter:data1\" content=\"ralarsa_admin\" \/>\n\t<meta name=\"twitter:label2\" content=\"Temps estimat de lectura\" \/>\n\t<meta name=\"twitter:data2\" content=\"3 minuts\" \/>\n<script type=\"application\/ld+json\" class=\"yoast-schema-graph\">{\"@context\":\"https:\/\/schema.org\",\"@graph\":[{\"@type\":\"Article\",\"@id\":\"https:\/\/www.ralarsa.com\/es\/cuando-volver-a-pasar-itv\/#article\",\"isPartOf\":{\"@id\":\"https:\/\/www.ralarsa.com\/es\/cuando-volver-a-pasar-itv\/\"},\"author\":{\"name\":\"ralarsa_admin\",\"@id\":\"https:\/\/www.ralarsa.com\/es\/#\/schema\/person\/cc6cd8ee6652131e9e8872b5cb9424fb\"},\"headline\":\"Quan s&#8217;hauria de tornar a passar la ITV?\",\"datePublished\":\"2022-09-28T00:00:00+00:00\",\"dateModified\":\"2025-09-18T15:04:41+00:00\",\"mainEntityOfPage\":{\"@id\":\"https:\/\/www.ralarsa.com\/es\/cuando-volver-a-pasar-itv\/\"},\"wordCount\":2150,\"commentCount\":0,\"publisher\":{\"@id\":\"https:\/\/www.ralarsa.com\/es\/#organization\"},\"image\":{\"@id\":\"https:\/\/www.ralarsa.com\/es\/cuando-volver-a-pasar-itv\/#primaryimage\"},\"thumbnailUrl\":\"https:\/\/d2oyvx818ubhz6.cloudfront.net\/wp-content\/uploads\/2022\/09\/caso-deberias-volver-parar-itv.jpeg\",\"keywords\":[\"ok\"],\"articleSection\":[\"Informaci\u00f3\"],\"inLanguage\":\"ca\",\"potentialAction\":[{\"@type\":\"CommentAction\",\"name\":\"Comment\",\"target\":[\"https:\/\/www.ralarsa.com\/es\/cuando-volver-a-pasar-itv\/#respond\"]}]},{\"@type\":\"WebPage\",\"@id\":\"https:\/\/www.ralarsa.com\/ca\/cuando-volver-a-pasar-itv\/\",\"url\":\"https:\/\/www.ralarsa.com\/ca\/cuando-volver-a-pasar-itv\/\",\"name\":\"Quan s'hauria de tornar a passar la ITV? - Ralarsa\",\"isPartOf\":{\"@id\":\"https:\/\/www.ralarsa.com\/ca\/#website\"},\"primaryImageOfPage\":{\"@id\":\"https:\/\/www.ralarsa.com\/ca\/cuando-volver-a-pasar-itv\/#primaryimage\"},\"image\":{\"@id\":\"https:\/\/www.ralarsa.com\/es\/cuando-volver-a-pasar-itv\/#primaryimage\"},\"thumbnailUrl\":\"https:\/\/d2oyvx818ubhz6.cloudfront.net\/wp-content\/uploads\/2022\/09\/caso-deberias-volver-parar-itv.jpeg\",\"datePublished\":\"2022-09-28T00:00:00+00:00\",\"dateModified\":\"2025-09-18T15:04:41+00:00\",\"description\":\"No descuidis la teva revisi\u00f3 ITV i coneix en quins casos l'has de tornar a passar. T'ho expliquem tot al taller parabrises Ralarsa!\",\"breadcrumb\":{\"@id\":\"https:\/\/www.ralarsa.com\/ca\/cuando-volver-a-pasar-itv\/#breadcrumb\"},\"inLanguage\":\"ca\",\"potentialAction\":[{\"@type\":\"ReadAction\",\"target\":[[\"https:\/\/www.ralarsa.com\/ca\/cuando-volver-a-pasar-itv\/\"]]}]},{\"@type\":\"ImageObject\",\"inLanguage\":\"ca\",\"@id\":\"https:\/\/www.ralarsa.com\/ca\/cuando-volver-a-pasar-itv\/#primaryimage\",\"url\":\"https:\/\/d2oyvx818ubhz6.cloudfront.net\/wp-content\/uploads\/2022\/09\/caso-deberias-volver-parar-itv.jpeg\",\"contentUrl\":\"https:\/\/d2oyvx818ubhz6.cloudfront.net\/wp-content\/uploads\/2022\/09\/caso-deberias-volver-parar-itv.jpeg\",\"width\":900,\"height\":600,\"caption\":\"Confianza y compromiso en la revisi\u00f3n de tu veh\u00edculo.\"},{\"@type\":\"BreadcrumbList\",\"@id\":\"https:\/\/www.ralarsa.com\/ca\/cuando-volver-a-pasar-itv\/#breadcrumb\",\"itemListElement\":[{\"@type\":\"ListItem\",\"position\":1,\"name\":\"Portada\",\"item\":\"https:\/\/www.ralarsa.com\/ca\/ralarsa-2\/\"},{\"@type\":\"ListItem\",\"position\":2,\"name\":\"\u00bfEn qu\u00e9 caso deber\u00edas volver a pasar la ITV?\"}]},{\"@type\":\"WebSite\",\"@id\":\"https:\/\/www.ralarsa.com\/ca\/#website\",\"url\":\"https:\/\/www.ralarsa.com\/ca\/\",\"name\":\"Ralarsa\",\"description\":\"\",\"publisher\":{\"@id\":\"https:\/\/www.ralarsa.com\/ca\/#organization\"},\"potentialAction\":[{\"@type\":\"SearchAction\",\"target\":{\"@type\":\"EntryPoint\",\"urlTemplate\":\"https:\/\/www.ralarsa.com\/ca\/?s={search_term_string}\"},\"query-input\":{\"@type\":\"PropertyValueSpecification\",\"valueRequired\":true,\"valueName\":\"search_term_string\"}}],\"inLanguage\":\"ca\"},{\"@type\":\"Organization\",\"@id\":\"https:\/\/www.ralarsa.com\/ca\/#organization\",\"name\":\"Ralarsa\",\"url\":\"https:\/\/www.ralarsa.com\/ca\/\",\"logo\":{\"@type\":\"ImageObject\",\"inLanguage\":\"ca\",\"@id\":\"https:\/\/www.ralarsa.com\/ca\/#\/schema\/logo\/image\/\",\"url\":\"https:\/\/ralarsa.s3.eu-central-1.amazonaws.com\/wp-content\/uploads\/2025\/04\/logo-ralarsa.png\",\"contentUrl\":\"https:\/\/ralarsa.s3.eu-central-1.amazonaws.com\/wp-content\/uploads\/2025\/04\/logo-ralarsa.png\",\"width\":1192,\"height\":412,\"caption\":\"Ralarsa\"},\"image\":{\"@id\":\"https:\/\/www.ralarsa.com\/ca\/#\/schema\/logo\/image\/\"}},{\"@type\":\"Person\",\"@id\":\"https:\/\/www.ralarsa.com\/es\/#\/schema\/person\/cc6cd8ee6652131e9e8872b5cb9424fb\",\"name\":\"ralarsa_admin\",\"image\":{\"@type\":\"ImageObject\",\"inLanguage\":\"ca\",\"@id\":\"https:\/\/www.ralarsa.com\/ca\/#\/schema\/person\/image\/\",\"url\":\"https:\/\/secure.gravatar.com\/avatar\/a74fd8d2062d4dc1f2f251438977288d50eb8ca5b4735594bcad2f5016833f49?s=96&d=mm&r=g\",\"contentUrl\":\"https:\/\/secure.gravatar.com\/avatar\/a74fd8d2062d4dc1f2f251438977288d50eb8ca5b4735594bcad2f5016833f49?s=96&d=mm&r=g\",\"caption\":\"ralarsa_admin\"},\"sameAs\":[\"https:\/\/www-pre.ralarsa.com\"]}]}<\/script>\n<!-- \/ Yoast SEO Premium plugin. -->","yoast_head_json":{"title":"Quan s'hauria de tornar a passar la ITV? - Ralarsa","description":"No descuidis la teva revisi\u00f3 ITV i coneix en quins casos l'has de tornar a passar. T'ho expliquem tot al taller parabrises Ralarsa!","robots":{"index":"index","follow":"follow","max-snippet":"max-snippet:-1","max-image-preview":"max-image-preview:large","max-video-preview":"max-video-preview:-1"},"canonical":"https:\/\/www.ralarsa.com\/ca\/cuando-volver-a-pasar-itv\/","og_locale":"ca_ES","og_type":"article","og_title":"Quan s'hauria de tornar a passar la ITV?","og_description":"No descuidis la teva revisi\u00f3 ITV i coneix en quins casos l'has de tornar a passar. T'ho expliquem tot al taller parabrises Ralarsa!","og_url":"https:\/\/www.ralarsa.com\/ca\/cuando-volver-a-pasar-itv\/","og_site_name":"Ralarsa","article_published_time":"2022-09-28T00:00:00+00:00","article_modified_time":"2025-09-18T15:04:41+00:00","og_image":[{"width":900,"height":600,"url":"https:\/\/ralarsa.s3.eu-central-1.amazonaws.com\/wp-content\/uploads\/2022\/09\/caso-deberias-volver-parar-itv.jpeg","type":"image\/jpeg"}],"author":"ralarsa_admin","twitter_card":"summary_large_image","twitter_misc":{"Escrit per":"ralarsa_admin","Temps estimat de lectura":"3 minuts"},"schema":{"@context":"https:\/\/schema.org","@graph":[{"@type":"Article","@id":"https:\/\/www.ralarsa.com\/es\/cuando-volver-a-pasar-itv\/#article","isPartOf":{"@id":"https:\/\/www.ralarsa.com\/es\/cuando-volver-a-pasar-itv\/"},"author":{"name":"ralarsa_admin","@id":"https:\/\/www.ralarsa.com\/es\/#\/schema\/person\/cc6cd8ee6652131e9e8872b5cb9424fb"},"headline":"Quan s&#8217;hauria de tornar a passar la ITV?","datePublished":"2022-09-28T00:00:00+00:00","dateModified":"2025-09-18T15:04:41+00:00","mainEntityOfPage":{"@id":"https:\/\/www.ralarsa.com\/es\/cuando-volver-a-pasar-itv\/"},"wordCount":2150,"commentCount":0,"publisher":{"@id":"https:\/\/www.ralarsa.com\/es\/#organization"},"image":{"@id":"https:\/\/www.ralarsa.com\/es\/cuando-volver-a-pasar-itv\/#primaryimage"},"thumbnailUrl":"https:\/\/d2oyvx818ubhz6.cloudfront.net\/wp-content\/uploads\/2022\/09\/caso-deberias-volver-parar-itv.jpeg","keywords":["ok"],"articleSection":["Informaci\u00f3"],"inLanguage":"ca","potentialAction":[{"@type":"CommentAction","name":"Comment","target":["https:\/\/www.ralarsa.com\/es\/cuando-volver-a-pasar-itv\/#respond"]}]},{"@type":"WebPage","@id":"https:\/\/www.ralarsa.com\/ca\/cuando-volver-a-pasar-itv\/","url":"https:\/\/www.ralarsa.com\/ca\/cuando-volver-a-pasar-itv\/","name":"Quan s'hauria de tornar a passar la ITV? - Ralarsa","isPartOf":{"@id":"https:\/\/www.ralarsa.com\/ca\/#website"},"primaryImageOfPage":{"@id":"https:\/\/www.ralarsa.com\/ca\/cuando-volver-a-pasar-itv\/#primaryimage"},"image":{"@id":"https:\/\/www.ralarsa.com\/es\/cuando-volver-a-pasar-itv\/#primaryimage"},"thumbnailUrl":"https:\/\/d2oyvx818ubhz6.cloudfront.net\/wp-content\/uploads\/2022\/09\/caso-deberias-volver-parar-itv.jpeg","datePublished":"2022-09-28T00:00:00+00:00","dateModified":"2025-09-18T15:04:41+00:00","description":"No descuidis la teva revisi\u00f3 ITV i coneix en quins casos l'has de tornar a passar. T'ho expliquem tot al taller parabrises Ralarsa!","breadcrumb":{"@id":"https:\/\/www.ralarsa.com\/ca\/cuando-volver-a-pasar-itv\/#breadcrumb"},"inLanguage":"ca","potentialAction":[{"@type":"ReadAction","target":[["https:\/\/www.ralarsa.com\/ca\/cuando-volver-a-pasar-itv\/"]]}]},{"@type":"ImageObject","inLanguage":"ca","@id":"https:\/\/www.ralarsa.com\/ca\/cuando-volver-a-pasar-itv\/#primaryimage","url":"https:\/\/d2oyvx818ubhz6.cloudfront.net\/wp-content\/uploads\/2022\/09\/caso-deberias-volver-parar-itv.jpeg","contentUrl":"https:\/\/d2oyvx818ubhz6.cloudfront.net\/wp-content\/uploads\/2022\/09\/caso-deberias-volver-parar-itv.jpeg","width":900,"height":600,"caption":"Confianza y compromiso en la revisi\u00f3n de tu veh\u00edculo."},{"@type":"BreadcrumbList","@id":"https:\/\/www.ralarsa.com\/ca\/cuando-volver-a-pasar-itv\/#breadcrumb","itemListElement":[{"@type":"ListItem","position":1,"name":"Portada","item":"https:\/\/www.ralarsa.com\/ca\/ralarsa-2\/"},{"@type":"ListItem","position":2,"name":"\u00bfEn qu\u00e9 caso deber\u00edas volver a pasar la ITV?"}]},{"@type":"WebSite","@id":"https:\/\/www.ralarsa.com\/ca\/#website","url":"https:\/\/www.ralarsa.com\/ca\/","name":"Ralarsa","description":"","publisher":{"@id":"https:\/\/www.ralarsa.com\/ca\/#organization"},"potentialAction":[{"@type":"SearchAction","target":{"@type":"EntryPoint","urlTemplate":"https:\/\/www.ralarsa.com\/ca\/?s={search_term_string}"},"query-input":{"@type":"PropertyValueSpecification","valueRequired":true,"valueName":"search_term_string"}}],"inLanguage":"ca"},{"@type":"Organization","@id":"https:\/\/www.ralarsa.com\/ca\/#organization","name":"Ralarsa","url":"https:\/\/www.ralarsa.com\/ca\/","logo":{"@type":"ImageObject","inLanguage":"ca","@id":"https:\/\/www.ralarsa.com\/ca\/#\/schema\/logo\/image\/","url":"https:\/\/ralarsa.s3.eu-central-1.amazonaws.com\/wp-content\/uploads\/2025\/04\/logo-ralarsa.png","contentUrl":"https:\/\/ralarsa.s3.eu-central-1.amazonaws.com\/wp-content\/uploads\/2025\/04\/logo-ralarsa.png","width":1192,"height":412,"caption":"Ralarsa"},"image":{"@id":"https:\/\/www.ralarsa.com\/ca\/#\/schema\/logo\/image\/"}},{"@type":"Person","@id":"https:\/\/www.ralarsa.com\/es\/#\/schema\/person\/cc6cd8ee6652131e9e8872b5cb9424fb","name":"ralarsa_admin","image":{"@type":"ImageObject","inLanguage":"ca","@id":"https:\/\/www.ralarsa.com\/ca\/#\/schema\/person\/image\/","url":"https:\/\/secure.gravatar.com\/avatar\/a74fd8d2062d4dc1f2f251438977288d50eb8ca5b4735594bcad2f5016833f49?s=96&d=mm&r=g","contentUrl":"https:\/\/secure.gravatar.com\/avatar\/a74fd8d2062d4dc1f2f251438977288d50eb8ca5b4735594bcad2f5016833f49?s=96&d=mm&r=g","caption":"ralarsa_admin"},"sameAs":["https:\/\/www-pre.ralarsa.com"]}]}},"_links":{"self":[{"href":"https:\/\/www.ralarsa.com\/ca\/wp-json\/wp\/v2\/posts\/1892","targetHints":{"allow":["GET"]}}],"collection":[{"href":"https:\/\/www.ralarsa.com\/ca\/wp-json\/wp\/v2\/posts"}],"about":[{"href":"https:\/\/www.ralarsa.com\/ca\/wp-json\/wp\/v2\/types\/post"}],"author":[{"embeddable":true,"href":"https:\/\/www.ralarsa.com\/ca\/wp-json\/wp\/v2\/users\/1"}],"replies":[{"embeddable":true,"href":"https:\/\/www.ralarsa.com\/ca\/wp-json\/wp\/v2\/comments?post=1892"}],"version-history":[{"count":2,"href":"https:\/\/www.ralarsa.com\/ca\/wp-json\/wp\/v2\/posts\/1892\/revisions"}],"predecessor-version":[{"id":5424,"href":"https:\/\/www.ralarsa.com\/ca\/wp-json\/wp\/v2\/posts\/1892\/revisions\/5424"}],"wp:featuredmedia":[{"embeddable":true,"href":"https:\/\/www.ralarsa.com\/ca\/wp-json\/wp\/v2\/media\/5425"}],"wp:attachment":[{"href":"https:\/\/www.ralarsa.com\/ca\/wp-json\/wp\/v2\/media?parent=1892"}],"wp:term":[{"taxonomy":"category","embeddable":true,"href":"https:\/\/www.ralarsa.com\/ca\/wp-json\/wp\/v2\/categories?post=1892"},{"taxonomy":"post_tag","embeddable":true,"href":"https:\/\/www.ralarsa.com\/ca\/wp-json\/wp\/v2\/tags?post=1892"}],"curies":[{"name":"wp","href":"https:\/\/api.w.org\/{rel}","templated":true}]}}