{"id":1898,"date":"2022-12-01T00:00:00","date_gmt":"2022-12-01T00:00:00","guid":{"rendered":"https:\/\/www.ralarsa.com\/restricciones-coches-pegatina-b-2023\/"},"modified":"2025-09-18T14:33:42","modified_gmt":"2025-09-18T13:33:42","slug":"restricciones-coches-pegatina-b-2023","status":"publish","type":"post","link":"https:\/\/www.ralarsa.com\/ca\/restriccions-cotxes-enganxina-b-2023\/","title":{"rendered":"Quines restriccions tindran els cotxes amb adhesiu B el 2023?"},"content":{"rendered":"<p><span style=\"font-weight: 400;\">El Nadal est\u00e0 molt a la vora, i amb ell, s&#8217;acosta l&#8217;any nou. La seva arribada comporta canvis, no nom\u00e9s en la nostra vida di\u00e0ria sin\u00f3 tamb\u00e9 en el nostre vehicle. Quines restriccions hi haur\u00e0 de cara a l&#8217;any que ve?\u00a0<\/span><\/p>\n<p><span style=\"font-weight: 400;\">Des de Ralarsa, <\/span><a href=\"..\/..\/..\/ca\/serveis\/reparacio-al%C3%A7avidres\"><strong>taller reparaci\u00f3 al\u00e7avidres el\u00e8ctric<\/strong><\/a><span style=\"font-weight: 400;\">, t&#8217;ho expliquem tot en aquest article. A Ralarsa som experts en la reparaci\u00f3 de vidres per a cotxes i comptem amb m\u00e9s de 40 anys d&#8217;experi\u00e8ncia cuidant els cotxes dels seus clients a Espanya, aix\u00ed com una xarxa de m\u00e9s de 250 tallers repartits per la Pen\u00ednsula.\u00a0<\/span><\/p>\n<h2><span style=\"font-weight: 400;\">Quines ser\u00e0n les restriccions?<\/span><\/h2>\n<p><span style=\"font-weight: 400;\">Com hem dit abans, els conductors s&#8217;enfrontaran a noves restriccions automobil\u00edstiques que entraran en vigor l&#8217;any vinent 2023. No obstant aix\u00f2, nom\u00e9s es tindran en compte els vehicles que compleixin amb unes certes caracter\u00edstiques i a m\u00e9s comptin amb l&#8217;etiqueta B, que comunament es coneix com la de color groc.\u00a0<\/span><\/p>\n<p><span style=\"font-weight: 400;\">Sens dubte aquesta mesura t&#8217;afectar\u00e0 si el teu cotxe est\u00e0 equipat amb un motor de gasolina i a m\u00e9s va ser matriculat entre l&#8217;any 2001 i 2005. El mateix passar\u00e0 si es tracta d&#8217;un autom\u00f2bil de di\u00e8sel que es va matricular entre gener de 2006 i agost de 2015.\u00a0<\/span><\/p>\n<p><span style=\"font-weight: 400;\">La mesura que far\u00e0 que molts conductors es vegin afectats ser\u00e0 la seg\u00fcent: en 2023, tots els cotxes amb marcat B podran entrar en la zona de baixes emissions (ZBE), per\u00f2 tindran prohibit aparcar en la zona. Aix\u00ed, hauran d&#8217;apostar per un p\u00e0rquing. Aquesta regla s&#8217;aplica \u00fanicament a aquelles zones esmentades anteriorment, fos de les quals es pot circular i aparcar lliurement segons les normes de la DGT.\u00a0<\/span><\/p>\n<p><span style=\"font-weight: 400;\">Nom\u00e9s els conductors amb un vehicle classificat amb l&#8217;etiqueta B hauran de sotmetre&#8217;s a les noves restriccions. Aix\u00ed mateix, cal esmentar que aquesta mesura \u00fanicament estar\u00e0 en vigor en les localitats espanyoles el nombre d&#8217;habitants de les quals supera els 50.000.\u00a0<\/span><\/p>\n<p><span style=\"font-weight: 400;\">Aquesta nova normativa t\u00e9 l&#8217;objectiu de combatre el canvi clim\u00e0tic i millorar la qualitat de l&#8217;aire a les ciutats. Aquesta estrat\u00e8gia va ser desenvolupada i impulsada pel Govern i pret\u00e9n, a grosso modo, millorar el dia a dia de la nostra societat, emmarcada dins de la Llei de Canvi Clim\u00e0tic. Per aix\u00f2, s&#8217;ha cregut que posar restriccions als vehicles que puguin resultar m\u00e9s perjudicials \u00e9s una bona forma per a aconseguir-ho.\u00a0<\/span><\/p>\n<p><span style=\"font-weight: 400;\">Davant la preocupaci\u00f3 dels ajuntaments, la Federaci\u00f3 Espanyola de Municipis i Prov\u00edncies (FEMP) ha sol\u00b7licitat un termini d&#8217;un any al Govern per a adaptar-se a aquesta nova normativa i fer front als nous canvis, que sens dubte suposaran un abans i un despr\u00e9s en la rutina dels conductors espanyols.\u00a0<\/span><\/p>\n<p><span style=\"font-weight: 400;\">A <\/span><a href=\"..\/..\/..\/ca\/\"><strong>Ralarsa<\/strong><\/a><span style=\"font-weight: 400;\"> som un taller reparaci\u00f3 al\u00e7avidres el\u00e8ctric, reparem i substitu\u00efm vidres per a cotxes. Sempre podr\u00e0s comptar amb nosaltres i per aix\u00f2 oferim una atenci\u00f3 al client les 24 hores al dia. Per no esmentar els nostres m\u00e9s de 40 anys d&#8217;experi\u00e8ncia en el sector i la garantia de tots els nostres serveis. A m\u00e9s, t&#8217;ajudem a passar la ITV sense problemes. Allarga la vida \u00fatil del teu eixugaparabrisa amb Ralarsa!\u00a0<\/span><\/p>","protected":false},"excerpt":{"rendered":"El Nadal est\u00e0 molt a la vora, i amb ell, s&#8217;acosta l&#8217;any nou. La seva arribada comporta canvis, no nom\u00e9s en la nostra vida di\u00e0ria sin\u00f3 tamb\u00e9 en el nostre vehicle. Quines restriccions hi haur\u00e0 de cara a l&#8217;any que ve?\u00a0 Des de Ralarsa, taller reparaci\u00f3 al\u00e7avidres el\u00e8ctric, t&#8217;ho expliquem tot en aquest article. A&#8230;","protected":false},"author":1,"featured_media":5413,"comment_status":"open","ping_status":"open","sticky":false,"template":"","format":"standard","meta":{"_acf_changed":false,"inline_featured_image":false,"footnotes":""},"categories":[1],"tags":[15],"class_list":["post-1898","post","type-post","status-publish","format-standard","has-post-thumbnail","hentry","category-uncategorized","tag-ok"],"acf":[],"yoast_head":"<!-- This site is optimized with the Yoast SEO Premium plugin v25.3 (Yoast SEO v26.7) - https:\/\/yoast.com\/wordpress\/plugins\/seo\/ -->\n<title>Quines restriccions tindran els cotxes amb adhesiu B el 2023? - Ralarsa<\/title>\n<meta name=\"description\" content=\"No coneixes la nova normativa de restriccions per a l&#039;any 2023? Revisa si podr\u00e0s continuar circulant pel teu recorregut habitual en aquest article, t&#039;esperem en Ralarsa!\" \/>\n<meta name=\"robots\" content=\"index, follow, max-snippet:-1, max-image-preview:large, max-video-preview:-1\" \/>\n<link rel=\"canonical\" href=\"https:\/\/www.ralarsa.com\/ca\/restricciones-coches-pegatina-b-2023\/\" \/>\n<meta property=\"og:locale\" content=\"ca_ES\" \/>\n<meta property=\"og:type\" content=\"article\" \/>\n<meta property=\"og:title\" content=\"Quines restriccions tindran els cotxes amb adhesiu B el 2023?\" \/>\n<meta property=\"og:description\" content=\"No coneixes la nova normativa de restriccions per a l&#039;any 2023? Revisa si podr\u00e0s continuar circulant pel teu recorregut habitual en aquest article, t&#039;esperem en Ralarsa!\" \/>\n<meta property=\"og:url\" content=\"https:\/\/www.ralarsa.com\/ca\/restricciones-coches-pegatina-b-2023\/\" \/>\n<meta property=\"og:site_name\" content=\"Ralarsa\" \/>\n<meta property=\"article:published_time\" content=\"2022-12-01T00:00:00+00:00\" \/>\n<meta property=\"article:modified_time\" content=\"2025-09-18T13:33:42+00:00\" \/>\n<meta property=\"og:image\" content=\"https:\/\/ralarsa.s3.eu-central-1.amazonaws.com\/wp-content\/uploads\/2022\/12\/restricciones-tendran-coches-pegatina-b-2023.jpeg\" \/>\n\t<meta property=\"og:image:width\" content=\"900\" \/>\n\t<meta property=\"og:image:height\" content=\"600\" \/>\n\t<meta property=\"og:image:type\" content=\"image\/jpeg\" \/>\n<meta name=\"author\" content=\"ralarsa_admin\" \/>\n<meta name=\"twitter:card\" content=\"summary_large_image\" \/>\n<meta name=\"twitter:label1\" content=\"Escrit per\" \/>\n\t<meta name=\"twitter:data1\" content=\"ralarsa_admin\" \/>\n\t<meta name=\"twitter:label2\" content=\"Temps estimat de lectura\" \/>\n\t<meta name=\"twitter:data2\" content=\"3 minuts\" \/>\n<script type=\"application\/ld+json\" class=\"yoast-schema-graph\">{\"@context\":\"https:\/\/schema.org\",\"@graph\":[{\"@type\":\"Article\",\"@id\":\"https:\/\/www.ralarsa.com\/es\/restricciones-coches-pegatina-b-2023\/#article\",\"isPartOf\":{\"@id\":\"https:\/\/www.ralarsa.com\/es\/restricciones-coches-pegatina-b-2023\/\"},\"author\":{\"name\":\"ralarsa_admin\",\"@id\":\"https:\/\/www.ralarsa.com\/es\/#\/schema\/person\/cc6cd8ee6652131e9e8872b5cb9424fb\"},\"headline\":\"Quines restriccions tindran els cotxes amb adhesiu B el 2023?\",\"datePublished\":\"2022-12-01T00:00:00+00:00\",\"dateModified\":\"2025-09-18T13:33:42+00:00\",\"mainEntityOfPage\":{\"@id\":\"https:\/\/www.ralarsa.com\/es\/restricciones-coches-pegatina-b-2023\/\"},\"wordCount\":1590,\"commentCount\":0,\"publisher\":{\"@id\":\"https:\/\/www.ralarsa.com\/es\/#organization\"},\"image\":{\"@id\":\"https:\/\/www.ralarsa.com\/es\/restricciones-coches-pegatina-b-2023\/#primaryimage\"},\"thumbnailUrl\":\"https:\/\/d2oyvx818ubhz6.cloudfront.net\/wp-content\/uploads\/2022\/12\/restricciones-tendran-coches-pegatina-b-2023.jpeg\",\"keywords\":[\"ok\"],\"articleSection\":[\"Informaci\u00f3\"],\"inLanguage\":\"ca\",\"potentialAction\":[{\"@type\":\"CommentAction\",\"name\":\"Comment\",\"target\":[\"https:\/\/www.ralarsa.com\/es\/restricciones-coches-pegatina-b-2023\/#respond\"]}]},{\"@type\":\"WebPage\",\"@id\":\"https:\/\/www.ralarsa.com\/ca\/restricciones-coches-pegatina-b-2023\/\",\"url\":\"https:\/\/www.ralarsa.com\/ca\/restricciones-coches-pegatina-b-2023\/\",\"name\":\"Quines restriccions tindran els cotxes amb adhesiu B el 2023? - Ralarsa\",\"isPartOf\":{\"@id\":\"https:\/\/www.ralarsa.com\/ca\/#website\"},\"primaryImageOfPage\":{\"@id\":\"https:\/\/www.ralarsa.com\/ca\/restricciones-coches-pegatina-b-2023\/#primaryimage\"},\"image\":{\"@id\":\"https:\/\/www.ralarsa.com\/es\/restricciones-coches-pegatina-b-2023\/#primaryimage\"},\"thumbnailUrl\":\"https:\/\/d2oyvx818ubhz6.cloudfront.net\/wp-content\/uploads\/2022\/12\/restricciones-tendran-coches-pegatina-b-2023.jpeg\",\"datePublished\":\"2022-12-01T00:00:00+00:00\",\"dateModified\":\"2025-09-18T13:33:42+00:00\",\"description\":\"No coneixes la nova normativa de restriccions per a l'any 2023? Revisa si podr\u00e0s continuar circulant pel teu recorregut habitual en aquest article, t'esperem en Ralarsa!\",\"breadcrumb\":{\"@id\":\"https:\/\/www.ralarsa.com\/ca\/restricciones-coches-pegatina-b-2023\/#breadcrumb\"},\"inLanguage\":\"ca\",\"potentialAction\":[{\"@type\":\"ReadAction\",\"target\":[[\"https:\/\/www.ralarsa.com\/ca\/restricciones-coches-pegatina-b-2023\/\"]]}]},{\"@type\":\"ImageObject\",\"inLanguage\":\"ca\",\"@id\":\"https:\/\/www.ralarsa.com\/ca\/restricciones-coches-pegatina-b-2023\/#primaryimage\",\"url\":\"https:\/\/d2oyvx818ubhz6.cloudfront.net\/wp-content\/uploads\/2022\/12\/restricciones-tendran-coches-pegatina-b-2023.jpeg\",\"contentUrl\":\"https:\/\/d2oyvx818ubhz6.cloudfront.net\/wp-content\/uploads\/2022\/12\/restricciones-tendran-coches-pegatina-b-2023.jpeg\",\"width\":900,\"height\":600,\"caption\":\"Los veh\u00edculos con etiqueta B afrontar\u00e1n restricciones en el acceso a zonas de bajas emisiones a partir de 2023.\"},{\"@type\":\"BreadcrumbList\",\"@id\":\"https:\/\/www.ralarsa.com\/ca\/restricciones-coches-pegatina-b-2023\/#breadcrumb\",\"itemListElement\":[{\"@type\":\"ListItem\",\"position\":1,\"name\":\"Portada\",\"item\":\"https:\/\/www.ralarsa.com\/ca\/ralarsa-2\/\"},{\"@type\":\"ListItem\",\"position\":2,\"name\":\"\u00bfQu\u00e9 restricciones tendr\u00e1n los coches con pegatina B en 2023?\"}]},{\"@type\":\"WebSite\",\"@id\":\"https:\/\/www.ralarsa.com\/ca\/#website\",\"url\":\"https:\/\/www.ralarsa.com\/ca\/\",\"name\":\"Ralarsa\",\"description\":\"\",\"publisher\":{\"@id\":\"https:\/\/www.ralarsa.com\/ca\/#organization\"},\"potentialAction\":[{\"@type\":\"SearchAction\",\"target\":{\"@type\":\"EntryPoint\",\"urlTemplate\":\"https:\/\/www.ralarsa.com\/ca\/?s={search_term_string}\"},\"query-input\":{\"@type\":\"PropertyValueSpecification\",\"valueRequired\":true,\"valueName\":\"search_term_string\"}}],\"inLanguage\":\"ca\"},{\"@type\":\"Organization\",\"@id\":\"https:\/\/www.ralarsa.com\/ca\/#organization\",\"name\":\"Ralarsa\",\"url\":\"https:\/\/www.ralarsa.com\/ca\/\",\"logo\":{\"@type\":\"ImageObject\",\"inLanguage\":\"ca\",\"@id\":\"https:\/\/www.ralarsa.com\/ca\/#\/schema\/logo\/image\/\",\"url\":\"https:\/\/ralarsa.s3.eu-central-1.amazonaws.com\/wp-content\/uploads\/2025\/04\/logo-ralarsa.png\",\"contentUrl\":\"https:\/\/ralarsa.s3.eu-central-1.amazonaws.com\/wp-content\/uploads\/2025\/04\/logo-ralarsa.png\",\"width\":1192,\"height\":412,\"caption\":\"Ralarsa\"},\"image\":{\"@id\":\"https:\/\/www.ralarsa.com\/ca\/#\/schema\/logo\/image\/\"}},{\"@type\":\"Person\",\"@id\":\"https:\/\/www.ralarsa.com\/es\/#\/schema\/person\/cc6cd8ee6652131e9e8872b5cb9424fb\",\"name\":\"ralarsa_admin\",\"image\":{\"@type\":\"ImageObject\",\"inLanguage\":\"ca\",\"@id\":\"https:\/\/www.ralarsa.com\/ca\/#\/schema\/person\/image\/\",\"url\":\"https:\/\/secure.gravatar.com\/avatar\/a74fd8d2062d4dc1f2f251438977288d50eb8ca5b4735594bcad2f5016833f49?s=96&d=mm&r=g\",\"contentUrl\":\"https:\/\/secure.gravatar.com\/avatar\/a74fd8d2062d4dc1f2f251438977288d50eb8ca5b4735594bcad2f5016833f49?s=96&d=mm&r=g\",\"caption\":\"ralarsa_admin\"},\"sameAs\":[\"https:\/\/www-pre.ralarsa.com\"]}]}<\/script>\n<!-- \/ Yoast SEO Premium plugin. -->","yoast_head_json":{"title":"Quines restriccions tindran els cotxes amb adhesiu B el 2023? - Ralarsa","description":"No coneixes la nova normativa de restriccions per a l'any 2023? Revisa si podr\u00e0s continuar circulant pel teu recorregut habitual en aquest article, t'esperem en Ralarsa!","robots":{"index":"index","follow":"follow","max-snippet":"max-snippet:-1","max-image-preview":"max-image-preview:large","max-video-preview":"max-video-preview:-1"},"canonical":"https:\/\/www.ralarsa.com\/ca\/restricciones-coches-pegatina-b-2023\/","og_locale":"ca_ES","og_type":"article","og_title":"Quines restriccions tindran els cotxes amb adhesiu B el 2023?","og_description":"No coneixes la nova normativa de restriccions per a l'any 2023? Revisa si podr\u00e0s continuar circulant pel teu recorregut habitual en aquest article, t'esperem en Ralarsa!","og_url":"https:\/\/www.ralarsa.com\/ca\/restricciones-coches-pegatina-b-2023\/","og_site_name":"Ralarsa","article_published_time":"2022-12-01T00:00:00+00:00","article_modified_time":"2025-09-18T13:33:42+00:00","og_image":[{"width":900,"height":600,"url":"https:\/\/ralarsa.s3.eu-central-1.amazonaws.com\/wp-content\/uploads\/2022\/12\/restricciones-tendran-coches-pegatina-b-2023.jpeg","type":"image\/jpeg"}],"author":"ralarsa_admin","twitter_card":"summary_large_image","twitter_misc":{"Escrit per":"ralarsa_admin","Temps estimat de lectura":"3 minuts"},"schema":{"@context":"https:\/\/schema.org","@graph":[{"@type":"Article","@id":"https:\/\/www.ralarsa.com\/es\/restricciones-coches-pegatina-b-2023\/#article","isPartOf":{"@id":"https:\/\/www.ralarsa.com\/es\/restricciones-coches-pegatina-b-2023\/"},"author":{"name":"ralarsa_admin","@id":"https:\/\/www.ralarsa.com\/es\/#\/schema\/person\/cc6cd8ee6652131e9e8872b5cb9424fb"},"headline":"Quines restriccions tindran els cotxes amb adhesiu B el 2023?","datePublished":"2022-12-01T00:00:00+00:00","dateModified":"2025-09-18T13:33:42+00:00","mainEntityOfPage":{"@id":"https:\/\/www.ralarsa.com\/es\/restricciones-coches-pegatina-b-2023\/"},"wordCount":1590,"commentCount":0,"publisher":{"@id":"https:\/\/www.ralarsa.com\/es\/#organization"},"image":{"@id":"https:\/\/www.ralarsa.com\/es\/restricciones-coches-pegatina-b-2023\/#primaryimage"},"thumbnailUrl":"https:\/\/d2oyvx818ubhz6.cloudfront.net\/wp-content\/uploads\/2022\/12\/restricciones-tendran-coches-pegatina-b-2023.jpeg","keywords":["ok"],"articleSection":["Informaci\u00f3"],"inLanguage":"ca","potentialAction":[{"@type":"CommentAction","name":"Comment","target":["https:\/\/www.ralarsa.com\/es\/restricciones-coches-pegatina-b-2023\/#respond"]}]},{"@type":"WebPage","@id":"https:\/\/www.ralarsa.com\/ca\/restricciones-coches-pegatina-b-2023\/","url":"https:\/\/www.ralarsa.com\/ca\/restricciones-coches-pegatina-b-2023\/","name":"Quines restriccions tindran els cotxes amb adhesiu B el 2023? - Ralarsa","isPartOf":{"@id":"https:\/\/www.ralarsa.com\/ca\/#website"},"primaryImageOfPage":{"@id":"https:\/\/www.ralarsa.com\/ca\/restricciones-coches-pegatina-b-2023\/#primaryimage"},"image":{"@id":"https:\/\/www.ralarsa.com\/es\/restricciones-coches-pegatina-b-2023\/#primaryimage"},"thumbnailUrl":"https:\/\/d2oyvx818ubhz6.cloudfront.net\/wp-content\/uploads\/2022\/12\/restricciones-tendran-coches-pegatina-b-2023.jpeg","datePublished":"2022-12-01T00:00:00+00:00","dateModified":"2025-09-18T13:33:42+00:00","description":"No coneixes la nova normativa de restriccions per a l'any 2023? Revisa si podr\u00e0s continuar circulant pel teu recorregut habitual en aquest article, t'esperem en Ralarsa!","breadcrumb":{"@id":"https:\/\/www.ralarsa.com\/ca\/restricciones-coches-pegatina-b-2023\/#breadcrumb"},"inLanguage":"ca","potentialAction":[{"@type":"ReadAction","target":[["https:\/\/www.ralarsa.com\/ca\/restricciones-coches-pegatina-b-2023\/"]]}]},{"@type":"ImageObject","inLanguage":"ca","@id":"https:\/\/www.ralarsa.com\/ca\/restricciones-coches-pegatina-b-2023\/#primaryimage","url":"https:\/\/d2oyvx818ubhz6.cloudfront.net\/wp-content\/uploads\/2022\/12\/restricciones-tendran-coches-pegatina-b-2023.jpeg","contentUrl":"https:\/\/d2oyvx818ubhz6.cloudfront.net\/wp-content\/uploads\/2022\/12\/restricciones-tendran-coches-pegatina-b-2023.jpeg","width":900,"height":600,"caption":"Los veh\u00edculos con etiqueta B afrontar\u00e1n restricciones en el acceso a zonas de bajas emisiones a partir de 2023."},{"@type":"BreadcrumbList","@id":"https:\/\/www.ralarsa.com\/ca\/restricciones-coches-pegatina-b-2023\/#breadcrumb","itemListElement":[{"@type":"ListItem","position":1,"name":"Portada","item":"https:\/\/www.ralarsa.com\/ca\/ralarsa-2\/"},{"@type":"ListItem","position":2,"name":"\u00bfQu\u00e9 restricciones tendr\u00e1n los coches con pegatina B en 2023?"}]},{"@type":"WebSite","@id":"https:\/\/www.ralarsa.com\/ca\/#website","url":"https:\/\/www.ralarsa.com\/ca\/","name":"Ralarsa","description":"","publisher":{"@id":"https:\/\/www.ralarsa.com\/ca\/#organization"},"potentialAction":[{"@type":"SearchAction","target":{"@type":"EntryPoint","urlTemplate":"https:\/\/www.ralarsa.com\/ca\/?s={search_term_string}"},"query-input":{"@type":"PropertyValueSpecification","valueRequired":true,"valueName":"search_term_string"}}],"inLanguage":"ca"},{"@type":"Organization","@id":"https:\/\/www.ralarsa.com\/ca\/#organization","name":"Ralarsa","url":"https:\/\/www.ralarsa.com\/ca\/","logo":{"@type":"ImageObject","inLanguage":"ca","@id":"https:\/\/www.ralarsa.com\/ca\/#\/schema\/logo\/image\/","url":"https:\/\/ralarsa.s3.eu-central-1.amazonaws.com\/wp-content\/uploads\/2025\/04\/logo-ralarsa.png","contentUrl":"https:\/\/ralarsa.s3.eu-central-1.amazonaws.com\/wp-content\/uploads\/2025\/04\/logo-ralarsa.png","width":1192,"height":412,"caption":"Ralarsa"},"image":{"@id":"https:\/\/www.ralarsa.com\/ca\/#\/schema\/logo\/image\/"}},{"@type":"Person","@id":"https:\/\/www.ralarsa.com\/es\/#\/schema\/person\/cc6cd8ee6652131e9e8872b5cb9424fb","name":"ralarsa_admin","image":{"@type":"ImageObject","inLanguage":"ca","@id":"https:\/\/www.ralarsa.com\/ca\/#\/schema\/person\/image\/","url":"https:\/\/secure.gravatar.com\/avatar\/a74fd8d2062d4dc1f2f251438977288d50eb8ca5b4735594bcad2f5016833f49?s=96&d=mm&r=g","contentUrl":"https:\/\/secure.gravatar.com\/avatar\/a74fd8d2062d4dc1f2f251438977288d50eb8ca5b4735594bcad2f5016833f49?s=96&d=mm&r=g","caption":"ralarsa_admin"},"sameAs":["https:\/\/www-pre.ralarsa.com"]}]}},"_links":{"self":[{"href":"https:\/\/www.ralarsa.com\/ca\/wp-json\/wp\/v2\/posts\/1898","targetHints":{"allow":["GET"]}}],"collection":[{"href":"https:\/\/www.ralarsa.com\/ca\/wp-json\/wp\/v2\/posts"}],"about":[{"href":"https:\/\/www.ralarsa.com\/ca\/wp-json\/wp\/v2\/types\/post"}],"author":[{"embeddable":true,"href":"https:\/\/www.ralarsa.com\/ca\/wp-json\/wp\/v2\/users\/1"}],"replies":[{"embeddable":true,"href":"https:\/\/www.ralarsa.com\/ca\/wp-json\/wp\/v2\/comments?post=1898"}],"version-history":[{"count":2,"href":"https:\/\/www.ralarsa.com\/ca\/wp-json\/wp\/v2\/posts\/1898\/revisions"}],"predecessor-version":[{"id":5412,"href":"https:\/\/www.ralarsa.com\/ca\/wp-json\/wp\/v2\/posts\/1898\/revisions\/5412"}],"wp:featuredmedia":[{"embeddable":true,"href":"https:\/\/www.ralarsa.com\/ca\/wp-json\/wp\/v2\/media\/5413"}],"wp:attachment":[{"href":"https:\/\/www.ralarsa.com\/ca\/wp-json\/wp\/v2\/media?parent=1898"}],"wp:term":[{"taxonomy":"category","embeddable":true,"href":"https:\/\/www.ralarsa.com\/ca\/wp-json\/wp\/v2\/categories?post=1898"},{"taxonomy":"post_tag","embeddable":true,"href":"https:\/\/www.ralarsa.com\/ca\/wp-json\/wp\/v2\/tags?post=1898"}],"curies":[{"name":"wp","href":"https:\/\/api.w.org\/{rel}","templated":true}]}}