{"id":1910,"date":"2023-04-20T00:00:00","date_gmt":"2023-04-20T00:00:00","guid":{"rendered":"https:\/\/www.ralarsa.com\/medioambiente-sostenible-sustitucion-de-parabrisas\/"},"modified":"2025-09-17T14:55:56","modified_gmt":"2025-09-17T13:55:56","slug":"medioambiente-sostenible-sustitucion-de-parabrisas","status":"publish","type":"post","link":"https:\/\/www.ralarsa.com\/ca\/medi-ambient-sostenible-substitucio-de-parabrises\/","title":{"rendered":"Medi ambient i substituci\u00f3 de parabrisa"},"content":{"rendered":"<p><\/p>\n<p class=\"ai-optimize-18 ai-optimize-introduction\"><span style=\"font-weight: 400;\">\u00c9s cert que la substituci\u00f3 de parabrisa contamina m\u00e9s al medi ambient que la reparaci\u00f3 parabrisa. Encara que a vegades \u00e9s inevitable substituir el parabrisa, ja que si tens una esquerda m\u00e9s gran de di\u00e0metre que una moneda de dos euros \u00e9s obligatoria la substituci\u00f3 de parabrisa, les finestretes laterals o el vidre posterior.\u00a0<\/span><\/p>\n<p class=\"ai-optimize-19\"><span style=\"font-weight: 400;\">A Autocristal Ralarsa, part of Cary Group, comptem amb m\u00e9s de 40 anys d&#8217;experi\u00e8ncia i m\u00e9s de 270 tallers repartits per la Pen\u00ednsula Ib\u00e8rica, Balears i Can\u00e0ries. Som una empresa recomanada per les principals companyies d&#8217;assegurances. Si est\u00e0s buscant un canvi parabrisa a domicili est\u00e0s en el lloc correcte. Entra a la nostra p\u00e0gina web i descobreix tots els serveis que t&#8217;oferim, no dubtis a contactar amb nosaltres si est\u00e0s buscant una <\/span><a href=\"..\/..\/..\/ca\/serveis\/reparacio-parabrises\"><strong>substituci\u00f3 de parabrisa<\/strong><\/a><span style=\"font-weight: 400;\"> o una reparaci\u00f3 parabrisa. En aquest article t\u2019expliquem el nostre comprom\u00eds amb el medi ambient i la substituci\u00f3 de parabrisa.\u00a0<\/span><\/p>\n<h2 class=\"ai-optimize-20\"><span style=\"font-weight: 400;\">Autocristal Ralarsa i el comprom\u00eds amb el medi ambient<\/span><\/h2>\n<p class=\"ai-optimize-21\"><span style=\"font-weight: 400;\">Des de l&#8217;any 2021 que estem treballant sota les directrius de Cary Group per a aconseguir\u00a0 una beneficiosa neutralitat clim\u00e0tica. Per aix\u00f2, a Ralarsa secundem sempre primer realitzar una reparaci\u00f3 parabrisa abans que un canvi parabrisa a domicili o en els nostres centres acondicionats.\u00a0<\/span><\/p>\n<p class=\"ai-optimize-22\"><span style=\"font-weight: 400;\">A m\u00e9s, estem duent a terme una acci\u00f3 mediambiental molt positiva que consisteix a plantar arbres en diferents punts del pa\u00eds. Tot aix\u00f2, amb la voluntat de compensar l&#8217;impacte mediambiental que poden comportar activitats com les nostres i que les nostres emissions sumin zero CO2.\u00a0<\/span><\/p>\n<p class=\"ai-optimize-23\"><span style=\"font-weight: 400;\">A Ralarsa tamb\u00e9 apostem pel reciclatge, ja que amb les prestacions amb les quals treballem i els recursos necessaris que s&#8217;utilitzen en la reparaci\u00f3 parabrisa i substituci\u00f3 de parabrisa, sabem que hem de reduir la utilitzaci\u00f3 d&#8217;acer i de vidre. Aix\u00ed mateix, a tots els nostres tallers hem redu\u00eft l&#8217;\u00fas de productes qu\u00edmics en el manteniment de tots els vehicles. \u00d2bviament, sense perdre la nostra qualitat habitual en els serveis exercits.\u00a0<\/span><\/p>\n<p class=\"ai-optimize-24\"><span style=\"font-weight: 400;\">Gr\u00e0cies a l&#8217;ajuda de f\u00f3rmules que respecten de manera energ\u00e8tica l&#8217;entorn, aconseguim disminuir la utilitzaci\u00f3 de recursos naturals, suprimint totes les possibles subst\u00e0ncies i manipulant de la millor manera possible totes les deixalles que perjudiquen el medi ambient.\u00a0<\/span><\/p>\n<p class=\"ai-optimize-25\"><span style=\"font-weight: 400;\">A Ralarsa sempre treballem amb fabricants l\u00edders en el sector. Utilitzem materials que s\u00f3n de primeres marques totalment certificades i homologades i, a m\u00e9s, amb una cadena de subministraments sostenible. El comprom\u00eds de Ralarsa amb el medi ambient \u00e9s total i \u00e9s per aix\u00f2 que a m\u00e9s de comptar amb una qualitat de material impecable, tamb\u00e9 realitzem accions que no estan relacionades amb els autom\u00f2bils i s\u00ed amb el medi ambient i l&#8217;entorn.\u00a0<\/span><\/p>\n<h2 class=\"ai-optimize-26\"><span style=\"font-weight: 400;\">Com es pot evitar la substituci\u00f3 del parabrisa?<\/span><\/h2>\n<p class=\"ai-optimize-27\"><span style=\"font-weight: 400;\">Per a evitar una substituci\u00f3 de parabrisa \u00e9s necessari seguir aquests quatre consells que et donem. Agafa paper i boli!\u00a0<\/span><\/p>\n<ul>\n<li class=\"ai-optimize-28\" style=\"font-weight: 400;\" aria-level=\"1\"><strong>Primer<\/strong><span style=\"font-weight: 400;\">. \u00c9s molt important mantenir la dist\u00e0ncia de seguretat. A m\u00e9s de guardar la teva pr\u00f2pia seguretat en la carretera, tamb\u00e9 evitar\u00e0s cops a la lluna per culpa de la grava de la carretera.\u00a0<\/span><\/li>\n<\/ul>\n<ul>\n<li class=\"ai-optimize-29\" style=\"font-weight: 400;\" aria-level=\"1\"><strong>Segon<\/strong><span style=\"font-weight: 400;\">. Vigilar amb els <\/span><a href=\"..\/..\/..\/ca\/blog\/com-cuidar-parabrises-hivern\"><strong>canvis de temperatura que hi ha a l&#8217;hivern<\/strong><\/a><span style=\"font-weight: 400;\">. \u00c9s important que no treguis el gel que pot haver-hi en una de les teves llunes amb aigua calenta, ja que aix\u00f2 beneficia l&#8217;aparici\u00f3 d&#8217;esquerdes.\u00a0<\/span><\/li>\n<\/ul>\n<ul>\n<li class=\"ai-optimize-30\" style=\"font-weight: 400;\" aria-level=\"1\"><strong>Tercer<\/strong><span style=\"font-weight: 400;\">. Desentela els vidres de la forma correcta. La millor manera de fer-ho \u00e9s baixant les finestres i esperar a guanyar visibilitat.\u00a0<\/span><\/li>\n<\/ul>\n<ul>\n<li class=\"ai-optimize-31\" style=\"font-weight: 400;\" aria-level=\"1\"><strong>Quart<\/strong><span style=\"font-weight: 400;\">. Com a l&#8217;hivern, cal estar atent als canvis de temperatura. Encendre l&#8217;aire condicionat en pujar directament al cotxe \u00e9s una manera de propiciar un canvi parabrisa a domicili o en un dels nostres centres. Primer ha de sortir la calor i despr\u00e9s ja podr\u00e0s encendre l&#8217;aire condicionat.\u00a0<\/span><\/li>\n<\/ul>\n<p class=\"ai-optimize-32\"><span style=\"font-weight: 400;\">El parabrisa no es podr\u00e0 reparar en cas que les esquerdes tinguin forma d&#8217;estrella o talls. A m\u00e9s \u00e9s important tenir en compte que \u00e9s molt f\u00e0cil que aquestes s&#8217;expandeixin per canvis bruscos de temperatura per tota la lluna. Tamb\u00e9 es poden fer m\u00e9s grans a causa de conduir per carreteres o camins considerablement inestables. D&#8217;altra banda, que les l\u00e0mines es desenganxin dels parabrises tamb\u00e9 \u00e9s motiu de canvi parabrisa a domicili o b\u00e9 en el taller.\u00a0<\/span><\/p>\n<p class=\"ai-optimize-33\"><span style=\"font-weight: 400;\">Si necessites canviar parabrisa a domicili no dubtis a entrar en la nostra p\u00e0gina web i contacta amb nosaltres per a resoldre qualsevol dubte. A Autocristal Ralarsa, part of Cary Group, comptem amb m\u00e9s de 40 anys d&#8217;experi\u00e8ncia i m\u00e9s de 270 tallers repartits per tot el territori nacional. Et resolem els dubtes en el nostre xat les 24 hores del dia. T&#8217;esperem als nostres tallers Ralarsa!\u00a0<\/span><\/p>\n<p><\/p>","protected":false},"excerpt":{"rendered":"\u00c9s cert que la substituci\u00f3 de parabrisa contamina m\u00e9s al medi ambient que la reparaci\u00f3 parabrisa. Encara que a vegades \u00e9s inevitable substituir el parabrisa, ja que si tens una esquerda m\u00e9s gran de di\u00e0metre que una moneda de dos euros \u00e9s obligatoria la substituci\u00f3 de parabrisa, les finestretes laterals o el vidre posterior.\u00a0 A&#8230;","protected":false},"author":1,"featured_media":2408,"comment_status":"open","ping_status":"open","sticky":false,"template":"","format":"standard","meta":{"_acf_changed":false,"inline_featured_image":false,"footnotes":""},"categories":[1],"tags":[15],"class_list":["post-1910","post","type-post","status-publish","format-standard","has-post-thumbnail","hentry","category-uncategorized","tag-ok"],"acf":[],"yoast_head":"<!-- This site is optimized with the Yoast SEO Premium plugin v25.3 (Yoast SEO v26.7) - https:\/\/yoast.com\/wordpress\/plugins\/seo\/ -->\n<title>Medi ambient i substituci\u00f3 de parabrisa - Ralarsa<\/title>\n<meta name=\"description\" content=\"Sabies que la sostenibilitat \u00e9s un dels pilars de Ralarsa? Coneix m\u00e9s sobre els nostres serveis amigables amb el medi ambient aqu\u00ed!\" \/>\n<meta name=\"robots\" content=\"index, follow, max-snippet:-1, max-image-preview:large, max-video-preview:-1\" \/>\n<link rel=\"canonical\" href=\"https:\/\/www.ralarsa.com\/ca\/medioambiente-sostenible-sustitucion-de-parabrisas\/\" \/>\n<meta property=\"og:locale\" content=\"ca_ES\" \/>\n<meta property=\"og:type\" content=\"article\" \/>\n<meta property=\"og:title\" content=\"Medi ambient i substituci\u00f3 de parabrisa\" \/>\n<meta property=\"og:description\" content=\"Sabies que la sostenibilitat \u00e9s un dels pilars de Ralarsa? Coneix m\u00e9s sobre els nostres serveis amigables amb el medi ambient aqu\u00ed!\" \/>\n<meta property=\"og:url\" content=\"https:\/\/www.ralarsa.com\/ca\/medioambiente-sostenible-sustitucion-de-parabrisas\/\" \/>\n<meta property=\"og:site_name\" content=\"Ralarsa\" \/>\n<meta property=\"article:published_time\" content=\"2023-04-20T00:00:00+00:00\" \/>\n<meta property=\"article:modified_time\" content=\"2025-09-17T13:55:56+00:00\" \/>\n<meta property=\"og:image\" content=\"https:\/\/ralarsa.s3.eu-central-1.amazonaws.com\/wp-content\/uploads\/2025\/03\/11799.jpeg\" \/>\n\t<meta property=\"og:image:width\" content=\"1024\" \/>\n\t<meta property=\"og:image:height\" content=\"683\" \/>\n\t<meta property=\"og:image:type\" content=\"image\/jpeg\" \/>\n<meta name=\"author\" content=\"ralarsa_admin\" \/>\n<meta name=\"twitter:card\" content=\"summary_large_image\" \/>\n<meta name=\"twitter:label1\" content=\"Escrit per\" \/>\n\t<meta name=\"twitter:data1\" content=\"ralarsa_admin\" \/>\n\t<meta name=\"twitter:label2\" content=\"Temps estimat de lectura\" \/>\n\t<meta name=\"twitter:data2\" content=\"4 minuts\" \/>\n<script type=\"application\/ld+json\" class=\"yoast-schema-graph\">{\"@context\":\"https:\/\/schema.org\",\"@graph\":[{\"@type\":\"Article\",\"@id\":\"https:\/\/www.ralarsa.com\/es\/medioambiente-sostenible-sustitucion-de-parabrisas\/#article\",\"isPartOf\":{\"@id\":\"https:\/\/www.ralarsa.com\/es\/medioambiente-sostenible-sustitucion-de-parabrisas\/\"},\"author\":{\"name\":\"ralarsa_admin\",\"@id\":\"https:\/\/www.ralarsa.com\/es\/#\/schema\/person\/cc6cd8ee6652131e9e8872b5cb9424fb\"},\"headline\":\"Medi ambient i substituci\u00f3 de parabrisa\",\"datePublished\":\"2023-04-20T00:00:00+00:00\",\"dateModified\":\"2025-09-17T13:55:56+00:00\",\"mainEntityOfPage\":{\"@id\":\"https:\/\/www.ralarsa.com\/es\/medioambiente-sostenible-sustitucion-de-parabrisas\/\"},\"wordCount\":2304,\"commentCount\":0,\"publisher\":{\"@id\":\"https:\/\/www.ralarsa.com\/es\/#organization\"},\"image\":{\"@id\":\"https:\/\/www.ralarsa.com\/es\/medioambiente-sostenible-sustitucion-de-parabrisas\/#primaryimage\"},\"thumbnailUrl\":\"https:\/\/d2oyvx818ubhz6.cloudfront.net\/wp-content\/uploads\/2025\/03\/11799.jpeg\",\"keywords\":[\"ok\"],\"articleSection\":[\"Informaci\u00f3\"],\"inLanguage\":\"ca\",\"potentialAction\":[{\"@type\":\"CommentAction\",\"name\":\"Comment\",\"target\":[\"https:\/\/www.ralarsa.com\/es\/medioambiente-sostenible-sustitucion-de-parabrisas\/#respond\"]}]},{\"@type\":\"WebPage\",\"@id\":\"https:\/\/www.ralarsa.com\/ca\/medioambiente-sostenible-sustitucion-de-parabrisas\/\",\"url\":\"https:\/\/www.ralarsa.com\/ca\/medioambiente-sostenible-sustitucion-de-parabrisas\/\",\"name\":\"Medi ambient i substituci\u00f3 de parabrisa - Ralarsa\",\"isPartOf\":{\"@id\":\"https:\/\/www.ralarsa.com\/ca\/#website\"},\"primaryImageOfPage\":{\"@id\":\"https:\/\/www.ralarsa.com\/ca\/medioambiente-sostenible-sustitucion-de-parabrisas\/#primaryimage\"},\"image\":{\"@id\":\"https:\/\/www.ralarsa.com\/es\/medioambiente-sostenible-sustitucion-de-parabrisas\/#primaryimage\"},\"thumbnailUrl\":\"https:\/\/d2oyvx818ubhz6.cloudfront.net\/wp-content\/uploads\/2025\/03\/11799.jpeg\",\"datePublished\":\"2023-04-20T00:00:00+00:00\",\"dateModified\":\"2025-09-17T13:55:56+00:00\",\"description\":\"Sabies que la sostenibilitat \u00e9s un dels pilars de Ralarsa? Coneix m\u00e9s sobre els nostres serveis amigables amb el medi ambient aqu\u00ed!\",\"breadcrumb\":{\"@id\":\"https:\/\/www.ralarsa.com\/ca\/medioambiente-sostenible-sustitucion-de-parabrisas\/#breadcrumb\"},\"inLanguage\":\"ca\",\"potentialAction\":[{\"@type\":\"ReadAction\",\"target\":[[\"https:\/\/www.ralarsa.com\/ca\/medioambiente-sostenible-sustitucion-de-parabrisas\/\"]]}]},{\"@type\":\"ImageObject\",\"inLanguage\":\"ca\",\"@id\":\"https:\/\/www.ralarsa.com\/ca\/medioambiente-sostenible-sustitucion-de-parabrisas\/#primaryimage\",\"url\":\"https:\/\/d2oyvx818ubhz6.cloudfront.net\/wp-content\/uploads\/2025\/03\/11799.jpeg\",\"contentUrl\":\"https:\/\/d2oyvx818ubhz6.cloudfront.net\/wp-content\/uploads\/2025\/03\/11799.jpeg\",\"width\":1024,\"height\":683},{\"@type\":\"BreadcrumbList\",\"@id\":\"https:\/\/www.ralarsa.com\/ca\/medioambiente-sostenible-sustitucion-de-parabrisas\/#breadcrumb\",\"itemListElement\":[{\"@type\":\"ListItem\",\"position\":1,\"name\":\"Portada\",\"item\":\"https:\/\/www.ralarsa.com\/ca\/ralarsa-2\/\"},{\"@type\":\"ListItem\",\"position\":2,\"name\":\"Medioambiente y sustituci\u00f3n de parabrisas\"}]},{\"@type\":\"WebSite\",\"@id\":\"https:\/\/www.ralarsa.com\/ca\/#website\",\"url\":\"https:\/\/www.ralarsa.com\/ca\/\",\"name\":\"Ralarsa\",\"description\":\"\",\"publisher\":{\"@id\":\"https:\/\/www.ralarsa.com\/ca\/#organization\"},\"potentialAction\":[{\"@type\":\"SearchAction\",\"target\":{\"@type\":\"EntryPoint\",\"urlTemplate\":\"https:\/\/www.ralarsa.com\/ca\/?s={search_term_string}\"},\"query-input\":{\"@type\":\"PropertyValueSpecification\",\"valueRequired\":true,\"valueName\":\"search_term_string\"}}],\"inLanguage\":\"ca\"},{\"@type\":\"Organization\",\"@id\":\"https:\/\/www.ralarsa.com\/ca\/#organization\",\"name\":\"Ralarsa\",\"url\":\"https:\/\/www.ralarsa.com\/ca\/\",\"logo\":{\"@type\":\"ImageObject\",\"inLanguage\":\"ca\",\"@id\":\"https:\/\/www.ralarsa.com\/ca\/#\/schema\/logo\/image\/\",\"url\":\"https:\/\/ralarsa.s3.eu-central-1.amazonaws.com\/wp-content\/uploads\/2025\/04\/logo-ralarsa.png\",\"contentUrl\":\"https:\/\/ralarsa.s3.eu-central-1.amazonaws.com\/wp-content\/uploads\/2025\/04\/logo-ralarsa.png\",\"width\":1192,\"height\":412,\"caption\":\"Ralarsa\"},\"image\":{\"@id\":\"https:\/\/www.ralarsa.com\/ca\/#\/schema\/logo\/image\/\"}},{\"@type\":\"Person\",\"@id\":\"https:\/\/www.ralarsa.com\/es\/#\/schema\/person\/cc6cd8ee6652131e9e8872b5cb9424fb\",\"name\":\"ralarsa_admin\",\"image\":{\"@type\":\"ImageObject\",\"inLanguage\":\"ca\",\"@id\":\"https:\/\/www.ralarsa.com\/ca\/#\/schema\/person\/image\/\",\"url\":\"https:\/\/secure.gravatar.com\/avatar\/a74fd8d2062d4dc1f2f251438977288d50eb8ca5b4735594bcad2f5016833f49?s=96&d=mm&r=g\",\"contentUrl\":\"https:\/\/secure.gravatar.com\/avatar\/a74fd8d2062d4dc1f2f251438977288d50eb8ca5b4735594bcad2f5016833f49?s=96&d=mm&r=g\",\"caption\":\"ralarsa_admin\"},\"sameAs\":[\"https:\/\/www-pre.ralarsa.com\"]}]}<\/script>\n<!-- \/ Yoast SEO Premium plugin. -->","yoast_head_json":{"title":"Medi ambient i substituci\u00f3 de parabrisa - Ralarsa","description":"Sabies que la sostenibilitat \u00e9s un dels pilars de Ralarsa? Coneix m\u00e9s sobre els nostres serveis amigables amb el medi ambient aqu\u00ed!","robots":{"index":"index","follow":"follow","max-snippet":"max-snippet:-1","max-image-preview":"max-image-preview:large","max-video-preview":"max-video-preview:-1"},"canonical":"https:\/\/www.ralarsa.com\/ca\/medioambiente-sostenible-sustitucion-de-parabrisas\/","og_locale":"ca_ES","og_type":"article","og_title":"Medi ambient i substituci\u00f3 de parabrisa","og_description":"Sabies que la sostenibilitat \u00e9s un dels pilars de Ralarsa? Coneix m\u00e9s sobre els nostres serveis amigables amb el medi ambient aqu\u00ed!","og_url":"https:\/\/www.ralarsa.com\/ca\/medioambiente-sostenible-sustitucion-de-parabrisas\/","og_site_name":"Ralarsa","article_published_time":"2023-04-20T00:00:00+00:00","article_modified_time":"2025-09-17T13:55:56+00:00","og_image":[{"width":1024,"height":683,"url":"https:\/\/ralarsa.s3.eu-central-1.amazonaws.com\/wp-content\/uploads\/2025\/03\/11799.jpeg","type":"image\/jpeg"}],"author":"ralarsa_admin","twitter_card":"summary_large_image","twitter_misc":{"Escrit per":"ralarsa_admin","Temps estimat de lectura":"4 minuts"},"schema":{"@context":"https:\/\/schema.org","@graph":[{"@type":"Article","@id":"https:\/\/www.ralarsa.com\/es\/medioambiente-sostenible-sustitucion-de-parabrisas\/#article","isPartOf":{"@id":"https:\/\/www.ralarsa.com\/es\/medioambiente-sostenible-sustitucion-de-parabrisas\/"},"author":{"name":"ralarsa_admin","@id":"https:\/\/www.ralarsa.com\/es\/#\/schema\/person\/cc6cd8ee6652131e9e8872b5cb9424fb"},"headline":"Medi ambient i substituci\u00f3 de parabrisa","datePublished":"2023-04-20T00:00:00+00:00","dateModified":"2025-09-17T13:55:56+00:00","mainEntityOfPage":{"@id":"https:\/\/www.ralarsa.com\/es\/medioambiente-sostenible-sustitucion-de-parabrisas\/"},"wordCount":2304,"commentCount":0,"publisher":{"@id":"https:\/\/www.ralarsa.com\/es\/#organization"},"image":{"@id":"https:\/\/www.ralarsa.com\/es\/medioambiente-sostenible-sustitucion-de-parabrisas\/#primaryimage"},"thumbnailUrl":"https:\/\/d2oyvx818ubhz6.cloudfront.net\/wp-content\/uploads\/2025\/03\/11799.jpeg","keywords":["ok"],"articleSection":["Informaci\u00f3"],"inLanguage":"ca","potentialAction":[{"@type":"CommentAction","name":"Comment","target":["https:\/\/www.ralarsa.com\/es\/medioambiente-sostenible-sustitucion-de-parabrisas\/#respond"]}]},{"@type":"WebPage","@id":"https:\/\/www.ralarsa.com\/ca\/medioambiente-sostenible-sustitucion-de-parabrisas\/","url":"https:\/\/www.ralarsa.com\/ca\/medioambiente-sostenible-sustitucion-de-parabrisas\/","name":"Medi ambient i substituci\u00f3 de parabrisa - Ralarsa","isPartOf":{"@id":"https:\/\/www.ralarsa.com\/ca\/#website"},"primaryImageOfPage":{"@id":"https:\/\/www.ralarsa.com\/ca\/medioambiente-sostenible-sustitucion-de-parabrisas\/#primaryimage"},"image":{"@id":"https:\/\/www.ralarsa.com\/es\/medioambiente-sostenible-sustitucion-de-parabrisas\/#primaryimage"},"thumbnailUrl":"https:\/\/d2oyvx818ubhz6.cloudfront.net\/wp-content\/uploads\/2025\/03\/11799.jpeg","datePublished":"2023-04-20T00:00:00+00:00","dateModified":"2025-09-17T13:55:56+00:00","description":"Sabies que la sostenibilitat \u00e9s un dels pilars de Ralarsa? Coneix m\u00e9s sobre els nostres serveis amigables amb el medi ambient aqu\u00ed!","breadcrumb":{"@id":"https:\/\/www.ralarsa.com\/ca\/medioambiente-sostenible-sustitucion-de-parabrisas\/#breadcrumb"},"inLanguage":"ca","potentialAction":[{"@type":"ReadAction","target":[["https:\/\/www.ralarsa.com\/ca\/medioambiente-sostenible-sustitucion-de-parabrisas\/"]]}]},{"@type":"ImageObject","inLanguage":"ca","@id":"https:\/\/www.ralarsa.com\/ca\/medioambiente-sostenible-sustitucion-de-parabrisas\/#primaryimage","url":"https:\/\/d2oyvx818ubhz6.cloudfront.net\/wp-content\/uploads\/2025\/03\/11799.jpeg","contentUrl":"https:\/\/d2oyvx818ubhz6.cloudfront.net\/wp-content\/uploads\/2025\/03\/11799.jpeg","width":1024,"height":683},{"@type":"BreadcrumbList","@id":"https:\/\/www.ralarsa.com\/ca\/medioambiente-sostenible-sustitucion-de-parabrisas\/#breadcrumb","itemListElement":[{"@type":"ListItem","position":1,"name":"Portada","item":"https:\/\/www.ralarsa.com\/ca\/ralarsa-2\/"},{"@type":"ListItem","position":2,"name":"Medioambiente y sustituci\u00f3n de parabrisas"}]},{"@type":"WebSite","@id":"https:\/\/www.ralarsa.com\/ca\/#website","url":"https:\/\/www.ralarsa.com\/ca\/","name":"Ralarsa","description":"","publisher":{"@id":"https:\/\/www.ralarsa.com\/ca\/#organization"},"potentialAction":[{"@type":"SearchAction","target":{"@type":"EntryPoint","urlTemplate":"https:\/\/www.ralarsa.com\/ca\/?s={search_term_string}"},"query-input":{"@type":"PropertyValueSpecification","valueRequired":true,"valueName":"search_term_string"}}],"inLanguage":"ca"},{"@type":"Organization","@id":"https:\/\/www.ralarsa.com\/ca\/#organization","name":"Ralarsa","url":"https:\/\/www.ralarsa.com\/ca\/","logo":{"@type":"ImageObject","inLanguage":"ca","@id":"https:\/\/www.ralarsa.com\/ca\/#\/schema\/logo\/image\/","url":"https:\/\/ralarsa.s3.eu-central-1.amazonaws.com\/wp-content\/uploads\/2025\/04\/logo-ralarsa.png","contentUrl":"https:\/\/ralarsa.s3.eu-central-1.amazonaws.com\/wp-content\/uploads\/2025\/04\/logo-ralarsa.png","width":1192,"height":412,"caption":"Ralarsa"},"image":{"@id":"https:\/\/www.ralarsa.com\/ca\/#\/schema\/logo\/image\/"}},{"@type":"Person","@id":"https:\/\/www.ralarsa.com\/es\/#\/schema\/person\/cc6cd8ee6652131e9e8872b5cb9424fb","name":"ralarsa_admin","image":{"@type":"ImageObject","inLanguage":"ca","@id":"https:\/\/www.ralarsa.com\/ca\/#\/schema\/person\/image\/","url":"https:\/\/secure.gravatar.com\/avatar\/a74fd8d2062d4dc1f2f251438977288d50eb8ca5b4735594bcad2f5016833f49?s=96&d=mm&r=g","contentUrl":"https:\/\/secure.gravatar.com\/avatar\/a74fd8d2062d4dc1f2f251438977288d50eb8ca5b4735594bcad2f5016833f49?s=96&d=mm&r=g","caption":"ralarsa_admin"},"sameAs":["https:\/\/www-pre.ralarsa.com"]}]}},"_links":{"self":[{"href":"https:\/\/www.ralarsa.com\/ca\/wp-json\/wp\/v2\/posts\/1910","targetHints":{"allow":["GET"]}}],"collection":[{"href":"https:\/\/www.ralarsa.com\/ca\/wp-json\/wp\/v2\/posts"}],"about":[{"href":"https:\/\/www.ralarsa.com\/ca\/wp-json\/wp\/v2\/types\/post"}],"author":[{"embeddable":true,"href":"https:\/\/www.ralarsa.com\/ca\/wp-json\/wp\/v2\/users\/1"}],"replies":[{"embeddable":true,"href":"https:\/\/www.ralarsa.com\/ca\/wp-json\/wp\/v2\/comments?post=1910"}],"version-history":[{"count":2,"href":"https:\/\/www.ralarsa.com\/ca\/wp-json\/wp\/v2\/posts\/1910\/revisions"}],"predecessor-version":[{"id":5386,"href":"https:\/\/www.ralarsa.com\/ca\/wp-json\/wp\/v2\/posts\/1910\/revisions\/5386"}],"wp:featuredmedia":[{"embeddable":true,"href":"https:\/\/www.ralarsa.com\/ca\/wp-json\/wp\/v2\/media\/2408"}],"wp:attachment":[{"href":"https:\/\/www.ralarsa.com\/ca\/wp-json\/wp\/v2\/media?parent=1910"}],"wp:term":[{"taxonomy":"category","embeddable":true,"href":"https:\/\/www.ralarsa.com\/ca\/wp-json\/wp\/v2\/categories?post=1910"},{"taxonomy":"post_tag","embeddable":true,"href":"https:\/\/www.ralarsa.com\/ca\/wp-json\/wp\/v2\/tags?post=1910"}],"curies":[{"name":"wp","href":"https:\/\/api.w.org\/{rel}","templated":true}]}}