{"id":1918,"date":"2023-07-05T00:00:00","date_gmt":"2023-07-05T00:00:00","guid":{"rendered":"https:\/\/www.ralarsa.com\/reparar-cristal-de-forma-sostenible\/"},"modified":"2025-09-16T17:42:23","modified_gmt":"2025-09-16T16:42:23","slug":"reparar-cristal-de-forma-sostenible","status":"publish","type":"post","link":"https:\/\/www.ralarsa.com\/ca\/reparar-vidre-de-forma-sostenible\/","title":{"rendered":"Reparar vidre de manera sostenible amb Ralarsa"},"content":{"rendered":"<p><\/p>\n<p class=\"ai-optimize-29\"><span style=\"font-weight: 400;\">A Ralarsa portem molt de temps perseguint un objectiu molt concret: ser una empresa que prima per la sostenibilitat. Per poder assolir aquest objectiu \u00e9s primordial que quan tinguem un problema amb les nostres llunes, en comptes d&#8217;apostar per la substituci\u00f3, l&#8217;alternativa de <\/span><a href=\"..\/..\/..\/ca\/serveis\/reparacio-parabrises\"><strong>reparar vidre esquerdat<\/strong><\/a><span style=\"font-weight: 400;\"> es consideri.<\/span><\/p>\n<p class=\"ai-optimize-30\"><span style=\"font-weight: 400;\">Per aix\u00f2 i sempre que sigui possible, optem per una reparaci\u00f3 de vidres de cotxe en comptes de canviar-les. D&#8217;aquesta manera, obtenim una empresa m\u00e9s responsable amb la societat i aconseguim un impacte menor en el canvi clim\u00e0tic.<\/span><\/p>\n<p class=\"ai-optimize-31\"><span style=\"font-weight: 400;\">A Ralarsa comptem amb una \u00e0mplia xarxa de tallers de vidres per a autom\u00f2bils. Ens preocupem per l&#8217;entorn i volem ser una marca que transmeti als nostres clients que advoquem per un planeta millor, una iniciativa que es va comen\u00e7ar a implantar des del 2021.<\/span><\/p>\n<h2 class=\"ai-optimize-32\"><span style=\"font-weight: 400;\">Ralarsa, compromesos amb la sostenibilitat<\/span><\/h2>\n<p class=\"ai-optimize-33\"><span style=\"font-weight: 400;\">Reparar vidre esquerdat abans de canviar-lo fa que els nostres serveis tinguin un menor impacte en el medi ambient. Aix\u00ed doncs, qu\u00e8 fa Ralarsa per convertir-se en una empresa sostenible? La nostra finalitat \u00e9s aconseguir una neutralitat clim\u00e0tica.<\/span><\/p>\n<p class=\"ai-optimize-34\"><span style=\"font-weight: 400;\">Com a especialistes en canvis de vidres, estem posant el m\u00e0xim afany per seguir les directrius que s&#8217;imparteixen des de Cary Group, dirigides a reduir les emissions de CO2. Per aix\u00f2 intentem no canviar els vidres si \u00e9s possible i reparar vidre esquerdat, ja que, en no manejar residus de vidre, l&#8217;impacte mediambiental \u00e9s menor.<\/span><\/p>\n<p class=\"ai-optimize-35\"><span style=\"font-weight: 400;\">El terme \u201cneutralitat clim\u00e0tica\u201d \u00e9s clau al nostre sector. I perqu\u00e8 una empresa es consideri dins d&#8217;aquesta categoria, ha d&#8217;apostar al m\u00e0xim per reduir les emissions de CO2. Fins i tot, si \u00e9s possible, que el nombre sigui igual a zero. Per tant, des dels tallers de vidres per a autom\u00f2bils Ralarsa, el nostre equip de t\u00e8cnics estudia cada cas de manera particular. Si una esquerda supera en mida una moneda de dos euros, la reparaci\u00f3 ser\u00e0 impossible, havent de rec\u00f3rrer a la substituci\u00f3. En cas contrari, s\u00ed que \u00e9s viable reparar-ho.<\/span><\/p>\n<p class=\"ai-optimize-36\"><span style=\"font-weight: 400;\">Vegem-ne alguns exemples amb xifres: el cost mediambiental de la substituci\u00f3 es troba al voltant de 40 kg de CO2 i 14 kg de residus. Si, en canvi, apostem per reparar vidre ratllat, els n\u00fameros canvien: 4 kg de CO2 i 0,002 kg de residus.<\/span><\/p>\n<h2 class=\"ai-optimize-37\"><span style=\"font-weight: 400;\">Evitar danys a les llunes de cotxe<\/span><\/h2>\n<p class=\"ai-optimize-38\"><span style=\"font-weight: 400;\">Per tal de no arribar al punt d&#8217;haver de fer una reparaci\u00f3 de vidres de cotxe, des de Ralarsa proposem seguir les indicacions seg\u00fcents: respectar la dist\u00e0ncia de seguretat amb l&#8217;autom\u00f2bil del davant, evitant que les petites pedres de la grava impactin contra la teva lluna; canvis de temperatura tant a l&#8217;hivern com a l&#8217;estiu i exercir els vidres adequadament, \u00e9s a dir, sense encendre l&#8217;aire condicionat i que aquest impacte directament als vidres.<\/span><\/p>\n<p class=\"ai-optimize-39\"><span style=\"font-weight: 400;\">Comptem amb m\u00e9s de 40 anys d&#8217;experi\u00e8ncia al sector i m\u00e9s de 250 tallers repartits per tot el territori nacional. A m\u00e9s, sent part de Cary Group, apostem per un model de servei en el qual preval la sostenibilitat, tractant de reparar vidre abans que <\/span><a href=\"..\/..\/..\/ca\/blog\/canviar-lluna-cotxe-quan-quins\"><strong>substituir-lo sempre que aix\u00f2 sigui possible<\/strong><\/a><span style=\"font-weight: 400;\">.<\/span><\/p>\n<p class=\"ai-optimize-40\"><span style=\"font-weight: 400;\">A Ralarsa comptem tamb\u00e9 amb un equip preparat per despla\u00e7ar-se fins al teu domicili o punt concret si la situaci\u00f3 ho requereix. Et cuidem de prop, ja sigui amb una reparaci\u00f3 de vidres de cotxe o amb algun dels altres serveis que componen el nostre cat\u00e0leg. Informa&#8217;t o contacta amb la nostra xarxa de tallers de vidres per a autom\u00f2bils, t&#8217;esperem!<\/span><\/p>\n<p><\/p>","protected":false},"excerpt":{"rendered":"A Ralarsa portem molt de temps perseguint un objectiu molt concret: ser una empresa que prima per la sostenibilitat. Per poder assolir aquest objectiu \u00e9s primordial que quan tinguem un problema amb les nostres llunes, en comptes d&#8217;apostar per la substituci\u00f3, l&#8217;alternativa de reparar vidre esquerdat es consideri. Per aix\u00f2 i sempre que sigui possible,&#8230;","protected":false},"author":1,"featured_media":2416,"comment_status":"open","ping_status":"open","sticky":false,"template":"","format":"standard","meta":{"_acf_changed":false,"inline_featured_image":false,"footnotes":""},"categories":[1],"tags":[15],"class_list":["post-1918","post","type-post","status-publish","format-standard","has-post-thumbnail","hentry","category-uncategorized","tag-ok"],"acf":[],"yoast_head":"<!-- This site is optimized with the Yoast SEO Premium plugin v25.3 (Yoast SEO v26.7) - https:\/\/yoast.com\/wordpress\/plugins\/seo\/ -->\n<title>Reparar vidre de manera sostenible amb Ralarsa - Ralarsa<\/title>\n<meta name=\"description\" content=\"Sabies que un dels nostres pilars \u00e9s oferir serveis de manera sostenible? Coneix m\u00e9s sobre Ralarsa a la nostra web!\" \/>\n<meta name=\"robots\" content=\"index, follow, max-snippet:-1, max-image-preview:large, max-video-preview:-1\" \/>\n<link rel=\"canonical\" href=\"https:\/\/www.ralarsa.com\/ca\/reparar-cristal-de-forma-sostenible\/\" \/>\n<meta property=\"og:locale\" content=\"ca_ES\" \/>\n<meta property=\"og:type\" content=\"article\" \/>\n<meta property=\"og:title\" content=\"Reparar vidre de manera sostenible amb Ralarsa\" \/>\n<meta property=\"og:description\" content=\"Sabies que un dels nostres pilars \u00e9s oferir serveis de manera sostenible? Coneix m\u00e9s sobre Ralarsa a la nostra web!\" \/>\n<meta property=\"og:url\" content=\"https:\/\/www.ralarsa.com\/ca\/reparar-cristal-de-forma-sostenible\/\" \/>\n<meta property=\"og:site_name\" content=\"Ralarsa\" \/>\n<meta property=\"article:published_time\" content=\"2023-07-05T00:00:00+00:00\" \/>\n<meta property=\"article:modified_time\" content=\"2025-09-16T16:42:23+00:00\" \/>\n<meta property=\"og:image\" content=\"https:\/\/ralarsa.s3.eu-central-1.amazonaws.com\/wp-content\/uploads\/2025\/03\/13398.jpeg\" \/>\n\t<meta property=\"og:image:width\" content=\"1024\" \/>\n\t<meta property=\"og:image:height\" content=\"683\" \/>\n\t<meta property=\"og:image:type\" content=\"image\/jpeg\" \/>\n<meta name=\"author\" content=\"ralarsa_admin\" \/>\n<meta name=\"twitter:card\" content=\"summary_large_image\" \/>\n<meta name=\"twitter:label1\" content=\"Escrit per\" \/>\n\t<meta name=\"twitter:data1\" content=\"ralarsa_admin\" \/>\n\t<meta name=\"twitter:label2\" content=\"Temps estimat de lectura\" \/>\n\t<meta name=\"twitter:data2\" content=\"3 minuts\" \/>\n<script type=\"application\/ld+json\" class=\"yoast-schema-graph\">{\"@context\":\"https:\/\/schema.org\",\"@graph\":[{\"@type\":\"Article\",\"@id\":\"https:\/\/www.ralarsa.com\/es\/reparar-cristal-de-forma-sostenible\/#article\",\"isPartOf\":{\"@id\":\"https:\/\/www.ralarsa.com\/es\/reparar-cristal-de-forma-sostenible\/\"},\"author\":{\"name\":\"ralarsa_admin\",\"@id\":\"https:\/\/www.ralarsa.com\/es\/#\/schema\/person\/cc6cd8ee6652131e9e8872b5cb9424fb\"},\"headline\":\"Reparar vidre de manera sostenible amb Ralarsa\",\"datePublished\":\"2023-07-05T00:00:00+00:00\",\"dateModified\":\"2025-09-16T16:42:23+00:00\",\"mainEntityOfPage\":{\"@id\":\"https:\/\/www.ralarsa.com\/es\/reparar-cristal-de-forma-sostenible\/\"},\"wordCount\":1714,\"commentCount\":0,\"publisher\":{\"@id\":\"https:\/\/www.ralarsa.com\/es\/#organization\"},\"image\":{\"@id\":\"https:\/\/www.ralarsa.com\/es\/reparar-cristal-de-forma-sostenible\/#primaryimage\"},\"thumbnailUrl\":\"https:\/\/d2oyvx818ubhz6.cloudfront.net\/wp-content\/uploads\/2025\/03\/13398.jpeg\",\"keywords\":[\"ok\"],\"articleSection\":[\"Informaci\u00f3\"],\"inLanguage\":\"ca\",\"potentialAction\":[{\"@type\":\"CommentAction\",\"name\":\"Comment\",\"target\":[\"https:\/\/www.ralarsa.com\/es\/reparar-cristal-de-forma-sostenible\/#respond\"]}]},{\"@type\":\"WebPage\",\"@id\":\"https:\/\/www.ralarsa.com\/ca\/reparar-cristal-de-forma-sostenible\/\",\"url\":\"https:\/\/www.ralarsa.com\/ca\/reparar-cristal-de-forma-sostenible\/\",\"name\":\"Reparar vidre de manera sostenible amb Ralarsa - Ralarsa\",\"isPartOf\":{\"@id\":\"https:\/\/www.ralarsa.com\/ca\/#website\"},\"primaryImageOfPage\":{\"@id\":\"https:\/\/www.ralarsa.com\/ca\/reparar-cristal-de-forma-sostenible\/#primaryimage\"},\"image\":{\"@id\":\"https:\/\/www.ralarsa.com\/es\/reparar-cristal-de-forma-sostenible\/#primaryimage\"},\"thumbnailUrl\":\"https:\/\/d2oyvx818ubhz6.cloudfront.net\/wp-content\/uploads\/2025\/03\/13398.jpeg\",\"datePublished\":\"2023-07-05T00:00:00+00:00\",\"dateModified\":\"2025-09-16T16:42:23+00:00\",\"description\":\"Sabies que un dels nostres pilars \u00e9s oferir serveis de manera sostenible? Coneix m\u00e9s sobre Ralarsa a la nostra web!\",\"breadcrumb\":{\"@id\":\"https:\/\/www.ralarsa.com\/ca\/reparar-cristal-de-forma-sostenible\/#breadcrumb\"},\"inLanguage\":\"ca\",\"potentialAction\":[{\"@type\":\"ReadAction\",\"target\":[[\"https:\/\/www.ralarsa.com\/ca\/reparar-cristal-de-forma-sostenible\/\"]]}]},{\"@type\":\"ImageObject\",\"inLanguage\":\"ca\",\"@id\":\"https:\/\/www.ralarsa.com\/ca\/reparar-cristal-de-forma-sostenible\/#primaryimage\",\"url\":\"https:\/\/d2oyvx818ubhz6.cloudfront.net\/wp-content\/uploads\/2025\/03\/13398.jpeg\",\"contentUrl\":\"https:\/\/d2oyvx818ubhz6.cloudfront.net\/wp-content\/uploads\/2025\/03\/13398.jpeg\",\"width\":1024,\"height\":683},{\"@type\":\"BreadcrumbList\",\"@id\":\"https:\/\/www.ralarsa.com\/ca\/reparar-cristal-de-forma-sostenible\/#breadcrumb\",\"itemListElement\":[{\"@type\":\"ListItem\",\"position\":1,\"name\":\"Portada\",\"item\":\"https:\/\/www.ralarsa.com\/ca\/ralarsa-2\/\"},{\"@type\":\"ListItem\",\"position\":2,\"name\":\"Reparar cristal de forma sostenible con Ralarsa\"}]},{\"@type\":\"WebSite\",\"@id\":\"https:\/\/www.ralarsa.com\/ca\/#website\",\"url\":\"https:\/\/www.ralarsa.com\/ca\/\",\"name\":\"Ralarsa\",\"description\":\"\",\"publisher\":{\"@id\":\"https:\/\/www.ralarsa.com\/ca\/#organization\"},\"potentialAction\":[{\"@type\":\"SearchAction\",\"target\":{\"@type\":\"EntryPoint\",\"urlTemplate\":\"https:\/\/www.ralarsa.com\/ca\/?s={search_term_string}\"},\"query-input\":{\"@type\":\"PropertyValueSpecification\",\"valueRequired\":true,\"valueName\":\"search_term_string\"}}],\"inLanguage\":\"ca\"},{\"@type\":\"Organization\",\"@id\":\"https:\/\/www.ralarsa.com\/ca\/#organization\",\"name\":\"Ralarsa\",\"url\":\"https:\/\/www.ralarsa.com\/ca\/\",\"logo\":{\"@type\":\"ImageObject\",\"inLanguage\":\"ca\",\"@id\":\"https:\/\/www.ralarsa.com\/ca\/#\/schema\/logo\/image\/\",\"url\":\"https:\/\/ralarsa.s3.eu-central-1.amazonaws.com\/wp-content\/uploads\/2025\/04\/logo-ralarsa.png\",\"contentUrl\":\"https:\/\/ralarsa.s3.eu-central-1.amazonaws.com\/wp-content\/uploads\/2025\/04\/logo-ralarsa.png\",\"width\":1192,\"height\":412,\"caption\":\"Ralarsa\"},\"image\":{\"@id\":\"https:\/\/www.ralarsa.com\/ca\/#\/schema\/logo\/image\/\"}},{\"@type\":\"Person\",\"@id\":\"https:\/\/www.ralarsa.com\/es\/#\/schema\/person\/cc6cd8ee6652131e9e8872b5cb9424fb\",\"name\":\"ralarsa_admin\",\"image\":{\"@type\":\"ImageObject\",\"inLanguage\":\"ca\",\"@id\":\"https:\/\/www.ralarsa.com\/ca\/#\/schema\/person\/image\/\",\"url\":\"https:\/\/secure.gravatar.com\/avatar\/a74fd8d2062d4dc1f2f251438977288d50eb8ca5b4735594bcad2f5016833f49?s=96&d=mm&r=g\",\"contentUrl\":\"https:\/\/secure.gravatar.com\/avatar\/a74fd8d2062d4dc1f2f251438977288d50eb8ca5b4735594bcad2f5016833f49?s=96&d=mm&r=g\",\"caption\":\"ralarsa_admin\"},\"sameAs\":[\"https:\/\/www-pre.ralarsa.com\"]}]}<\/script>\n<!-- \/ Yoast SEO Premium plugin. -->","yoast_head_json":{"title":"Reparar vidre de manera sostenible amb Ralarsa - Ralarsa","description":"Sabies que un dels nostres pilars \u00e9s oferir serveis de manera sostenible? Coneix m\u00e9s sobre Ralarsa a la nostra web!","robots":{"index":"index","follow":"follow","max-snippet":"max-snippet:-1","max-image-preview":"max-image-preview:large","max-video-preview":"max-video-preview:-1"},"canonical":"https:\/\/www.ralarsa.com\/ca\/reparar-cristal-de-forma-sostenible\/","og_locale":"ca_ES","og_type":"article","og_title":"Reparar vidre de manera sostenible amb Ralarsa","og_description":"Sabies que un dels nostres pilars \u00e9s oferir serveis de manera sostenible? Coneix m\u00e9s sobre Ralarsa a la nostra web!","og_url":"https:\/\/www.ralarsa.com\/ca\/reparar-cristal-de-forma-sostenible\/","og_site_name":"Ralarsa","article_published_time":"2023-07-05T00:00:00+00:00","article_modified_time":"2025-09-16T16:42:23+00:00","og_image":[{"width":1024,"height":683,"url":"https:\/\/ralarsa.s3.eu-central-1.amazonaws.com\/wp-content\/uploads\/2025\/03\/13398.jpeg","type":"image\/jpeg"}],"author":"ralarsa_admin","twitter_card":"summary_large_image","twitter_misc":{"Escrit per":"ralarsa_admin","Temps estimat de lectura":"3 minuts"},"schema":{"@context":"https:\/\/schema.org","@graph":[{"@type":"Article","@id":"https:\/\/www.ralarsa.com\/es\/reparar-cristal-de-forma-sostenible\/#article","isPartOf":{"@id":"https:\/\/www.ralarsa.com\/es\/reparar-cristal-de-forma-sostenible\/"},"author":{"name":"ralarsa_admin","@id":"https:\/\/www.ralarsa.com\/es\/#\/schema\/person\/cc6cd8ee6652131e9e8872b5cb9424fb"},"headline":"Reparar vidre de manera sostenible amb Ralarsa","datePublished":"2023-07-05T00:00:00+00:00","dateModified":"2025-09-16T16:42:23+00:00","mainEntityOfPage":{"@id":"https:\/\/www.ralarsa.com\/es\/reparar-cristal-de-forma-sostenible\/"},"wordCount":1714,"commentCount":0,"publisher":{"@id":"https:\/\/www.ralarsa.com\/es\/#organization"},"image":{"@id":"https:\/\/www.ralarsa.com\/es\/reparar-cristal-de-forma-sostenible\/#primaryimage"},"thumbnailUrl":"https:\/\/d2oyvx818ubhz6.cloudfront.net\/wp-content\/uploads\/2025\/03\/13398.jpeg","keywords":["ok"],"articleSection":["Informaci\u00f3"],"inLanguage":"ca","potentialAction":[{"@type":"CommentAction","name":"Comment","target":["https:\/\/www.ralarsa.com\/es\/reparar-cristal-de-forma-sostenible\/#respond"]}]},{"@type":"WebPage","@id":"https:\/\/www.ralarsa.com\/ca\/reparar-cristal-de-forma-sostenible\/","url":"https:\/\/www.ralarsa.com\/ca\/reparar-cristal-de-forma-sostenible\/","name":"Reparar vidre de manera sostenible amb Ralarsa - Ralarsa","isPartOf":{"@id":"https:\/\/www.ralarsa.com\/ca\/#website"},"primaryImageOfPage":{"@id":"https:\/\/www.ralarsa.com\/ca\/reparar-cristal-de-forma-sostenible\/#primaryimage"},"image":{"@id":"https:\/\/www.ralarsa.com\/es\/reparar-cristal-de-forma-sostenible\/#primaryimage"},"thumbnailUrl":"https:\/\/d2oyvx818ubhz6.cloudfront.net\/wp-content\/uploads\/2025\/03\/13398.jpeg","datePublished":"2023-07-05T00:00:00+00:00","dateModified":"2025-09-16T16:42:23+00:00","description":"Sabies que un dels nostres pilars \u00e9s oferir serveis de manera sostenible? Coneix m\u00e9s sobre Ralarsa a la nostra web!","breadcrumb":{"@id":"https:\/\/www.ralarsa.com\/ca\/reparar-cristal-de-forma-sostenible\/#breadcrumb"},"inLanguage":"ca","potentialAction":[{"@type":"ReadAction","target":[["https:\/\/www.ralarsa.com\/ca\/reparar-cristal-de-forma-sostenible\/"]]}]},{"@type":"ImageObject","inLanguage":"ca","@id":"https:\/\/www.ralarsa.com\/ca\/reparar-cristal-de-forma-sostenible\/#primaryimage","url":"https:\/\/d2oyvx818ubhz6.cloudfront.net\/wp-content\/uploads\/2025\/03\/13398.jpeg","contentUrl":"https:\/\/d2oyvx818ubhz6.cloudfront.net\/wp-content\/uploads\/2025\/03\/13398.jpeg","width":1024,"height":683},{"@type":"BreadcrumbList","@id":"https:\/\/www.ralarsa.com\/ca\/reparar-cristal-de-forma-sostenible\/#breadcrumb","itemListElement":[{"@type":"ListItem","position":1,"name":"Portada","item":"https:\/\/www.ralarsa.com\/ca\/ralarsa-2\/"},{"@type":"ListItem","position":2,"name":"Reparar cristal de forma sostenible con Ralarsa"}]},{"@type":"WebSite","@id":"https:\/\/www.ralarsa.com\/ca\/#website","url":"https:\/\/www.ralarsa.com\/ca\/","name":"Ralarsa","description":"","publisher":{"@id":"https:\/\/www.ralarsa.com\/ca\/#organization"},"potentialAction":[{"@type":"SearchAction","target":{"@type":"EntryPoint","urlTemplate":"https:\/\/www.ralarsa.com\/ca\/?s={search_term_string}"},"query-input":{"@type":"PropertyValueSpecification","valueRequired":true,"valueName":"search_term_string"}}],"inLanguage":"ca"},{"@type":"Organization","@id":"https:\/\/www.ralarsa.com\/ca\/#organization","name":"Ralarsa","url":"https:\/\/www.ralarsa.com\/ca\/","logo":{"@type":"ImageObject","inLanguage":"ca","@id":"https:\/\/www.ralarsa.com\/ca\/#\/schema\/logo\/image\/","url":"https:\/\/ralarsa.s3.eu-central-1.amazonaws.com\/wp-content\/uploads\/2025\/04\/logo-ralarsa.png","contentUrl":"https:\/\/ralarsa.s3.eu-central-1.amazonaws.com\/wp-content\/uploads\/2025\/04\/logo-ralarsa.png","width":1192,"height":412,"caption":"Ralarsa"},"image":{"@id":"https:\/\/www.ralarsa.com\/ca\/#\/schema\/logo\/image\/"}},{"@type":"Person","@id":"https:\/\/www.ralarsa.com\/es\/#\/schema\/person\/cc6cd8ee6652131e9e8872b5cb9424fb","name":"ralarsa_admin","image":{"@type":"ImageObject","inLanguage":"ca","@id":"https:\/\/www.ralarsa.com\/ca\/#\/schema\/person\/image\/","url":"https:\/\/secure.gravatar.com\/avatar\/a74fd8d2062d4dc1f2f251438977288d50eb8ca5b4735594bcad2f5016833f49?s=96&d=mm&r=g","contentUrl":"https:\/\/secure.gravatar.com\/avatar\/a74fd8d2062d4dc1f2f251438977288d50eb8ca5b4735594bcad2f5016833f49?s=96&d=mm&r=g","caption":"ralarsa_admin"},"sameAs":["https:\/\/www-pre.ralarsa.com"]}]}},"_links":{"self":[{"href":"https:\/\/www.ralarsa.com\/ca\/wp-json\/wp\/v2\/posts\/1918","targetHints":{"allow":["GET"]}}],"collection":[{"href":"https:\/\/www.ralarsa.com\/ca\/wp-json\/wp\/v2\/posts"}],"about":[{"href":"https:\/\/www.ralarsa.com\/ca\/wp-json\/wp\/v2\/types\/post"}],"author":[{"embeddable":true,"href":"https:\/\/www.ralarsa.com\/ca\/wp-json\/wp\/v2\/users\/1"}],"replies":[{"embeddable":true,"href":"https:\/\/www.ralarsa.com\/ca\/wp-json\/wp\/v2\/comments?post=1918"}],"version-history":[{"count":2,"href":"https:\/\/www.ralarsa.com\/ca\/wp-json\/wp\/v2\/posts\/1918\/revisions"}],"predecessor-version":[{"id":5373,"href":"https:\/\/www.ralarsa.com\/ca\/wp-json\/wp\/v2\/posts\/1918\/revisions\/5373"}],"wp:featuredmedia":[{"embeddable":true,"href":"https:\/\/www.ralarsa.com\/ca\/wp-json\/wp\/v2\/media\/2416"}],"wp:attachment":[{"href":"https:\/\/www.ralarsa.com\/ca\/wp-json\/wp\/v2\/media?parent=1918"}],"wp:term":[{"taxonomy":"category","embeddable":true,"href":"https:\/\/www.ralarsa.com\/ca\/wp-json\/wp\/v2\/categories?post=1918"},{"taxonomy":"post_tag","embeddable":true,"href":"https:\/\/www.ralarsa.com\/ca\/wp-json\/wp\/v2\/tags?post=1918"}],"curies":[{"name":"wp","href":"https:\/\/api.w.org\/{rel}","templated":true}]}}