{"id":1944,"date":"2024-03-05T00:00:00","date_gmt":"2024-03-05T00:00:00","guid":{"rendered":"https:\/\/www.ralarsa.com\/etiqueta-ambiental-dgt-importancia\/"},"modified":"2025-09-10T15:45:46","modified_gmt":"2025-09-10T14:45:46","slug":"etiqueta-ambiental-dgt-importancia","status":"publish","type":"post","link":"https:\/\/www.ralarsa.com\/ca\/etiqueta-ambiental-dgt-importancia\/","title":{"rendered":"La import\u00e0ncia de l\u2019etiqueta ambiental DGT"},"content":{"rendered":"<p><span style=\"font-weight: 400;\">La mobilitat sostenible s&#8217;ha convertit en fonamental per a abordar el canvi clim\u00e0tic i millorar la qualitat de vida a les nostres ciutats. Per aix\u00f2, la Direcci\u00f3 General de Tr\u00e0nsit (DGT) ha implementat l&#8217;Etiqueta Ambiental, una iniciativa que busca fomentar la utilitzaci\u00f3 de vehicles m\u00e9s respectuosos amb el medi ambient i reduir les emissions contaminants.\u00a0<\/span><\/p>\n<p><span style=\"font-weight: 400;\">A continuaci\u00f3, et presentem tot el que has de saber sobre l&#8217;etiqueta ambiental de la DGT i com con\u00e8ixer quin ha de portar el teu vehicle, posant l&#8217;accent en la import\u00e0ncia de la sostenibilitat en la reparaci\u00f3 de llunes, el canvi de llunes cotxe en el nostre <\/span><a href=\"..\/..\/ca\/\"><strong>taller de cristalls per a autom\u00f2bils<\/strong><\/a><span style=\"font-weight: 400;\">, per a tractar de reduir les emissions nocives per al medi ambient.\u00a0<\/span><\/p>\n<h2><span style=\"font-weight: 400;\">Qu\u00e8 \u00e9s i per a qu\u00e8 serveix l\u2019etiqueta ambiental DGT?<\/span><\/h2>\n<p><span style=\"font-weight: 400;\">Aquest distintiu ambiental t\u00e9 l&#8217;objectiu de classificar els vehicles mitjan\u00e7ant els seus nivells d&#8217;emissions contaminants i el seu impacte ambiental. \u00c9s una classificaci\u00f3 mitjan\u00e7ant un adhesiu, de diferents colors i lletres, que permeten a uns certs vehicles entrar en zones de la ciutat amb una major concentraci\u00f3 de contaminaci\u00f3, promovent aix\u00ed l&#8217;elecci\u00f3 d&#8217;opcions m\u00e9s netes i eficients.\u00a0<\/span><\/p>\n<p><span style=\"font-weight: 400;\">L&#8217;etiqueta ambiental de la DGT, no sols proporciona informaci\u00f3 sobre les emissions d&#8217;un vehicle, sin\u00f3 que tamb\u00e9 confereix diversos beneficis i restriccions en determinades zones. Les ciutats i municipis poden incentivar l&#8217;acc\u00e9s i estacionament de vehicles amb etiquetes m\u00e9s netes, al mateix temps que restringeixen la circulaci\u00f3 d&#8217;aquells amb etiquetes de major impacte ambiental.\u00a0<\/span><\/p>\n<p><span style=\"font-weight: 400;\">La DGT ha establert quatre categories principals d&#8217;etiquetes ambientals, cadascuna identificada per un color i un distintiu gr\u00e0fic:<\/span><\/p>\n<p><strong>Etiqueta zero (blava)<\/strong><span style=\"font-weight: 400;\">. Vehicles el\u00e8ctrics, h\u00edbrids endollables amb autonomia el\u00e8ctrica m\u00ednima, i aquells que utilitzin gas natural o gas liquat del petroli (GLP) com a combustible.\u00a0<\/span><\/p>\n<p><strong>Etiqueta eco (verda i blava)<\/strong><span style=\"font-weight: 400;\">. Vehicles h\u00edbrids no endollables, aquells propulsats per gasolina o di\u00e8sel amb l&#8217;etiqueta ECO de la DGT, i aquells que utilitzin gas natural o GLP.\u00a0<\/span><\/p>\n<p><strong>Etiqueta C (groga)<\/strong><span style=\"font-weight: 400;\">. Vehicles amb motor de gasolina matriculats a partir de gener de 2006 i di\u00e8sel a partir de 2014. Tamb\u00e9 inclou alguns vehicles h\u00edbrids i propulsats per gas.\u00a0<\/span><\/p>\n<p><strong>Etiqueta B (vermella)<\/strong><span style=\"font-weight: 400;\">. Vehicles de gasolina matriculats a partir de gener de 2000 i di\u00e8sel a partir de gener de 2006.\u00a0<\/span><\/p>\n<h2><span style=\"font-weight: 400;\">Com saber quina etiqueta ambiental porta el teu cotxe?<\/span><\/h2>\n<p><span style=\"font-weight: 400;\">L&#8217;etiqueta ambiental de la DGT \u00e9s essencial per a comprendre l&#8217;impacte ambiental del nostre vehicle. Per a con\u00e8ixer que etiqueta hem de portar, haurem de revisar el nostre perm\u00eds de circulaci\u00f3 del vehicle, on es detallen les emissions i tipus de combustible, aix\u00ed com la data de matriculaci\u00f3. La fitxa t\u00e8cnica del vehicle tamb\u00e9 ofereix informaci\u00f3 crucial sobre les emissions i el tipus de motor.\u00a0<\/span><\/p>\n<p><span style=\"font-weight: 400;\">A m\u00e9s, la DGT proporciona eines en l\u00ednia i aplicacions m\u00f2bils per a verificar l&#8217;etiqueta ambiental. Ingressant dades com la matr\u00edcula i tipus de combustible, es pot obtenir la classificaci\u00f3 corresponent. Aix\u00ed mateix, els informes de la inspecci\u00f3 t\u00e8cnica de vehicles (ITV), tamb\u00e9 contenen detalls sobre les emissions i el tipus de vehicle.<\/span><\/p>\n<h2><span style=\"font-weight: 400;\">Reparaci\u00f3 de vidres sostenible a Ralarsa<\/span><\/h2>\n<p><span style=\"font-weight: 400;\">A Ralarsa prioritzem la reparaci\u00f3 davant el <\/span><a href=\"..\/..\/ca\/blog\/substitucio-vidres-cotxe-impacte-mediambiental\"><strong>canvi de vidres cotxe<\/strong><\/a><span style=\"font-weight: 400;\">, contribuint aix\u00ed a la reducci\u00f3 de residus i emissions perjudicials per al medi ambient. L&#8217;atenci\u00f3 especialitzada del nostre taller de cristalls per a autom\u00f2bils reflecteix aquest comprom\u00eds amb la sostenibilitat, oferint-te solucions que preserven la vida \u00fatil dels teus cristalls i evitant innecessaris canvis.<\/span><\/p>\n<p><span style=\"font-weight: 400;\">\u00c9s rellevant destacar que, quan es tracta de danys en el parabrisa, avaluem amb cura cada situaci\u00f3. Si l&#8217;impacte en el teu parabrisa \u00e9s menor o igual a la grand\u00e0ria d&#8217;una moneda de dos euros, ens inclinarem cap a la reparaci\u00f3, sempre que sigui possible. Aquesta elecci\u00f3 no sols es tradueix en una soluci\u00f3 m\u00e9s econ\u00f2mica per a tu, sin\u00f3 que tamb\u00e9 representa una opci\u00f3 per a preservar el medi ambient. Gaudeix de la sostenibilitat que t&#8217;oferim en cada pas del nostre servei de reparaci\u00f3 de llunes!\u00a0<\/span><\/p>","protected":false},"excerpt":{"rendered":"La mobilitat sostenible s&#8217;ha convertit en fonamental per a abordar el canvi clim\u00e0tic i millorar la qualitat de vida a les nostres ciutats. Per aix\u00f2, la Direcci\u00f3 General de Tr\u00e0nsit (DGT) ha implementat l&#8217;Etiqueta Ambiental, una iniciativa que busca fomentar la utilitzaci\u00f3 de vehicles m\u00e9s respectuosos amb el medi ambient i reduir les emissions contaminants.\u00a0&#8230;","protected":false},"author":1,"featured_media":2441,"comment_status":"open","ping_status":"open","sticky":false,"template":"","format":"standard","meta":{"_acf_changed":false,"inline_featured_image":false,"footnotes":""},"categories":[1],"tags":[15],"class_list":["post-1944","post","type-post","status-publish","format-standard","has-post-thumbnail","hentry","category-uncategorized","tag-ok"],"acf":[],"yoast_head":"<!-- This site is optimized with the Yoast SEO Premium plugin v25.3 (Yoast SEO v26.7) - https:\/\/yoast.com\/wordpress\/plugins\/seo\/ -->\n<title>La import\u00e0ncia de l\u2019etiqueta ambiental DGT - Ralarsa<\/title>\n<meta name=\"description\" content=\"Saps per qu\u00e8 \u00e9s important comptar amb l&#039;etiqueta ambiental DGT? T&#039;ho expliquem en aquest post, de la m\u00e0 del taller de vidres especialista Ralarsa. T&#039;esperem!\" \/>\n<meta name=\"robots\" content=\"index, follow, max-snippet:-1, max-image-preview:large, max-video-preview:-1\" \/>\n<link rel=\"canonical\" href=\"https:\/\/www.ralarsa.com\/ca\/etiqueta-ambiental-dgt-importancia\/\" \/>\n<meta property=\"og:locale\" content=\"ca_ES\" \/>\n<meta property=\"og:type\" content=\"article\" \/>\n<meta property=\"og:title\" content=\"La import\u00e0ncia de l\u2019etiqueta ambiental DGT\" \/>\n<meta property=\"og:description\" content=\"Saps per qu\u00e8 \u00e9s important comptar amb l&#039;etiqueta ambiental DGT? T&#039;ho expliquem en aquest post, de la m\u00e0 del taller de vidres especialista Ralarsa. T&#039;esperem!\" \/>\n<meta property=\"og:url\" content=\"https:\/\/www.ralarsa.com\/ca\/etiqueta-ambiental-dgt-importancia\/\" \/>\n<meta property=\"og:site_name\" content=\"Ralarsa\" \/>\n<meta property=\"article:published_time\" content=\"2024-03-05T00:00:00+00:00\" \/>\n<meta property=\"article:modified_time\" content=\"2025-09-10T14:45:46+00:00\" \/>\n<meta property=\"og:image\" content=\"https:\/\/ralarsa.s3.eu-central-1.amazonaws.com\/wp-content\/uploads\/2025\/03\/18817.jpeg\" \/>\n\t<meta property=\"og:image:width\" content=\"1024\" \/>\n\t<meta property=\"og:image:height\" content=\"683\" \/>\n\t<meta property=\"og:image:type\" content=\"image\/jpeg\" \/>\n<meta name=\"author\" content=\"ralarsa_admin\" \/>\n<meta name=\"twitter:card\" content=\"summary_large_image\" \/>\n<meta name=\"twitter:label1\" content=\"Escrit per\" \/>\n\t<meta name=\"twitter:data1\" content=\"ralarsa_admin\" \/>\n\t<meta name=\"twitter:label2\" content=\"Temps estimat de lectura\" \/>\n\t<meta name=\"twitter:data2\" content=\"4 minuts\" \/>\n<script type=\"application\/ld+json\" class=\"yoast-schema-graph\">{\"@context\":\"https:\/\/schema.org\",\"@graph\":[{\"@type\":\"Article\",\"@id\":\"https:\/\/www.ralarsa.com\/es\/etiqueta-ambiental-dgt-importancia\/#article\",\"isPartOf\":{\"@id\":\"https:\/\/www.ralarsa.com\/es\/etiqueta-ambiental-dgt-importancia\/\"},\"author\":{\"name\":\"ralarsa_admin\",\"@id\":\"https:\/\/www.ralarsa.com\/es\/#\/schema\/person\/cc6cd8ee6652131e9e8872b5cb9424fb\"},\"headline\":\"La import\u00e0ncia de l\u2019etiqueta ambiental DGT\",\"datePublished\":\"2024-03-05T00:00:00+00:00\",\"dateModified\":\"2025-09-10T14:45:46+00:00\",\"mainEntityOfPage\":{\"@id\":\"https:\/\/www.ralarsa.com\/es\/etiqueta-ambiental-dgt-importancia\/\"},\"wordCount\":1974,\"commentCount\":0,\"publisher\":{\"@id\":\"https:\/\/www.ralarsa.com\/es\/#organization\"},\"image\":{\"@id\":\"https:\/\/www.ralarsa.com\/es\/etiqueta-ambiental-dgt-importancia\/#primaryimage\"},\"thumbnailUrl\":\"https:\/\/d2oyvx818ubhz6.cloudfront.net\/wp-content\/uploads\/2025\/03\/18817.jpeg\",\"keywords\":[\"ok\"],\"articleSection\":[\"Informaci\u00f3\"],\"inLanguage\":\"ca\",\"potentialAction\":[{\"@type\":\"CommentAction\",\"name\":\"Comment\",\"target\":[\"https:\/\/www.ralarsa.com\/es\/etiqueta-ambiental-dgt-importancia\/#respond\"]}]},{\"@type\":\"WebPage\",\"@id\":\"https:\/\/www.ralarsa.com\/ca\/etiqueta-ambiental-dgt-importancia\/\",\"url\":\"https:\/\/www.ralarsa.com\/ca\/etiqueta-ambiental-dgt-importancia\/\",\"name\":\"La import\u00e0ncia de l\u2019etiqueta ambiental DGT - Ralarsa\",\"isPartOf\":{\"@id\":\"https:\/\/www.ralarsa.com\/ca\/#website\"},\"primaryImageOfPage\":{\"@id\":\"https:\/\/www.ralarsa.com\/ca\/etiqueta-ambiental-dgt-importancia\/#primaryimage\"},\"image\":{\"@id\":\"https:\/\/www.ralarsa.com\/es\/etiqueta-ambiental-dgt-importancia\/#primaryimage\"},\"thumbnailUrl\":\"https:\/\/d2oyvx818ubhz6.cloudfront.net\/wp-content\/uploads\/2025\/03\/18817.jpeg\",\"datePublished\":\"2024-03-05T00:00:00+00:00\",\"dateModified\":\"2025-09-10T14:45:46+00:00\",\"description\":\"Saps per qu\u00e8 \u00e9s important comptar amb l'etiqueta ambiental DGT? T'ho expliquem en aquest post, de la m\u00e0 del taller de vidres especialista Ralarsa. T'esperem!\",\"breadcrumb\":{\"@id\":\"https:\/\/www.ralarsa.com\/ca\/etiqueta-ambiental-dgt-importancia\/#breadcrumb\"},\"inLanguage\":\"ca\",\"potentialAction\":[{\"@type\":\"ReadAction\",\"target\":[[\"https:\/\/www.ralarsa.com\/ca\/etiqueta-ambiental-dgt-importancia\/\"]]}]},{\"@type\":\"ImageObject\",\"inLanguage\":\"ca\",\"@id\":\"https:\/\/www.ralarsa.com\/ca\/etiqueta-ambiental-dgt-importancia\/#primaryimage\",\"url\":\"https:\/\/d2oyvx818ubhz6.cloudfront.net\/wp-content\/uploads\/2025\/03\/18817.jpeg\",\"contentUrl\":\"https:\/\/d2oyvx818ubhz6.cloudfront.net\/wp-content\/uploads\/2025\/03\/18817.jpeg\",\"width\":1024,\"height\":683},{\"@type\":\"BreadcrumbList\",\"@id\":\"https:\/\/www.ralarsa.com\/ca\/etiqueta-ambiental-dgt-importancia\/#breadcrumb\",\"itemListElement\":[{\"@type\":\"ListItem\",\"position\":1,\"name\":\"Portada\",\"item\":\"https:\/\/www.ralarsa.com\/ca\/ralarsa-2\/\"},{\"@type\":\"ListItem\",\"position\":2,\"name\":\"La importancia de la etiqueta ambiental DGT\"}]},{\"@type\":\"WebSite\",\"@id\":\"https:\/\/www.ralarsa.com\/ca\/#website\",\"url\":\"https:\/\/www.ralarsa.com\/ca\/\",\"name\":\"Ralarsa\",\"description\":\"\",\"publisher\":{\"@id\":\"https:\/\/www.ralarsa.com\/ca\/#organization\"},\"potentialAction\":[{\"@type\":\"SearchAction\",\"target\":{\"@type\":\"EntryPoint\",\"urlTemplate\":\"https:\/\/www.ralarsa.com\/ca\/?s={search_term_string}\"},\"query-input\":{\"@type\":\"PropertyValueSpecification\",\"valueRequired\":true,\"valueName\":\"search_term_string\"}}],\"inLanguage\":\"ca\"},{\"@type\":\"Organization\",\"@id\":\"https:\/\/www.ralarsa.com\/ca\/#organization\",\"name\":\"Ralarsa\",\"url\":\"https:\/\/www.ralarsa.com\/ca\/\",\"logo\":{\"@type\":\"ImageObject\",\"inLanguage\":\"ca\",\"@id\":\"https:\/\/www.ralarsa.com\/ca\/#\/schema\/logo\/image\/\",\"url\":\"https:\/\/ralarsa.s3.eu-central-1.amazonaws.com\/wp-content\/uploads\/2025\/04\/logo-ralarsa.png\",\"contentUrl\":\"https:\/\/ralarsa.s3.eu-central-1.amazonaws.com\/wp-content\/uploads\/2025\/04\/logo-ralarsa.png\",\"width\":1192,\"height\":412,\"caption\":\"Ralarsa\"},\"image\":{\"@id\":\"https:\/\/www.ralarsa.com\/ca\/#\/schema\/logo\/image\/\"}},{\"@type\":\"Person\",\"@id\":\"https:\/\/www.ralarsa.com\/es\/#\/schema\/person\/cc6cd8ee6652131e9e8872b5cb9424fb\",\"name\":\"ralarsa_admin\",\"image\":{\"@type\":\"ImageObject\",\"inLanguage\":\"ca\",\"@id\":\"https:\/\/www.ralarsa.com\/ca\/#\/schema\/person\/image\/\",\"url\":\"https:\/\/secure.gravatar.com\/avatar\/a74fd8d2062d4dc1f2f251438977288d50eb8ca5b4735594bcad2f5016833f49?s=96&d=mm&r=g\",\"contentUrl\":\"https:\/\/secure.gravatar.com\/avatar\/a74fd8d2062d4dc1f2f251438977288d50eb8ca5b4735594bcad2f5016833f49?s=96&d=mm&r=g\",\"caption\":\"ralarsa_admin\"},\"sameAs\":[\"https:\/\/www-pre.ralarsa.com\"]}]}<\/script>\n<!-- \/ Yoast SEO Premium plugin. -->","yoast_head_json":{"title":"La import\u00e0ncia de l\u2019etiqueta ambiental DGT - Ralarsa","description":"Saps per qu\u00e8 \u00e9s important comptar amb l'etiqueta ambiental DGT? T'ho expliquem en aquest post, de la m\u00e0 del taller de vidres especialista Ralarsa. T'esperem!","robots":{"index":"index","follow":"follow","max-snippet":"max-snippet:-1","max-image-preview":"max-image-preview:large","max-video-preview":"max-video-preview:-1"},"canonical":"https:\/\/www.ralarsa.com\/ca\/etiqueta-ambiental-dgt-importancia\/","og_locale":"ca_ES","og_type":"article","og_title":"La import\u00e0ncia de l\u2019etiqueta ambiental DGT","og_description":"Saps per qu\u00e8 \u00e9s important comptar amb l'etiqueta ambiental DGT? T'ho expliquem en aquest post, de la m\u00e0 del taller de vidres especialista Ralarsa. T'esperem!","og_url":"https:\/\/www.ralarsa.com\/ca\/etiqueta-ambiental-dgt-importancia\/","og_site_name":"Ralarsa","article_published_time":"2024-03-05T00:00:00+00:00","article_modified_time":"2025-09-10T14:45:46+00:00","og_image":[{"width":1024,"height":683,"url":"https:\/\/ralarsa.s3.eu-central-1.amazonaws.com\/wp-content\/uploads\/2025\/03\/18817.jpeg","type":"image\/jpeg"}],"author":"ralarsa_admin","twitter_card":"summary_large_image","twitter_misc":{"Escrit per":"ralarsa_admin","Temps estimat de lectura":"4 minuts"},"schema":{"@context":"https:\/\/schema.org","@graph":[{"@type":"Article","@id":"https:\/\/www.ralarsa.com\/es\/etiqueta-ambiental-dgt-importancia\/#article","isPartOf":{"@id":"https:\/\/www.ralarsa.com\/es\/etiqueta-ambiental-dgt-importancia\/"},"author":{"name":"ralarsa_admin","@id":"https:\/\/www.ralarsa.com\/es\/#\/schema\/person\/cc6cd8ee6652131e9e8872b5cb9424fb"},"headline":"La import\u00e0ncia de l\u2019etiqueta ambiental DGT","datePublished":"2024-03-05T00:00:00+00:00","dateModified":"2025-09-10T14:45:46+00:00","mainEntityOfPage":{"@id":"https:\/\/www.ralarsa.com\/es\/etiqueta-ambiental-dgt-importancia\/"},"wordCount":1974,"commentCount":0,"publisher":{"@id":"https:\/\/www.ralarsa.com\/es\/#organization"},"image":{"@id":"https:\/\/www.ralarsa.com\/es\/etiqueta-ambiental-dgt-importancia\/#primaryimage"},"thumbnailUrl":"https:\/\/d2oyvx818ubhz6.cloudfront.net\/wp-content\/uploads\/2025\/03\/18817.jpeg","keywords":["ok"],"articleSection":["Informaci\u00f3"],"inLanguage":"ca","potentialAction":[{"@type":"CommentAction","name":"Comment","target":["https:\/\/www.ralarsa.com\/es\/etiqueta-ambiental-dgt-importancia\/#respond"]}]},{"@type":"WebPage","@id":"https:\/\/www.ralarsa.com\/ca\/etiqueta-ambiental-dgt-importancia\/","url":"https:\/\/www.ralarsa.com\/ca\/etiqueta-ambiental-dgt-importancia\/","name":"La import\u00e0ncia de l\u2019etiqueta ambiental DGT - Ralarsa","isPartOf":{"@id":"https:\/\/www.ralarsa.com\/ca\/#website"},"primaryImageOfPage":{"@id":"https:\/\/www.ralarsa.com\/ca\/etiqueta-ambiental-dgt-importancia\/#primaryimage"},"image":{"@id":"https:\/\/www.ralarsa.com\/es\/etiqueta-ambiental-dgt-importancia\/#primaryimage"},"thumbnailUrl":"https:\/\/d2oyvx818ubhz6.cloudfront.net\/wp-content\/uploads\/2025\/03\/18817.jpeg","datePublished":"2024-03-05T00:00:00+00:00","dateModified":"2025-09-10T14:45:46+00:00","description":"Saps per qu\u00e8 \u00e9s important comptar amb l'etiqueta ambiental DGT? T'ho expliquem en aquest post, de la m\u00e0 del taller de vidres especialista Ralarsa. T'esperem!","breadcrumb":{"@id":"https:\/\/www.ralarsa.com\/ca\/etiqueta-ambiental-dgt-importancia\/#breadcrumb"},"inLanguage":"ca","potentialAction":[{"@type":"ReadAction","target":[["https:\/\/www.ralarsa.com\/ca\/etiqueta-ambiental-dgt-importancia\/"]]}]},{"@type":"ImageObject","inLanguage":"ca","@id":"https:\/\/www.ralarsa.com\/ca\/etiqueta-ambiental-dgt-importancia\/#primaryimage","url":"https:\/\/d2oyvx818ubhz6.cloudfront.net\/wp-content\/uploads\/2025\/03\/18817.jpeg","contentUrl":"https:\/\/d2oyvx818ubhz6.cloudfront.net\/wp-content\/uploads\/2025\/03\/18817.jpeg","width":1024,"height":683},{"@type":"BreadcrumbList","@id":"https:\/\/www.ralarsa.com\/ca\/etiqueta-ambiental-dgt-importancia\/#breadcrumb","itemListElement":[{"@type":"ListItem","position":1,"name":"Portada","item":"https:\/\/www.ralarsa.com\/ca\/ralarsa-2\/"},{"@type":"ListItem","position":2,"name":"La importancia de la etiqueta ambiental DGT"}]},{"@type":"WebSite","@id":"https:\/\/www.ralarsa.com\/ca\/#website","url":"https:\/\/www.ralarsa.com\/ca\/","name":"Ralarsa","description":"","publisher":{"@id":"https:\/\/www.ralarsa.com\/ca\/#organization"},"potentialAction":[{"@type":"SearchAction","target":{"@type":"EntryPoint","urlTemplate":"https:\/\/www.ralarsa.com\/ca\/?s={search_term_string}"},"query-input":{"@type":"PropertyValueSpecification","valueRequired":true,"valueName":"search_term_string"}}],"inLanguage":"ca"},{"@type":"Organization","@id":"https:\/\/www.ralarsa.com\/ca\/#organization","name":"Ralarsa","url":"https:\/\/www.ralarsa.com\/ca\/","logo":{"@type":"ImageObject","inLanguage":"ca","@id":"https:\/\/www.ralarsa.com\/ca\/#\/schema\/logo\/image\/","url":"https:\/\/ralarsa.s3.eu-central-1.amazonaws.com\/wp-content\/uploads\/2025\/04\/logo-ralarsa.png","contentUrl":"https:\/\/ralarsa.s3.eu-central-1.amazonaws.com\/wp-content\/uploads\/2025\/04\/logo-ralarsa.png","width":1192,"height":412,"caption":"Ralarsa"},"image":{"@id":"https:\/\/www.ralarsa.com\/ca\/#\/schema\/logo\/image\/"}},{"@type":"Person","@id":"https:\/\/www.ralarsa.com\/es\/#\/schema\/person\/cc6cd8ee6652131e9e8872b5cb9424fb","name":"ralarsa_admin","image":{"@type":"ImageObject","inLanguage":"ca","@id":"https:\/\/www.ralarsa.com\/ca\/#\/schema\/person\/image\/","url":"https:\/\/secure.gravatar.com\/avatar\/a74fd8d2062d4dc1f2f251438977288d50eb8ca5b4735594bcad2f5016833f49?s=96&d=mm&r=g","contentUrl":"https:\/\/secure.gravatar.com\/avatar\/a74fd8d2062d4dc1f2f251438977288d50eb8ca5b4735594bcad2f5016833f49?s=96&d=mm&r=g","caption":"ralarsa_admin"},"sameAs":["https:\/\/www-pre.ralarsa.com"]}]}},"_links":{"self":[{"href":"https:\/\/www.ralarsa.com\/ca\/wp-json\/wp\/v2\/posts\/1944","targetHints":{"allow":["GET"]}}],"collection":[{"href":"https:\/\/www.ralarsa.com\/ca\/wp-json\/wp\/v2\/posts"}],"about":[{"href":"https:\/\/www.ralarsa.com\/ca\/wp-json\/wp\/v2\/types\/post"}],"author":[{"embeddable":true,"href":"https:\/\/www.ralarsa.com\/ca\/wp-json\/wp\/v2\/users\/1"}],"replies":[{"embeddable":true,"href":"https:\/\/www.ralarsa.com\/ca\/wp-json\/wp\/v2\/comments?post=1944"}],"version-history":[{"count":2,"href":"https:\/\/www.ralarsa.com\/ca\/wp-json\/wp\/v2\/posts\/1944\/revisions"}],"predecessor-version":[{"id":5270,"href":"https:\/\/www.ralarsa.com\/ca\/wp-json\/wp\/v2\/posts\/1944\/revisions\/5270"}],"wp:featuredmedia":[{"embeddable":true,"href":"https:\/\/www.ralarsa.com\/ca\/wp-json\/wp\/v2\/media\/2441"}],"wp:attachment":[{"href":"https:\/\/www.ralarsa.com\/ca\/wp-json\/wp\/v2\/media?parent=1944"}],"wp:term":[{"taxonomy":"category","embeddable":true,"href":"https:\/\/www.ralarsa.com\/ca\/wp-json\/wp\/v2\/categories?post=1944"},{"taxonomy":"post_tag","embeddable":true,"href":"https:\/\/www.ralarsa.com\/ca\/wp-json\/wp\/v2\/tags?post=1944"}],"curies":[{"name":"wp","href":"https:\/\/api.w.org\/{rel}","templated":true}]}}