{"id":1962,"date":"2025-01-13T00:00:00","date_gmt":"2025-01-13T00:00:00","guid":{"rendered":"https:\/\/www.ralarsa.com\/seguimos-creciendo-cary-group-se-expande-en-francia-con-la-adquisicion-de-123-pare-brise\/"},"modified":"2025-09-05T11:09:12","modified_gmt":"2025-09-05T10:09:12","slug":"seguimos-creciendo-cary-group-se-expande-en-francia-con-la-adquisicion-de-123-pare-brise","status":"publish","type":"post","link":"https:\/\/www.ralarsa.com\/ca\/123-pare-brise\/","title":{"rendered":"Continuem creixent. Cary Group s&#8217;expandeix a Fran\u00e7a amb l&#8217;adquisici\u00f3 de 123 Pare-Brise"},"content":{"rendered":"<p><\/p>\n<p class=\"ai-optimize-12 ai-optimize-introduction\">Cary Group, l\u00edder del mercat europeu en serveis de reparaci\u00f3 i substituci\u00f3 de vidres de vehicles (VGRR), ha signat un acord per adquirir el 51% de l&#8217;empresa francesa 123 Pare-Brise, especialista independent l\u00edder a VGRR a Fran\u00e7a.<\/p>\n<p class=\"ai-optimize-13\">Fundada el 2020 i amb seu a Marquette-lez-Lille i Bourgoin-Jallieu, 123 Pare-Brise opera una xarxa de 129 tallers propis a tot Fran\u00e7a. L&#8217;adquisici\u00f3 proporciona a Cary Group una entrada estrat\u00e8gica al mercat franc\u00e8s de VGRR, que t\u00e9 una mida i un potencial de creixement significatius. Com a actor l\u00edder al mercat franc\u00e8s, 123 Pare-Brise opera amb una xarxa totalment integrada de tallers i un model de negoci centrat en les vendes directes al consumidor. L&#8217;empresa utilitza gaireb\u00e9 900 empleats amb unes vendes totals d&#8217;aproximadament 100 milions d&#8217;euros.<\/p>\n<p class=\"ai-optimize-14\">&#8220;L&#8217;adquisici\u00f3 de 123 Pare-Brise \u00e9s una fita important per a Cary Group, ja que seguim ampliant la nostra pres\u00e8ncia a Europa. El mercat franc\u00e8s de reparaci\u00f3, substituci\u00f3 i calibratge de vidres de vehicles \u00e9s una part important del mercat europeu. L&#8217;adquisici\u00f3 de 123 Pare-Brise \u00e9s un pas natural en el nostre proc\u00e9s de consolidaci\u00f3 i enforteix la posici\u00f3 de Cary Group a Europa. el seu talent\u00f3s equip\u201d, afirma Anders Jensen, director executiu de Cary Group.<\/p>\n<p class=\"ai-optimize-15\">&#8220;Estem entusiasmats d\u00b4unir forces amb Cary Group, una empresa que comparteix el nostre comprom\u00eds amb la qualitat i la satisfacci\u00f3 del client. Aquesta associaci\u00f3 ens permetr\u00e0 aprofitar els recursos i l\u00b4experi\u00e8ncia de Cary Group per millorar encara m\u00e9s els nostres serveis i ampliar el nostre abast en el mercat franc\u00e8s&#8221;, afirmen Norbert Sibert, Alberic Benvingut i Ludovic Vaesken, fundadors de 123 Pare-Brise.<\/p>\n<p class=\"ai-optimize-16\">L&#8217;equip directiu actual de 123 Pare-Brise romandr\u00e0 als seus llocs per garantir la continu\u00eftat i impulsar el creixement de l&#8217;empresa despr\u00e9s de l&#8217;adquisici\u00f3.<\/p>\n<p class=\"ai-optimize-17\">L&#8217;estrat\u00e8gia d&#8217;adquisicions de Cary Group se centra en adquisicions de plataformes per entrar a nous mercats geogr\u00e0fics, adquisicions complement\u00e0ries per enfortir la seva pres\u00e8ncia als mercats existents i adquisicions m\u00e9s petites per millorar-ne la pres\u00e8ncia i aconseguir una escala addicional. En els darrers quatre anys, Cary Group ha realitzat diverses adquisicions de plataformes clau, incloses Autoglass Clinic i Touring Glass a B\u00e8lgica, Dansk Bilglas a Dinamarca, Autoglas a Luxemburg, Expressglass a Portugal, Auto Cristal Ralarsa a Espanya i Zentrale Autoglas a Alemanya. Aquestes adquisicions no nom\u00e9s han augmentat els ingressos, sin\u00f3 que tamb\u00e9 han establert Cary Group en nous mercats, fet que contribueix a la consolidaci\u00f3 de l&#8217;altament fragmentat mercat europeu de VGRR.<\/p>\n<p><\/p>","protected":false},"excerpt":{"rendered":"Cary Group, l\u00edder del mercat europeu en serveis de reparaci\u00f3 i substituci\u00f3 de vidres de vehicles (VGRR), ha signat un acord per adquirir el 51% de l&#8217;empresa francesa 123 Pare-Brise, especialista independent l\u00edder a VGRR a Fran\u00e7a. Fundada el 2020 i amb seu a Marquette-lez-Lille i Bourgoin-Jallieu, 123 Pare-Brise opera una xarxa de 129 tallers&#8230;","protected":false},"author":1,"featured_media":5185,"comment_status":"open","ping_status":"open","sticky":false,"template":"","format":"standard","meta":{"_acf_changed":false,"inline_featured_image":false,"footnotes":""},"categories":[14],"tags":[15],"class_list":["post-1962","post","type-post","status-publish","format-standard","has-post-thumbnail","hentry","category-ralarsa-cary-group","tag-ok"],"acf":[],"yoast_head":"<!-- This site is optimized with the Yoast SEO Premium plugin v25.3 (Yoast SEO v26.7) - https:\/\/yoast.com\/wordpress\/plugins\/seo\/ -->\n<title>Continuem creixent. Cary Group s&#039;expandeix a Fran\u00e7a amb l&#039;adquisici\u00f3 de 123 Pare-Brise - Ralarsa<\/title>\n<meta name=\"description\" content=\"Cary Group, l\u00edder del mercat europeu en serveis de reparaci\u00f3 i substituci\u00f3 de vidres de vehicles (VGRR), ha signat un acord per adquirir el 51% de l&#039;empresa francesa 123 Pare-Brise, especialista independent l\u00edder a VGRR a Fran\u00e7a.\" \/>\n<meta name=\"robots\" content=\"index, follow, max-snippet:-1, max-image-preview:large, max-video-preview:-1\" \/>\n<link rel=\"canonical\" href=\"https:\/\/www.ralarsa.com\/ca\/123-pare-brise\/\" \/>\n<meta property=\"og:locale\" content=\"ca_ES\" \/>\n<meta property=\"og:type\" content=\"article\" \/>\n<meta property=\"og:title\" content=\"Continuem creixent. Cary Group s&#039;expandeix a Fran\u00e7a amb l&#039;adquisici\u00f3 de 123 Pare-Brise\" \/>\n<meta property=\"og:description\" content=\"Cary Group, l\u00edder del mercat europeu en serveis de reparaci\u00f3 i substituci\u00f3 de vidres de vehicles (VGRR), ha signat un acord per adquirir el 51% de l&#039;empresa francesa 123 Pare-Brise, especialista independent l\u00edder a VGRR a Fran\u00e7a.\" \/>\n<meta property=\"og:url\" content=\"https:\/\/www.ralarsa.com\/ca\/123-pare-brise\/\" \/>\n<meta property=\"og:site_name\" content=\"Ralarsa\" \/>\n<meta property=\"article:published_time\" content=\"2025-01-13T00:00:00+00:00\" \/>\n<meta property=\"article:modified_time\" content=\"2025-09-05T10:09:12+00:00\" \/>\n<meta property=\"og:image\" content=\"https:\/\/ralarsa.s3.eu-central-1.amazonaws.com\/wp-content\/uploads\/2025\/01\/seguimos-creciendo-cary-group-expande-francia-adquisicion-123-pare-brise.jpeg\" \/>\n\t<meta property=\"og:image:width\" content=\"600\" \/>\n\t<meta property=\"og:image:height\" content=\"600\" \/>\n\t<meta property=\"og:image:type\" content=\"image\/jpeg\" \/>\n<meta name=\"author\" content=\"ralarsa_admin\" \/>\n<meta name=\"twitter:card\" content=\"summary_large_image\" \/>\n<meta name=\"twitter:label1\" content=\"Escrit per\" \/>\n\t<meta name=\"twitter:data1\" content=\"ralarsa_admin\" \/>\n\t<meta name=\"twitter:label2\" content=\"Temps estimat de lectura\" \/>\n\t<meta name=\"twitter:data2\" content=\"2 minuts\" \/>\n<script type=\"application\/ld+json\" class=\"yoast-schema-graph\">{\"@context\":\"https:\/\/schema.org\",\"@graph\":[{\"@type\":\"Article\",\"@id\":\"https:\/\/www.ralarsa.com\/es\/123-pare-brise\/#article\",\"isPartOf\":{\"@id\":\"https:\/\/www.ralarsa.com\/es\/123-pare-brise\/\"},\"author\":{\"name\":\"ralarsa_admin\",\"@id\":\"https:\/\/www.ralarsa.com\/es\/#\/schema\/person\/cc6cd8ee6652131e9e8872b5cb9424fb\"},\"headline\":\"Continuem creixent. Cary Group s&#8217;expandeix a Fran\u00e7a amb l&#8217;adquisici\u00f3 de 123 Pare-Brise\",\"datePublished\":\"2025-01-13T00:00:00+00:00\",\"dateModified\":\"2025-09-05T10:09:12+00:00\",\"mainEntityOfPage\":{\"@id\":\"https:\/\/www.ralarsa.com\/es\/123-pare-brise\/\"},\"wordCount\":1306,\"commentCount\":0,\"publisher\":{\"@id\":\"https:\/\/www.ralarsa.com\/es\/#organization\"},\"image\":{\"@id\":\"https:\/\/www.ralarsa.com\/es\/123-pare-brise\/#primaryimage\"},\"thumbnailUrl\":\"https:\/\/d2oyvx818ubhz6.cloudfront.net\/wp-content\/uploads\/2025\/01\/seguimos-creciendo-cary-group-expande-francia-adquisicion-123-pare-brise.jpeg\",\"keywords\":[\"ok\"],\"articleSection\":[\"Ralarsa &amp; Cary Group\"],\"inLanguage\":\"ca\",\"potentialAction\":[{\"@type\":\"CommentAction\",\"name\":\"Comment\",\"target\":[\"https:\/\/www.ralarsa.com\/es\/123-pare-brise\/#respond\"]}]},{\"@type\":\"WebPage\",\"@id\":\"https:\/\/www.ralarsa.com\/ca\/123-pare-brise\/\",\"url\":\"https:\/\/www.ralarsa.com\/ca\/123-pare-brise\/\",\"name\":\"Continuem creixent. Cary Group s'expandeix a Fran\u00e7a amb l'adquisici\u00f3 de 123 Pare-Brise - Ralarsa\",\"isPartOf\":{\"@id\":\"https:\/\/www.ralarsa.com\/ca\/#website\"},\"primaryImageOfPage\":{\"@id\":\"https:\/\/www.ralarsa.com\/ca\/123-pare-brise\/#primaryimage\"},\"image\":{\"@id\":\"https:\/\/www.ralarsa.com\/es\/123-pare-brise\/#primaryimage\"},\"thumbnailUrl\":\"https:\/\/d2oyvx818ubhz6.cloudfront.net\/wp-content\/uploads\/2025\/01\/seguimos-creciendo-cary-group-expande-francia-adquisicion-123-pare-brise.jpeg\",\"datePublished\":\"2025-01-13T00:00:00+00:00\",\"dateModified\":\"2025-09-05T10:09:12+00:00\",\"description\":\"Cary Group, l\u00edder del mercat europeu en serveis de reparaci\u00f3 i substituci\u00f3 de vidres de vehicles (VGRR), ha signat un acord per adquirir el 51% de l'empresa francesa 123 Pare-Brise, especialista independent l\u00edder a VGRR a Fran\u00e7a.\",\"breadcrumb\":{\"@id\":\"https:\/\/www.ralarsa.com\/ca\/123-pare-brise\/#breadcrumb\"},\"inLanguage\":\"ca\",\"potentialAction\":[{\"@type\":\"ReadAction\",\"target\":[[\"https:\/\/www.ralarsa.com\/ca\/123-pare-brise\/\"]]}]},{\"@type\":\"ImageObject\",\"inLanguage\":\"ca\",\"@id\":\"https:\/\/www.ralarsa.com\/ca\/123-pare-brise\/#primaryimage\",\"url\":\"https:\/\/d2oyvx818ubhz6.cloudfront.net\/wp-content\/uploads\/2025\/01\/seguimos-creciendo-cary-group-expande-francia-adquisicion-123-pare-brise.jpeg\",\"contentUrl\":\"https:\/\/d2oyvx818ubhz6.cloudfront.net\/wp-content\/uploads\/2025\/01\/seguimos-creciendo-cary-group-expande-francia-adquisicion-123-pare-brise.jpeg\",\"width\":600,\"height\":600,\"caption\":\"Cary Group refuerza su presencia en Francia tras adquirir la red de reparaci\u00f3n de lunas 123 Pare-Brise.\"},{\"@type\":\"BreadcrumbList\",\"@id\":\"https:\/\/www.ralarsa.com\/ca\/123-pare-brise\/#breadcrumb\",\"itemListElement\":[{\"@type\":\"ListItem\",\"position\":1,\"name\":\"Portada\",\"item\":\"https:\/\/www.ralarsa.com\/ca\/ralarsa-2\/\"},{\"@type\":\"ListItem\",\"position\":2,\"name\":\"Seguimos creciendo. Cary Group se expande en Francia con la adquisici\u00f3n de 123 Pare-Brise\"}]},{\"@type\":\"WebSite\",\"@id\":\"https:\/\/www.ralarsa.com\/ca\/#website\",\"url\":\"https:\/\/www.ralarsa.com\/ca\/\",\"name\":\"Ralarsa\",\"description\":\"\",\"publisher\":{\"@id\":\"https:\/\/www.ralarsa.com\/ca\/#organization\"},\"potentialAction\":[{\"@type\":\"SearchAction\",\"target\":{\"@type\":\"EntryPoint\",\"urlTemplate\":\"https:\/\/www.ralarsa.com\/ca\/?s={search_term_string}\"},\"query-input\":{\"@type\":\"PropertyValueSpecification\",\"valueRequired\":true,\"valueName\":\"search_term_string\"}}],\"inLanguage\":\"ca\"},{\"@type\":\"Organization\",\"@id\":\"https:\/\/www.ralarsa.com\/ca\/#organization\",\"name\":\"Ralarsa\",\"url\":\"https:\/\/www.ralarsa.com\/ca\/\",\"logo\":{\"@type\":\"ImageObject\",\"inLanguage\":\"ca\",\"@id\":\"https:\/\/www.ralarsa.com\/ca\/#\/schema\/logo\/image\/\",\"url\":\"https:\/\/ralarsa.s3.eu-central-1.amazonaws.com\/wp-content\/uploads\/2025\/04\/logo-ralarsa.png\",\"contentUrl\":\"https:\/\/ralarsa.s3.eu-central-1.amazonaws.com\/wp-content\/uploads\/2025\/04\/logo-ralarsa.png\",\"width\":1192,\"height\":412,\"caption\":\"Ralarsa\"},\"image\":{\"@id\":\"https:\/\/www.ralarsa.com\/ca\/#\/schema\/logo\/image\/\"}},{\"@type\":\"Person\",\"@id\":\"https:\/\/www.ralarsa.com\/es\/#\/schema\/person\/cc6cd8ee6652131e9e8872b5cb9424fb\",\"name\":\"ralarsa_admin\",\"image\":{\"@type\":\"ImageObject\",\"inLanguage\":\"ca\",\"@id\":\"https:\/\/www.ralarsa.com\/ca\/#\/schema\/person\/image\/\",\"url\":\"https:\/\/secure.gravatar.com\/avatar\/a74fd8d2062d4dc1f2f251438977288d50eb8ca5b4735594bcad2f5016833f49?s=96&d=mm&r=g\",\"contentUrl\":\"https:\/\/secure.gravatar.com\/avatar\/a74fd8d2062d4dc1f2f251438977288d50eb8ca5b4735594bcad2f5016833f49?s=96&d=mm&r=g\",\"caption\":\"ralarsa_admin\"},\"sameAs\":[\"https:\/\/www-pre.ralarsa.com\"]}]}<\/script>\n<!-- \/ Yoast SEO Premium plugin. -->","yoast_head_json":{"title":"Continuem creixent. Cary Group s'expandeix a Fran\u00e7a amb l'adquisici\u00f3 de 123 Pare-Brise - Ralarsa","description":"Cary Group, l\u00edder del mercat europeu en serveis de reparaci\u00f3 i substituci\u00f3 de vidres de vehicles (VGRR), ha signat un acord per adquirir el 51% de l'empresa francesa 123 Pare-Brise, especialista independent l\u00edder a VGRR a Fran\u00e7a.","robots":{"index":"index","follow":"follow","max-snippet":"max-snippet:-1","max-image-preview":"max-image-preview:large","max-video-preview":"max-video-preview:-1"},"canonical":"https:\/\/www.ralarsa.com\/ca\/123-pare-brise\/","og_locale":"ca_ES","og_type":"article","og_title":"Continuem creixent. Cary Group s'expandeix a Fran\u00e7a amb l'adquisici\u00f3 de 123 Pare-Brise","og_description":"Cary Group, l\u00edder del mercat europeu en serveis de reparaci\u00f3 i substituci\u00f3 de vidres de vehicles (VGRR), ha signat un acord per adquirir el 51% de l'empresa francesa 123 Pare-Brise, especialista independent l\u00edder a VGRR a Fran\u00e7a.","og_url":"https:\/\/www.ralarsa.com\/ca\/123-pare-brise\/","og_site_name":"Ralarsa","article_published_time":"2025-01-13T00:00:00+00:00","article_modified_time":"2025-09-05T10:09:12+00:00","og_image":[{"width":600,"height":600,"url":"https:\/\/ralarsa.s3.eu-central-1.amazonaws.com\/wp-content\/uploads\/2025\/01\/seguimos-creciendo-cary-group-expande-francia-adquisicion-123-pare-brise.jpeg","type":"image\/jpeg"}],"author":"ralarsa_admin","twitter_card":"summary_large_image","twitter_misc":{"Escrit per":"ralarsa_admin","Temps estimat de lectura":"2 minuts"},"schema":{"@context":"https:\/\/schema.org","@graph":[{"@type":"Article","@id":"https:\/\/www.ralarsa.com\/es\/123-pare-brise\/#article","isPartOf":{"@id":"https:\/\/www.ralarsa.com\/es\/123-pare-brise\/"},"author":{"name":"ralarsa_admin","@id":"https:\/\/www.ralarsa.com\/es\/#\/schema\/person\/cc6cd8ee6652131e9e8872b5cb9424fb"},"headline":"Continuem creixent. Cary Group s&#8217;expandeix a Fran\u00e7a amb l&#8217;adquisici\u00f3 de 123 Pare-Brise","datePublished":"2025-01-13T00:00:00+00:00","dateModified":"2025-09-05T10:09:12+00:00","mainEntityOfPage":{"@id":"https:\/\/www.ralarsa.com\/es\/123-pare-brise\/"},"wordCount":1306,"commentCount":0,"publisher":{"@id":"https:\/\/www.ralarsa.com\/es\/#organization"},"image":{"@id":"https:\/\/www.ralarsa.com\/es\/123-pare-brise\/#primaryimage"},"thumbnailUrl":"https:\/\/d2oyvx818ubhz6.cloudfront.net\/wp-content\/uploads\/2025\/01\/seguimos-creciendo-cary-group-expande-francia-adquisicion-123-pare-brise.jpeg","keywords":["ok"],"articleSection":["Ralarsa &amp; Cary Group"],"inLanguage":"ca","potentialAction":[{"@type":"CommentAction","name":"Comment","target":["https:\/\/www.ralarsa.com\/es\/123-pare-brise\/#respond"]}]},{"@type":"WebPage","@id":"https:\/\/www.ralarsa.com\/ca\/123-pare-brise\/","url":"https:\/\/www.ralarsa.com\/ca\/123-pare-brise\/","name":"Continuem creixent. Cary Group s'expandeix a Fran\u00e7a amb l'adquisici\u00f3 de 123 Pare-Brise - Ralarsa","isPartOf":{"@id":"https:\/\/www.ralarsa.com\/ca\/#website"},"primaryImageOfPage":{"@id":"https:\/\/www.ralarsa.com\/ca\/123-pare-brise\/#primaryimage"},"image":{"@id":"https:\/\/www.ralarsa.com\/es\/123-pare-brise\/#primaryimage"},"thumbnailUrl":"https:\/\/d2oyvx818ubhz6.cloudfront.net\/wp-content\/uploads\/2025\/01\/seguimos-creciendo-cary-group-expande-francia-adquisicion-123-pare-brise.jpeg","datePublished":"2025-01-13T00:00:00+00:00","dateModified":"2025-09-05T10:09:12+00:00","description":"Cary Group, l\u00edder del mercat europeu en serveis de reparaci\u00f3 i substituci\u00f3 de vidres de vehicles (VGRR), ha signat un acord per adquirir el 51% de l'empresa francesa 123 Pare-Brise, especialista independent l\u00edder a VGRR a Fran\u00e7a.","breadcrumb":{"@id":"https:\/\/www.ralarsa.com\/ca\/123-pare-brise\/#breadcrumb"},"inLanguage":"ca","potentialAction":[{"@type":"ReadAction","target":[["https:\/\/www.ralarsa.com\/ca\/123-pare-brise\/"]]}]},{"@type":"ImageObject","inLanguage":"ca","@id":"https:\/\/www.ralarsa.com\/ca\/123-pare-brise\/#primaryimage","url":"https:\/\/d2oyvx818ubhz6.cloudfront.net\/wp-content\/uploads\/2025\/01\/seguimos-creciendo-cary-group-expande-francia-adquisicion-123-pare-brise.jpeg","contentUrl":"https:\/\/d2oyvx818ubhz6.cloudfront.net\/wp-content\/uploads\/2025\/01\/seguimos-creciendo-cary-group-expande-francia-adquisicion-123-pare-brise.jpeg","width":600,"height":600,"caption":"Cary Group refuerza su presencia en Francia tras adquirir la red de reparaci\u00f3n de lunas 123 Pare-Brise."},{"@type":"BreadcrumbList","@id":"https:\/\/www.ralarsa.com\/ca\/123-pare-brise\/#breadcrumb","itemListElement":[{"@type":"ListItem","position":1,"name":"Portada","item":"https:\/\/www.ralarsa.com\/ca\/ralarsa-2\/"},{"@type":"ListItem","position":2,"name":"Seguimos creciendo. Cary Group se expande en Francia con la adquisici\u00f3n de 123 Pare-Brise"}]},{"@type":"WebSite","@id":"https:\/\/www.ralarsa.com\/ca\/#website","url":"https:\/\/www.ralarsa.com\/ca\/","name":"Ralarsa","description":"","publisher":{"@id":"https:\/\/www.ralarsa.com\/ca\/#organization"},"potentialAction":[{"@type":"SearchAction","target":{"@type":"EntryPoint","urlTemplate":"https:\/\/www.ralarsa.com\/ca\/?s={search_term_string}"},"query-input":{"@type":"PropertyValueSpecification","valueRequired":true,"valueName":"search_term_string"}}],"inLanguage":"ca"},{"@type":"Organization","@id":"https:\/\/www.ralarsa.com\/ca\/#organization","name":"Ralarsa","url":"https:\/\/www.ralarsa.com\/ca\/","logo":{"@type":"ImageObject","inLanguage":"ca","@id":"https:\/\/www.ralarsa.com\/ca\/#\/schema\/logo\/image\/","url":"https:\/\/ralarsa.s3.eu-central-1.amazonaws.com\/wp-content\/uploads\/2025\/04\/logo-ralarsa.png","contentUrl":"https:\/\/ralarsa.s3.eu-central-1.amazonaws.com\/wp-content\/uploads\/2025\/04\/logo-ralarsa.png","width":1192,"height":412,"caption":"Ralarsa"},"image":{"@id":"https:\/\/www.ralarsa.com\/ca\/#\/schema\/logo\/image\/"}},{"@type":"Person","@id":"https:\/\/www.ralarsa.com\/es\/#\/schema\/person\/cc6cd8ee6652131e9e8872b5cb9424fb","name":"ralarsa_admin","image":{"@type":"ImageObject","inLanguage":"ca","@id":"https:\/\/www.ralarsa.com\/ca\/#\/schema\/person\/image\/","url":"https:\/\/secure.gravatar.com\/avatar\/a74fd8d2062d4dc1f2f251438977288d50eb8ca5b4735594bcad2f5016833f49?s=96&d=mm&r=g","contentUrl":"https:\/\/secure.gravatar.com\/avatar\/a74fd8d2062d4dc1f2f251438977288d50eb8ca5b4735594bcad2f5016833f49?s=96&d=mm&r=g","caption":"ralarsa_admin"},"sameAs":["https:\/\/www-pre.ralarsa.com"]}]}},"_links":{"self":[{"href":"https:\/\/www.ralarsa.com\/ca\/wp-json\/wp\/v2\/posts\/1962","targetHints":{"allow":["GET"]}}],"collection":[{"href":"https:\/\/www.ralarsa.com\/ca\/wp-json\/wp\/v2\/posts"}],"about":[{"href":"https:\/\/www.ralarsa.com\/ca\/wp-json\/wp\/v2\/types\/post"}],"author":[{"embeddable":true,"href":"https:\/\/www.ralarsa.com\/ca\/wp-json\/wp\/v2\/users\/1"}],"replies":[{"embeddable":true,"href":"https:\/\/www.ralarsa.com\/ca\/wp-json\/wp\/v2\/comments?post=1962"}],"version-history":[{"count":2,"href":"https:\/\/www.ralarsa.com\/ca\/wp-json\/wp\/v2\/posts\/1962\/revisions"}],"predecessor-version":[{"id":5184,"href":"https:\/\/www.ralarsa.com\/ca\/wp-json\/wp\/v2\/posts\/1962\/revisions\/5184"}],"wp:featuredmedia":[{"embeddable":true,"href":"https:\/\/www.ralarsa.com\/ca\/wp-json\/wp\/v2\/media\/5185"}],"wp:attachment":[{"href":"https:\/\/www.ralarsa.com\/ca\/wp-json\/wp\/v2\/media?parent=1962"}],"wp:term":[{"taxonomy":"category","embeddable":true,"href":"https:\/\/www.ralarsa.com\/ca\/wp-json\/wp\/v2\/categories?post=1962"},{"taxonomy":"post_tag","embeddable":true,"href":"https:\/\/www.ralarsa.com\/ca\/wp-json\/wp\/v2\/tags?post=1962"}],"curies":[{"name":"wp","href":"https:\/\/api.w.org\/{rel}","templated":true}]}}