{"id":1983,"date":"2022-08-04T00:00:00","date_gmt":"2022-08-04T00:00:00","guid":{"rendered":"https:\/\/www.ralarsa.com\/puesta-a-punto-vehiculo-ralarsa\/"},"modified":"2025-09-18T16:40:10","modified_gmt":"2025-09-18T15:40:10","slug":"puesta-a-punto-vehiculo-ralarsa","status":"publish","type":"post","link":"https:\/\/www.ralarsa.com\/ca\/posada-a-punt-vehicle-ralarsa\/","title":{"rendered":"Posada a punt del teu vehicle amb els serveis Ralarsa"},"content":{"rendered":"<p><\/p>\n<p class=\"ai-optimize-26\"><span style=\"font-weight: 400;\">Ets dels que prefereix viatjar amb cotxe? Aquest article us interessa! I \u00e9s que, despr\u00e9s de mesos esperant aquest moment, aviat podr\u00e0s gaudir dels teus dies de descans. Aix\u00f2 s\u00ed, sempre tenint en compte les necessitats del teu vehicle abans de comen\u00e7ar les teves vacances.<\/span><\/p>\n<p class=\"ai-optimize-27\"><span style=\"font-weight: 400;\">Per aix\u00f2, des del taller de vidres per a autom\u00f2bils Ralarsa, et portem alguns aspectes que haur\u00e0s de cuidar per fer un despla\u00e7ament per carretera. I qu\u00e8 millor que fer-ho de la m\u00e0 d?aut\u00e8ntics professionals com nosaltres. Assegura un viatge sense contratemps amb els serveis Ralarsa que necessitis: polir fars cotxe, tintar vidres cotxe, tractament antipluja cotxe, etc. Contacta&#8217;ns, t&#8217;esperem al taller Ralarsa m\u00e9s proper!<\/span><\/p>\n<h2 class=\"ai-optimize-28\"><span style=\"font-weight: 400;\">Tintar vidres cotxe: m\u00e9s protecci\u00f3, m\u00e9s privadesa<\/span><\/h2>\n<p class=\"ai-optimize-29\"><span style=\"font-weight: 400;\">\u00c9s cert que, avui dia, la majoria d&#8217;autom\u00f2bils compten amb f\u00e0brica amb uns vidres tintats. Per\u00f2 tamb\u00e9 \u00e9s possible apostar-hi a posteriori, ja que es tracta d&#8217;un procediment incre\u00efblement r\u00e0pid i senzill. Aix\u00f2 s\u00ed, sempre que es compti amb un equip t\u00e8cnic professional com el del taller de vidres per a autom\u00f2bils Ralarsa.<\/span><\/p>\n<p class=\"ai-optimize-30\"><span style=\"font-weight: 400;\">L&#8217;inter\u00e8s per <\/span><a href=\"..\/..\/..\/ca\/serveis\/enfosquiment-de-vidres\"><strong>tintar vidres cotxe<\/strong><\/a><span style=\"font-weight: 400;\"> ha augmentat els darrers anys, aportant beneficis tant per als ocupants del vehicle com per al mateix autom\u00f2bil. Temps enrere, per\u00f2, era una cosa merament est\u00e8tica.<\/span><\/p>\n<p class=\"ai-optimize-31\"><span style=\"font-weight: 400;\">Amb les llunes tintades \u00e9s possible frenar l&#8217;entrada dels raigs solars o ultraviolats a l&#8217;interior del cotxe. D&#8217;aquesta manera, es podr\u00e0 circular amb uns nivells de temperatura una mica m\u00e9s agradables, sobretot a l&#8217;estiu. Aix\u00ed mateix aix\u00f2 comporta un estalvi d&#8217;energia, ja que no caldr\u00e0 un aire condicionat a ple rendiment, o fins i tot se&#8217;n podr\u00e0 prescindir.<\/span><\/p>\n<p class=\"ai-optimize-32\"><span style=\"font-weight: 400;\">La incid\u00e8ncia directa del sol a l&#8217;interior fa que elements interns com ara la tapisseria o els seients es puguin desgastar. Gr\u00e0cies a unes llunes tintades, aix\u00f2 es mantindr\u00e0 en bon estat durant m\u00e9s temps, evitant l&#8217;exposici\u00f3 directa al sol. En cas d&#8217;accident, tintar vidres cotxe ser\u00e0 benefici\u00f3s per evitar danys personals greus, impedint que els vidres es desprenguessin.<\/span><\/p>\n<p class=\"ai-optimize-33\"><span style=\"font-weight: 400;\">D&#8217;altra banda, un altre dels avantatges que ofereixen aquest tipus de vidres \u00e9s la privadesa. Aix\u00ed, la tranquil\u00b7litat dels usuaris augmenta, ja que amb uns vidres foscos dif\u00edcilment es veuran els objectes de valor que hi ha a l&#8217;interior.<\/span><\/p>\n<h2 class=\"ai-optimize-34\"><span style=\"font-weight: 400;\">Tractament antipluja cotxe: visibilitat garantida<\/span><\/h2>\n<p class=\"ai-optimize-35\"><span style=\"font-weight: 400;\">Un camp de visi\u00f3 sense obstacles \u00e9s imprescindible per al conductor del vehicle. Per\u00f2 qu\u00e8 passa quan enmig del trajecte es declara una tempesta? \u00c9s moment d&#8217;activar el eixugaparabrises. Tot i aix\u00ed, pot ser que de vegades la visibilitat es vegi redu\u00efda considerablement, comportant aix\u00ed riscos que s&#8217;han de tenir en compte.<\/span><\/p>\n<p class=\"ai-optimize-36\"><span style=\"font-weight: 400;\">\u00c9s evident que les condicions meteorol\u00f2giques no es poden controlar, per\u00f2 hi ha alguns m\u00e8todes perqu\u00e8 els seus efectes no siguin tan greus. Un \u00e9s el tractament antipluja cotxe. Consisteix en un l\u00edquid format per elements com resines acr\u00edliques i s&#8217;empra en forma de polvoritzador, aplicant-lo al parabrisa de l&#8217;autom\u00f2bil. Gr\u00e0cies a aix\u00f2, quan plogui les gotes d&#8217;aigua relliscaran i no dificultaran la visi\u00f3 de la cal\u00e7ada.<\/span><\/p>\n<p class=\"ai-optimize-37\"><span style=\"font-weight: 400;\">A m\u00e9s de tenir una visi\u00f3 completa i correcta del que tenim davant, el tractament antipluja cotxe tamb\u00e9 compta amb funcions protectores. I \u00e9s que \u00e9s molt efectiu per evitar l&#8217;acumulaci\u00f3 de brut\u00edcia. En una altra situaci\u00f3 que pot ser de gran ajuda \u00e9s durant l&#8217;hivern, ja que far\u00e0 m\u00e9s senzilla la tasca de neteja del vidre davanter davant de baixes temperatures, especialment si es genera gel.<\/span><\/p>\n<h2 class=\"ai-optimize-38\"><span style=\"font-weight: 400;\">Polir fars de cotxe: il\u00b7luminaci\u00f3 superior<\/span><\/h2>\n<p class=\"ai-optimize-39\"><span style=\"font-weight: 400;\">Quan ens disposem a tra\u00e7ar una llarga ruta, \u00e9s senzill que h\u00e0gim de conduir un cop el sol s&#8217;ha amagat. O fins i tot hi ha conductors que prefereixen viatjar de nit. Sigui quin sigui el teu cas, cal considerar la import\u00e0ncia de polir fars de cotxe.<\/span><\/p>\n<p class=\"ai-optimize-40\"><span style=\"font-weight: 400;\">Els llums d&#8217;un vehicle s\u00f3n un dels elements fonamentals de tot el conjunt, per la qual cosa \u00e9s essencial un manteniment excel\u00b7lent. I \u00e9s que sense aix\u00f2, l?autom\u00f2bil no podr\u00e0 passar la ITV. Aix\u00ed doncs, queda clar que no nom\u00e9s es tracta d&#8217;una cosa est\u00e8tica, sin\u00f3 que una bona il\u00b7luminaci\u00f3 beneficia la seguretat en la conducci\u00f3.<\/span><\/p>\n<p class=\"ai-optimize-41\"><span style=\"font-weight: 400;\">Conforme passa el temps, els fars de l&#8217;autom\u00f2bil adopten una aparen\u00e7a opaca de manera progressiva. Aix\u00f2 es tradueix en una p\u00e8rdua de transpar\u00e8ncia, cosa que es pot produir a causa de la calor de les pr\u00f2pies bombetes o de l&#8217;impacte dels raigs del sol. En escenaris poc il\u00b7luminats o enmig de pluja i boira aix\u00f2 pot jugar en contra nostra, fent que la visibilitat no sigui l&#8217;apropiada. Per aix\u00f2 des del taller de vidres per a autom\u00f2bils Ralarsa posem a la teva disposici\u00f3 el tractament de polir fars de cotxe. Apostar per un recorregut lliure de contratemps \u00e9s possible!<\/span><\/p>\n<h2 class=\"ai-optimize-42\"><span style=\"font-weight: 400;\">Canvi de vidres cotxe: vidres en perfecte estat<\/span><\/h2>\n<p class=\"ai-optimize-43\"><span style=\"font-weight: 400;\">Per evident que sembli, tots i cadascun dels vidres s&#8217;han de mantenir lliures de cops i esquerdes. I \u00e9s que per petit que pugui semblar un impacte, qualsevol obstacle a la carretera pot ocasionar danys m\u00e9s grans i engrandir la mida de la perforaci\u00f3. Per aix\u00f2 \u00e9s imprescindible una revisi\u00f3 exhaustiva dels vidres, especialment quan estem a les portes de llarg trajecte.<\/span><\/p>\n<p class=\"ai-optimize-44\"><span style=\"font-weight: 400;\">Des de Ralarsa, a m\u00e9s, apostem per uns serveis sostenibles. Aix\u00ed, sempre que sigui possible farem una <\/span><a href=\"..\/..\/..\/ca\/blog\/reparar-substituir-quina-millor\"><strong>reparaci\u00f3 del parabrisa i no una substituci\u00f3<\/strong><\/a><span style=\"font-weight: 400;\">. Per determinar-ho caldr\u00e0 la valoraci\u00f3 per part d&#8217;un equip t\u00e8cnic professional i especialitzat. Si el vidre presenta un orifici net, \u00e9s a dir, sense fissures, es podr\u00e0 reparar. Si, per contra, el forat compta amb esquerdes i l&#8217;impacte compta amb dimensions m\u00e9s grans a una moneda de 2 euros, el m\u00e9s probable \u00e9s que s&#8217;hagi de substituir.<\/span><\/p>\n<p class=\"ai-optimize-45\"><span style=\"font-weight: 400;\">Per a qualsevol d&#8217;aquests serveis pots comptar amb nosaltres. Des de Ralarsa promovem la seguretat al volant i, per aix\u00f2, us convidem a visitar un dels nostres tallers. Tria el m\u00e9s proper i assegura&#8217;t de gaudir d&#8217;unes vacances sense imprevistos a la via, t&#8217;esperem!<\/span><\/p>\n<p><\/p>","protected":false},"excerpt":{"rendered":"Ets dels que prefereix viatjar amb cotxe? Aquest article us interessa! I \u00e9s que, despr\u00e9s de mesos esperant aquest moment, aviat podr\u00e0s gaudir dels teus dies de descans. Aix\u00f2 s\u00ed, sempre tenint en compte les necessitats del teu vehicle abans de comen\u00e7ar les teves vacances. Per aix\u00f2, des del taller de vidres per a autom\u00f2bils&#8230;","protected":false},"author":1,"featured_media":2481,"comment_status":"open","ping_status":"open","sticky":false,"template":"","format":"standard","meta":{"_acf_changed":false,"inline_featured_image":false,"footnotes":""},"categories":[1],"tags":[15],"class_list":["post-1983","post","type-post","status-publish","format-standard","has-post-thumbnail","hentry","category-uncategorized","tag-ok"],"acf":[],"yoast_head":"<!-- This site is optimized with the Yoast SEO Premium plugin v25.3 (Yoast SEO v26.7) - https:\/\/yoast.com\/wordpress\/plugins\/seo\/ -->\n<title>Posada a punt del teu vehicle amb els serveis Ralarsa - Ralarsa<\/title>\n<meta name=\"description\" content=\"Est\u00e0s buscant un taller de vidres? Contacta amb Ralarsa i visita el teu centre m\u00e9s proper. El nostre equip de professionals us espera!\" \/>\n<meta name=\"robots\" content=\"index, follow, max-snippet:-1, max-image-preview:large, max-video-preview:-1\" \/>\n<link rel=\"canonical\" href=\"https:\/\/www.ralarsa.com\/ca\/puesta-a-punto-vehiculo-ralarsa\/\" \/>\n<meta property=\"og:locale\" content=\"ca_ES\" \/>\n<meta property=\"og:type\" content=\"article\" \/>\n<meta property=\"og:title\" content=\"Posada a punt del teu vehicle amb els serveis Ralarsa\" \/>\n<meta property=\"og:description\" content=\"Est\u00e0s buscant un taller de vidres? Contacta amb Ralarsa i visita el teu centre m\u00e9s proper. El nostre equip de professionals us espera!\" \/>\n<meta property=\"og:url\" content=\"https:\/\/www.ralarsa.com\/ca\/puesta-a-punto-vehiculo-ralarsa\/\" \/>\n<meta property=\"og:site_name\" content=\"Ralarsa\" \/>\n<meta property=\"article:published_time\" content=\"2022-08-04T00:00:00+00:00\" \/>\n<meta property=\"article:modified_time\" content=\"2025-09-18T15:40:10+00:00\" \/>\n<meta property=\"og:image\" content=\"https:\/\/ralarsa.s3.eu-central-1.amazonaws.com\/wp-content\/uploads\/2025\/03\/7539.jpeg\" \/>\n\t<meta property=\"og:image:width\" content=\"1024\" \/>\n\t<meta property=\"og:image:height\" content=\"682\" \/>\n\t<meta property=\"og:image:type\" content=\"image\/jpeg\" \/>\n<meta name=\"author\" content=\"ralarsa_admin\" \/>\n<meta name=\"twitter:card\" content=\"summary_large_image\" \/>\n<meta name=\"twitter:label1\" content=\"Escrit per\" \/>\n\t<meta name=\"twitter:data1\" content=\"ralarsa_admin\" \/>\n\t<meta name=\"twitter:label2\" content=\"Temps estimat de lectura\" \/>\n\t<meta name=\"twitter:data2\" content=\"5 minuts\" \/>\n<script type=\"application\/ld+json\" class=\"yoast-schema-graph\">{\"@context\":\"https:\/\/schema.org\",\"@graph\":[{\"@type\":\"Article\",\"@id\":\"https:\/\/www.ralarsa.com\/es\/puesta-a-punto-vehiculo-ralarsa\/#article\",\"isPartOf\":{\"@id\":\"https:\/\/www.ralarsa.com\/es\/puesta-a-punto-vehiculo-ralarsa\/\"},\"author\":{\"name\":\"ralarsa_admin\",\"@id\":\"https:\/\/www.ralarsa.com\/es\/#\/schema\/person\/cc6cd8ee6652131e9e8872b5cb9424fb\"},\"headline\":\"Posada a punt del teu vehicle amb els serveis Ralarsa\",\"datePublished\":\"2022-08-04T00:00:00+00:00\",\"dateModified\":\"2025-09-18T15:40:10+00:00\",\"mainEntityOfPage\":{\"@id\":\"https:\/\/www.ralarsa.com\/es\/puesta-a-punto-vehiculo-ralarsa\/\"},\"wordCount\":3112,\"commentCount\":0,\"publisher\":{\"@id\":\"https:\/\/www.ralarsa.com\/es\/#organization\"},\"image\":{\"@id\":\"https:\/\/www.ralarsa.com\/es\/puesta-a-punto-vehiculo-ralarsa\/#primaryimage\"},\"thumbnailUrl\":\"https:\/\/d2oyvx818ubhz6.cloudfront.net\/wp-content\/uploads\/2025\/03\/7539.jpeg\",\"keywords\":[\"ok\"],\"articleSection\":[\"Informaci\u00f3\"],\"inLanguage\":\"ca\",\"potentialAction\":[{\"@type\":\"CommentAction\",\"name\":\"Comment\",\"target\":[\"https:\/\/www.ralarsa.com\/es\/puesta-a-punto-vehiculo-ralarsa\/#respond\"]}]},{\"@type\":\"WebPage\",\"@id\":\"https:\/\/www.ralarsa.com\/ca\/puesta-a-punto-vehiculo-ralarsa\/\",\"url\":\"https:\/\/www.ralarsa.com\/ca\/puesta-a-punto-vehiculo-ralarsa\/\",\"name\":\"Posada a punt del teu vehicle amb els serveis Ralarsa - Ralarsa\",\"isPartOf\":{\"@id\":\"https:\/\/www.ralarsa.com\/ca\/#website\"},\"primaryImageOfPage\":{\"@id\":\"https:\/\/www.ralarsa.com\/ca\/puesta-a-punto-vehiculo-ralarsa\/#primaryimage\"},\"image\":{\"@id\":\"https:\/\/www.ralarsa.com\/es\/puesta-a-punto-vehiculo-ralarsa\/#primaryimage\"},\"thumbnailUrl\":\"https:\/\/d2oyvx818ubhz6.cloudfront.net\/wp-content\/uploads\/2025\/03\/7539.jpeg\",\"datePublished\":\"2022-08-04T00:00:00+00:00\",\"dateModified\":\"2025-09-18T15:40:10+00:00\",\"description\":\"Est\u00e0s buscant un taller de vidres? Contacta amb Ralarsa i visita el teu centre m\u00e9s proper. El nostre equip de professionals us espera!\",\"breadcrumb\":{\"@id\":\"https:\/\/www.ralarsa.com\/ca\/puesta-a-punto-vehiculo-ralarsa\/#breadcrumb\"},\"inLanguage\":\"ca\",\"potentialAction\":[{\"@type\":\"ReadAction\",\"target\":[[\"https:\/\/www.ralarsa.com\/ca\/puesta-a-punto-vehiculo-ralarsa\/\"]]}]},{\"@type\":\"ImageObject\",\"inLanguage\":\"ca\",\"@id\":\"https:\/\/www.ralarsa.com\/ca\/puesta-a-punto-vehiculo-ralarsa\/#primaryimage\",\"url\":\"https:\/\/d2oyvx818ubhz6.cloudfront.net\/wp-content\/uploads\/2025\/03\/7539.jpeg\",\"contentUrl\":\"https:\/\/d2oyvx818ubhz6.cloudfront.net\/wp-content\/uploads\/2025\/03\/7539.jpeg\",\"width\":1024,\"height\":682},{\"@type\":\"BreadcrumbList\",\"@id\":\"https:\/\/www.ralarsa.com\/ca\/puesta-a-punto-vehiculo-ralarsa\/#breadcrumb\",\"itemListElement\":[{\"@type\":\"ListItem\",\"position\":1,\"name\":\"Portada\",\"item\":\"https:\/\/www.ralarsa.com\/ca\/ralarsa-2\/\"},{\"@type\":\"ListItem\",\"position\":2,\"name\":\"Puesta a punto de tu veh\u00edculo con los servicios Ralarsa\"}]},{\"@type\":\"WebSite\",\"@id\":\"https:\/\/www.ralarsa.com\/ca\/#website\",\"url\":\"https:\/\/www.ralarsa.com\/ca\/\",\"name\":\"Ralarsa\",\"description\":\"\",\"publisher\":{\"@id\":\"https:\/\/www.ralarsa.com\/ca\/#organization\"},\"potentialAction\":[{\"@type\":\"SearchAction\",\"target\":{\"@type\":\"EntryPoint\",\"urlTemplate\":\"https:\/\/www.ralarsa.com\/ca\/?s={search_term_string}\"},\"query-input\":{\"@type\":\"PropertyValueSpecification\",\"valueRequired\":true,\"valueName\":\"search_term_string\"}}],\"inLanguage\":\"ca\"},{\"@type\":\"Organization\",\"@id\":\"https:\/\/www.ralarsa.com\/ca\/#organization\",\"name\":\"Ralarsa\",\"url\":\"https:\/\/www.ralarsa.com\/ca\/\",\"logo\":{\"@type\":\"ImageObject\",\"inLanguage\":\"ca\",\"@id\":\"https:\/\/www.ralarsa.com\/ca\/#\/schema\/logo\/image\/\",\"url\":\"https:\/\/ralarsa.s3.eu-central-1.amazonaws.com\/wp-content\/uploads\/2025\/04\/logo-ralarsa.png\",\"contentUrl\":\"https:\/\/ralarsa.s3.eu-central-1.amazonaws.com\/wp-content\/uploads\/2025\/04\/logo-ralarsa.png\",\"width\":1192,\"height\":412,\"caption\":\"Ralarsa\"},\"image\":{\"@id\":\"https:\/\/www.ralarsa.com\/ca\/#\/schema\/logo\/image\/\"}},{\"@type\":\"Person\",\"@id\":\"https:\/\/www.ralarsa.com\/es\/#\/schema\/person\/cc6cd8ee6652131e9e8872b5cb9424fb\",\"name\":\"ralarsa_admin\",\"image\":{\"@type\":\"ImageObject\",\"inLanguage\":\"ca\",\"@id\":\"https:\/\/www.ralarsa.com\/ca\/#\/schema\/person\/image\/\",\"url\":\"https:\/\/secure.gravatar.com\/avatar\/a74fd8d2062d4dc1f2f251438977288d50eb8ca5b4735594bcad2f5016833f49?s=96&d=mm&r=g\",\"contentUrl\":\"https:\/\/secure.gravatar.com\/avatar\/a74fd8d2062d4dc1f2f251438977288d50eb8ca5b4735594bcad2f5016833f49?s=96&d=mm&r=g\",\"caption\":\"ralarsa_admin\"},\"sameAs\":[\"https:\/\/www-pre.ralarsa.com\"]}]}<\/script>\n<!-- \/ Yoast SEO Premium plugin. -->","yoast_head_json":{"title":"Posada a punt del teu vehicle amb els serveis Ralarsa - Ralarsa","description":"Est\u00e0s buscant un taller de vidres? Contacta amb Ralarsa i visita el teu centre m\u00e9s proper. El nostre equip de professionals us espera!","robots":{"index":"index","follow":"follow","max-snippet":"max-snippet:-1","max-image-preview":"max-image-preview:large","max-video-preview":"max-video-preview:-1"},"canonical":"https:\/\/www.ralarsa.com\/ca\/puesta-a-punto-vehiculo-ralarsa\/","og_locale":"ca_ES","og_type":"article","og_title":"Posada a punt del teu vehicle amb els serveis Ralarsa","og_description":"Est\u00e0s buscant un taller de vidres? Contacta amb Ralarsa i visita el teu centre m\u00e9s proper. El nostre equip de professionals us espera!","og_url":"https:\/\/www.ralarsa.com\/ca\/puesta-a-punto-vehiculo-ralarsa\/","og_site_name":"Ralarsa","article_published_time":"2022-08-04T00:00:00+00:00","article_modified_time":"2025-09-18T15:40:10+00:00","og_image":[{"width":1024,"height":682,"url":"https:\/\/ralarsa.s3.eu-central-1.amazonaws.com\/wp-content\/uploads\/2025\/03\/7539.jpeg","type":"image\/jpeg"}],"author":"ralarsa_admin","twitter_card":"summary_large_image","twitter_misc":{"Escrit per":"ralarsa_admin","Temps estimat de lectura":"5 minuts"},"schema":{"@context":"https:\/\/schema.org","@graph":[{"@type":"Article","@id":"https:\/\/www.ralarsa.com\/es\/puesta-a-punto-vehiculo-ralarsa\/#article","isPartOf":{"@id":"https:\/\/www.ralarsa.com\/es\/puesta-a-punto-vehiculo-ralarsa\/"},"author":{"name":"ralarsa_admin","@id":"https:\/\/www.ralarsa.com\/es\/#\/schema\/person\/cc6cd8ee6652131e9e8872b5cb9424fb"},"headline":"Posada a punt del teu vehicle amb els serveis Ralarsa","datePublished":"2022-08-04T00:00:00+00:00","dateModified":"2025-09-18T15:40:10+00:00","mainEntityOfPage":{"@id":"https:\/\/www.ralarsa.com\/es\/puesta-a-punto-vehiculo-ralarsa\/"},"wordCount":3112,"commentCount":0,"publisher":{"@id":"https:\/\/www.ralarsa.com\/es\/#organization"},"image":{"@id":"https:\/\/www.ralarsa.com\/es\/puesta-a-punto-vehiculo-ralarsa\/#primaryimage"},"thumbnailUrl":"https:\/\/d2oyvx818ubhz6.cloudfront.net\/wp-content\/uploads\/2025\/03\/7539.jpeg","keywords":["ok"],"articleSection":["Informaci\u00f3"],"inLanguage":"ca","potentialAction":[{"@type":"CommentAction","name":"Comment","target":["https:\/\/www.ralarsa.com\/es\/puesta-a-punto-vehiculo-ralarsa\/#respond"]}]},{"@type":"WebPage","@id":"https:\/\/www.ralarsa.com\/ca\/puesta-a-punto-vehiculo-ralarsa\/","url":"https:\/\/www.ralarsa.com\/ca\/puesta-a-punto-vehiculo-ralarsa\/","name":"Posada a punt del teu vehicle amb els serveis Ralarsa - Ralarsa","isPartOf":{"@id":"https:\/\/www.ralarsa.com\/ca\/#website"},"primaryImageOfPage":{"@id":"https:\/\/www.ralarsa.com\/ca\/puesta-a-punto-vehiculo-ralarsa\/#primaryimage"},"image":{"@id":"https:\/\/www.ralarsa.com\/es\/puesta-a-punto-vehiculo-ralarsa\/#primaryimage"},"thumbnailUrl":"https:\/\/d2oyvx818ubhz6.cloudfront.net\/wp-content\/uploads\/2025\/03\/7539.jpeg","datePublished":"2022-08-04T00:00:00+00:00","dateModified":"2025-09-18T15:40:10+00:00","description":"Est\u00e0s buscant un taller de vidres? Contacta amb Ralarsa i visita el teu centre m\u00e9s proper. El nostre equip de professionals us espera!","breadcrumb":{"@id":"https:\/\/www.ralarsa.com\/ca\/puesta-a-punto-vehiculo-ralarsa\/#breadcrumb"},"inLanguage":"ca","potentialAction":[{"@type":"ReadAction","target":[["https:\/\/www.ralarsa.com\/ca\/puesta-a-punto-vehiculo-ralarsa\/"]]}]},{"@type":"ImageObject","inLanguage":"ca","@id":"https:\/\/www.ralarsa.com\/ca\/puesta-a-punto-vehiculo-ralarsa\/#primaryimage","url":"https:\/\/d2oyvx818ubhz6.cloudfront.net\/wp-content\/uploads\/2025\/03\/7539.jpeg","contentUrl":"https:\/\/d2oyvx818ubhz6.cloudfront.net\/wp-content\/uploads\/2025\/03\/7539.jpeg","width":1024,"height":682},{"@type":"BreadcrumbList","@id":"https:\/\/www.ralarsa.com\/ca\/puesta-a-punto-vehiculo-ralarsa\/#breadcrumb","itemListElement":[{"@type":"ListItem","position":1,"name":"Portada","item":"https:\/\/www.ralarsa.com\/ca\/ralarsa-2\/"},{"@type":"ListItem","position":2,"name":"Puesta a punto de tu veh\u00edculo con los servicios Ralarsa"}]},{"@type":"WebSite","@id":"https:\/\/www.ralarsa.com\/ca\/#website","url":"https:\/\/www.ralarsa.com\/ca\/","name":"Ralarsa","description":"","publisher":{"@id":"https:\/\/www.ralarsa.com\/ca\/#organization"},"potentialAction":[{"@type":"SearchAction","target":{"@type":"EntryPoint","urlTemplate":"https:\/\/www.ralarsa.com\/ca\/?s={search_term_string}"},"query-input":{"@type":"PropertyValueSpecification","valueRequired":true,"valueName":"search_term_string"}}],"inLanguage":"ca"},{"@type":"Organization","@id":"https:\/\/www.ralarsa.com\/ca\/#organization","name":"Ralarsa","url":"https:\/\/www.ralarsa.com\/ca\/","logo":{"@type":"ImageObject","inLanguage":"ca","@id":"https:\/\/www.ralarsa.com\/ca\/#\/schema\/logo\/image\/","url":"https:\/\/ralarsa.s3.eu-central-1.amazonaws.com\/wp-content\/uploads\/2025\/04\/logo-ralarsa.png","contentUrl":"https:\/\/ralarsa.s3.eu-central-1.amazonaws.com\/wp-content\/uploads\/2025\/04\/logo-ralarsa.png","width":1192,"height":412,"caption":"Ralarsa"},"image":{"@id":"https:\/\/www.ralarsa.com\/ca\/#\/schema\/logo\/image\/"}},{"@type":"Person","@id":"https:\/\/www.ralarsa.com\/es\/#\/schema\/person\/cc6cd8ee6652131e9e8872b5cb9424fb","name":"ralarsa_admin","image":{"@type":"ImageObject","inLanguage":"ca","@id":"https:\/\/www.ralarsa.com\/ca\/#\/schema\/person\/image\/","url":"https:\/\/secure.gravatar.com\/avatar\/a74fd8d2062d4dc1f2f251438977288d50eb8ca5b4735594bcad2f5016833f49?s=96&d=mm&r=g","contentUrl":"https:\/\/secure.gravatar.com\/avatar\/a74fd8d2062d4dc1f2f251438977288d50eb8ca5b4735594bcad2f5016833f49?s=96&d=mm&r=g","caption":"ralarsa_admin"},"sameAs":["https:\/\/www-pre.ralarsa.com"]}]}},"_links":{"self":[{"href":"https:\/\/www.ralarsa.com\/ca\/wp-json\/wp\/v2\/posts\/1983","targetHints":{"allow":["GET"]}}],"collection":[{"href":"https:\/\/www.ralarsa.com\/ca\/wp-json\/wp\/v2\/posts"}],"about":[{"href":"https:\/\/www.ralarsa.com\/ca\/wp-json\/wp\/v2\/types\/post"}],"author":[{"embeddable":true,"href":"https:\/\/www.ralarsa.com\/ca\/wp-json\/wp\/v2\/users\/1"}],"replies":[{"embeddable":true,"href":"https:\/\/www.ralarsa.com\/ca\/wp-json\/wp\/v2\/comments?post=1983"}],"version-history":[{"count":2,"href":"https:\/\/www.ralarsa.com\/ca\/wp-json\/wp\/v2\/posts\/1983\/revisions"}],"predecessor-version":[{"id":5434,"href":"https:\/\/www.ralarsa.com\/ca\/wp-json\/wp\/v2\/posts\/1983\/revisions\/5434"}],"wp:featuredmedia":[{"embeddable":true,"href":"https:\/\/www.ralarsa.com\/ca\/wp-json\/wp\/v2\/media\/2481"}],"wp:attachment":[{"href":"https:\/\/www.ralarsa.com\/ca\/wp-json\/wp\/v2\/media?parent=1983"}],"wp:term":[{"taxonomy":"category","embeddable":true,"href":"https:\/\/www.ralarsa.com\/ca\/wp-json\/wp\/v2\/categories?post=1983"},{"taxonomy":"post_tag","embeddable":true,"href":"https:\/\/www.ralarsa.com\/ca\/wp-json\/wp\/v2\/tags?post=1983"}],"curies":[{"name":"wp","href":"https:\/\/api.w.org\/{rel}","templated":true}]}}