{"id":1991,"date":"2022-12-05T00:00:00","date_gmt":"2022-12-05T00:00:00","guid":{"rendered":"https:\/\/www.ralarsa.com\/peligros-sistema-adas-mal-recalibrado\/"},"modified":"2025-09-18T14:28:46","modified_gmt":"2025-09-18T13:28:46","slug":"peligros-sistema-adas-mal-recalibrado","status":"publish","type":"post","link":"https:\/\/www.ralarsa.com\/ca\/perills-sistema-adas-mal-recalibrat\/","title":{"rendered":"Perills de portar el sistema ADAS incorrectament recalibrat"},"content":{"rendered":"<p><\/p>\n<p class=\"ai-optimize-36 ai-optimize-introduction\"><span style=\"font-weight: 400;\">Mai t&#8217;has preguntat per qu\u00e8 \u00e9s perill\u00f3s tenir el sistema ADAS mal recalibrat? Si mai se t&#8217;ha passat pel cap o ni tan sols et preocupa, has de saber que aquest \u00e9s un punt molt important de seguretat per al teu vehicle i per als quals l&#8217;envolten, aix\u00ed com per als vianants.\u00a0<\/span><\/p>\n<p class=\"ai-optimize-37\"><span style=\"font-weight: 400;\">El parabrisa \u00e9s l&#8217;element principal que ens ajuda a mantenir la seguretat en el nostre cotxe, ja que els vidres de l&#8217;autom\u00f2bil aporten fins al 30% de la resist\u00e8ncia de l&#8217;estructura del vehicle i s\u00f3n fonamentals per a evitar l&#8217;enfonsament del sostre en cas de bolcar. Si tens <\/span><a href=\"..\/..\/..\/ca\/blog\/quins-tipus-trencaments-parabrisa\"><strong>el vidre del cotxe trencat<\/strong><\/a><span style=\"font-weight: 400;\">, a Ralarsa som experts a reparar parabrisa, no ho dubtis m\u00e9s i contacta amb nosaltres.\u00a0<\/span><\/p>\n<h2 class=\"ai-optimize-38\"><span style=\"font-weight: 400;\">Sistema ADAS: per qu\u00e8 he de calibrar-lo correctament?<\/span><\/h2>\n<p class=\"ai-optimize-39\"><span style=\"font-weight: 400;\">Amb els aven\u00e7os tecnol\u00f2gics actuals, els vehicles cada vegada incorporen m\u00e9s funcions amb l&#8217;objectiu d&#8217;assistir al conductor. Aqu\u00ed \u00e9s on entra el sistema ADAS, que s\u00f3n les sigles de Sistema Avan\u00e7at d&#8217;Ajuda a la Conducci\u00f3 (ADAS). Gr\u00e0cies a aquesta tecnologia, el cotxe \u00e9s capa\u00e7 de saber si hi ha algun element prop del vehicle que posi en risc la seguretat, ja siguin persones, altres cotxes, objectes o murs.\u00a0<\/span><\/p>\n<p class=\"ai-optimize-40\"><span style=\"font-weight: 400;\">En cas de ser necessari, el sistema avisa al conductor o fins i tot activaria el fre d&#8217;emerg\u00e8ncia. \u00c9s per aquesta ra\u00f3 que \u00e9s tan necessari <\/span><a href=\"..\/..\/..\/ca\/blog\/calibracio-sistema-adas-importancia\"><strong>tenir el sistema ADAS calibrat correctament<\/strong><\/a><span style=\"font-weight: 400;\">. Aquest sistema ha d&#8217;estar operant a la perfecci\u00f3, i a Ralarsa ens encarreguem que el recalibratge del mateix sigui tan precisa com les especificacions del fabricant.\u00a0<\/span><\/p>\n<p class=\"ai-optimize-41\"><span style=\"font-weight: 400;\">Per\u00f2 qu\u00e8 tenen a veure els vidres de l&#8217;autom\u00f2bil, especialment el parabrisa, amb el sistema ADAS? El vidre davanter \u00e9s fonamental per al correcte funcionament d&#8217;aquesta tecnologia que ja porta m\u00e9s d&#8217;una d\u00e8cada present en les nostres vides. A Ralarsa, reparem vidre cotxe trencada i portem m\u00e9s de 40 anys en el mercat, per la qual cosa som experts en el sector automobil\u00edstic.\u00a0<\/span><\/p>\n<p class=\"ai-optimize-42\"><span style=\"font-weight: 400;\">Els nostres serveis fan que coneguem de primera m\u00e0 les caracter\u00edstiques dels parabrises, i sabem molt b\u00e9 que el vidre davanter est\u00e0 directament connectat amb el sistema ADAS. Tant els sensors com la c\u00e0mera frontal estan allotjats en vidre. Juntament amb altres m\u00f2duls, formen una \u00e0mplia gamma de sistemes d&#8217;assist\u00e8ncia al conductor que es troben en els vehicles actuals de manera habitual.<\/span><\/p>\n<h2 class=\"ai-optimize-43\"><span style=\"font-weight: 400;\">Com s\u00e9 si est\u00e0 mal calibrat?<\/span><\/h2>\n<p class=\"ai-optimize-44\"><span style=\"font-weight: 400;\">Existeixen algunes situacions que ens poden indicar que el nostre sistema ADAS est\u00e0 descalibrado, com per exemple si aquest t\u00e9 fallades en el c\u00e0lcul de les dist\u00e0ncies o una err\u00f2nia lectura de la carretera.\u00a0<\/span><\/p>\n<p class=\"ai-optimize-45\"><strong>Fallada del c\u00e0lcul en les dist\u00e0ncies<\/strong><span style=\"font-weight: 400;\">. Un dels principals riscos de tenir el sistema ADAS mal calibrat, s\u00f3n els errors en els c\u00e0lculs de les dist\u00e0ncies. Aix\u00ed doncs, a determinades velocitats i inclinacions de la carrera la cambra del sistema ADAS no avisar\u00e0 al conductor de la proximitat d&#8217;objectes, cotxes o vianants. Cal destacar que, aquest problema \u00e9s directament proporcional a la inclinaci\u00f3 de la carretera, \u00e9s a dir, quanta m\u00e9s inclinaci\u00f3 major risc d&#8217;error.\u00a0<\/span><\/p>\n<p class=\"ai-optimize-46\"><strong>Err\u00f2nia lectura de la carretera<\/strong><span style=\"font-weight: 400;\">. Segons un estudi recent, un altre dels riscos de tenir la cambra del sistema ADAS mal calibrada \u00e9s que far\u00e0 una lectura err\u00f2nia de la carreta, per la qual cosa el risc de canviar de carril s&#8217;incrementa notablement. I \u00e9s que, en estar la cambra mal posicionada aquesta llegir\u00e0 les l\u00ednies del carril de manera err\u00f2nia, fent que doni l&#8217;av\u00eds que el cotxe est\u00e0 mal alineat, quan no \u00e9s aix\u00ed.\u00a0<\/span><\/p>\n<h2 class=\"ai-optimize-47\"><span style=\"font-weight: 400;\">Sistema ADAS, per qu\u00e8 \u00e9s tan important en la conducci\u00f3?<\/span><\/h2>\n<p class=\"ai-optimize-48\"><span style=\"font-weight: 400;\">Aquest \u00e9s un sistema de seguretat amb el qual es pret\u00e9n evitar unes 25.000 morts i m\u00e9s de 140.000 ferits greus a Europa en els pr\u00f2xims 18 anys, una xifra que far\u00e0 que disminueixi notablement les morts en les carreteres europees.\u00a0<\/span><\/p>\n<p class=\"ai-optimize-49\"><span style=\"font-weight: 400;\">Aquest complex sistema de seguretat, t\u00e9 la capacitat de fer la lectura dels senyals per a poder avisar al conductor del vehicle quan est\u00e0 circulant per sobre de la velocitat marcada. A m\u00e9s d&#8217;aix\u00f2, consta d&#8217;un frenat d&#8217;emerg\u00e8ncia que s&#8217;activa en el cas que el conductor no reaccioni als seus senyals d&#8217;av\u00eds perqu\u00e8 redueixi la velocitat.\u00a0<\/span><\/p>\n<p class=\"ai-optimize-50\"><span style=\"font-weight: 400;\">D&#8217;altra banda, consta d&#8217;un sistema dissenyat espec\u00edficament per a la detecci\u00f3 de vianants el qual ajudar\u00e0 a reduir els atropellaments, ja que aquests accidents s\u00f3n els principals en les nostres carreteres.\u00a0<\/span><\/p>\n<p class=\"ai-optimize-51\"><span style=\"font-weight: 400;\">Pel que, si tens <\/span><a href=\"..\/..\/..\/ca\/blog\/cuidar-parabrises-despres-recanvi\"><strong>el vidre cotxe trencada<\/strong><\/a><span style=\"font-weight: 400;\"> o consideres que tens el sistema ADAS mal calibrat, no dubtis a contactar amb el teu taller Ralarsa m\u00e9s pr\u00f2xim perqu\u00e8 et puguin fer un corrector recalibratge del sistema ADAS.\u00a0<\/span><\/p>\n<p><\/p>","protected":false},"excerpt":{"rendered":"Mai t&#8217;has preguntat per qu\u00e8 \u00e9s perill\u00f3s tenir el sistema ADAS mal recalibrat? Si mai se t&#8217;ha passat pel cap o ni tan sols et preocupa, has de saber que aquest \u00e9s un punt molt important de seguretat per al teu vehicle i per als quals l&#8217;envolten, aix\u00ed com per als vianants.\u00a0 El parabrisa \u00e9s&#8230;","protected":false},"author":1,"featured_media":2489,"comment_status":"open","ping_status":"open","sticky":false,"template":"","format":"standard","meta":{"_acf_changed":false,"inline_featured_image":false,"footnotes":""},"categories":[1],"tags":[15],"class_list":["post-1991","post","type-post","status-publish","format-standard","has-post-thumbnail","hentry","category-uncategorized","tag-ok"],"acf":[],"yoast_head":"<!-- This site is optimized with the Yoast SEO Premium plugin v25.3 (Yoast SEO v26.7) - https:\/\/yoast.com\/wordpress\/plugins\/seo\/ -->\n<title>Perills de portar el sistema ADAS incorrectament recalibrat - Ralarsa<\/title>\n<meta name=\"description\" content=\"Encara no coneixes la import\u00e0ncia de portar el sistema ADAS correctament recalibrat? Llegeix aquest article i aposta per una seguretat total a la carretera gr\u00e0cies a Ralarsa!\" \/>\n<meta name=\"robots\" content=\"index, follow, max-snippet:-1, max-image-preview:large, max-video-preview:-1\" \/>\n<link rel=\"canonical\" href=\"https:\/\/www.ralarsa.com\/ca\/peligros-sistema-adas-mal-recalibrado\/\" \/>\n<meta property=\"og:locale\" content=\"ca_ES\" \/>\n<meta property=\"og:type\" content=\"article\" \/>\n<meta property=\"og:title\" content=\"Perills de portar el sistema ADAS incorrectament recalibrat\" \/>\n<meta property=\"og:description\" content=\"Encara no coneixes la import\u00e0ncia de portar el sistema ADAS correctament recalibrat? Llegeix aquest article i aposta per una seguretat total a la carretera gr\u00e0cies a Ralarsa!\" \/>\n<meta property=\"og:url\" content=\"https:\/\/www.ralarsa.com\/ca\/peligros-sistema-adas-mal-recalibrado\/\" \/>\n<meta property=\"og:site_name\" content=\"Ralarsa\" \/>\n<meta property=\"article:published_time\" content=\"2022-12-05T00:00:00+00:00\" \/>\n<meta property=\"article:modified_time\" content=\"2025-09-18T13:28:46+00:00\" \/>\n<meta property=\"og:image\" content=\"https:\/\/ralarsa.s3.eu-central-1.amazonaws.com\/wp-content\/uploads\/2025\/03\/9721.jpeg\" \/>\n\t<meta property=\"og:image:width\" content=\"1024\" \/>\n\t<meta property=\"og:image:height\" content=\"683\" \/>\n\t<meta property=\"og:image:type\" content=\"image\/jpeg\" \/>\n<meta name=\"author\" content=\"ralarsa_admin\" \/>\n<meta name=\"twitter:card\" content=\"summary_large_image\" \/>\n<meta name=\"twitter:label1\" content=\"Escrit per\" \/>\n\t<meta name=\"twitter:data1\" content=\"ralarsa_admin\" \/>\n\t<meta name=\"twitter:label2\" content=\"Temps estimat de lectura\" \/>\n\t<meta name=\"twitter:data2\" content=\"4 minuts\" \/>\n<script type=\"application\/ld+json\" class=\"yoast-schema-graph\">{\"@context\":\"https:\/\/schema.org\",\"@graph\":[{\"@type\":\"Article\",\"@id\":\"https:\/\/www.ralarsa.com\/es\/peligros-sistema-adas-mal-recalibrado\/#article\",\"isPartOf\":{\"@id\":\"https:\/\/www.ralarsa.com\/es\/peligros-sistema-adas-mal-recalibrado\/\"},\"author\":{\"name\":\"ralarsa_admin\",\"@id\":\"https:\/\/www.ralarsa.com\/es\/#\/schema\/person\/cc6cd8ee6652131e9e8872b5cb9424fb\"},\"headline\":\"Perills de portar el sistema ADAS incorrectament recalibrat\",\"datePublished\":\"2022-12-05T00:00:00+00:00\",\"dateModified\":\"2025-09-18T13:28:46+00:00\",\"mainEntityOfPage\":{\"@id\":\"https:\/\/www.ralarsa.com\/es\/peligros-sistema-adas-mal-recalibrado\/\"},\"wordCount\":2315,\"commentCount\":0,\"publisher\":{\"@id\":\"https:\/\/www.ralarsa.com\/es\/#organization\"},\"image\":{\"@id\":\"https:\/\/www.ralarsa.com\/es\/peligros-sistema-adas-mal-recalibrado\/#primaryimage\"},\"thumbnailUrl\":\"https:\/\/d2oyvx818ubhz6.cloudfront.net\/wp-content\/uploads\/2025\/03\/9721.jpeg\",\"keywords\":[\"ok\"],\"articleSection\":[\"Informaci\u00f3\"],\"inLanguage\":\"ca\",\"potentialAction\":[{\"@type\":\"CommentAction\",\"name\":\"Comment\",\"target\":[\"https:\/\/www.ralarsa.com\/es\/peligros-sistema-adas-mal-recalibrado\/#respond\"]}]},{\"@type\":\"WebPage\",\"@id\":\"https:\/\/www.ralarsa.com\/ca\/peligros-sistema-adas-mal-recalibrado\/\",\"url\":\"https:\/\/www.ralarsa.com\/ca\/peligros-sistema-adas-mal-recalibrado\/\",\"name\":\"Perills de portar el sistema ADAS incorrectament recalibrat - Ralarsa\",\"isPartOf\":{\"@id\":\"https:\/\/www.ralarsa.com\/ca\/#website\"},\"primaryImageOfPage\":{\"@id\":\"https:\/\/www.ralarsa.com\/ca\/peligros-sistema-adas-mal-recalibrado\/#primaryimage\"},\"image\":{\"@id\":\"https:\/\/www.ralarsa.com\/es\/peligros-sistema-adas-mal-recalibrado\/#primaryimage\"},\"thumbnailUrl\":\"https:\/\/d2oyvx818ubhz6.cloudfront.net\/wp-content\/uploads\/2025\/03\/9721.jpeg\",\"datePublished\":\"2022-12-05T00:00:00+00:00\",\"dateModified\":\"2025-09-18T13:28:46+00:00\",\"description\":\"Encara no coneixes la import\u00e0ncia de portar el sistema ADAS correctament recalibrat? Llegeix aquest article i aposta per una seguretat total a la carretera gr\u00e0cies a Ralarsa!\",\"breadcrumb\":{\"@id\":\"https:\/\/www.ralarsa.com\/ca\/peligros-sistema-adas-mal-recalibrado\/#breadcrumb\"},\"inLanguage\":\"ca\",\"potentialAction\":[{\"@type\":\"ReadAction\",\"target\":[[\"https:\/\/www.ralarsa.com\/ca\/peligros-sistema-adas-mal-recalibrado\/\"]]}]},{\"@type\":\"ImageObject\",\"inLanguage\":\"ca\",\"@id\":\"https:\/\/www.ralarsa.com\/ca\/peligros-sistema-adas-mal-recalibrado\/#primaryimage\",\"url\":\"https:\/\/d2oyvx818ubhz6.cloudfront.net\/wp-content\/uploads\/2025\/03\/9721.jpeg\",\"contentUrl\":\"https:\/\/d2oyvx818ubhz6.cloudfront.net\/wp-content\/uploads\/2025\/03\/9721.jpeg\",\"width\":1024,\"height\":683},{\"@type\":\"BreadcrumbList\",\"@id\":\"https:\/\/www.ralarsa.com\/ca\/peligros-sistema-adas-mal-recalibrado\/#breadcrumb\",\"itemListElement\":[{\"@type\":\"ListItem\",\"position\":1,\"name\":\"Portada\",\"item\":\"https:\/\/www.ralarsa.com\/ca\/ralarsa-2\/\"},{\"@type\":\"ListItem\",\"position\":2,\"name\":\"Peligros de llevar el sistema ADAS mal recalibrado\"}]},{\"@type\":\"WebSite\",\"@id\":\"https:\/\/www.ralarsa.com\/ca\/#website\",\"url\":\"https:\/\/www.ralarsa.com\/ca\/\",\"name\":\"Ralarsa\",\"description\":\"\",\"publisher\":{\"@id\":\"https:\/\/www.ralarsa.com\/ca\/#organization\"},\"potentialAction\":[{\"@type\":\"SearchAction\",\"target\":{\"@type\":\"EntryPoint\",\"urlTemplate\":\"https:\/\/www.ralarsa.com\/ca\/?s={search_term_string}\"},\"query-input\":{\"@type\":\"PropertyValueSpecification\",\"valueRequired\":true,\"valueName\":\"search_term_string\"}}],\"inLanguage\":\"ca\"},{\"@type\":\"Organization\",\"@id\":\"https:\/\/www.ralarsa.com\/ca\/#organization\",\"name\":\"Ralarsa\",\"url\":\"https:\/\/www.ralarsa.com\/ca\/\",\"logo\":{\"@type\":\"ImageObject\",\"inLanguage\":\"ca\",\"@id\":\"https:\/\/www.ralarsa.com\/ca\/#\/schema\/logo\/image\/\",\"url\":\"https:\/\/ralarsa.s3.eu-central-1.amazonaws.com\/wp-content\/uploads\/2025\/04\/logo-ralarsa.png\",\"contentUrl\":\"https:\/\/ralarsa.s3.eu-central-1.amazonaws.com\/wp-content\/uploads\/2025\/04\/logo-ralarsa.png\",\"width\":1192,\"height\":412,\"caption\":\"Ralarsa\"},\"image\":{\"@id\":\"https:\/\/www.ralarsa.com\/ca\/#\/schema\/logo\/image\/\"}},{\"@type\":\"Person\",\"@id\":\"https:\/\/www.ralarsa.com\/es\/#\/schema\/person\/cc6cd8ee6652131e9e8872b5cb9424fb\",\"name\":\"ralarsa_admin\",\"image\":{\"@type\":\"ImageObject\",\"inLanguage\":\"ca\",\"@id\":\"https:\/\/www.ralarsa.com\/ca\/#\/schema\/person\/image\/\",\"url\":\"https:\/\/secure.gravatar.com\/avatar\/a74fd8d2062d4dc1f2f251438977288d50eb8ca5b4735594bcad2f5016833f49?s=96&d=mm&r=g\",\"contentUrl\":\"https:\/\/secure.gravatar.com\/avatar\/a74fd8d2062d4dc1f2f251438977288d50eb8ca5b4735594bcad2f5016833f49?s=96&d=mm&r=g\",\"caption\":\"ralarsa_admin\"},\"sameAs\":[\"https:\/\/www-pre.ralarsa.com\"]}]}<\/script>\n<!-- \/ Yoast SEO Premium plugin. -->","yoast_head_json":{"title":"Perills de portar el sistema ADAS incorrectament recalibrat - Ralarsa","description":"Encara no coneixes la import\u00e0ncia de portar el sistema ADAS correctament recalibrat? Llegeix aquest article i aposta per una seguretat total a la carretera gr\u00e0cies a Ralarsa!","robots":{"index":"index","follow":"follow","max-snippet":"max-snippet:-1","max-image-preview":"max-image-preview:large","max-video-preview":"max-video-preview:-1"},"canonical":"https:\/\/www.ralarsa.com\/ca\/peligros-sistema-adas-mal-recalibrado\/","og_locale":"ca_ES","og_type":"article","og_title":"Perills de portar el sistema ADAS incorrectament recalibrat","og_description":"Encara no coneixes la import\u00e0ncia de portar el sistema ADAS correctament recalibrat? Llegeix aquest article i aposta per una seguretat total a la carretera gr\u00e0cies a Ralarsa!","og_url":"https:\/\/www.ralarsa.com\/ca\/peligros-sistema-adas-mal-recalibrado\/","og_site_name":"Ralarsa","article_published_time":"2022-12-05T00:00:00+00:00","article_modified_time":"2025-09-18T13:28:46+00:00","og_image":[{"width":1024,"height":683,"url":"https:\/\/ralarsa.s3.eu-central-1.amazonaws.com\/wp-content\/uploads\/2025\/03\/9721.jpeg","type":"image\/jpeg"}],"author":"ralarsa_admin","twitter_card":"summary_large_image","twitter_misc":{"Escrit per":"ralarsa_admin","Temps estimat de lectura":"4 minuts"},"schema":{"@context":"https:\/\/schema.org","@graph":[{"@type":"Article","@id":"https:\/\/www.ralarsa.com\/es\/peligros-sistema-adas-mal-recalibrado\/#article","isPartOf":{"@id":"https:\/\/www.ralarsa.com\/es\/peligros-sistema-adas-mal-recalibrado\/"},"author":{"name":"ralarsa_admin","@id":"https:\/\/www.ralarsa.com\/es\/#\/schema\/person\/cc6cd8ee6652131e9e8872b5cb9424fb"},"headline":"Perills de portar el sistema ADAS incorrectament recalibrat","datePublished":"2022-12-05T00:00:00+00:00","dateModified":"2025-09-18T13:28:46+00:00","mainEntityOfPage":{"@id":"https:\/\/www.ralarsa.com\/es\/peligros-sistema-adas-mal-recalibrado\/"},"wordCount":2315,"commentCount":0,"publisher":{"@id":"https:\/\/www.ralarsa.com\/es\/#organization"},"image":{"@id":"https:\/\/www.ralarsa.com\/es\/peligros-sistema-adas-mal-recalibrado\/#primaryimage"},"thumbnailUrl":"https:\/\/d2oyvx818ubhz6.cloudfront.net\/wp-content\/uploads\/2025\/03\/9721.jpeg","keywords":["ok"],"articleSection":["Informaci\u00f3"],"inLanguage":"ca","potentialAction":[{"@type":"CommentAction","name":"Comment","target":["https:\/\/www.ralarsa.com\/es\/peligros-sistema-adas-mal-recalibrado\/#respond"]}]},{"@type":"WebPage","@id":"https:\/\/www.ralarsa.com\/ca\/peligros-sistema-adas-mal-recalibrado\/","url":"https:\/\/www.ralarsa.com\/ca\/peligros-sistema-adas-mal-recalibrado\/","name":"Perills de portar el sistema ADAS incorrectament recalibrat - Ralarsa","isPartOf":{"@id":"https:\/\/www.ralarsa.com\/ca\/#website"},"primaryImageOfPage":{"@id":"https:\/\/www.ralarsa.com\/ca\/peligros-sistema-adas-mal-recalibrado\/#primaryimage"},"image":{"@id":"https:\/\/www.ralarsa.com\/es\/peligros-sistema-adas-mal-recalibrado\/#primaryimage"},"thumbnailUrl":"https:\/\/d2oyvx818ubhz6.cloudfront.net\/wp-content\/uploads\/2025\/03\/9721.jpeg","datePublished":"2022-12-05T00:00:00+00:00","dateModified":"2025-09-18T13:28:46+00:00","description":"Encara no coneixes la import\u00e0ncia de portar el sistema ADAS correctament recalibrat? Llegeix aquest article i aposta per una seguretat total a la carretera gr\u00e0cies a Ralarsa!","breadcrumb":{"@id":"https:\/\/www.ralarsa.com\/ca\/peligros-sistema-adas-mal-recalibrado\/#breadcrumb"},"inLanguage":"ca","potentialAction":[{"@type":"ReadAction","target":[["https:\/\/www.ralarsa.com\/ca\/peligros-sistema-adas-mal-recalibrado\/"]]}]},{"@type":"ImageObject","inLanguage":"ca","@id":"https:\/\/www.ralarsa.com\/ca\/peligros-sistema-adas-mal-recalibrado\/#primaryimage","url":"https:\/\/d2oyvx818ubhz6.cloudfront.net\/wp-content\/uploads\/2025\/03\/9721.jpeg","contentUrl":"https:\/\/d2oyvx818ubhz6.cloudfront.net\/wp-content\/uploads\/2025\/03\/9721.jpeg","width":1024,"height":683},{"@type":"BreadcrumbList","@id":"https:\/\/www.ralarsa.com\/ca\/peligros-sistema-adas-mal-recalibrado\/#breadcrumb","itemListElement":[{"@type":"ListItem","position":1,"name":"Portada","item":"https:\/\/www.ralarsa.com\/ca\/ralarsa-2\/"},{"@type":"ListItem","position":2,"name":"Peligros de llevar el sistema ADAS mal recalibrado"}]},{"@type":"WebSite","@id":"https:\/\/www.ralarsa.com\/ca\/#website","url":"https:\/\/www.ralarsa.com\/ca\/","name":"Ralarsa","description":"","publisher":{"@id":"https:\/\/www.ralarsa.com\/ca\/#organization"},"potentialAction":[{"@type":"SearchAction","target":{"@type":"EntryPoint","urlTemplate":"https:\/\/www.ralarsa.com\/ca\/?s={search_term_string}"},"query-input":{"@type":"PropertyValueSpecification","valueRequired":true,"valueName":"search_term_string"}}],"inLanguage":"ca"},{"@type":"Organization","@id":"https:\/\/www.ralarsa.com\/ca\/#organization","name":"Ralarsa","url":"https:\/\/www.ralarsa.com\/ca\/","logo":{"@type":"ImageObject","inLanguage":"ca","@id":"https:\/\/www.ralarsa.com\/ca\/#\/schema\/logo\/image\/","url":"https:\/\/ralarsa.s3.eu-central-1.amazonaws.com\/wp-content\/uploads\/2025\/04\/logo-ralarsa.png","contentUrl":"https:\/\/ralarsa.s3.eu-central-1.amazonaws.com\/wp-content\/uploads\/2025\/04\/logo-ralarsa.png","width":1192,"height":412,"caption":"Ralarsa"},"image":{"@id":"https:\/\/www.ralarsa.com\/ca\/#\/schema\/logo\/image\/"}},{"@type":"Person","@id":"https:\/\/www.ralarsa.com\/es\/#\/schema\/person\/cc6cd8ee6652131e9e8872b5cb9424fb","name":"ralarsa_admin","image":{"@type":"ImageObject","inLanguage":"ca","@id":"https:\/\/www.ralarsa.com\/ca\/#\/schema\/person\/image\/","url":"https:\/\/secure.gravatar.com\/avatar\/a74fd8d2062d4dc1f2f251438977288d50eb8ca5b4735594bcad2f5016833f49?s=96&d=mm&r=g","contentUrl":"https:\/\/secure.gravatar.com\/avatar\/a74fd8d2062d4dc1f2f251438977288d50eb8ca5b4735594bcad2f5016833f49?s=96&d=mm&r=g","caption":"ralarsa_admin"},"sameAs":["https:\/\/www-pre.ralarsa.com"]}]}},"_links":{"self":[{"href":"https:\/\/www.ralarsa.com\/ca\/wp-json\/wp\/v2\/posts\/1991","targetHints":{"allow":["GET"]}}],"collection":[{"href":"https:\/\/www.ralarsa.com\/ca\/wp-json\/wp\/v2\/posts"}],"about":[{"href":"https:\/\/www.ralarsa.com\/ca\/wp-json\/wp\/v2\/types\/post"}],"author":[{"embeddable":true,"href":"https:\/\/www.ralarsa.com\/ca\/wp-json\/wp\/v2\/users\/1"}],"replies":[{"embeddable":true,"href":"https:\/\/www.ralarsa.com\/ca\/wp-json\/wp\/v2\/comments?post=1991"}],"version-history":[{"count":2,"href":"https:\/\/www.ralarsa.com\/ca\/wp-json\/wp\/v2\/posts\/1991\/revisions"}],"predecessor-version":[{"id":5411,"href":"https:\/\/www.ralarsa.com\/ca\/wp-json\/wp\/v2\/posts\/1991\/revisions\/5411"}],"wp:featuredmedia":[{"embeddable":true,"href":"https:\/\/www.ralarsa.com\/ca\/wp-json\/wp\/v2\/media\/2489"}],"wp:attachment":[{"href":"https:\/\/www.ralarsa.com\/ca\/wp-json\/wp\/v2\/media?parent=1991"}],"wp:term":[{"taxonomy":"category","embeddable":true,"href":"https:\/\/www.ralarsa.com\/ca\/wp-json\/wp\/v2\/categories?post=1991"},{"taxonomy":"post_tag","embeddable":true,"href":"https:\/\/www.ralarsa.com\/ca\/wp-json\/wp\/v2\/tags?post=1991"}],"curies":[{"name":"wp","href":"https:\/\/api.w.org\/{rel}","templated":true}]}}