{"id":1992,"date":"2022-12-13T00:00:00","date_gmt":"2022-12-13T00:00:00","guid":{"rendered":"https:\/\/www.ralarsa.com\/por-que-pulir-faros-coche\/"},"modified":"2025-09-18T14:24:07","modified_gmt":"2025-09-18T13:24:07","slug":"por-que-pulir-faros-coche","status":"publish","type":"post","link":"https:\/\/www.ralarsa.com\/ca\/per-que-polir-fars-cotxe\/","title":{"rendered":"Per qu\u00e8 polir els fars del cotxe?"},"content":{"rendered":"<p><\/p>\n<p class=\"ai-optimize-22 ai-optimize-introduction\"><span style=\"font-weight: 400;\">A l&#8217;hora de parlar de la nostra seguretat i la seguretat d&#8217;uns altres en la carretera, elements exteriors com els vidres o els fars tenen un paper fonamental. Els segons s\u00f3n imprescindibles per a il\u00b7luminar el cam\u00ed en situacions amb poca llum, igual que per a permetre que la resta de conductors puguin veure&#8217;ns m\u00e9s f\u00e0cilment en carreteres fosques o durant la nit.\u00a0<\/span><\/p>\n<p class=\"ai-optimize-23\"><span style=\"font-weight: 400;\">A causa de la import\u00e0ncia que tenen els fars del nostre vehicle i com a especialistes en el sector de l&#8217;autom\u00f2bil, et comptem en el nostre blog els factors que poden arribar a danyar les cobertes de pl\u00e0stic de les bombetes, i com mantenir el teu autom\u00f2bil sempre a punt simplement amb <\/span><a href=\"..\/..\/..\/ca\/serveis\/poliment-fars\"><strong>polir els fars del cotxe<\/strong><\/a><span style=\"font-weight: 400;\">.<\/span><\/p>\n<h2 class=\"ai-optimize-24\"><span style=\"font-weight: 400;\">Polit de\u00a0 fars preu, en qu\u00e8 consisteix?<\/span><\/h2>\n<p class=\"ai-optimize-25\"><span style=\"font-weight: 400;\">La tasca de la cura de les llums del nostre vehicle pot semblar una tasca molt senzilla, per\u00f2 per a aconseguir uns resultats duradors \u00e9s essencial deixar el proc\u00e9s en mans de professionals, d&#8217;aix\u00f2 dependr\u00e0 el poliment de fars preu.\u00a0<\/span><\/p>\n<p class=\"ai-optimize-26\"><span style=\"font-weight: 400;\">El procediment de poliment consisteix a eliminar mitjan\u00e7ant els productes i eines adequats, el desgast que s&#8217;hagi creat en els fars o la brut\u00edcia acumulada durant el temps. Per a aconseguir-ho, no ser\u00e0 necessari desmuntar cap pe\u00e7a, tret que hi hagi algun tipus de pe\u00e7a que resguardi els fars.\u00a0<\/span><\/p>\n<p class=\"ai-optimize-27\"><span style=\"font-weight: 400;\">Durant el proc\u00e9s de poliment de fars preu, s&#8217;utilitza una m\u00e0quina fregadora amb diferents grans. Per a comen\u00e7ar, s&#8217;empra una escata de 400 per a llevar la capa superior, que sol estar m\u00e9s afectada pel sol, i aix\u00ed allisar la superf\u00edcie. Despr\u00e9s, es repeteix el proc\u00e9s amb escates m\u00e9s fines per a ajudar a llevar el color blanquin\u00f3s que queda en el pl\u00e0stic. Finalment, amb ajuda d&#8217;una polidora o un drap s&#8217;aplica una pasta que li donar\u00e0 aquest acabat brillant tan caracter\u00edstic.<\/span><\/p>\n<h2 class=\"ai-optimize-28\"><span style=\"font-weight: 400;\">Motius per a polir fars cotxe<\/span><\/h2>\n<p class=\"ai-optimize-29\"><span style=\"font-weight: 400;\">Generalment, el material amb el qual es fabriquen els fars del cotxe \u00e9s policarbonat transparent, per a aix\u00ed reflectir la llum. El contratemps m\u00e9s habitual d&#8217;aquest material, \u00e9s que \u00e9s propens al fet que s&#8217;erosioni a causa de la seva f\u00e0cil deterioraci\u00f3 abans fonts de calor com pot ser l&#8217;exposici\u00f3 del sol o si les bombetes del propi vehicle compten amb massa pot\u00e8ncia. Davant aquesta exposici\u00f3, el policarbonat adquireix un color groguenc o blanc, perdent aix\u00ed la seva transpar\u00e8ncia caracter\u00edstica, fent que el cotxe llueixi m\u00e9s vell i deixat.\u00a0<\/span><\/p>\n<p class=\"ai-optimize-30\"><span style=\"font-weight: 400;\">Les raons per a optar per polir els fars del cotxe no han de quedar-se nom\u00e9s en l&#8217;est\u00e8tica, ja que la deterioraci\u00f3 d&#8217;aquests impedeix que la llum passi adequadament, provocant que els fars no il\u00b7luminin de la manera correcta. Una mala il\u00b7luminaci\u00f3 afecta clarament a la seguretat al volant, ja que dificulta tant la visibilitat al volant, com el ser visibles amb major facilitat per altres persones en la via, vianants o ciclistes.<\/span><\/p>\n<h2 class=\"ai-optimize-31\"><span style=\"font-weight: 400;\">Majors enemics dels fars<\/span><\/h2>\n<p class=\"ai-optimize-32\"><span style=\"font-weight: 400;\">Com et compt\u00e0vem anteriorment en el nostre blog, \u00e9s de gran import\u00e0ncia <\/span><a href=\"..\/..\/..\/ca\/blog\/com-preparar-cotxe-viatge-carretera\"><strong>preparar el teu cotxe abans d&#8217;un viatge<\/strong><\/a><span style=\"font-weight: 400;\">, analitzant l&#8217;estat de les carreteres i fins i tot, el temps que va fer durant el teu trajecte, at\u00e8s que els elements naturals solen ser els enemics n\u00famero 1 tant del parabrisa del teu vehicle com dels fars.\u00a0<\/span><\/p>\n<p class=\"ai-optimize-33\"><span style=\"font-weight: 400;\">Els llamps del sol que incideixen en el cotxe despr\u00e9s d&#8217;exposar-lo a l&#8217;aire lliure durant un llarg per\u00edode de temps, la calor, la pluja i la baixada de temperatures, s\u00f3n els principals causants que els fars del nostre vehicle canvi\u00efn totalment de color, perdent el seu aspecte trasllu\u00eft. Aix\u00ed mateix, tamb\u00e9 haurem de tenir en compte la possible brut\u00edcia i els enderrocs que arriben a acumular-se en la carretera.\u00a0<\/span><\/p>\n<h2 class=\"ai-optimize-34\"><span style=\"font-weight: 400;\">Cada quant \u00e9s necessari polir els fars del cotxe?<\/span><\/h2>\n<p class=\"ai-optimize-35\"><span style=\"font-weight: 400;\">Com a professionals en el sector de l&#8217;autom\u00f2bil, des de Ralarsa recomanem realitzar el poliment de fars preu dues vegades a l&#8217;any, sobretot si es troben exposats durant molt de temps. Si no \u00e9s aix\u00ed, amb una vegada a l&#8217;any \u00e9s m\u00e9s que suficient.\u00a0<\/span><\/p>\n<p class=\"ai-optimize-36\"><span style=\"font-weight: 400;\">Encara aix\u00ed, el poliment \u00fanicament podr\u00e0 realitzar-se dues vegades durant tota la vida \u00fatil de la superf\u00edcie del material dels fars. En fer-ho m\u00e9s vegades, es corre el risc que arribin a produir-se esquerdes amb les quals sigui necessari una substituci\u00f3 immediata.\u00a0<\/span><\/p>\n<p class=\"ai-optimize-37\"><span style=\"font-weight: 400;\">Aix\u00ed que no dubtis a tenir el teu vehicle sempre a punt amb els nostres serveis en el teu taller Ralarsa m\u00e9s pr\u00f2xim, t&#8217;esperem!\u00a0<\/span><\/p>\n<p><\/p>","protected":false},"excerpt":{"rendered":"A l&#8217;hora de parlar de la nostra seguretat i la seguretat d&#8217;uns altres en la carretera, elements exteriors com els vidres o els fars tenen un paper fonamental. Els segons s\u00f3n imprescindibles per a il\u00b7luminar el cam\u00ed en situacions amb poca llum, igual que per a permetre que la resta de conductors puguin veure&#8217;ns m\u00e9s&#8230;","protected":false},"author":1,"featured_media":2490,"comment_status":"open","ping_status":"open","sticky":false,"template":"","format":"standard","meta":{"_acf_changed":false,"inline_featured_image":false,"footnotes":""},"categories":[1],"tags":[15],"class_list":["post-1992","post","type-post","status-publish","format-standard","has-post-thumbnail","hentry","category-uncategorized","tag-ok"],"acf":[],"yoast_head":"<!-- This site is optimized with the Yoast SEO Premium plugin v25.3 (Yoast SEO v26.7) - https:\/\/yoast.com\/wordpress\/plugins\/seo\/ -->\n<title>Per qu\u00e8 polir els fars del cotxe? - Ralarsa<\/title>\n<meta name=\"description\" content=\"Coneix en aquest article la import\u00e0ncia de polir fars cotxe i gaudeix d&#039;una conducci\u00f3 segura gr\u00e0cies als serveis Ralarsa. T&#039;esperem!\" \/>\n<meta name=\"robots\" content=\"index, follow, max-snippet:-1, max-image-preview:large, max-video-preview:-1\" \/>\n<link rel=\"canonical\" href=\"https:\/\/www.ralarsa.com\/ca\/por-que-pulir-faros-coche\/\" \/>\n<meta property=\"og:locale\" content=\"ca_ES\" \/>\n<meta property=\"og:type\" content=\"article\" \/>\n<meta property=\"og:title\" content=\"Per qu\u00e8 polir els fars del cotxe?\" \/>\n<meta property=\"og:description\" content=\"Coneix en aquest article la import\u00e0ncia de polir fars cotxe i gaudeix d&#039;una conducci\u00f3 segura gr\u00e0cies als serveis Ralarsa. T&#039;esperem!\" \/>\n<meta property=\"og:url\" content=\"https:\/\/www.ralarsa.com\/ca\/por-que-pulir-faros-coche\/\" \/>\n<meta property=\"og:site_name\" content=\"Ralarsa\" \/>\n<meta property=\"article:published_time\" content=\"2022-12-13T00:00:00+00:00\" \/>\n<meta property=\"article:modified_time\" content=\"2025-09-18T13:24:07+00:00\" \/>\n<meta property=\"og:image\" content=\"https:\/\/ralarsa.s3.eu-central-1.amazonaws.com\/wp-content\/uploads\/2025\/03\/9724.jpeg\" \/>\n\t<meta property=\"og:image:width\" content=\"1024\" \/>\n\t<meta property=\"og:image:height\" content=\"683\" \/>\n\t<meta property=\"og:image:type\" content=\"image\/jpeg\" \/>\n<meta name=\"author\" content=\"ralarsa_admin\" \/>\n<meta name=\"twitter:card\" content=\"summary_large_image\" \/>\n<meta name=\"twitter:label1\" content=\"Escrit per\" \/>\n\t<meta name=\"twitter:data1\" content=\"ralarsa_admin\" \/>\n\t<meta name=\"twitter:label2\" content=\"Temps estimat de lectura\" \/>\n\t<meta name=\"twitter:data2\" content=\"4 minuts\" \/>\n<script type=\"application\/ld+json\" class=\"yoast-schema-graph\">{\"@context\":\"https:\/\/schema.org\",\"@graph\":[{\"@type\":\"Article\",\"@id\":\"https:\/\/www.ralarsa.com\/es\/por-que-pulir-faros-coche\/#article\",\"isPartOf\":{\"@id\":\"https:\/\/www.ralarsa.com\/es\/por-que-pulir-faros-coche\/\"},\"author\":{\"name\":\"ralarsa_admin\",\"@id\":\"https:\/\/www.ralarsa.com\/es\/#\/schema\/person\/cc6cd8ee6652131e9e8872b5cb9424fb\"},\"headline\":\"Per qu\u00e8 polir els fars del cotxe?\",\"datePublished\":\"2022-12-13T00:00:00+00:00\",\"dateModified\":\"2025-09-18T13:24:07+00:00\",\"mainEntityOfPage\":{\"@id\":\"https:\/\/www.ralarsa.com\/es\/por-que-pulir-faros-coche\/\"},\"wordCount\":2173,\"commentCount\":0,\"publisher\":{\"@id\":\"https:\/\/www.ralarsa.com\/es\/#organization\"},\"image\":{\"@id\":\"https:\/\/www.ralarsa.com\/es\/por-que-pulir-faros-coche\/#primaryimage\"},\"thumbnailUrl\":\"https:\/\/d2oyvx818ubhz6.cloudfront.net\/wp-content\/uploads\/2025\/03\/9724.jpeg\",\"keywords\":[\"ok\"],\"articleSection\":[\"Informaci\u00f3\"],\"inLanguage\":\"ca\",\"potentialAction\":[{\"@type\":\"CommentAction\",\"name\":\"Comment\",\"target\":[\"https:\/\/www.ralarsa.com\/es\/por-que-pulir-faros-coche\/#respond\"]}]},{\"@type\":\"WebPage\",\"@id\":\"https:\/\/www.ralarsa.com\/ca\/por-que-pulir-faros-coche\/\",\"url\":\"https:\/\/www.ralarsa.com\/ca\/por-que-pulir-faros-coche\/\",\"name\":\"Per qu\u00e8 polir els fars del cotxe? - Ralarsa\",\"isPartOf\":{\"@id\":\"https:\/\/www.ralarsa.com\/ca\/#website\"},\"primaryImageOfPage\":{\"@id\":\"https:\/\/www.ralarsa.com\/ca\/por-que-pulir-faros-coche\/#primaryimage\"},\"image\":{\"@id\":\"https:\/\/www.ralarsa.com\/es\/por-que-pulir-faros-coche\/#primaryimage\"},\"thumbnailUrl\":\"https:\/\/d2oyvx818ubhz6.cloudfront.net\/wp-content\/uploads\/2025\/03\/9724.jpeg\",\"datePublished\":\"2022-12-13T00:00:00+00:00\",\"dateModified\":\"2025-09-18T13:24:07+00:00\",\"description\":\"Coneix en aquest article la import\u00e0ncia de polir fars cotxe i gaudeix d'una conducci\u00f3 segura gr\u00e0cies als serveis Ralarsa. T'esperem!\",\"breadcrumb\":{\"@id\":\"https:\/\/www.ralarsa.com\/ca\/por-que-pulir-faros-coche\/#breadcrumb\"},\"inLanguage\":\"ca\",\"potentialAction\":[{\"@type\":\"ReadAction\",\"target\":[[\"https:\/\/www.ralarsa.com\/ca\/por-que-pulir-faros-coche\/\"]]}]},{\"@type\":\"ImageObject\",\"inLanguage\":\"ca\",\"@id\":\"https:\/\/www.ralarsa.com\/ca\/por-que-pulir-faros-coche\/#primaryimage\",\"url\":\"https:\/\/d2oyvx818ubhz6.cloudfront.net\/wp-content\/uploads\/2025\/03\/9724.jpeg\",\"contentUrl\":\"https:\/\/d2oyvx818ubhz6.cloudfront.net\/wp-content\/uploads\/2025\/03\/9724.jpeg\",\"width\":1024,\"height\":683},{\"@type\":\"BreadcrumbList\",\"@id\":\"https:\/\/www.ralarsa.com\/ca\/por-que-pulir-faros-coche\/#breadcrumb\",\"itemListElement\":[{\"@type\":\"ListItem\",\"position\":1,\"name\":\"Portada\",\"item\":\"https:\/\/www.ralarsa.com\/ca\/ralarsa-2\/\"},{\"@type\":\"ListItem\",\"position\":2,\"name\":\"\u00bfPor qu\u00e9 pulir los faros del coche?\"}]},{\"@type\":\"WebSite\",\"@id\":\"https:\/\/www.ralarsa.com\/ca\/#website\",\"url\":\"https:\/\/www.ralarsa.com\/ca\/\",\"name\":\"Ralarsa\",\"description\":\"\",\"publisher\":{\"@id\":\"https:\/\/www.ralarsa.com\/ca\/#organization\"},\"potentialAction\":[{\"@type\":\"SearchAction\",\"target\":{\"@type\":\"EntryPoint\",\"urlTemplate\":\"https:\/\/www.ralarsa.com\/ca\/?s={search_term_string}\"},\"query-input\":{\"@type\":\"PropertyValueSpecification\",\"valueRequired\":true,\"valueName\":\"search_term_string\"}}],\"inLanguage\":\"ca\"},{\"@type\":\"Organization\",\"@id\":\"https:\/\/www.ralarsa.com\/ca\/#organization\",\"name\":\"Ralarsa\",\"url\":\"https:\/\/www.ralarsa.com\/ca\/\",\"logo\":{\"@type\":\"ImageObject\",\"inLanguage\":\"ca\",\"@id\":\"https:\/\/www.ralarsa.com\/ca\/#\/schema\/logo\/image\/\",\"url\":\"https:\/\/ralarsa.s3.eu-central-1.amazonaws.com\/wp-content\/uploads\/2025\/04\/logo-ralarsa.png\",\"contentUrl\":\"https:\/\/ralarsa.s3.eu-central-1.amazonaws.com\/wp-content\/uploads\/2025\/04\/logo-ralarsa.png\",\"width\":1192,\"height\":412,\"caption\":\"Ralarsa\"},\"image\":{\"@id\":\"https:\/\/www.ralarsa.com\/ca\/#\/schema\/logo\/image\/\"}},{\"@type\":\"Person\",\"@id\":\"https:\/\/www.ralarsa.com\/es\/#\/schema\/person\/cc6cd8ee6652131e9e8872b5cb9424fb\",\"name\":\"ralarsa_admin\",\"image\":{\"@type\":\"ImageObject\",\"inLanguage\":\"ca\",\"@id\":\"https:\/\/www.ralarsa.com\/ca\/#\/schema\/person\/image\/\",\"url\":\"https:\/\/secure.gravatar.com\/avatar\/a74fd8d2062d4dc1f2f251438977288d50eb8ca5b4735594bcad2f5016833f49?s=96&d=mm&r=g\",\"contentUrl\":\"https:\/\/secure.gravatar.com\/avatar\/a74fd8d2062d4dc1f2f251438977288d50eb8ca5b4735594bcad2f5016833f49?s=96&d=mm&r=g\",\"caption\":\"ralarsa_admin\"},\"sameAs\":[\"https:\/\/www-pre.ralarsa.com\"]}]}<\/script>\n<!-- \/ Yoast SEO Premium plugin. -->","yoast_head_json":{"title":"Per qu\u00e8 polir els fars del cotxe? - Ralarsa","description":"Coneix en aquest article la import\u00e0ncia de polir fars cotxe i gaudeix d'una conducci\u00f3 segura gr\u00e0cies als serveis Ralarsa. T'esperem!","robots":{"index":"index","follow":"follow","max-snippet":"max-snippet:-1","max-image-preview":"max-image-preview:large","max-video-preview":"max-video-preview:-1"},"canonical":"https:\/\/www.ralarsa.com\/ca\/por-que-pulir-faros-coche\/","og_locale":"ca_ES","og_type":"article","og_title":"Per qu\u00e8 polir els fars del cotxe?","og_description":"Coneix en aquest article la import\u00e0ncia de polir fars cotxe i gaudeix d'una conducci\u00f3 segura gr\u00e0cies als serveis Ralarsa. T'esperem!","og_url":"https:\/\/www.ralarsa.com\/ca\/por-que-pulir-faros-coche\/","og_site_name":"Ralarsa","article_published_time":"2022-12-13T00:00:00+00:00","article_modified_time":"2025-09-18T13:24:07+00:00","og_image":[{"width":1024,"height":683,"url":"https:\/\/ralarsa.s3.eu-central-1.amazonaws.com\/wp-content\/uploads\/2025\/03\/9724.jpeg","type":"image\/jpeg"}],"author":"ralarsa_admin","twitter_card":"summary_large_image","twitter_misc":{"Escrit per":"ralarsa_admin","Temps estimat de lectura":"4 minuts"},"schema":{"@context":"https:\/\/schema.org","@graph":[{"@type":"Article","@id":"https:\/\/www.ralarsa.com\/es\/por-que-pulir-faros-coche\/#article","isPartOf":{"@id":"https:\/\/www.ralarsa.com\/es\/por-que-pulir-faros-coche\/"},"author":{"name":"ralarsa_admin","@id":"https:\/\/www.ralarsa.com\/es\/#\/schema\/person\/cc6cd8ee6652131e9e8872b5cb9424fb"},"headline":"Per qu\u00e8 polir els fars del cotxe?","datePublished":"2022-12-13T00:00:00+00:00","dateModified":"2025-09-18T13:24:07+00:00","mainEntityOfPage":{"@id":"https:\/\/www.ralarsa.com\/es\/por-que-pulir-faros-coche\/"},"wordCount":2173,"commentCount":0,"publisher":{"@id":"https:\/\/www.ralarsa.com\/es\/#organization"},"image":{"@id":"https:\/\/www.ralarsa.com\/es\/por-que-pulir-faros-coche\/#primaryimage"},"thumbnailUrl":"https:\/\/d2oyvx818ubhz6.cloudfront.net\/wp-content\/uploads\/2025\/03\/9724.jpeg","keywords":["ok"],"articleSection":["Informaci\u00f3"],"inLanguage":"ca","potentialAction":[{"@type":"CommentAction","name":"Comment","target":["https:\/\/www.ralarsa.com\/es\/por-que-pulir-faros-coche\/#respond"]}]},{"@type":"WebPage","@id":"https:\/\/www.ralarsa.com\/ca\/por-que-pulir-faros-coche\/","url":"https:\/\/www.ralarsa.com\/ca\/por-que-pulir-faros-coche\/","name":"Per qu\u00e8 polir els fars del cotxe? - Ralarsa","isPartOf":{"@id":"https:\/\/www.ralarsa.com\/ca\/#website"},"primaryImageOfPage":{"@id":"https:\/\/www.ralarsa.com\/ca\/por-que-pulir-faros-coche\/#primaryimage"},"image":{"@id":"https:\/\/www.ralarsa.com\/es\/por-que-pulir-faros-coche\/#primaryimage"},"thumbnailUrl":"https:\/\/d2oyvx818ubhz6.cloudfront.net\/wp-content\/uploads\/2025\/03\/9724.jpeg","datePublished":"2022-12-13T00:00:00+00:00","dateModified":"2025-09-18T13:24:07+00:00","description":"Coneix en aquest article la import\u00e0ncia de polir fars cotxe i gaudeix d'una conducci\u00f3 segura gr\u00e0cies als serveis Ralarsa. T'esperem!","breadcrumb":{"@id":"https:\/\/www.ralarsa.com\/ca\/por-que-pulir-faros-coche\/#breadcrumb"},"inLanguage":"ca","potentialAction":[{"@type":"ReadAction","target":[["https:\/\/www.ralarsa.com\/ca\/por-que-pulir-faros-coche\/"]]}]},{"@type":"ImageObject","inLanguage":"ca","@id":"https:\/\/www.ralarsa.com\/ca\/por-que-pulir-faros-coche\/#primaryimage","url":"https:\/\/d2oyvx818ubhz6.cloudfront.net\/wp-content\/uploads\/2025\/03\/9724.jpeg","contentUrl":"https:\/\/d2oyvx818ubhz6.cloudfront.net\/wp-content\/uploads\/2025\/03\/9724.jpeg","width":1024,"height":683},{"@type":"BreadcrumbList","@id":"https:\/\/www.ralarsa.com\/ca\/por-que-pulir-faros-coche\/#breadcrumb","itemListElement":[{"@type":"ListItem","position":1,"name":"Portada","item":"https:\/\/www.ralarsa.com\/ca\/ralarsa-2\/"},{"@type":"ListItem","position":2,"name":"\u00bfPor qu\u00e9 pulir los faros del coche?"}]},{"@type":"WebSite","@id":"https:\/\/www.ralarsa.com\/ca\/#website","url":"https:\/\/www.ralarsa.com\/ca\/","name":"Ralarsa","description":"","publisher":{"@id":"https:\/\/www.ralarsa.com\/ca\/#organization"},"potentialAction":[{"@type":"SearchAction","target":{"@type":"EntryPoint","urlTemplate":"https:\/\/www.ralarsa.com\/ca\/?s={search_term_string}"},"query-input":{"@type":"PropertyValueSpecification","valueRequired":true,"valueName":"search_term_string"}}],"inLanguage":"ca"},{"@type":"Organization","@id":"https:\/\/www.ralarsa.com\/ca\/#organization","name":"Ralarsa","url":"https:\/\/www.ralarsa.com\/ca\/","logo":{"@type":"ImageObject","inLanguage":"ca","@id":"https:\/\/www.ralarsa.com\/ca\/#\/schema\/logo\/image\/","url":"https:\/\/ralarsa.s3.eu-central-1.amazonaws.com\/wp-content\/uploads\/2025\/04\/logo-ralarsa.png","contentUrl":"https:\/\/ralarsa.s3.eu-central-1.amazonaws.com\/wp-content\/uploads\/2025\/04\/logo-ralarsa.png","width":1192,"height":412,"caption":"Ralarsa"},"image":{"@id":"https:\/\/www.ralarsa.com\/ca\/#\/schema\/logo\/image\/"}},{"@type":"Person","@id":"https:\/\/www.ralarsa.com\/es\/#\/schema\/person\/cc6cd8ee6652131e9e8872b5cb9424fb","name":"ralarsa_admin","image":{"@type":"ImageObject","inLanguage":"ca","@id":"https:\/\/www.ralarsa.com\/ca\/#\/schema\/person\/image\/","url":"https:\/\/secure.gravatar.com\/avatar\/a74fd8d2062d4dc1f2f251438977288d50eb8ca5b4735594bcad2f5016833f49?s=96&d=mm&r=g","contentUrl":"https:\/\/secure.gravatar.com\/avatar\/a74fd8d2062d4dc1f2f251438977288d50eb8ca5b4735594bcad2f5016833f49?s=96&d=mm&r=g","caption":"ralarsa_admin"},"sameAs":["https:\/\/www-pre.ralarsa.com"]}]}},"_links":{"self":[{"href":"https:\/\/www.ralarsa.com\/ca\/wp-json\/wp\/v2\/posts\/1992","targetHints":{"allow":["GET"]}}],"collection":[{"href":"https:\/\/www.ralarsa.com\/ca\/wp-json\/wp\/v2\/posts"}],"about":[{"href":"https:\/\/www.ralarsa.com\/ca\/wp-json\/wp\/v2\/types\/post"}],"author":[{"embeddable":true,"href":"https:\/\/www.ralarsa.com\/ca\/wp-json\/wp\/v2\/users\/1"}],"replies":[{"embeddable":true,"href":"https:\/\/www.ralarsa.com\/ca\/wp-json\/wp\/v2\/comments?post=1992"}],"version-history":[{"count":2,"href":"https:\/\/www.ralarsa.com\/ca\/wp-json\/wp\/v2\/posts\/1992\/revisions"}],"predecessor-version":[{"id":5410,"href":"https:\/\/www.ralarsa.com\/ca\/wp-json\/wp\/v2\/posts\/1992\/revisions\/5410"}],"wp:featuredmedia":[{"embeddable":true,"href":"https:\/\/www.ralarsa.com\/ca\/wp-json\/wp\/v2\/media\/2490"}],"wp:attachment":[{"href":"https:\/\/www.ralarsa.com\/ca\/wp-json\/wp\/v2\/media?parent=1992"}],"wp:term":[{"taxonomy":"category","embeddable":true,"href":"https:\/\/www.ralarsa.com\/ca\/wp-json\/wp\/v2\/categories?post=1992"},{"taxonomy":"post_tag","embeddable":true,"href":"https:\/\/www.ralarsa.com\/ca\/wp-json\/wp\/v2\/tags?post=1992"}],"curies":[{"name":"wp","href":"https:\/\/api.w.org\/{rel}","templated":true}]}}