{"id":1998,"date":"2023-03-21T00:00:00","date_gmt":"2023-03-21T00:00:00","guid":{"rendered":"https:\/\/www.ralarsa.com\/riesgos-conduccion-viento\/"},"modified":"2025-09-17T15:19:52","modified_gmt":"2025-09-17T14:19:52","slug":"riesgos-conduccion-viento","status":"publish","type":"post","link":"https:\/\/www.ralarsa.com\/ca\/riscos-conduccio-vent\/","title":{"rendered":"Riscos de conducci\u00f3 amb vent"},"content":{"rendered":"<p><\/p>\n<p class=\"ai-optimize-6 ai-optimize-introduction\"><span style=\"font-weight: 400;\">Si existeix una cosa impredictible i incontrolable, aix\u00f2 \u00e9s el temps meteorol\u00f2gic. I si b\u00e9 nosaltres com a conductors podem fer poc sobre aquest tema, sempre resulta \u00fatil tenir recursos per a sortir airosos de situacions compromeses durant la conducci\u00f3.\u00a0<\/span><\/p>\n<p class=\"ai-optimize-7\"><span style=\"font-weight: 400;\">Per aix\u00f2, des de Ralarsa, com a tallers tintat de vidres, volem tirar-te una m\u00e0. Continua llegint aquest article i apunta els consells que et donem. Visita el nostre blog per a m\u00e9s contingut d&#8217;inter\u00e8s i no et perdis les nostres recomanacions, podr\u00e0s mantenir el teu vehicle en el millor estat gr\u00e0cies a serveis com la <\/span><a href=\"..\/..\/..\/ca\/serveis\/canviar-parabrisa\"><strong>reparaci\u00f3 de vidres de cotxe<\/strong><\/a><span style=\"font-weight: 400;\"> o el tractament antipluja, entre altres. T&#8217;esperem a Ralarsa!\u00a0<\/span><\/p>\n<h2 class=\"ai-optimize-8\"><span style=\"font-weight: 400;\">Efecte pantalla i efecte tisora<\/span><\/h2>\n<p class=\"ai-optimize-9\"><span style=\"font-weight: 400;\">El vent en la carretera, com podr\u00e0s imaginar, no \u00e9s el millor amic del conductor. I \u00e9s que \u00e9s especialment perill\u00f3s, per la qual cosa cal con\u00e8ixer dos de les amenaces m\u00e9s comunes.\u00a0<\/span><\/p>\n<p class=\"ai-optimize-10\"><span style=\"font-weight: 400;\">En primer lloc, qu\u00e8 \u00e9s l&#8217;efecte pantalla? Aquest es produeix quan el vent bufa en direcci\u00f3 lateral a la carretera, aix\u00f2 \u00e9s, perpendicular a ella. Habitualment, aquesta situaci\u00f3 es dona en el moment de voler avan\u00e7ar a un vehicle volumin\u00f3s, aix\u00ed com quan es travessa un t\u00fanel o qualsevol altre element que actu\u00ef \u201cde parapet\u201d.<\/span><\/p>\n<p class=\"ai-optimize-11\"><span style=\"font-weight: 400;\">Aix\u00ed doncs, en el cas de depassar un autob\u00fas o un cami\u00f3 de grans dimensions, aquest tapa el vent lateral. El cotxe pot f\u00e0cilment modificar la seva traject\u00f2ria cap al vehicle, perqu\u00e8 deixaria d&#8217;estar afectat per la ratxa de vent. Per aquest motiu, \u00e9s recomanable alterar lleugerament la direcci\u00f3 quan es comen\u00e7a a depassar al cami\u00f3 o autob\u00fas i tamb\u00e9 quan es finalitzi. El mateix quan es tracti d&#8217;un t\u00fanel.\u00a0<\/span><\/p>\n<p class=\"ai-optimize-12\"><span style=\"font-weight: 400;\">Quant a l&#8217;efecte tisora, es produeix quan el cotxe porta un remolc o es tracta de vehicles articulats. En poques paraules, amb el vent el remolc pot girar-se cap al cotxe, podent arribar a bolcar en el pitjor dels casos. Amb la condici\u00f3 de no arribar a aquest punt, la millor opci\u00f3 \u00e9s reduir la velocitat.<\/span><\/p>\n<h2 class=\"ai-optimize-13\"><span style=\"font-weight: 400;\">Recomanacions generals<\/span><\/h2>\n<p class=\"ai-optimize-14\"><span style=\"font-weight: 400;\">Els efectes negatius de l&#8217;impacte del vent es poden resumir en la desestabilitzaci\u00f3 i la variaci\u00f3 en la traject\u00f2ria. Partint d&#8217;aqu\u00ed, des del nostre taller de reparaci\u00f3 de vidres de cotxe Ralarsa, et donarem uns quants consells. I \u00e9s que tota prevenci\u00f3 per a neutralitzar els efectes del vent en la carretera s\u00f3n benvinguts:\u00a0<\/span><\/p>\n<ul>\n<li class=\"ai-optimize-15\" style=\"font-weight: 400;\" aria-level=\"1\"><span style=\"font-weight: 400;\">L&#8217;entorn. Per a observar el nostre al voltant i prendre consci\u00e8ncia de la intensitat del vent, podem valer-nos de les m\u00e0nigues de vent distribu\u00efdes per les carreteres i autopistes, aix\u00ed com en els arbres pr\u00f2xims a la via.\u00a0<\/span><\/li>\n<\/ul>\n<ul>\n<li class=\"ai-optimize-16\" style=\"font-weight: 400;\" aria-level=\"1\"><span style=\"font-weight: 400;\">Agarri ferm al volant. Si veiem que el vent bufa amb intensitat, \u00e9s probable que aquest mateix pugui emp\u00e8nyer el cotxe o la moto lleugerament, per la qual cosa \u00e9s important una subjecci\u00f3 fixa. Aix\u00ed mateix, pot ser que sigui necessari corregir la traject\u00f2ria del vehicle en la direcci\u00f3 contr\u00e0ria a la del vent.\u00a0<\/span><\/li>\n<\/ul>\n<ul>\n<li class=\"ai-optimize-17\" style=\"font-weight: 400;\" aria-level=\"1\"><span style=\"font-weight: 400;\">Reducci\u00f3 de velocitat. Sobrepassar la velocitat establerta mai \u00e9s bona idea, per\u00f2 encara ho \u00e9s menys quan es tracta d&#8217;un escenari amb vent pel mig. La DGT aconsella adequar-la a la for\u00e7a del vent, o cosa que \u00e9s el mateix, reduir-la.\u00a0<\/span><\/li>\n<\/ul>\n<ul>\n<li class=\"ai-optimize-18\" style=\"font-weight: 400;\" aria-level=\"1\"><span style=\"font-weight: 400;\">Zero moviments bruscos. Igual que pot passar <\/span><a href=\"..\/..\/..\/es\/blog\/lluvia-nieve-niebla-evitar-accidentes\"><strong>amb pluja o neu<\/strong><\/a><span style=\"font-weight: 400;\">, realitzar moviments sobtats i r\u00e0pids pot afavorir les bandades.\u00a0<\/span><\/li>\n<\/ul>\n<ul>\n<li class=\"ai-optimize-19\" style=\"font-weight: 400;\" aria-level=\"1\"><span style=\"font-weight: 400;\">Posici\u00f3 central. Ja que el vent (sobretot lateral) pot despla\u00e7ar-nos, \u00e9s fonamental intentar circular pel centre del carril. Aix\u00f2 ha de tenir-se en compte, especialment, en carreteres convencionals, perqu\u00e8 tan sols hi ha un carril per cada sentit, la qual cosa podria acabar en xoc frontal.<\/span><\/li>\n<\/ul>\n<h2 class=\"ai-optimize-20\"><span style=\"font-weight: 400;\">On realitzar la reparaci\u00f3 de vidres cotxe?<\/span><\/h2>\n<p class=\"ai-optimize-21\"><span style=\"font-weight: 400;\">Des de Ralarsa esperem que puguis posar en pr\u00e0ctica aquestes recomanacions quan sigui necessari. Per a saber m\u00e9s sobre nosaltres, et convidem a visitar la nostra p\u00e0gina web. Comptem amb una xarxa de m\u00e9s de 250 tallers tintat de vidres, on tamb\u00e9 podr\u00e0s apostar per altres serveis com el poliment de fars o el tractament antipluja.\u00a0<\/span><\/p>\n<p class=\"ai-optimize-22\"><span style=\"font-weight: 400;\">Recorda que els m\u00e9s de 40 anys operant en el sector ens avalen com a professionals en el camp automobil\u00edstic. A m\u00e9s, comptem amb servei a domicili en cas de necessitat i assist\u00e8ncia telef\u00f2nica 24 hores. Contacta&#8217;ns i cuida al teu cotxe com es mereix!<\/span><\/p>\n<p><\/p>","protected":false},"excerpt":{"rendered":"Si existeix una cosa impredictible i incontrolable, aix\u00f2 \u00e9s el temps meteorol\u00f2gic. I si b\u00e9 nosaltres com a conductors podem fer poc sobre aquest tema, sempre resulta \u00fatil tenir recursos per a sortir airosos de situacions compromeses durant la conducci\u00f3.\u00a0 Per aix\u00f2, des de Ralarsa, com a tallers tintat de vidres, volem tirar-te una m\u00e0&#8230;.","protected":false},"author":1,"featured_media":5392,"comment_status":"open","ping_status":"open","sticky":false,"template":"","format":"standard","meta":{"_acf_changed":false,"inline_featured_image":false,"footnotes":""},"categories":[1],"tags":[15],"class_list":["post-1998","post","type-post","status-publish","format-standard","has-post-thumbnail","hentry","category-uncategorized","tag-ok"],"acf":[],"yoast_head":"<!-- This site is optimized with the Yoast SEO Premium plugin v25.3 (Yoast SEO v26.7) - https:\/\/yoast.com\/wordpress\/plugins\/seo\/ -->\n<title>Riscos de conducci\u00f3 amb vent - Ralarsa<\/title>\n<meta name=\"description\" content=\"Gr\u00e0cies als nostres tallers tintat de vidres, podr\u00e0s mantenir el teu vehicle en excel\u00b7lent estat. Confia en els serveis de Ralarsa!\" \/>\n<meta name=\"robots\" content=\"index, follow, max-snippet:-1, max-image-preview:large, max-video-preview:-1\" \/>\n<link rel=\"canonical\" href=\"https:\/\/www.ralarsa.com\/ca\/riesgos-conduccion-viento\/\" \/>\n<meta property=\"og:locale\" content=\"ca_ES\" \/>\n<meta property=\"og:type\" content=\"article\" \/>\n<meta property=\"og:title\" content=\"Riscos de conducci\u00f3 amb vent\" \/>\n<meta property=\"og:description\" content=\"Gr\u00e0cies als nostres tallers tintat de vidres, podr\u00e0s mantenir el teu vehicle en excel\u00b7lent estat. Confia en els serveis de Ralarsa!\" \/>\n<meta property=\"og:url\" content=\"https:\/\/www.ralarsa.com\/ca\/riesgos-conduccion-viento\/\" \/>\n<meta property=\"og:site_name\" content=\"Ralarsa\" \/>\n<meta property=\"article:published_time\" content=\"2023-03-21T00:00:00+00:00\" \/>\n<meta property=\"article:modified_time\" content=\"2025-09-17T14:19:52+00:00\" \/>\n<meta property=\"og:image\" content=\"https:\/\/ralarsa.s3.eu-central-1.amazonaws.com\/wp-content\/uploads\/2023\/03\/riesgo-conduccion-viento.jpeg\" \/>\n\t<meta property=\"og:image:width\" content=\"900\" \/>\n\t<meta property=\"og:image:height\" content=\"600\" \/>\n\t<meta property=\"og:image:type\" content=\"image\/jpeg\" \/>\n<meta name=\"author\" content=\"ralarsa_admin\" \/>\n<meta name=\"twitter:card\" content=\"summary_large_image\" \/>\n<meta name=\"twitter:label1\" content=\"Escrit per\" \/>\n\t<meta name=\"twitter:data1\" content=\"ralarsa_admin\" \/>\n\t<meta name=\"twitter:label2\" content=\"Temps estimat de lectura\" \/>\n\t<meta name=\"twitter:data2\" content=\"4 minuts\" \/>\n<script type=\"application\/ld+json\" class=\"yoast-schema-graph\">{\"@context\":\"https:\/\/schema.org\",\"@graph\":[{\"@type\":\"Article\",\"@id\":\"https:\/\/www.ralarsa.com\/es\/riesgos-conduccion-viento\/#article\",\"isPartOf\":{\"@id\":\"https:\/\/www.ralarsa.com\/es\/riesgos-conduccion-viento\/\"},\"author\":{\"name\":\"ralarsa_admin\",\"@id\":\"https:\/\/www.ralarsa.com\/es\/#\/schema\/person\/cc6cd8ee6652131e9e8872b5cb9424fb\"},\"headline\":\"Riscos de conducci\u00f3 amb vent\",\"datePublished\":\"2023-03-21T00:00:00+00:00\",\"dateModified\":\"2025-09-17T14:19:52+00:00\",\"mainEntityOfPage\":{\"@id\":\"https:\/\/www.ralarsa.com\/es\/riesgos-conduccion-viento\/\"},\"wordCount\":2138,\"commentCount\":0,\"publisher\":{\"@id\":\"https:\/\/www.ralarsa.com\/es\/#organization\"},\"image\":{\"@id\":\"https:\/\/www.ralarsa.com\/es\/riesgos-conduccion-viento\/#primaryimage\"},\"thumbnailUrl\":\"https:\/\/d2oyvx818ubhz6.cloudfront.net\/wp-content\/uploads\/2023\/03\/riesgo-conduccion-viento.jpeg\",\"keywords\":[\"ok\"],\"articleSection\":[\"Informaci\u00f3\"],\"inLanguage\":\"ca\",\"potentialAction\":[{\"@type\":\"CommentAction\",\"name\":\"Comment\",\"target\":[\"https:\/\/www.ralarsa.com\/es\/riesgos-conduccion-viento\/#respond\"]}]},{\"@type\":\"WebPage\",\"@id\":\"https:\/\/www.ralarsa.com\/ca\/riesgos-conduccion-viento\/\",\"url\":\"https:\/\/www.ralarsa.com\/ca\/riesgos-conduccion-viento\/\",\"name\":\"Riscos de conducci\u00f3 amb vent - Ralarsa\",\"isPartOf\":{\"@id\":\"https:\/\/www.ralarsa.com\/ca\/#website\"},\"primaryImageOfPage\":{\"@id\":\"https:\/\/www.ralarsa.com\/ca\/riesgos-conduccion-viento\/#primaryimage\"},\"image\":{\"@id\":\"https:\/\/www.ralarsa.com\/es\/riesgos-conduccion-viento\/#primaryimage\"},\"thumbnailUrl\":\"https:\/\/d2oyvx818ubhz6.cloudfront.net\/wp-content\/uploads\/2023\/03\/riesgo-conduccion-viento.jpeg\",\"datePublished\":\"2023-03-21T00:00:00+00:00\",\"dateModified\":\"2025-09-17T14:19:52+00:00\",\"description\":\"Gr\u00e0cies als nostres tallers tintat de vidres, podr\u00e0s mantenir el teu vehicle en excel\u00b7lent estat. Confia en els serveis de Ralarsa!\",\"breadcrumb\":{\"@id\":\"https:\/\/www.ralarsa.com\/ca\/riesgos-conduccion-viento\/#breadcrumb\"},\"inLanguage\":\"ca\",\"potentialAction\":[{\"@type\":\"ReadAction\",\"target\":[[\"https:\/\/www.ralarsa.com\/ca\/riesgos-conduccion-viento\/\"]]}]},{\"@type\":\"ImageObject\",\"inLanguage\":\"ca\",\"@id\":\"https:\/\/www.ralarsa.com\/ca\/riesgos-conduccion-viento\/#primaryimage\",\"url\":\"https:\/\/d2oyvx818ubhz6.cloudfront.net\/wp-content\/uploads\/2023\/03\/riesgo-conduccion-viento.jpeg\",\"contentUrl\":\"https:\/\/d2oyvx818ubhz6.cloudfront.net\/wp-content\/uploads\/2023\/03\/riesgo-conduccion-viento.jpeg\",\"width\":900,\"height\":600,\"caption\":\"El viento fuerte puede afectar la estabilidad y el control del veh\u00edculo, aumentando el riesgo de accidentes al conducir.\"},{\"@type\":\"BreadcrumbList\",\"@id\":\"https:\/\/www.ralarsa.com\/ca\/riesgos-conduccion-viento\/#breadcrumb\",\"itemListElement\":[{\"@type\":\"ListItem\",\"position\":1,\"name\":\"Portada\",\"item\":\"https:\/\/www.ralarsa.com\/ca\/ralarsa-2\/\"},{\"@type\":\"ListItem\",\"position\":2,\"name\":\"Riesgos de conducci\u00f3n con viento\"}]},{\"@type\":\"WebSite\",\"@id\":\"https:\/\/www.ralarsa.com\/ca\/#website\",\"url\":\"https:\/\/www.ralarsa.com\/ca\/\",\"name\":\"Ralarsa\",\"description\":\"\",\"publisher\":{\"@id\":\"https:\/\/www.ralarsa.com\/ca\/#organization\"},\"potentialAction\":[{\"@type\":\"SearchAction\",\"target\":{\"@type\":\"EntryPoint\",\"urlTemplate\":\"https:\/\/www.ralarsa.com\/ca\/?s={search_term_string}\"},\"query-input\":{\"@type\":\"PropertyValueSpecification\",\"valueRequired\":true,\"valueName\":\"search_term_string\"}}],\"inLanguage\":\"ca\"},{\"@type\":\"Organization\",\"@id\":\"https:\/\/www.ralarsa.com\/ca\/#organization\",\"name\":\"Ralarsa\",\"url\":\"https:\/\/www.ralarsa.com\/ca\/\",\"logo\":{\"@type\":\"ImageObject\",\"inLanguage\":\"ca\",\"@id\":\"https:\/\/www.ralarsa.com\/ca\/#\/schema\/logo\/image\/\",\"url\":\"https:\/\/ralarsa.s3.eu-central-1.amazonaws.com\/wp-content\/uploads\/2025\/04\/logo-ralarsa.png\",\"contentUrl\":\"https:\/\/ralarsa.s3.eu-central-1.amazonaws.com\/wp-content\/uploads\/2025\/04\/logo-ralarsa.png\",\"width\":1192,\"height\":412,\"caption\":\"Ralarsa\"},\"image\":{\"@id\":\"https:\/\/www.ralarsa.com\/ca\/#\/schema\/logo\/image\/\"}},{\"@type\":\"Person\",\"@id\":\"https:\/\/www.ralarsa.com\/es\/#\/schema\/person\/cc6cd8ee6652131e9e8872b5cb9424fb\",\"name\":\"ralarsa_admin\",\"image\":{\"@type\":\"ImageObject\",\"inLanguage\":\"ca\",\"@id\":\"https:\/\/www.ralarsa.com\/ca\/#\/schema\/person\/image\/\",\"url\":\"https:\/\/secure.gravatar.com\/avatar\/a74fd8d2062d4dc1f2f251438977288d50eb8ca5b4735594bcad2f5016833f49?s=96&d=mm&r=g\",\"contentUrl\":\"https:\/\/secure.gravatar.com\/avatar\/a74fd8d2062d4dc1f2f251438977288d50eb8ca5b4735594bcad2f5016833f49?s=96&d=mm&r=g\",\"caption\":\"ralarsa_admin\"},\"sameAs\":[\"https:\/\/www-pre.ralarsa.com\"]}]}<\/script>\n<!-- \/ Yoast SEO Premium plugin. -->","yoast_head_json":{"title":"Riscos de conducci\u00f3 amb vent - Ralarsa","description":"Gr\u00e0cies als nostres tallers tintat de vidres, podr\u00e0s mantenir el teu vehicle en excel\u00b7lent estat. Confia en els serveis de Ralarsa!","robots":{"index":"index","follow":"follow","max-snippet":"max-snippet:-1","max-image-preview":"max-image-preview:large","max-video-preview":"max-video-preview:-1"},"canonical":"https:\/\/www.ralarsa.com\/ca\/riesgos-conduccion-viento\/","og_locale":"ca_ES","og_type":"article","og_title":"Riscos de conducci\u00f3 amb vent","og_description":"Gr\u00e0cies als nostres tallers tintat de vidres, podr\u00e0s mantenir el teu vehicle en excel\u00b7lent estat. Confia en els serveis de Ralarsa!","og_url":"https:\/\/www.ralarsa.com\/ca\/riesgos-conduccion-viento\/","og_site_name":"Ralarsa","article_published_time":"2023-03-21T00:00:00+00:00","article_modified_time":"2025-09-17T14:19:52+00:00","og_image":[{"width":900,"height":600,"url":"https:\/\/ralarsa.s3.eu-central-1.amazonaws.com\/wp-content\/uploads\/2023\/03\/riesgo-conduccion-viento.jpeg","type":"image\/jpeg"}],"author":"ralarsa_admin","twitter_card":"summary_large_image","twitter_misc":{"Escrit per":"ralarsa_admin","Temps estimat de lectura":"4 minuts"},"schema":{"@context":"https:\/\/schema.org","@graph":[{"@type":"Article","@id":"https:\/\/www.ralarsa.com\/es\/riesgos-conduccion-viento\/#article","isPartOf":{"@id":"https:\/\/www.ralarsa.com\/es\/riesgos-conduccion-viento\/"},"author":{"name":"ralarsa_admin","@id":"https:\/\/www.ralarsa.com\/es\/#\/schema\/person\/cc6cd8ee6652131e9e8872b5cb9424fb"},"headline":"Riscos de conducci\u00f3 amb vent","datePublished":"2023-03-21T00:00:00+00:00","dateModified":"2025-09-17T14:19:52+00:00","mainEntityOfPage":{"@id":"https:\/\/www.ralarsa.com\/es\/riesgos-conduccion-viento\/"},"wordCount":2138,"commentCount":0,"publisher":{"@id":"https:\/\/www.ralarsa.com\/es\/#organization"},"image":{"@id":"https:\/\/www.ralarsa.com\/es\/riesgos-conduccion-viento\/#primaryimage"},"thumbnailUrl":"https:\/\/d2oyvx818ubhz6.cloudfront.net\/wp-content\/uploads\/2023\/03\/riesgo-conduccion-viento.jpeg","keywords":["ok"],"articleSection":["Informaci\u00f3"],"inLanguage":"ca","potentialAction":[{"@type":"CommentAction","name":"Comment","target":["https:\/\/www.ralarsa.com\/es\/riesgos-conduccion-viento\/#respond"]}]},{"@type":"WebPage","@id":"https:\/\/www.ralarsa.com\/ca\/riesgos-conduccion-viento\/","url":"https:\/\/www.ralarsa.com\/ca\/riesgos-conduccion-viento\/","name":"Riscos de conducci\u00f3 amb vent - Ralarsa","isPartOf":{"@id":"https:\/\/www.ralarsa.com\/ca\/#website"},"primaryImageOfPage":{"@id":"https:\/\/www.ralarsa.com\/ca\/riesgos-conduccion-viento\/#primaryimage"},"image":{"@id":"https:\/\/www.ralarsa.com\/es\/riesgos-conduccion-viento\/#primaryimage"},"thumbnailUrl":"https:\/\/d2oyvx818ubhz6.cloudfront.net\/wp-content\/uploads\/2023\/03\/riesgo-conduccion-viento.jpeg","datePublished":"2023-03-21T00:00:00+00:00","dateModified":"2025-09-17T14:19:52+00:00","description":"Gr\u00e0cies als nostres tallers tintat de vidres, podr\u00e0s mantenir el teu vehicle en excel\u00b7lent estat. Confia en els serveis de Ralarsa!","breadcrumb":{"@id":"https:\/\/www.ralarsa.com\/ca\/riesgos-conduccion-viento\/#breadcrumb"},"inLanguage":"ca","potentialAction":[{"@type":"ReadAction","target":[["https:\/\/www.ralarsa.com\/ca\/riesgos-conduccion-viento\/"]]}]},{"@type":"ImageObject","inLanguage":"ca","@id":"https:\/\/www.ralarsa.com\/ca\/riesgos-conduccion-viento\/#primaryimage","url":"https:\/\/d2oyvx818ubhz6.cloudfront.net\/wp-content\/uploads\/2023\/03\/riesgo-conduccion-viento.jpeg","contentUrl":"https:\/\/d2oyvx818ubhz6.cloudfront.net\/wp-content\/uploads\/2023\/03\/riesgo-conduccion-viento.jpeg","width":900,"height":600,"caption":"El viento fuerte puede afectar la estabilidad y el control del veh\u00edculo, aumentando el riesgo de accidentes al conducir."},{"@type":"BreadcrumbList","@id":"https:\/\/www.ralarsa.com\/ca\/riesgos-conduccion-viento\/#breadcrumb","itemListElement":[{"@type":"ListItem","position":1,"name":"Portada","item":"https:\/\/www.ralarsa.com\/ca\/ralarsa-2\/"},{"@type":"ListItem","position":2,"name":"Riesgos de conducci\u00f3n con viento"}]},{"@type":"WebSite","@id":"https:\/\/www.ralarsa.com\/ca\/#website","url":"https:\/\/www.ralarsa.com\/ca\/","name":"Ralarsa","description":"","publisher":{"@id":"https:\/\/www.ralarsa.com\/ca\/#organization"},"potentialAction":[{"@type":"SearchAction","target":{"@type":"EntryPoint","urlTemplate":"https:\/\/www.ralarsa.com\/ca\/?s={search_term_string}"},"query-input":{"@type":"PropertyValueSpecification","valueRequired":true,"valueName":"search_term_string"}}],"inLanguage":"ca"},{"@type":"Organization","@id":"https:\/\/www.ralarsa.com\/ca\/#organization","name":"Ralarsa","url":"https:\/\/www.ralarsa.com\/ca\/","logo":{"@type":"ImageObject","inLanguage":"ca","@id":"https:\/\/www.ralarsa.com\/ca\/#\/schema\/logo\/image\/","url":"https:\/\/ralarsa.s3.eu-central-1.amazonaws.com\/wp-content\/uploads\/2025\/04\/logo-ralarsa.png","contentUrl":"https:\/\/ralarsa.s3.eu-central-1.amazonaws.com\/wp-content\/uploads\/2025\/04\/logo-ralarsa.png","width":1192,"height":412,"caption":"Ralarsa"},"image":{"@id":"https:\/\/www.ralarsa.com\/ca\/#\/schema\/logo\/image\/"}},{"@type":"Person","@id":"https:\/\/www.ralarsa.com\/es\/#\/schema\/person\/cc6cd8ee6652131e9e8872b5cb9424fb","name":"ralarsa_admin","image":{"@type":"ImageObject","inLanguage":"ca","@id":"https:\/\/www.ralarsa.com\/ca\/#\/schema\/person\/image\/","url":"https:\/\/secure.gravatar.com\/avatar\/a74fd8d2062d4dc1f2f251438977288d50eb8ca5b4735594bcad2f5016833f49?s=96&d=mm&r=g","contentUrl":"https:\/\/secure.gravatar.com\/avatar\/a74fd8d2062d4dc1f2f251438977288d50eb8ca5b4735594bcad2f5016833f49?s=96&d=mm&r=g","caption":"ralarsa_admin"},"sameAs":["https:\/\/www-pre.ralarsa.com"]}]}},"_links":{"self":[{"href":"https:\/\/www.ralarsa.com\/ca\/wp-json\/wp\/v2\/posts\/1998","targetHints":{"allow":["GET"]}}],"collection":[{"href":"https:\/\/www.ralarsa.com\/ca\/wp-json\/wp\/v2\/posts"}],"about":[{"href":"https:\/\/www.ralarsa.com\/ca\/wp-json\/wp\/v2\/types\/post"}],"author":[{"embeddable":true,"href":"https:\/\/www.ralarsa.com\/ca\/wp-json\/wp\/v2\/users\/1"}],"replies":[{"embeddable":true,"href":"https:\/\/www.ralarsa.com\/ca\/wp-json\/wp\/v2\/comments?post=1998"}],"version-history":[{"count":3,"href":"https:\/\/www.ralarsa.com\/ca\/wp-json\/wp\/v2\/posts\/1998\/revisions"}],"predecessor-version":[{"id":5393,"href":"https:\/\/www.ralarsa.com\/ca\/wp-json\/wp\/v2\/posts\/1998\/revisions\/5393"}],"wp:featuredmedia":[{"embeddable":true,"href":"https:\/\/www.ralarsa.com\/ca\/wp-json\/wp\/v2\/media\/5392"}],"wp:attachment":[{"href":"https:\/\/www.ralarsa.com\/ca\/wp-json\/wp\/v2\/media?parent=1998"}],"wp:term":[{"taxonomy":"category","embeddable":true,"href":"https:\/\/www.ralarsa.com\/ca\/wp-json\/wp\/v2\/categories?post=1998"},{"taxonomy":"post_tag","embeddable":true,"href":"https:\/\/www.ralarsa.com\/ca\/wp-json\/wp\/v2\/tags?post=1998"}],"curies":[{"name":"wp","href":"https:\/\/api.w.org\/{rel}","templated":true}]}}