{"id":2001,"date":"2023-07-14T00:00:00","date_gmt":"2023-07-14T00:00:00","guid":{"rendered":"https:\/\/www.ralarsa.com\/pulir-faros-coche-cuando\/"},"modified":"2025-09-16T17:32:53","modified_gmt":"2025-09-16T16:32:53","slug":"pulir-faros-coche-cuando","status":"publish","type":"post","link":"https:\/\/www.ralarsa.com\/ca\/polir-fars-cotxe-quan\/","title":{"rendered":"Quan \u00e9s moment de polir fars cotxe?"},"content":{"rendered":"<p><\/p>\n<p class=\"ai-optimize-18 ai-optimize-introduction\"><span style=\"font-weight: 400;\">Els fars dels vehicles tenen una funci\u00f3 vital per salvaguardar la nostra seguretat i la dels altres durant un viatge per carretera. El paper que juguen \u00e9s il\u00b7luminar la carretera quan \u00e9s de nit o quan passem per zones fosques. Tot aix\u00f2 per millorar la nostra visibilitat durant el trajecte. \u00c9s per aix\u00f2 que \u00e9s de gran import\u00e0ncia polir fars de cotxe com a m\u00ednim dues vegades l&#8217;any.<\/span><\/p>\n<p class=\"ai-optimize-19\"><span style=\"font-weight: 400;\">En aquest article, com a tallers de vidres per a autom\u00f2bils, t&#8217;explicarem quin \u00e9s el moment idoni per <\/span><a href=\"..\/..\/..\/ca\/serveis\/poliment-fars\"><strong>polir fars cotxe<\/strong><\/a><span style=\"font-weight: 400;\">, en qu\u00e8 consisteix i per qu\u00e8 s&#8217;han de polir. Navega per la nostra p\u00e0gina web i coneix tots els nostres serveis, i \u00e9s que comptem amb m\u00e9s de 240 tallers repartits a tot el pa\u00eds i cobrim m\u00e9s del 97% del territori nacional. Per tant, si necessites saber polir fars preu\u2026 contacta amb nosaltres!<\/span><\/p>\n<h2 class=\"ai-optimize-20\"><span style=\"font-weight: 400;\">Quan haur\u00edem de polir els nostres fars?<\/span><\/h2>\n<p class=\"ai-optimize-21\"><span style=\"font-weight: 400;\">Per comen\u00e7ar, no hi ha una data marcada de quan s&#8217;haurien de polir fars de cotxe. El que m\u00e9s es recomana \u00e9s que es pulen dues vegades l&#8217;any. Tot i que si anem veient que els fars estan en bon estat i il\u00b7luminen b\u00e9 almenys una vegada a l&#8217;any. En base al seg\u00fcent apartat que explicarem, despr\u00e9s de l&#8217;estiu seria una bona data per polir els fars, ja que la calor desgasta molt la superf\u00edcie exterior. Tot i que la pot\u00e8ncia de la bombeta tamb\u00e9 juga un paper determinant en tot aquest entramat. Per con\u00e8ixer polir fars preu entra a la nostra web i consulta&#8217;l.<\/span><\/p>\n<p class=\"ai-optimize-22\"><span style=\"font-weight: 400;\">\u00c9s important afegir que polir fars cotxe nom\u00e9s es podr\u00e0 realitzar dues vegades per far, \u00e9s a dir, si s&#8217;efectua m\u00e9s de dues vegades el m\u00e9s probable \u00e9s que apareguin les esquerdes i llavors estar\u00edem parlant d&#8217;una substituci\u00f3.<\/span><\/p>\n<h2 class=\"ai-optimize-23\"><span style=\"font-weight: 400;\">Per qu\u00e8 s&#8217;han de polir fars de cotxe?<\/span><\/h2>\n<p class=\"ai-optimize-24\"><span style=\"font-weight: 400;\">\u00c9s important polir fars de cotxe perqu\u00e8 normalment els fars dels vehicles estan elaborats amb policarbonat transparent per poder reflectir la llum. El problema \u00e9s que aquest tipus de material es deteriora amb facilitat a causa de la calor. L&#8217;exposici\u00f3 que rep del sol crema la part exterior del far i produeix erosions. Aquest tipus de successos tamb\u00e9 poden passar en el cas que les bombetes siguin molt potents. En aquest cas, el problema ser\u00e0 intern i no extern.<\/span><\/p>\n<p class=\"ai-optimize-25\"><span style=\"font-weight: 400;\">L&#8217;exposici\u00f3 perllongada dels fars al sol afecta directament la superf\u00edcie transformant-la de transparent a groguenca o blanquinosa, fent que perdi el policarbonat transparent. Generalment, quan cal polir fars cotxe visualment semblen vells i desgastats. Una altra manifestaci\u00f3 per adonar-nos que els fars necessiten ser polits \u00e9s que ja no enlluernen de manera correcta. Aix\u00f2 es d\u00f3na perqu\u00e8 en desgastar-se la part superior la transpar\u00e8ncia es perd i, per tant, la llum no es transmet de la manera que caldria.<\/span><\/p>\n<p class=\"ai-optimize-26\"><span style=\"font-weight: 400;\">El problema m\u00e9s gran que t\u00e9 un desgast als fars \u00e9s que afecta de manera directa en la seguretat del conductor i els seus acompanyants, ja que dificulta la visibilitat del conductor a la carretera. Un accident a la carretera pot causar danys als integrants del vehicle ia altres vehicles que puguin estar en aquell moment. Els fars tamb\u00e9 faciliten els altres cotxes que ens vegin. A tallers de vidres per a autom\u00f2bils Ralarsa realitzem tot tipus de servei a la carretera, si ens necessites pots trucar-nos al tel\u00e8fon 900 333 733.<\/span><\/p>\n<h2 class=\"ai-optimize-27\"><span style=\"font-weight: 400;\">Ralarsa: tallers de vidres per a autom\u00f2bils<\/span><\/h2>\n<p class=\"ai-optimize-28\"><span style=\"font-weight: 400;\">Per qu\u00e8 \u00e9s important polir els fars del teu cotxe? Els fars com hem esmentat en aquest article exerceixen una funci\u00f3 vital per a la nostra seguretat al volant. Per aix\u00f2, \u00e9s millor que t&#8217;avances a qualsevol <\/span><a href=\"..\/..\/..\/ca\/blog\/importancia-reparar-vidre-cotxe\"><strong>esdeveniment inesperat<\/strong><\/a><span style=\"font-weight: 400;\"> i acudeixis a tallers de vidres per a autom\u00f2bils Ralarsa i demanis pressupost per polir els fars del vehicle.<\/span><\/p>\n<p class=\"ai-optimize-29\"><span style=\"font-weight: 400;\">A Ralarsa comptem amb m\u00e9s de 240 tallers repartits per tot el territori nacional. El nostre equip est\u00e0 format per especialistes en el sector, cosa que \u00e9s un aval del nostre gran treball. Pots demanar cita mitjan\u00e7ant la nostra p\u00e0gina web emplenant un formulari. El polir fars preu ho pots demanar tamb\u00e9 via tel\u00e8fon que est\u00e0 actiu les 24 hores. Estem a la teva disposici\u00f3 per a tot all\u00f2 que necessitis!<\/span><\/p>\n<p><\/p>","protected":false},"excerpt":{"rendered":"Els fars dels vehicles tenen una funci\u00f3 vital per salvaguardar la nostra seguretat i la dels altres durant un viatge per carretera. El paper que juguen \u00e9s il\u00b7luminar la carretera quan \u00e9s de nit o quan passem per zones fosques. Tot aix\u00f2 per millorar la nostra visibilitat durant el trajecte. \u00c9s per aix\u00f2 que \u00e9s&#8230;","protected":false},"author":1,"featured_media":5371,"comment_status":"open","ping_status":"open","sticky":false,"template":"","format":"standard","meta":{"_acf_changed":false,"inline_featured_image":false,"footnotes":""},"categories":[1],"tags":[15],"class_list":["post-2001","post","type-post","status-publish","format-standard","has-post-thumbnail","hentry","category-uncategorized","tag-ok"],"acf":[],"yoast_head":"<!-- This site is optimized with the Yoast SEO Premium plugin v25.3 (Yoast SEO v26.7) - https:\/\/yoast.com\/wordpress\/plugins\/seo\/ -->\n<title>Quan \u00e9s moment de polir fars cotxe? - Ralarsa<\/title>\n<meta name=\"description\" content=\"En aquest article t&#039;expliquem quan has de polir els fars del teu cotxe perqu\u00e8 estiguin sempre a punt. Tota la informaci\u00f3 aqu\u00ed!\u00a0\" \/>\n<meta name=\"robots\" content=\"index, follow, max-snippet:-1, max-image-preview:large, max-video-preview:-1\" \/>\n<link rel=\"canonical\" href=\"https:\/\/www.ralarsa.com\/ca\/pulir-faros-coche-cuando\/\" \/>\n<meta property=\"og:locale\" content=\"ca_ES\" \/>\n<meta property=\"og:type\" content=\"article\" \/>\n<meta property=\"og:title\" content=\"Quan \u00e9s moment de polir fars cotxe?\" \/>\n<meta property=\"og:description\" content=\"En aquest article t&#039;expliquem quan has de polir els fars del teu cotxe perqu\u00e8 estiguin sempre a punt. Tota la informaci\u00f3 aqu\u00ed!\u00a0\" \/>\n<meta property=\"og:url\" content=\"https:\/\/www.ralarsa.com\/ca\/pulir-faros-coche-cuando\/\" \/>\n<meta property=\"og:site_name\" content=\"Ralarsa\" \/>\n<meta property=\"article:published_time\" content=\"2023-07-14T00:00:00+00:00\" \/>\n<meta property=\"article:modified_time\" content=\"2025-09-16T16:32:53+00:00\" \/>\n<meta property=\"og:image\" content=\"https:\/\/ralarsa.s3.eu-central-1.amazonaws.com\/wp-content\/uploads\/2023\/07\/cuando-momento-pulir-faros-coche.jpeg\" \/>\n\t<meta property=\"og:image:width\" content=\"900\" \/>\n\t<meta property=\"og:image:height\" content=\"600\" \/>\n\t<meta property=\"og:image:type\" content=\"image\/jpeg\" \/>\n<meta name=\"author\" content=\"ralarsa_admin\" \/>\n<meta name=\"twitter:card\" content=\"summary_large_image\" \/>\n<meta name=\"twitter:label1\" content=\"Escrit per\" \/>\n\t<meta name=\"twitter:data1\" content=\"ralarsa_admin\" \/>\n\t<meta name=\"twitter:label2\" content=\"Temps estimat de lectura\" \/>\n\t<meta name=\"twitter:data2\" content=\"4 minuts\" \/>\n<script type=\"application\/ld+json\" class=\"yoast-schema-graph\">{\"@context\":\"https:\/\/schema.org\",\"@graph\":[{\"@type\":\"Article\",\"@id\":\"https:\/\/www.ralarsa.com\/es\/pulir-faros-coche-cuando\/#article\",\"isPartOf\":{\"@id\":\"https:\/\/www.ralarsa.com\/es\/pulir-faros-coche-cuando\/\"},\"author\":{\"name\":\"ralarsa_admin\",\"@id\":\"https:\/\/www.ralarsa.com\/es\/#\/schema\/person\/cc6cd8ee6652131e9e8872b5cb9424fb\"},\"headline\":\"Quan \u00e9s moment de polir fars cotxe?\",\"datePublished\":\"2023-07-14T00:00:00+00:00\",\"dateModified\":\"2025-09-16T16:32:53+00:00\",\"mainEntityOfPage\":{\"@id\":\"https:\/\/www.ralarsa.com\/es\/pulir-faros-coche-cuando\/\"},\"wordCount\":2100,\"commentCount\":0,\"publisher\":{\"@id\":\"https:\/\/www.ralarsa.com\/es\/#organization\"},\"image\":{\"@id\":\"https:\/\/www.ralarsa.com\/es\/pulir-faros-coche-cuando\/#primaryimage\"},\"thumbnailUrl\":\"https:\/\/d2oyvx818ubhz6.cloudfront.net\/wp-content\/uploads\/2023\/07\/cuando-momento-pulir-faros-coche.jpeg\",\"keywords\":[\"ok\"],\"articleSection\":[\"Informaci\u00f3\"],\"inLanguage\":\"ca\",\"potentialAction\":[{\"@type\":\"CommentAction\",\"name\":\"Comment\",\"target\":[\"https:\/\/www.ralarsa.com\/es\/pulir-faros-coche-cuando\/#respond\"]}]},{\"@type\":\"WebPage\",\"@id\":\"https:\/\/www.ralarsa.com\/ca\/pulir-faros-coche-cuando\/\",\"url\":\"https:\/\/www.ralarsa.com\/ca\/pulir-faros-coche-cuando\/\",\"name\":\"Quan \u00e9s moment de polir fars cotxe? - Ralarsa\",\"isPartOf\":{\"@id\":\"https:\/\/www.ralarsa.com\/ca\/#website\"},\"primaryImageOfPage\":{\"@id\":\"https:\/\/www.ralarsa.com\/ca\/pulir-faros-coche-cuando\/#primaryimage\"},\"image\":{\"@id\":\"https:\/\/www.ralarsa.com\/es\/pulir-faros-coche-cuando\/#primaryimage\"},\"thumbnailUrl\":\"https:\/\/d2oyvx818ubhz6.cloudfront.net\/wp-content\/uploads\/2023\/07\/cuando-momento-pulir-faros-coche.jpeg\",\"datePublished\":\"2023-07-14T00:00:00+00:00\",\"dateModified\":\"2025-09-16T16:32:53+00:00\",\"description\":\"En aquest article t'expliquem quan has de polir els fars del teu cotxe perqu\u00e8 estiguin sempre a punt. Tota la informaci\u00f3 aqu\u00ed!\u00a0\",\"breadcrumb\":{\"@id\":\"https:\/\/www.ralarsa.com\/ca\/pulir-faros-coche-cuando\/#breadcrumb\"},\"inLanguage\":\"ca\",\"potentialAction\":[{\"@type\":\"ReadAction\",\"target\":[[\"https:\/\/www.ralarsa.com\/ca\/pulir-faros-coche-cuando\/\"]]}]},{\"@type\":\"ImageObject\",\"inLanguage\":\"ca\",\"@id\":\"https:\/\/www.ralarsa.com\/ca\/pulir-faros-coche-cuando\/#primaryimage\",\"url\":\"https:\/\/d2oyvx818ubhz6.cloudfront.net\/wp-content\/uploads\/2023\/07\/cuando-momento-pulir-faros-coche.jpeg\",\"contentUrl\":\"https:\/\/d2oyvx818ubhz6.cloudfront.net\/wp-content\/uploads\/2023\/07\/cuando-momento-pulir-faros-coche.jpeg\",\"width\":900,\"height\":600,\"caption\":\"Pulir los faros del coche es una acci\u00f3n clave que contribuye significativamente a la seguridad vial, ya que mejora la eficacia de la iluminaci\u00f3n y la visibilidad al conducir.\"},{\"@type\":\"BreadcrumbList\",\"@id\":\"https:\/\/www.ralarsa.com\/ca\/pulir-faros-coche-cuando\/#breadcrumb\",\"itemListElement\":[{\"@type\":\"ListItem\",\"position\":1,\"name\":\"Portada\",\"item\":\"https:\/\/www.ralarsa.com\/ca\/ralarsa-2\/\"},{\"@type\":\"ListItem\",\"position\":2,\"name\":\"\u00bfCu\u00e1ndo es momento de pulir faros coche?\"}]},{\"@type\":\"WebSite\",\"@id\":\"https:\/\/www.ralarsa.com\/ca\/#website\",\"url\":\"https:\/\/www.ralarsa.com\/ca\/\",\"name\":\"Ralarsa\",\"description\":\"\",\"publisher\":{\"@id\":\"https:\/\/www.ralarsa.com\/ca\/#organization\"},\"potentialAction\":[{\"@type\":\"SearchAction\",\"target\":{\"@type\":\"EntryPoint\",\"urlTemplate\":\"https:\/\/www.ralarsa.com\/ca\/?s={search_term_string}\"},\"query-input\":{\"@type\":\"PropertyValueSpecification\",\"valueRequired\":true,\"valueName\":\"search_term_string\"}}],\"inLanguage\":\"ca\"},{\"@type\":\"Organization\",\"@id\":\"https:\/\/www.ralarsa.com\/ca\/#organization\",\"name\":\"Ralarsa\",\"url\":\"https:\/\/www.ralarsa.com\/ca\/\",\"logo\":{\"@type\":\"ImageObject\",\"inLanguage\":\"ca\",\"@id\":\"https:\/\/www.ralarsa.com\/ca\/#\/schema\/logo\/image\/\",\"url\":\"https:\/\/ralarsa.s3.eu-central-1.amazonaws.com\/wp-content\/uploads\/2025\/04\/logo-ralarsa.png\",\"contentUrl\":\"https:\/\/ralarsa.s3.eu-central-1.amazonaws.com\/wp-content\/uploads\/2025\/04\/logo-ralarsa.png\",\"width\":1192,\"height\":412,\"caption\":\"Ralarsa\"},\"image\":{\"@id\":\"https:\/\/www.ralarsa.com\/ca\/#\/schema\/logo\/image\/\"}},{\"@type\":\"Person\",\"@id\":\"https:\/\/www.ralarsa.com\/es\/#\/schema\/person\/cc6cd8ee6652131e9e8872b5cb9424fb\",\"name\":\"ralarsa_admin\",\"image\":{\"@type\":\"ImageObject\",\"inLanguage\":\"ca\",\"@id\":\"https:\/\/www.ralarsa.com\/ca\/#\/schema\/person\/image\/\",\"url\":\"https:\/\/secure.gravatar.com\/avatar\/a74fd8d2062d4dc1f2f251438977288d50eb8ca5b4735594bcad2f5016833f49?s=96&d=mm&r=g\",\"contentUrl\":\"https:\/\/secure.gravatar.com\/avatar\/a74fd8d2062d4dc1f2f251438977288d50eb8ca5b4735594bcad2f5016833f49?s=96&d=mm&r=g\",\"caption\":\"ralarsa_admin\"},\"sameAs\":[\"https:\/\/www-pre.ralarsa.com\"]}]}<\/script>\n<!-- \/ Yoast SEO Premium plugin. -->","yoast_head_json":{"title":"Quan \u00e9s moment de polir fars cotxe? - Ralarsa","description":"En aquest article t'expliquem quan has de polir els fars del teu cotxe perqu\u00e8 estiguin sempre a punt. Tota la informaci\u00f3 aqu\u00ed!\u00a0","robots":{"index":"index","follow":"follow","max-snippet":"max-snippet:-1","max-image-preview":"max-image-preview:large","max-video-preview":"max-video-preview:-1"},"canonical":"https:\/\/www.ralarsa.com\/ca\/pulir-faros-coche-cuando\/","og_locale":"ca_ES","og_type":"article","og_title":"Quan \u00e9s moment de polir fars cotxe?","og_description":"En aquest article t'expliquem quan has de polir els fars del teu cotxe perqu\u00e8 estiguin sempre a punt. Tota la informaci\u00f3 aqu\u00ed!\u00a0","og_url":"https:\/\/www.ralarsa.com\/ca\/pulir-faros-coche-cuando\/","og_site_name":"Ralarsa","article_published_time":"2023-07-14T00:00:00+00:00","article_modified_time":"2025-09-16T16:32:53+00:00","og_image":[{"width":900,"height":600,"url":"https:\/\/ralarsa.s3.eu-central-1.amazonaws.com\/wp-content\/uploads\/2023\/07\/cuando-momento-pulir-faros-coche.jpeg","type":"image\/jpeg"}],"author":"ralarsa_admin","twitter_card":"summary_large_image","twitter_misc":{"Escrit per":"ralarsa_admin","Temps estimat de lectura":"4 minuts"},"schema":{"@context":"https:\/\/schema.org","@graph":[{"@type":"Article","@id":"https:\/\/www.ralarsa.com\/es\/pulir-faros-coche-cuando\/#article","isPartOf":{"@id":"https:\/\/www.ralarsa.com\/es\/pulir-faros-coche-cuando\/"},"author":{"name":"ralarsa_admin","@id":"https:\/\/www.ralarsa.com\/es\/#\/schema\/person\/cc6cd8ee6652131e9e8872b5cb9424fb"},"headline":"Quan \u00e9s moment de polir fars cotxe?","datePublished":"2023-07-14T00:00:00+00:00","dateModified":"2025-09-16T16:32:53+00:00","mainEntityOfPage":{"@id":"https:\/\/www.ralarsa.com\/es\/pulir-faros-coche-cuando\/"},"wordCount":2100,"commentCount":0,"publisher":{"@id":"https:\/\/www.ralarsa.com\/es\/#organization"},"image":{"@id":"https:\/\/www.ralarsa.com\/es\/pulir-faros-coche-cuando\/#primaryimage"},"thumbnailUrl":"https:\/\/d2oyvx818ubhz6.cloudfront.net\/wp-content\/uploads\/2023\/07\/cuando-momento-pulir-faros-coche.jpeg","keywords":["ok"],"articleSection":["Informaci\u00f3"],"inLanguage":"ca","potentialAction":[{"@type":"CommentAction","name":"Comment","target":["https:\/\/www.ralarsa.com\/es\/pulir-faros-coche-cuando\/#respond"]}]},{"@type":"WebPage","@id":"https:\/\/www.ralarsa.com\/ca\/pulir-faros-coche-cuando\/","url":"https:\/\/www.ralarsa.com\/ca\/pulir-faros-coche-cuando\/","name":"Quan \u00e9s moment de polir fars cotxe? - Ralarsa","isPartOf":{"@id":"https:\/\/www.ralarsa.com\/ca\/#website"},"primaryImageOfPage":{"@id":"https:\/\/www.ralarsa.com\/ca\/pulir-faros-coche-cuando\/#primaryimage"},"image":{"@id":"https:\/\/www.ralarsa.com\/es\/pulir-faros-coche-cuando\/#primaryimage"},"thumbnailUrl":"https:\/\/d2oyvx818ubhz6.cloudfront.net\/wp-content\/uploads\/2023\/07\/cuando-momento-pulir-faros-coche.jpeg","datePublished":"2023-07-14T00:00:00+00:00","dateModified":"2025-09-16T16:32:53+00:00","description":"En aquest article t'expliquem quan has de polir els fars del teu cotxe perqu\u00e8 estiguin sempre a punt. Tota la informaci\u00f3 aqu\u00ed!\u00a0","breadcrumb":{"@id":"https:\/\/www.ralarsa.com\/ca\/pulir-faros-coche-cuando\/#breadcrumb"},"inLanguage":"ca","potentialAction":[{"@type":"ReadAction","target":[["https:\/\/www.ralarsa.com\/ca\/pulir-faros-coche-cuando\/"]]}]},{"@type":"ImageObject","inLanguage":"ca","@id":"https:\/\/www.ralarsa.com\/ca\/pulir-faros-coche-cuando\/#primaryimage","url":"https:\/\/d2oyvx818ubhz6.cloudfront.net\/wp-content\/uploads\/2023\/07\/cuando-momento-pulir-faros-coche.jpeg","contentUrl":"https:\/\/d2oyvx818ubhz6.cloudfront.net\/wp-content\/uploads\/2023\/07\/cuando-momento-pulir-faros-coche.jpeg","width":900,"height":600,"caption":"Pulir los faros del coche es una acci\u00f3n clave que contribuye significativamente a la seguridad vial, ya que mejora la eficacia de la iluminaci\u00f3n y la visibilidad al conducir."},{"@type":"BreadcrumbList","@id":"https:\/\/www.ralarsa.com\/ca\/pulir-faros-coche-cuando\/#breadcrumb","itemListElement":[{"@type":"ListItem","position":1,"name":"Portada","item":"https:\/\/www.ralarsa.com\/ca\/ralarsa-2\/"},{"@type":"ListItem","position":2,"name":"\u00bfCu\u00e1ndo es momento de pulir faros coche?"}]},{"@type":"WebSite","@id":"https:\/\/www.ralarsa.com\/ca\/#website","url":"https:\/\/www.ralarsa.com\/ca\/","name":"Ralarsa","description":"","publisher":{"@id":"https:\/\/www.ralarsa.com\/ca\/#organization"},"potentialAction":[{"@type":"SearchAction","target":{"@type":"EntryPoint","urlTemplate":"https:\/\/www.ralarsa.com\/ca\/?s={search_term_string}"},"query-input":{"@type":"PropertyValueSpecification","valueRequired":true,"valueName":"search_term_string"}}],"inLanguage":"ca"},{"@type":"Organization","@id":"https:\/\/www.ralarsa.com\/ca\/#organization","name":"Ralarsa","url":"https:\/\/www.ralarsa.com\/ca\/","logo":{"@type":"ImageObject","inLanguage":"ca","@id":"https:\/\/www.ralarsa.com\/ca\/#\/schema\/logo\/image\/","url":"https:\/\/ralarsa.s3.eu-central-1.amazonaws.com\/wp-content\/uploads\/2025\/04\/logo-ralarsa.png","contentUrl":"https:\/\/ralarsa.s3.eu-central-1.amazonaws.com\/wp-content\/uploads\/2025\/04\/logo-ralarsa.png","width":1192,"height":412,"caption":"Ralarsa"},"image":{"@id":"https:\/\/www.ralarsa.com\/ca\/#\/schema\/logo\/image\/"}},{"@type":"Person","@id":"https:\/\/www.ralarsa.com\/es\/#\/schema\/person\/cc6cd8ee6652131e9e8872b5cb9424fb","name":"ralarsa_admin","image":{"@type":"ImageObject","inLanguage":"ca","@id":"https:\/\/www.ralarsa.com\/ca\/#\/schema\/person\/image\/","url":"https:\/\/secure.gravatar.com\/avatar\/a74fd8d2062d4dc1f2f251438977288d50eb8ca5b4735594bcad2f5016833f49?s=96&d=mm&r=g","contentUrl":"https:\/\/secure.gravatar.com\/avatar\/a74fd8d2062d4dc1f2f251438977288d50eb8ca5b4735594bcad2f5016833f49?s=96&d=mm&r=g","caption":"ralarsa_admin"},"sameAs":["https:\/\/www-pre.ralarsa.com"]}]}},"_links":{"self":[{"href":"https:\/\/www.ralarsa.com\/ca\/wp-json\/wp\/v2\/posts\/2001","targetHints":{"allow":["GET"]}}],"collection":[{"href":"https:\/\/www.ralarsa.com\/ca\/wp-json\/wp\/v2\/posts"}],"about":[{"href":"https:\/\/www.ralarsa.com\/ca\/wp-json\/wp\/v2\/types\/post"}],"author":[{"embeddable":true,"href":"https:\/\/www.ralarsa.com\/ca\/wp-json\/wp\/v2\/users\/1"}],"replies":[{"embeddable":true,"href":"https:\/\/www.ralarsa.com\/ca\/wp-json\/wp\/v2\/comments?post=2001"}],"version-history":[{"count":2,"href":"https:\/\/www.ralarsa.com\/ca\/wp-json\/wp\/v2\/posts\/2001\/revisions"}],"predecessor-version":[{"id":5370,"href":"https:\/\/www.ralarsa.com\/ca\/wp-json\/wp\/v2\/posts\/2001\/revisions\/5370"}],"wp:featuredmedia":[{"embeddable":true,"href":"https:\/\/www.ralarsa.com\/ca\/wp-json\/wp\/v2\/media\/5371"}],"wp:attachment":[{"href":"https:\/\/www.ralarsa.com\/ca\/wp-json\/wp\/v2\/media?parent=2001"}],"wp:term":[{"taxonomy":"category","embeddable":true,"href":"https:\/\/www.ralarsa.com\/ca\/wp-json\/wp\/v2\/categories?post=2001"},{"taxonomy":"post_tag","embeddable":true,"href":"https:\/\/www.ralarsa.com\/ca\/wp-json\/wp\/v2\/tags?post=2001"}],"curies":[{"name":"wp","href":"https:\/\/api.w.org\/{rel}","templated":true}]}}