{"id":2026,"date":"2024-06-14T00:00:00","date_gmt":"2024-06-14T00:00:00","guid":{"rendered":"https:\/\/www.ralarsa.com\/como-proteger-faros-coche-sol\/"},"modified":"2025-09-16T14:59:17","modified_gmt":"2025-09-16T13:59:17","slug":"como-proteger-faros-coche-sol","status":"publish","type":"post","link":"https:\/\/www.ralarsa.com\/ca\/com-protegir-fars-cotxe-sol\/","title":{"rendered":"Com protegir els fars del cotxe del sol?"},"content":{"rendered":"<p><\/p>\n<p class=\"ai-optimize-6 ai-optimize-introduction\"><span style=\"font-weight: 400;\">L&#8217;estiu arriba i arriba per a tot. La <\/span><strong>calor i els raigs UV<\/strong><span style=\"font-weight: 400;\"> poden afectar una de les peces m\u00e9s importants del cotxe, com s\u00f3n <\/span><strong>els fars<\/strong><span style=\"font-weight: 400;\">. El mal estat dels projectors de llums no sols respon a problemes est\u00e8tics, sin\u00f3 que pot ser un <\/span><strong>perill per a la seguretat vi\u00e0ria<\/strong><span style=\"font-weight: 400;\">. Uns fars opacs o cremats poden <\/span><strong>dificultar considerablement la visibilitat del pilot<\/strong><span style=\"font-weight: 400;\"> i, per descomptat, \u00e9s un condicionant directe en la conducci\u00f3.\u00a0<\/span><\/p>\n<p class=\"ai-optimize-7\"><span style=\"font-weight: 400;\">En aquest article, des dels <\/span><strong>tallers Ralarsa<\/strong><span style=\"font-weight: 400;\">, et proposem uns trucs sobre <\/span><strong>com netejar els fars del cotxe cremats pel sol<\/strong><span style=\"font-weight: 400;\">. Una vegada s\u00e0pigues deixar-los polits, et parlarem de com defensar els fars dels dies m\u00e9s assolellats perqu\u00e8 els costi tornar a enfosquir-se.<\/span><\/p>\n<h2 class=\"ai-optimize-8\"><span style=\"font-weight: 400;\">Com veure si els meus fars estan opacs?<\/span><\/h2>\n<p class=\"ai-optimize-9\"><span style=\"font-weight: 400;\">Abans de posar-se a la feina, \u00e9s important <\/span><strong>con\u00e8ixer l&#8217;estat dels fars<\/strong><span style=\"font-weight: 400;\"> per a saber en quin grau de gravetat es troben. En la majoria de casos es podria notar a simple vista per la <\/span><strong>poca llum que emeten estant encesos<\/strong><span style=\"font-weight: 400;\">. Per\u00f2 la deterioraci\u00f3 sol ser progressiu i tendeix a empitjorar sense adonar-nos.\u00a0<\/span><\/p>\n<p class=\"ai-optimize-10\"><span style=\"font-weight: 400;\">La millor manera de fixar-nos si el far est\u00e0 opac \u00e9s veient el seu color. Els fars opacs tenen <\/span><strong>un particular color groc<\/strong><span style=\"font-weight: 400;\"> que es produeix de la mescla entre la llum i la brut\u00edcia. Aquesta combinaci\u00f3 <\/span><strong>tapa el cristall del far i difumina la vista del focus<\/strong><span style=\"font-weight: 400;\"> que no pot il\u00b7luminar amb total claredat. Encara que el vehicle sigui nou, en pocs mesos els fars es poden quedar opacs amb una <\/span><strong>reducci\u00f3 notable de visibilitat<\/strong><span style=\"font-weight: 400;\"> si les condicions s\u00f3n desfavorables.<\/span><\/p>\n<h2 class=\"ai-optimize-11\"><span style=\"font-weight: 400;\">Com netejar els fars del cotxe cremats pel sol?<\/span><\/h2>\n<p class=\"ai-optimize-12\"><span style=\"font-weight: 400;\">Una vegada has notat la deterioraci\u00f3 de la llum dels fars del teu cotxe i veus l\u2019<\/span><strong>engroguiment del vidre<\/strong><span style=\"font-weight: 400;\">, \u00e9s hora d&#8217;ocupar-nos de la seva neteja. En el cas de posseir uns fars de pl\u00e0stic, els productes utilitzats s\u00f3n bastant comuns, com a sabons, escates o aigua oxigenada. Pot ser un proc\u00e9s casol\u00e0 si es tracta d&#8217;una urg\u00e8ncia, per\u00f2 <\/span><strong>recomanem una gesti\u00f3 professional<\/strong><span style=\"font-weight: 400;\"> per a fer una neteja del focus m\u00e9s completa i duradora.\u00a0<\/span><\/p>\n<p class=\"ai-optimize-13\"><span style=\"font-weight: 400;\">Per als fars de vidre s\u00ed que recomanem m\u00e9s fermament que sigui realitzat per un professional. Sol necessitar una cura m\u00e9s curada, aix\u00ed com uns <\/span><strong>productes qu\u00edmics especialitzats<\/strong><span style=\"font-weight: 400;\">.\u00a0<\/span><\/p>\n<p class=\"ai-optimize-14\"><span style=\"font-weight: 400;\">En Ralarsa oferim un servei de <\/span><a href=\"..\/..\/ca\/serveis\/poliment-fars\"><strong>polit de fars de cotxes<\/strong><\/a><span style=\"font-weight: 400;\"> que, basant-se en productes espec\u00edfics i un rep\u00e0s a la capa superior, <\/span><strong>treu tota la brut\u00edcia i recupera la transpar\u00e8ncia dels cristalls<\/strong><span style=\"font-weight: 400;\">. Aquest servei \u00e9s molt recomanat a l&#8217;hora de disposar d&#8217;un cas greu d&#8217;opacitat en el focus, haver de realitzar un viatge llarg amb el cotxe o haver de passar la <\/span><strong>revisi\u00f3 de la ITV<\/strong><span style=\"font-weight: 400;\">.<\/span><\/p>\n<h2 class=\"ai-optimize-15\"><span style=\"font-weight: 400;\">Com protegir els fars del cotxe?<\/span><\/h2>\n<p class=\"ai-optimize-16\"><span style=\"font-weight: 400;\">Ara que ja saps com netejar els fars del cotxe cremats pel sol, \u00e9s hora de saber <\/span><strong>com evitar tornar al mateix punt<\/strong><span style=\"font-weight: 400;\">, per aix\u00f2 et parlarem de com <\/span><strong>protegir els fars del cotxe del sol<\/strong><span style=\"font-weight: 400;\">.\u00a0<\/span><\/p>\n<p class=\"ai-optimize-17\"><span style=\"font-weight: 400;\">Per a no retornar a l&#8217;opacitat \u00e9s important minimitzar el mal que produeixen els raigs UV de l&#8217;estrella. Per aix\u00f2 \u00e9s important aplicar al nostre vehicle <\/span><strong>protectors de l&#8217;emissi\u00f3 de raigs solars<\/strong><span style=\"font-weight: 400;\">. Existeixen diversos m\u00e8todes de protecci\u00f3:<\/span><\/p>\n<ul>\n<li class=\"ai-optimize-18\" style=\"font-weight: 400;\" aria-level=\"1\"><strong>El segellador UV<\/strong><span style=\"font-weight: 400;\">. \u00c9s el producte principal i m\u00e9s conegut, un l\u00edquid normalment adhesiu que crea una capa de protecci\u00f3 del sol i de la possible opacitat.\u00a0<\/span><\/li>\n<\/ul>\n<ul>\n<li class=\"ai-optimize-19\" style=\"font-weight: 400;\" aria-level=\"1\"><strong>Vern\u00eds en esprai<\/strong><span style=\"font-weight: 400;\">. Es crea de la mateixa manera una barrera. \u00c9s m\u00e9s lleugera que la del segellador, per\u00f2 resulta una soluci\u00f3 m\u00e9s econ\u00f2mica.\u00a0<\/span><\/li>\n<\/ul>\n<ul>\n<li class=\"ai-optimize-20\" style=\"font-weight: 400;\" aria-level=\"1\"><strong>L\u00e0mines protectores per a fars<\/strong><span style=\"font-weight: 400;\">. Aquest m\u00e8tode \u00e9s m\u00e9s simple per\u00f2 d&#8217;igual efectivitat. Es tracta d&#8217;una pel\u00b7l\u00edcula transparent amb la forma del focus per a protegir-lo no sols de la brut\u00edcia i del amarillamiento, sin\u00f3 dels possibles impactes que pugui sofrir.<\/span><\/li>\n<\/ul>\n<h2 class=\"ai-optimize-21\"><span style=\"font-weight: 400;\">Cuida dels teus fars amb Ralarsa<\/span><\/h2>\n<p class=\"ai-optimize-22\"><span style=\"font-weight: 400;\">A Ralarsa, hem parlat en anterioritat que <\/span><a href=\"..\/..\/ca\/blog\/fars-clau-en-seguretat\"><strong>polir els fars del cotxe \u00e9s clau en la seguretat al volant<\/strong><\/a><span style=\"font-weight: 400;\">. Som un taller amb experi\u00e8ncia en la gesti\u00f3 de com protegir els fars del cotxe del sol. Oferim el <\/span><strong>servei de poliment de fars<\/strong><span style=\"font-weight: 400;\"> perqu\u00e8 sabem que les llums s\u00f3n un dels <\/span><strong>principals actius en el manteniment de la seguretat vi\u00e0ria<\/strong><span style=\"font-weight: 400;\">.\u00a0<\/span><\/p>\n<p class=\"ai-optimize-23\"><span style=\"font-weight: 400;\">Si llegint aquest article has comprovat que els teus fars estan opacs, no et preocupis, tenim <\/span><strong>servei 24 hores els set dies de la setmana<\/strong><span style=\"font-weight: 400;\"> perqu\u00e8 ens puguis consultar qualsevol dubte. O b\u00e9, pots portar el teu cotxe a qualsevol dels nostres tallers. Disposem de <\/span><strong>m\u00e9s de 250 tallers en tota la Pen\u00ednsula<\/strong><span style=\"font-weight: 400;\"> per a poder estar prop de tu. Il\u00b7lumina m\u00e9s amb nosaltres!<\/span><\/p>\n<p><\/p>","protected":false},"excerpt":{"rendered":"L&#8217;estiu arriba i arriba per a tot. La calor i els raigs UV poden afectar una de les peces m\u00e9s importants del cotxe, com s\u00f3n els fars. El mal estat dels projectors de llums no sols respon a problemes est\u00e8tics, sin\u00f3 que pot ser un perill per a la seguretat vi\u00e0ria. Uns fars opacs o&#8230;","protected":false},"author":1,"featured_media":5230,"comment_status":"open","ping_status":"open","sticky":false,"template":"","format":"standard","meta":{"_acf_changed":false,"inline_featured_image":false,"footnotes":""},"categories":[1],"tags":[15],"class_list":["post-2026","post","type-post","status-publish","format-standard","has-post-thumbnail","hentry","category-uncategorized","tag-ok"],"acf":[],"yoast_head":"<!-- This site is optimized with the Yoast SEO Premium plugin v25.3 (Yoast SEO v26.7) - https:\/\/yoast.com\/wordpress\/plugins\/seo\/ -->\n<title>Com protegir els fars del cotxe del sol? - Ralarsa<\/title>\n<meta name=\"description\" content=\"Entra aqu\u00ed i descobreix com protegir els fars del cotxe del sol per promoure una circulaci\u00f3 \u00f2ptima i segura. T&#039;ho expliquem a Ralarsa!\" \/>\n<meta name=\"robots\" content=\"index, follow, max-snippet:-1, max-image-preview:large, max-video-preview:-1\" \/>\n<link rel=\"canonical\" href=\"https:\/\/www.ralarsa.com\/ca\/como-proteger-faros-coche-sol\/\" \/>\n<meta property=\"og:locale\" content=\"ca_ES\" \/>\n<meta property=\"og:type\" content=\"article\" \/>\n<meta property=\"og:title\" content=\"Com protegir els fars del cotxe del sol?\" \/>\n<meta property=\"og:description\" content=\"Entra aqu\u00ed i descobreix com protegir els fars del cotxe del sol per promoure una circulaci\u00f3 \u00f2ptima i segura. T&#039;ho expliquem a Ralarsa!\" \/>\n<meta property=\"og:url\" content=\"https:\/\/www.ralarsa.com\/ca\/como-proteger-faros-coche-sol\/\" \/>\n<meta property=\"og:site_name\" content=\"Ralarsa\" \/>\n<meta property=\"article:published_time\" content=\"2024-06-14T00:00:00+00:00\" \/>\n<meta property=\"article:modified_time\" content=\"2025-09-16T13:59:17+00:00\" \/>\n<meta property=\"og:image\" content=\"https:\/\/ralarsa.s3.eu-central-1.amazonaws.com\/wp-content\/uploads\/2024\/06\/como-proteger-faros-coche-sol.jpeg\" \/>\n\t<meta property=\"og:image:width\" content=\"900\" \/>\n\t<meta property=\"og:image:height\" content=\"600\" \/>\n\t<meta property=\"og:image:type\" content=\"image\/jpeg\" \/>\n<meta name=\"author\" content=\"ralarsa_admin\" \/>\n<meta name=\"twitter:card\" content=\"summary_large_image\" \/>\n<meta name=\"twitter:label1\" content=\"Escrit per\" \/>\n\t<meta name=\"twitter:data1\" content=\"ralarsa_admin\" \/>\n\t<meta name=\"twitter:label2\" content=\"Temps estimat de lectura\" \/>\n\t<meta name=\"twitter:data2\" content=\"4 minuts\" \/>\n<script type=\"application\/ld+json\" class=\"yoast-schema-graph\">{\"@context\":\"https:\/\/schema.org\",\"@graph\":[{\"@type\":\"Article\",\"@id\":\"https:\/\/www.ralarsa.com\/es\/como-proteger-faros-coche-sol\/#article\",\"isPartOf\":{\"@id\":\"https:\/\/www.ralarsa.com\/es\/como-proteger-faros-coche-sol\/\"},\"author\":{\"name\":\"ralarsa_admin\",\"@id\":\"https:\/\/www.ralarsa.com\/es\/#\/schema\/person\/cc6cd8ee6652131e9e8872b5cb9424fb\"},\"headline\":\"Com protegir els fars del cotxe del sol?\",\"datePublished\":\"2024-06-14T00:00:00+00:00\",\"dateModified\":\"2025-09-16T13:59:17+00:00\",\"mainEntityOfPage\":{\"@id\":\"https:\/\/www.ralarsa.com\/es\/como-proteger-faros-coche-sol\/\"},\"wordCount\":2214,\"commentCount\":0,\"publisher\":{\"@id\":\"https:\/\/www.ralarsa.com\/es\/#organization\"},\"image\":{\"@id\":\"https:\/\/www.ralarsa.com\/es\/como-proteger-faros-coche-sol\/#primaryimage\"},\"thumbnailUrl\":\"https:\/\/d2oyvx818ubhz6.cloudfront.net\/wp-content\/uploads\/2024\/06\/como-proteger-faros-coche-sol.jpeg\",\"keywords\":[\"ok\"],\"articleSection\":[\"Informaci\u00f3\"],\"inLanguage\":\"ca\",\"potentialAction\":[{\"@type\":\"CommentAction\",\"name\":\"Comment\",\"target\":[\"https:\/\/www.ralarsa.com\/es\/como-proteger-faros-coche-sol\/#respond\"]}]},{\"@type\":\"WebPage\",\"@id\":\"https:\/\/www.ralarsa.com\/ca\/como-proteger-faros-coche-sol\/\",\"url\":\"https:\/\/www.ralarsa.com\/ca\/como-proteger-faros-coche-sol\/\",\"name\":\"Com protegir els fars del cotxe del sol? - Ralarsa\",\"isPartOf\":{\"@id\":\"https:\/\/www.ralarsa.com\/ca\/#website\"},\"primaryImageOfPage\":{\"@id\":\"https:\/\/www.ralarsa.com\/ca\/como-proteger-faros-coche-sol\/#primaryimage\"},\"image\":{\"@id\":\"https:\/\/www.ralarsa.com\/es\/como-proteger-faros-coche-sol\/#primaryimage\"},\"thumbnailUrl\":\"https:\/\/d2oyvx818ubhz6.cloudfront.net\/wp-content\/uploads\/2024\/06\/como-proteger-faros-coche-sol.jpeg\",\"datePublished\":\"2024-06-14T00:00:00+00:00\",\"dateModified\":\"2025-09-16T13:59:17+00:00\",\"description\":\"Entra aqu\u00ed i descobreix com protegir els fars del cotxe del sol per promoure una circulaci\u00f3 \u00f2ptima i segura. T'ho expliquem a Ralarsa!\",\"breadcrumb\":{\"@id\":\"https:\/\/www.ralarsa.com\/ca\/como-proteger-faros-coche-sol\/#breadcrumb\"},\"inLanguage\":\"ca\",\"potentialAction\":[{\"@type\":\"ReadAction\",\"target\":[[\"https:\/\/www.ralarsa.com\/ca\/como-proteger-faros-coche-sol\/\"]]}]},{\"@type\":\"ImageObject\",\"inLanguage\":\"ca\",\"@id\":\"https:\/\/www.ralarsa.com\/ca\/como-proteger-faros-coche-sol\/#primaryimage\",\"url\":\"https:\/\/d2oyvx818ubhz6.cloudfront.net\/wp-content\/uploads\/2024\/06\/como-proteger-faros-coche-sol.jpeg\",\"contentUrl\":\"https:\/\/d2oyvx818ubhz6.cloudfront.net\/wp-content\/uploads\/2024\/06\/como-proteger-faros-coche-sol.jpeg\",\"width\":900,\"height\":600,\"caption\":\"Los faros del coche pueden perder transparencia y eficacia si no se protegen adecuadamente del sol.\"},{\"@type\":\"BreadcrumbList\",\"@id\":\"https:\/\/www.ralarsa.com\/ca\/como-proteger-faros-coche-sol\/#breadcrumb\",\"itemListElement\":[{\"@type\":\"ListItem\",\"position\":1,\"name\":\"Portada\",\"item\":\"https:\/\/www.ralarsa.com\/ca\/ralarsa-2\/\"},{\"@type\":\"ListItem\",\"position\":2,\"name\":\"\u00bfC\u00f3mo proteger los faros del coche del sol?\"}]},{\"@type\":\"WebSite\",\"@id\":\"https:\/\/www.ralarsa.com\/ca\/#website\",\"url\":\"https:\/\/www.ralarsa.com\/ca\/\",\"name\":\"Ralarsa\",\"description\":\"\",\"publisher\":{\"@id\":\"https:\/\/www.ralarsa.com\/ca\/#organization\"},\"potentialAction\":[{\"@type\":\"SearchAction\",\"target\":{\"@type\":\"EntryPoint\",\"urlTemplate\":\"https:\/\/www.ralarsa.com\/ca\/?s={search_term_string}\"},\"query-input\":{\"@type\":\"PropertyValueSpecification\",\"valueRequired\":true,\"valueName\":\"search_term_string\"}}],\"inLanguage\":\"ca\"},{\"@type\":\"Organization\",\"@id\":\"https:\/\/www.ralarsa.com\/ca\/#organization\",\"name\":\"Ralarsa\",\"url\":\"https:\/\/www.ralarsa.com\/ca\/\",\"logo\":{\"@type\":\"ImageObject\",\"inLanguage\":\"ca\",\"@id\":\"https:\/\/www.ralarsa.com\/ca\/#\/schema\/logo\/image\/\",\"url\":\"https:\/\/ralarsa.s3.eu-central-1.amazonaws.com\/wp-content\/uploads\/2025\/04\/logo-ralarsa.png\",\"contentUrl\":\"https:\/\/ralarsa.s3.eu-central-1.amazonaws.com\/wp-content\/uploads\/2025\/04\/logo-ralarsa.png\",\"width\":1192,\"height\":412,\"caption\":\"Ralarsa\"},\"image\":{\"@id\":\"https:\/\/www.ralarsa.com\/ca\/#\/schema\/logo\/image\/\"}},{\"@type\":\"Person\",\"@id\":\"https:\/\/www.ralarsa.com\/es\/#\/schema\/person\/cc6cd8ee6652131e9e8872b5cb9424fb\",\"name\":\"ralarsa_admin\",\"image\":{\"@type\":\"ImageObject\",\"inLanguage\":\"ca\",\"@id\":\"https:\/\/www.ralarsa.com\/ca\/#\/schema\/person\/image\/\",\"url\":\"https:\/\/secure.gravatar.com\/avatar\/a74fd8d2062d4dc1f2f251438977288d50eb8ca5b4735594bcad2f5016833f49?s=96&d=mm&r=g\",\"contentUrl\":\"https:\/\/secure.gravatar.com\/avatar\/a74fd8d2062d4dc1f2f251438977288d50eb8ca5b4735594bcad2f5016833f49?s=96&d=mm&r=g\",\"caption\":\"ralarsa_admin\"},\"sameAs\":[\"https:\/\/www-pre.ralarsa.com\"]}]}<\/script>\n<!-- \/ Yoast SEO Premium plugin. -->","yoast_head_json":{"title":"Com protegir els fars del cotxe del sol? - Ralarsa","description":"Entra aqu\u00ed i descobreix com protegir els fars del cotxe del sol per promoure una circulaci\u00f3 \u00f2ptima i segura. T'ho expliquem a Ralarsa!","robots":{"index":"index","follow":"follow","max-snippet":"max-snippet:-1","max-image-preview":"max-image-preview:large","max-video-preview":"max-video-preview:-1"},"canonical":"https:\/\/www.ralarsa.com\/ca\/como-proteger-faros-coche-sol\/","og_locale":"ca_ES","og_type":"article","og_title":"Com protegir els fars del cotxe del sol?","og_description":"Entra aqu\u00ed i descobreix com protegir els fars del cotxe del sol per promoure una circulaci\u00f3 \u00f2ptima i segura. T'ho expliquem a Ralarsa!","og_url":"https:\/\/www.ralarsa.com\/ca\/como-proteger-faros-coche-sol\/","og_site_name":"Ralarsa","article_published_time":"2024-06-14T00:00:00+00:00","article_modified_time":"2025-09-16T13:59:17+00:00","og_image":[{"width":900,"height":600,"url":"https:\/\/ralarsa.s3.eu-central-1.amazonaws.com\/wp-content\/uploads\/2024\/06\/como-proteger-faros-coche-sol.jpeg","type":"image\/jpeg"}],"author":"ralarsa_admin","twitter_card":"summary_large_image","twitter_misc":{"Escrit per":"ralarsa_admin","Temps estimat de lectura":"4 minuts"},"schema":{"@context":"https:\/\/schema.org","@graph":[{"@type":"Article","@id":"https:\/\/www.ralarsa.com\/es\/como-proteger-faros-coche-sol\/#article","isPartOf":{"@id":"https:\/\/www.ralarsa.com\/es\/como-proteger-faros-coche-sol\/"},"author":{"name":"ralarsa_admin","@id":"https:\/\/www.ralarsa.com\/es\/#\/schema\/person\/cc6cd8ee6652131e9e8872b5cb9424fb"},"headline":"Com protegir els fars del cotxe del sol?","datePublished":"2024-06-14T00:00:00+00:00","dateModified":"2025-09-16T13:59:17+00:00","mainEntityOfPage":{"@id":"https:\/\/www.ralarsa.com\/es\/como-proteger-faros-coche-sol\/"},"wordCount":2214,"commentCount":0,"publisher":{"@id":"https:\/\/www.ralarsa.com\/es\/#organization"},"image":{"@id":"https:\/\/www.ralarsa.com\/es\/como-proteger-faros-coche-sol\/#primaryimage"},"thumbnailUrl":"https:\/\/d2oyvx818ubhz6.cloudfront.net\/wp-content\/uploads\/2024\/06\/como-proteger-faros-coche-sol.jpeg","keywords":["ok"],"articleSection":["Informaci\u00f3"],"inLanguage":"ca","potentialAction":[{"@type":"CommentAction","name":"Comment","target":["https:\/\/www.ralarsa.com\/es\/como-proteger-faros-coche-sol\/#respond"]}]},{"@type":"WebPage","@id":"https:\/\/www.ralarsa.com\/ca\/como-proteger-faros-coche-sol\/","url":"https:\/\/www.ralarsa.com\/ca\/como-proteger-faros-coche-sol\/","name":"Com protegir els fars del cotxe del sol? - Ralarsa","isPartOf":{"@id":"https:\/\/www.ralarsa.com\/ca\/#website"},"primaryImageOfPage":{"@id":"https:\/\/www.ralarsa.com\/ca\/como-proteger-faros-coche-sol\/#primaryimage"},"image":{"@id":"https:\/\/www.ralarsa.com\/es\/como-proteger-faros-coche-sol\/#primaryimage"},"thumbnailUrl":"https:\/\/d2oyvx818ubhz6.cloudfront.net\/wp-content\/uploads\/2024\/06\/como-proteger-faros-coche-sol.jpeg","datePublished":"2024-06-14T00:00:00+00:00","dateModified":"2025-09-16T13:59:17+00:00","description":"Entra aqu\u00ed i descobreix com protegir els fars del cotxe del sol per promoure una circulaci\u00f3 \u00f2ptima i segura. T'ho expliquem a Ralarsa!","breadcrumb":{"@id":"https:\/\/www.ralarsa.com\/ca\/como-proteger-faros-coche-sol\/#breadcrumb"},"inLanguage":"ca","potentialAction":[{"@type":"ReadAction","target":[["https:\/\/www.ralarsa.com\/ca\/como-proteger-faros-coche-sol\/"]]}]},{"@type":"ImageObject","inLanguage":"ca","@id":"https:\/\/www.ralarsa.com\/ca\/como-proteger-faros-coche-sol\/#primaryimage","url":"https:\/\/d2oyvx818ubhz6.cloudfront.net\/wp-content\/uploads\/2024\/06\/como-proteger-faros-coche-sol.jpeg","contentUrl":"https:\/\/d2oyvx818ubhz6.cloudfront.net\/wp-content\/uploads\/2024\/06\/como-proteger-faros-coche-sol.jpeg","width":900,"height":600,"caption":"Los faros del coche pueden perder transparencia y eficacia si no se protegen adecuadamente del sol."},{"@type":"BreadcrumbList","@id":"https:\/\/www.ralarsa.com\/ca\/como-proteger-faros-coche-sol\/#breadcrumb","itemListElement":[{"@type":"ListItem","position":1,"name":"Portada","item":"https:\/\/www.ralarsa.com\/ca\/ralarsa-2\/"},{"@type":"ListItem","position":2,"name":"\u00bfC\u00f3mo proteger los faros del coche del sol?"}]},{"@type":"WebSite","@id":"https:\/\/www.ralarsa.com\/ca\/#website","url":"https:\/\/www.ralarsa.com\/ca\/","name":"Ralarsa","description":"","publisher":{"@id":"https:\/\/www.ralarsa.com\/ca\/#organization"},"potentialAction":[{"@type":"SearchAction","target":{"@type":"EntryPoint","urlTemplate":"https:\/\/www.ralarsa.com\/ca\/?s={search_term_string}"},"query-input":{"@type":"PropertyValueSpecification","valueRequired":true,"valueName":"search_term_string"}}],"inLanguage":"ca"},{"@type":"Organization","@id":"https:\/\/www.ralarsa.com\/ca\/#organization","name":"Ralarsa","url":"https:\/\/www.ralarsa.com\/ca\/","logo":{"@type":"ImageObject","inLanguage":"ca","@id":"https:\/\/www.ralarsa.com\/ca\/#\/schema\/logo\/image\/","url":"https:\/\/ralarsa.s3.eu-central-1.amazonaws.com\/wp-content\/uploads\/2025\/04\/logo-ralarsa.png","contentUrl":"https:\/\/ralarsa.s3.eu-central-1.amazonaws.com\/wp-content\/uploads\/2025\/04\/logo-ralarsa.png","width":1192,"height":412,"caption":"Ralarsa"},"image":{"@id":"https:\/\/www.ralarsa.com\/ca\/#\/schema\/logo\/image\/"}},{"@type":"Person","@id":"https:\/\/www.ralarsa.com\/es\/#\/schema\/person\/cc6cd8ee6652131e9e8872b5cb9424fb","name":"ralarsa_admin","image":{"@type":"ImageObject","inLanguage":"ca","@id":"https:\/\/www.ralarsa.com\/ca\/#\/schema\/person\/image\/","url":"https:\/\/secure.gravatar.com\/avatar\/a74fd8d2062d4dc1f2f251438977288d50eb8ca5b4735594bcad2f5016833f49?s=96&d=mm&r=g","contentUrl":"https:\/\/secure.gravatar.com\/avatar\/a74fd8d2062d4dc1f2f251438977288d50eb8ca5b4735594bcad2f5016833f49?s=96&d=mm&r=g","caption":"ralarsa_admin"},"sameAs":["https:\/\/www-pre.ralarsa.com"]}]}},"_links":{"self":[{"href":"https:\/\/www.ralarsa.com\/ca\/wp-json\/wp\/v2\/posts\/2026","targetHints":{"allow":["GET"]}}],"collection":[{"href":"https:\/\/www.ralarsa.com\/ca\/wp-json\/wp\/v2\/posts"}],"about":[{"href":"https:\/\/www.ralarsa.com\/ca\/wp-json\/wp\/v2\/types\/post"}],"author":[{"embeddable":true,"href":"https:\/\/www.ralarsa.com\/ca\/wp-json\/wp\/v2\/users\/1"}],"replies":[{"embeddable":true,"href":"https:\/\/www.ralarsa.com\/ca\/wp-json\/wp\/v2\/comments?post=2026"}],"version-history":[{"count":4,"href":"https:\/\/www.ralarsa.com\/ca\/wp-json\/wp\/v2\/posts\/2026\/revisions"}],"predecessor-version":[{"id":5326,"href":"https:\/\/www.ralarsa.com\/ca\/wp-json\/wp\/v2\/posts\/2026\/revisions\/5326"}],"wp:featuredmedia":[{"embeddable":true,"href":"https:\/\/www.ralarsa.com\/ca\/wp-json\/wp\/v2\/media\/5230"}],"wp:attachment":[{"href":"https:\/\/www.ralarsa.com\/ca\/wp-json\/wp\/v2\/media?parent=2026"}],"wp:term":[{"taxonomy":"category","embeddable":true,"href":"https:\/\/www.ralarsa.com\/ca\/wp-json\/wp\/v2\/categories?post=2026"},{"taxonomy":"post_tag","embeddable":true,"href":"https:\/\/www.ralarsa.com\/ca\/wp-json\/wp\/v2\/tags?post=2026"}],"curies":[{"name":"wp","href":"https:\/\/api.w.org\/{rel}","templated":true}]}}