{"id":2032,"date":"2021-09-04T00:00:00","date_gmt":"2021-09-04T00:00:00","guid":{"rendered":"https:\/\/www.ralarsa.com\/lunas-para-coches-diferencia-laminado-templado\/"},"modified":"2025-09-22T15:56:36","modified_gmt":"2025-09-22T14:56:36","slug":"lunas-para-coches-diferencia-laminado-templado","status":"publish","type":"post","link":"https:\/\/www.ralarsa.com\/ca\/llunes-per-cotxes-diferencia-laminat-temperat\/","title":{"rendered":"Coneix la difer\u00e8ncia entre vidre laminat i vidre temperat"},"content":{"rendered":"<p><\/p>\n<p class=\"ai-optimize-introduction ai-optimize-20\"><span style=\"font-weight: 400;\">En el mercat existeixen diferents tipus de cristalls o vidres, i cadascun d&#8217;ells t\u00e9 unes propietats espec\u00edfiques per a poder atendre a totes les necessitats actuals. Per\u00f2, en el m\u00f3n del motor, les llunes per a cotxes es poden dividir en dos grans grups: els cristalls laminats i els cristalls temperats.<\/span><\/p>\n<p class=\"ai-optimize-21\"><span style=\"font-weight: 400;\">En Ralarsa, com a taller de cristalls per a autom\u00f2bils, t&#8217;expliquem en aquest article les difer\u00e8ncies entre els dos i quins s\u00f3n els seus avantatges m\u00e9s destacables. Recorda que en els nostres espais habilitats podr\u00e0s <\/span><strong><a href=\"..\/..\/..\/ca\/serveis\/canviar-parabrisa\">canviar el cristall del cotxe<\/a><\/strong><span style=\"font-weight: 400;\"> de manera r\u00e0pida i segura, sent una de les xarxes de tallers l\u00edders en territori nacional. Contacta amb Ralarsa i no esperis m\u00e9s per a reparar cristall danyat!<\/span><\/p>\n<h2 class=\"ai-optimize-22\"><strong>Qu\u00e8 \u00e9s un cristall temperat?<\/strong><\/h2>\n<p class=\"ai-optimize-23\"><span style=\"font-weight: 400;\">Un cristall temperat \u00e9s un tipus de vidre que, despr\u00e9s d&#8217;haver estat manufacturat i processament, passa pel forn per a temperar-lo m\u00e9s o menys, sempre depenent de la necessitat a cobrir. Per a aconseguir que aquest cristall sigui de qualitat ha de sotmetre&#8217;s a diverses fases, tant d&#8217;escalfament com de refredament. Aix\u00ed, al final del proc\u00e9s, s&#8217;aconseguir\u00e0 un cristall al voltant de 10 vegades m\u00e9s dur, fort i resistent que a l&#8217;inici.<\/span><\/p>\n<p class=\"ai-optimize-24\"><span style=\"font-weight: 400;\">A m\u00e9s d&#8217;utilitzar-ho en les llunes per a cotxes, aquest tipus de cristall podr\u00e0s veure&#8217;l en altres \u00e0mbits que no siguin el de l&#8217;autom\u00f2bil i que tens m\u00e9s prop del que cre\u00efs, com el protector de la pantalla del teu tel\u00e8fon m\u00f2bil, aparadors i fins i tot mampares de dutxa, entre altres.<\/span><\/p>\n<h2 class=\"ai-optimize-25\"><strong>I un cristall laminat?<\/strong><\/h2>\n<p class=\"ai-optimize-26\"><span style=\"font-weight: 400;\">Com el seu propi nom indica, el cristall laminat \u00e9s el resultat de la uni\u00f3 de diverses fulles simples amb altres l\u00e0mines interposades i es fabriquen en PVB (butiral de polivinil). Es tracta d&#8217;un material molt resistent i per aix\u00f2 \u00e9s un element incondicional dins de la ind\u00fastria automobil\u00edstica. De fet, \u00e9s el vidre m\u00e9s utilitzat de llunes per a cotxes avui dia.<\/span><\/p>\n<p class=\"ai-optimize-27\"><span style=\"font-weight: 400;\">A m\u00e9s, la facilitat per a reparar cristall laminat en cas de necessitat fa que guanyi encara m\u00e9s punts. No obstant aix\u00f2, \u00e9s incre\u00efblement resistent enfront de possibles cops d&#8217;objectes de l&#8217;exterior. Aix\u00f2 no significa que no pugui succeir, per\u00f2 en el cas que ocorregu\u00e9s, no es trencaria en mil trossos, sin\u00f3 que quedaria en una esquerda escrostonada. Aix\u00ed, el gran benefici \u00e9s el seu alt nivell de seguretat.<\/span><\/p>\n<p class=\"ai-optimize-28\"><span style=\"font-weight: 400;\">Els cristalls laminats tamb\u00e9 ofereixen altres avantatges, com el seu aguant enfront de la radiaci\u00f3 ultraviolada (raigs UV). Aix\u00f2 beneficia tant al vehicle com als passatgers que viatgen en ell, gr\u00e0cies a la millor climatitzaci\u00f3 de l&#8217;autom\u00f2bil. Aix\u00ed mateix, tamb\u00e9 resulta ser a\u00efllant ac\u00fastic.<\/span><\/p>\n<h2 class=\"ai-optimize-29\"><strong>Llavors\u2026 Quin tipus de cristall s\u00f3n els laterals d&#8217;un cotxe?<\/strong><\/h2>\n<p class=\"ai-optimize-30\"><span style=\"font-weight: 400;\">A vegades, s\u00ed que se&#8217;ns poden <\/span><strong><a href=\"..\/..\/..\/ca\/blog\/quins-tipus-trencaments-parabrisa\">trencar els cristalls del cotxe en molts trossos<\/a><\/strong><span style=\"font-weight: 400;\"><strong>,<\/strong> normalment es tracta de les finestretes laterals, i cal canviar o substituir el cristall del cotxe. Doncs b\u00e9, es tracta purament de motius de seguretat, i \u00e9s que, en cas de produir-se un accident, resultaria molt m\u00e9s senzill trencar-lo i rescatar a alg\u00fa de dins del vehicle. Aix\u00ed doncs, tots els cristalls laterals i fins i tot algunes llunes per a cotxe posteriors, estan fetes a partir de vidres temperats.<\/span><\/p>\n<h2 class=\"ai-optimize-31\"><strong>Ralarsa, el teu taller de cristalls per a autom\u00f2bils<\/strong><\/h2>\n<p class=\"ai-optimize-32\"><span style=\"font-weight: 400;\">Si et trobes en una situaci\u00f3 de trencament de lluna i necessites reparar el cristall o substituir-lo, no dubtis a acudir al teu taller Ralarsa m\u00e9s pr\u00f2xim. En la nostra xarxa de m\u00e9s de 240 centres de reparaci\u00f3 podr\u00e0s comptar amb l&#8217;assessorament de l&#8217;equip m\u00e9s professional del sector, amb m\u00e9s de 40 anys liderant la reparaci\u00f3 i substituci\u00f3 de llunes de cotxe.<\/span><\/p>\n<p class=\"ai-optimize-33\"><span style=\"font-weight: 400;\">Visita la nostra p\u00e0gina web i descobreix molt m\u00e9s en el blog de Ralarsa!<\/span><\/p>\n<p><\/p>","protected":false},"excerpt":{"rendered":"En el mercat existeixen diferents tipus de cristalls o vidres, i cadascun d&#8217;ells t\u00e9 unes propietats espec\u00edfiques per a poder atendre a totes les necessitats actuals. Per\u00f2, en el m\u00f3n del motor, les llunes per a cotxes es poden dividir en dos grans grups: els cristalls laminats i els cristalls temperats. En Ralarsa, com a&#8230;","protected":false},"author":1,"featured_media":2531,"comment_status":"open","ping_status":"open","sticky":false,"template":"","format":"standard","meta":{"_acf_changed":false,"inline_featured_image":false,"footnotes":""},"categories":[1],"tags":[15],"class_list":["post-2032","post","type-post","status-publish","format-standard","has-post-thumbnail","hentry","category-uncategorized","tag-ok"],"acf":[],"yoast_head":"<!-- This site is optimized with the Yoast SEO Premium plugin v25.3 (Yoast SEO v26.7) - https:\/\/yoast.com\/wordpress\/plugins\/seo\/ -->\n<title>Coneix la difer\u00e8ncia entre vidre laminat i vidre temperat - Ralarsa<\/title>\n<meta name=\"description\" content=\"En aquest article et comptem tot el que has de saber entre un cristall laminat i un temperat. Clic aqu\u00ed per a con\u00e8ixer les difer\u00e8ncies!\" \/>\n<meta name=\"robots\" content=\"index, follow, max-snippet:-1, max-image-preview:large, max-video-preview:-1\" \/>\n<link rel=\"canonical\" href=\"https:\/\/www.ralarsa.com\/ca\/lunas-para-coches-diferencia-laminado-templado\/\" \/>\n<meta property=\"og:locale\" content=\"ca_ES\" \/>\n<meta property=\"og:type\" content=\"article\" \/>\n<meta property=\"og:title\" content=\"Coneix la difer\u00e8ncia entre vidre laminat i vidre temperat\" \/>\n<meta property=\"og:description\" content=\"En aquest article et comptem tot el que has de saber entre un cristall laminat i un temperat. Clic aqu\u00ed per a con\u00e8ixer les difer\u00e8ncies!\" \/>\n<meta property=\"og:url\" content=\"https:\/\/www.ralarsa.com\/ca\/lunas-para-coches-diferencia-laminado-templado\/\" \/>\n<meta property=\"og:site_name\" content=\"Ralarsa\" \/>\n<meta property=\"article:published_time\" content=\"2021-09-04T00:00:00+00:00\" \/>\n<meta property=\"article:modified_time\" content=\"2025-09-22T14:56:36+00:00\" \/>\n<meta property=\"og:image\" content=\"https:\/\/ralarsa.s3.eu-central-1.amazonaws.com\/wp-content\/uploads\/2025\/03\/2036.jpeg\" \/>\n\t<meta property=\"og:image:width\" content=\"1024\" \/>\n\t<meta property=\"og:image:height\" content=\"683\" \/>\n\t<meta property=\"og:image:type\" content=\"image\/jpeg\" \/>\n<meta name=\"author\" content=\"ralarsa_admin\" \/>\n<meta name=\"twitter:card\" content=\"summary_large_image\" \/>\n<meta name=\"twitter:label1\" content=\"Escrit per\" \/>\n\t<meta name=\"twitter:data1\" content=\"ralarsa_admin\" \/>\n\t<meta name=\"twitter:label2\" content=\"Temps estimat de lectura\" \/>\n\t<meta name=\"twitter:data2\" content=\"3 minuts\" \/>\n<script type=\"application\/ld+json\" class=\"yoast-schema-graph\">{\"@context\":\"https:\/\/schema.org\",\"@graph\":[{\"@type\":\"Article\",\"@id\":\"https:\/\/www.ralarsa.com\/es\/lunas-para-coches-diferencia-laminado-templado\/#article\",\"isPartOf\":{\"@id\":\"https:\/\/www.ralarsa.com\/es\/lunas-para-coches-diferencia-laminado-templado\/\"},\"author\":{\"name\":\"ralarsa_admin\",\"@id\":\"https:\/\/www.ralarsa.com\/es\/#\/schema\/person\/cc6cd8ee6652131e9e8872b5cb9424fb\"},\"headline\":\"Coneix la difer\u00e8ncia entre vidre laminat i vidre temperat\",\"datePublished\":\"2021-09-04T00:00:00+00:00\",\"dateModified\":\"2025-09-22T14:56:36+00:00\",\"mainEntityOfPage\":{\"@id\":\"https:\/\/www.ralarsa.com\/es\/lunas-para-coches-diferencia-laminado-templado\/\"},\"wordCount\":1869,\"commentCount\":0,\"publisher\":{\"@id\":\"https:\/\/www.ralarsa.com\/es\/#organization\"},\"image\":{\"@id\":\"https:\/\/www.ralarsa.com\/es\/lunas-para-coches-diferencia-laminado-templado\/#primaryimage\"},\"thumbnailUrl\":\"https:\/\/d2oyvx818ubhz6.cloudfront.net\/wp-content\/uploads\/2025\/03\/2036.jpeg\",\"keywords\":[\"ok\"],\"articleSection\":[\"Informaci\u00f3\"],\"inLanguage\":\"ca\",\"potentialAction\":[{\"@type\":\"CommentAction\",\"name\":\"Comment\",\"target\":[\"https:\/\/www.ralarsa.com\/es\/lunas-para-coches-diferencia-laminado-templado\/#respond\"]}]},{\"@type\":\"WebPage\",\"@id\":\"https:\/\/www.ralarsa.com\/ca\/lunas-para-coches-diferencia-laminado-templado\/\",\"url\":\"https:\/\/www.ralarsa.com\/ca\/lunas-para-coches-diferencia-laminado-templado\/\",\"name\":\"Coneix la difer\u00e8ncia entre vidre laminat i vidre temperat - Ralarsa\",\"isPartOf\":{\"@id\":\"https:\/\/www.ralarsa.com\/ca\/#website\"},\"primaryImageOfPage\":{\"@id\":\"https:\/\/www.ralarsa.com\/ca\/lunas-para-coches-diferencia-laminado-templado\/#primaryimage\"},\"image\":{\"@id\":\"https:\/\/www.ralarsa.com\/es\/lunas-para-coches-diferencia-laminado-templado\/#primaryimage\"},\"thumbnailUrl\":\"https:\/\/d2oyvx818ubhz6.cloudfront.net\/wp-content\/uploads\/2025\/03\/2036.jpeg\",\"datePublished\":\"2021-09-04T00:00:00+00:00\",\"dateModified\":\"2025-09-22T14:56:36+00:00\",\"description\":\"En aquest article et comptem tot el que has de saber entre un cristall laminat i un temperat. Clic aqu\u00ed per a con\u00e8ixer les difer\u00e8ncies!\",\"breadcrumb\":{\"@id\":\"https:\/\/www.ralarsa.com\/ca\/lunas-para-coches-diferencia-laminado-templado\/#breadcrumb\"},\"inLanguage\":\"ca\",\"potentialAction\":[{\"@type\":\"ReadAction\",\"target\":[[\"https:\/\/www.ralarsa.com\/ca\/lunas-para-coches-diferencia-laminado-templado\/\"]]}]},{\"@type\":\"ImageObject\",\"inLanguage\":\"ca\",\"@id\":\"https:\/\/www.ralarsa.com\/ca\/lunas-para-coches-diferencia-laminado-templado\/#primaryimage\",\"url\":\"https:\/\/d2oyvx818ubhz6.cloudfront.net\/wp-content\/uploads\/2025\/03\/2036.jpeg\",\"contentUrl\":\"https:\/\/d2oyvx818ubhz6.cloudfront.net\/wp-content\/uploads\/2025\/03\/2036.jpeg\",\"width\":1024,\"height\":683},{\"@type\":\"BreadcrumbList\",\"@id\":\"https:\/\/www.ralarsa.com\/ca\/lunas-para-coches-diferencia-laminado-templado\/#breadcrumb\",\"itemListElement\":[{\"@type\":\"ListItem\",\"position\":1,\"name\":\"Portada\",\"item\":\"https:\/\/www.ralarsa.com\/ca\/ralarsa-2\/\"},{\"@type\":\"ListItem\",\"position\":2,\"name\":\"Conoce la diferencia entre cristal laminado y cristal templado\"}]},{\"@type\":\"WebSite\",\"@id\":\"https:\/\/www.ralarsa.com\/ca\/#website\",\"url\":\"https:\/\/www.ralarsa.com\/ca\/\",\"name\":\"Ralarsa\",\"description\":\"\",\"publisher\":{\"@id\":\"https:\/\/www.ralarsa.com\/ca\/#organization\"},\"potentialAction\":[{\"@type\":\"SearchAction\",\"target\":{\"@type\":\"EntryPoint\",\"urlTemplate\":\"https:\/\/www.ralarsa.com\/ca\/?s={search_term_string}\"},\"query-input\":{\"@type\":\"PropertyValueSpecification\",\"valueRequired\":true,\"valueName\":\"search_term_string\"}}],\"inLanguage\":\"ca\"},{\"@type\":\"Organization\",\"@id\":\"https:\/\/www.ralarsa.com\/ca\/#organization\",\"name\":\"Ralarsa\",\"url\":\"https:\/\/www.ralarsa.com\/ca\/\",\"logo\":{\"@type\":\"ImageObject\",\"inLanguage\":\"ca\",\"@id\":\"https:\/\/www.ralarsa.com\/ca\/#\/schema\/logo\/image\/\",\"url\":\"https:\/\/ralarsa.s3.eu-central-1.amazonaws.com\/wp-content\/uploads\/2025\/04\/logo-ralarsa.png\",\"contentUrl\":\"https:\/\/ralarsa.s3.eu-central-1.amazonaws.com\/wp-content\/uploads\/2025\/04\/logo-ralarsa.png\",\"width\":1192,\"height\":412,\"caption\":\"Ralarsa\"},\"image\":{\"@id\":\"https:\/\/www.ralarsa.com\/ca\/#\/schema\/logo\/image\/\"}},{\"@type\":\"Person\",\"@id\":\"https:\/\/www.ralarsa.com\/es\/#\/schema\/person\/cc6cd8ee6652131e9e8872b5cb9424fb\",\"name\":\"ralarsa_admin\",\"image\":{\"@type\":\"ImageObject\",\"inLanguage\":\"ca\",\"@id\":\"https:\/\/www.ralarsa.com\/ca\/#\/schema\/person\/image\/\",\"url\":\"https:\/\/secure.gravatar.com\/avatar\/a74fd8d2062d4dc1f2f251438977288d50eb8ca5b4735594bcad2f5016833f49?s=96&d=mm&r=g\",\"contentUrl\":\"https:\/\/secure.gravatar.com\/avatar\/a74fd8d2062d4dc1f2f251438977288d50eb8ca5b4735594bcad2f5016833f49?s=96&d=mm&r=g\",\"caption\":\"ralarsa_admin\"},\"sameAs\":[\"https:\/\/www-pre.ralarsa.com\"]}]}<\/script>\n<!-- \/ Yoast SEO Premium plugin. -->","yoast_head_json":{"title":"Coneix la difer\u00e8ncia entre vidre laminat i vidre temperat - Ralarsa","description":"En aquest article et comptem tot el que has de saber entre un cristall laminat i un temperat. Clic aqu\u00ed per a con\u00e8ixer les difer\u00e8ncies!","robots":{"index":"index","follow":"follow","max-snippet":"max-snippet:-1","max-image-preview":"max-image-preview:large","max-video-preview":"max-video-preview:-1"},"canonical":"https:\/\/www.ralarsa.com\/ca\/lunas-para-coches-diferencia-laminado-templado\/","og_locale":"ca_ES","og_type":"article","og_title":"Coneix la difer\u00e8ncia entre vidre laminat i vidre temperat","og_description":"En aquest article et comptem tot el que has de saber entre un cristall laminat i un temperat. Clic aqu\u00ed per a con\u00e8ixer les difer\u00e8ncies!","og_url":"https:\/\/www.ralarsa.com\/ca\/lunas-para-coches-diferencia-laminado-templado\/","og_site_name":"Ralarsa","article_published_time":"2021-09-04T00:00:00+00:00","article_modified_time":"2025-09-22T14:56:36+00:00","og_image":[{"width":1024,"height":683,"url":"https:\/\/ralarsa.s3.eu-central-1.amazonaws.com\/wp-content\/uploads\/2025\/03\/2036.jpeg","type":"image\/jpeg"}],"author":"ralarsa_admin","twitter_card":"summary_large_image","twitter_misc":{"Escrit per":"ralarsa_admin","Temps estimat de lectura":"3 minuts"},"schema":{"@context":"https:\/\/schema.org","@graph":[{"@type":"Article","@id":"https:\/\/www.ralarsa.com\/es\/lunas-para-coches-diferencia-laminado-templado\/#article","isPartOf":{"@id":"https:\/\/www.ralarsa.com\/es\/lunas-para-coches-diferencia-laminado-templado\/"},"author":{"name":"ralarsa_admin","@id":"https:\/\/www.ralarsa.com\/es\/#\/schema\/person\/cc6cd8ee6652131e9e8872b5cb9424fb"},"headline":"Coneix la difer\u00e8ncia entre vidre laminat i vidre temperat","datePublished":"2021-09-04T00:00:00+00:00","dateModified":"2025-09-22T14:56:36+00:00","mainEntityOfPage":{"@id":"https:\/\/www.ralarsa.com\/es\/lunas-para-coches-diferencia-laminado-templado\/"},"wordCount":1869,"commentCount":0,"publisher":{"@id":"https:\/\/www.ralarsa.com\/es\/#organization"},"image":{"@id":"https:\/\/www.ralarsa.com\/es\/lunas-para-coches-diferencia-laminado-templado\/#primaryimage"},"thumbnailUrl":"https:\/\/d2oyvx818ubhz6.cloudfront.net\/wp-content\/uploads\/2025\/03\/2036.jpeg","keywords":["ok"],"articleSection":["Informaci\u00f3"],"inLanguage":"ca","potentialAction":[{"@type":"CommentAction","name":"Comment","target":["https:\/\/www.ralarsa.com\/es\/lunas-para-coches-diferencia-laminado-templado\/#respond"]}]},{"@type":"WebPage","@id":"https:\/\/www.ralarsa.com\/ca\/lunas-para-coches-diferencia-laminado-templado\/","url":"https:\/\/www.ralarsa.com\/ca\/lunas-para-coches-diferencia-laminado-templado\/","name":"Coneix la difer\u00e8ncia entre vidre laminat i vidre temperat - Ralarsa","isPartOf":{"@id":"https:\/\/www.ralarsa.com\/ca\/#website"},"primaryImageOfPage":{"@id":"https:\/\/www.ralarsa.com\/ca\/lunas-para-coches-diferencia-laminado-templado\/#primaryimage"},"image":{"@id":"https:\/\/www.ralarsa.com\/es\/lunas-para-coches-diferencia-laminado-templado\/#primaryimage"},"thumbnailUrl":"https:\/\/d2oyvx818ubhz6.cloudfront.net\/wp-content\/uploads\/2025\/03\/2036.jpeg","datePublished":"2021-09-04T00:00:00+00:00","dateModified":"2025-09-22T14:56:36+00:00","description":"En aquest article et comptem tot el que has de saber entre un cristall laminat i un temperat. Clic aqu\u00ed per a con\u00e8ixer les difer\u00e8ncies!","breadcrumb":{"@id":"https:\/\/www.ralarsa.com\/ca\/lunas-para-coches-diferencia-laminado-templado\/#breadcrumb"},"inLanguage":"ca","potentialAction":[{"@type":"ReadAction","target":[["https:\/\/www.ralarsa.com\/ca\/lunas-para-coches-diferencia-laminado-templado\/"]]}]},{"@type":"ImageObject","inLanguage":"ca","@id":"https:\/\/www.ralarsa.com\/ca\/lunas-para-coches-diferencia-laminado-templado\/#primaryimage","url":"https:\/\/d2oyvx818ubhz6.cloudfront.net\/wp-content\/uploads\/2025\/03\/2036.jpeg","contentUrl":"https:\/\/d2oyvx818ubhz6.cloudfront.net\/wp-content\/uploads\/2025\/03\/2036.jpeg","width":1024,"height":683},{"@type":"BreadcrumbList","@id":"https:\/\/www.ralarsa.com\/ca\/lunas-para-coches-diferencia-laminado-templado\/#breadcrumb","itemListElement":[{"@type":"ListItem","position":1,"name":"Portada","item":"https:\/\/www.ralarsa.com\/ca\/ralarsa-2\/"},{"@type":"ListItem","position":2,"name":"Conoce la diferencia entre cristal laminado y cristal templado"}]},{"@type":"WebSite","@id":"https:\/\/www.ralarsa.com\/ca\/#website","url":"https:\/\/www.ralarsa.com\/ca\/","name":"Ralarsa","description":"","publisher":{"@id":"https:\/\/www.ralarsa.com\/ca\/#organization"},"potentialAction":[{"@type":"SearchAction","target":{"@type":"EntryPoint","urlTemplate":"https:\/\/www.ralarsa.com\/ca\/?s={search_term_string}"},"query-input":{"@type":"PropertyValueSpecification","valueRequired":true,"valueName":"search_term_string"}}],"inLanguage":"ca"},{"@type":"Organization","@id":"https:\/\/www.ralarsa.com\/ca\/#organization","name":"Ralarsa","url":"https:\/\/www.ralarsa.com\/ca\/","logo":{"@type":"ImageObject","inLanguage":"ca","@id":"https:\/\/www.ralarsa.com\/ca\/#\/schema\/logo\/image\/","url":"https:\/\/ralarsa.s3.eu-central-1.amazonaws.com\/wp-content\/uploads\/2025\/04\/logo-ralarsa.png","contentUrl":"https:\/\/ralarsa.s3.eu-central-1.amazonaws.com\/wp-content\/uploads\/2025\/04\/logo-ralarsa.png","width":1192,"height":412,"caption":"Ralarsa"},"image":{"@id":"https:\/\/www.ralarsa.com\/ca\/#\/schema\/logo\/image\/"}},{"@type":"Person","@id":"https:\/\/www.ralarsa.com\/es\/#\/schema\/person\/cc6cd8ee6652131e9e8872b5cb9424fb","name":"ralarsa_admin","image":{"@type":"ImageObject","inLanguage":"ca","@id":"https:\/\/www.ralarsa.com\/ca\/#\/schema\/person\/image\/","url":"https:\/\/secure.gravatar.com\/avatar\/a74fd8d2062d4dc1f2f251438977288d50eb8ca5b4735594bcad2f5016833f49?s=96&d=mm&r=g","contentUrl":"https:\/\/secure.gravatar.com\/avatar\/a74fd8d2062d4dc1f2f251438977288d50eb8ca5b4735594bcad2f5016833f49?s=96&d=mm&r=g","caption":"ralarsa_admin"},"sameAs":["https:\/\/www-pre.ralarsa.com"]}]}},"_links":{"self":[{"href":"https:\/\/www.ralarsa.com\/ca\/wp-json\/wp\/v2\/posts\/2032","targetHints":{"allow":["GET"]}}],"collection":[{"href":"https:\/\/www.ralarsa.com\/ca\/wp-json\/wp\/v2\/posts"}],"about":[{"href":"https:\/\/www.ralarsa.com\/ca\/wp-json\/wp\/v2\/types\/post"}],"author":[{"embeddable":true,"href":"https:\/\/www.ralarsa.com\/ca\/wp-json\/wp\/v2\/users\/1"}],"replies":[{"embeddable":true,"href":"https:\/\/www.ralarsa.com\/ca\/wp-json\/wp\/v2\/comments?post=2032"}],"version-history":[{"count":2,"href":"https:\/\/www.ralarsa.com\/ca\/wp-json\/wp\/v2\/posts\/2032\/revisions"}],"predecessor-version":[{"id":5509,"href":"https:\/\/www.ralarsa.com\/ca\/wp-json\/wp\/v2\/posts\/2032\/revisions\/5509"}],"wp:featuredmedia":[{"embeddable":true,"href":"https:\/\/www.ralarsa.com\/ca\/wp-json\/wp\/v2\/media\/2531"}],"wp:attachment":[{"href":"https:\/\/www.ralarsa.com\/ca\/wp-json\/wp\/v2\/media?parent=2032"}],"wp:term":[{"taxonomy":"category","embeddable":true,"href":"https:\/\/www.ralarsa.com\/ca\/wp-json\/wp\/v2\/categories?post=2032"},{"taxonomy":"post_tag","embeddable":true,"href":"https:\/\/www.ralarsa.com\/ca\/wp-json\/wp\/v2\/tags?post=2032"}],"curies":[{"name":"wp","href":"https:\/\/api.w.org\/{rel}","templated":true}]}}