{"id":2041,"date":"2021-07-05T10:09:55","date_gmt":"2021-07-05T10:09:55","guid":{"rendered":"https:\/\/www.ralarsa.com\/zaragoza-ya-tiene-su-tercer-taller-ralarsa-2\/"},"modified":"2025-09-23T14:47:30","modified_gmt":"2025-09-23T13:47:30","slug":"zaragoza-ya-tiene-su-tercer-taller-ralarsa-2","status":"publish","type":"post","link":"https:\/\/www.ralarsa.com\/ca\/saragossa-ja-te-el-seu-tercer-taller-ralarsa\/","title":{"rendered":"Saragossa ja t\u00e9 el seu tercer taller Ralarsa"},"content":{"rendered":"<p><\/p>\n<p class=\"ai-optimize-25 ai-optimize-introduction\">Ralarsa ha inaugurat el seu nou taller a la ciutat de Saragossa, sent el tercer que obre en aquesta localitat espanyola. Ralarsa continua creixent no nom\u00e9s amb m\u00e9s tallers repartits per tota la geografia espanyola, sin\u00f3 tamb\u00e9 amb m\u00e9s professionals muntadors de vidres. Amb aquesta nova obertura, ja s\u00f3n m\u00e9s de 235 centres \u2014 en concret, 238 \u2014 els que hi ha actualment a Espanya.<\/p>\n<p class=\"ai-optimize-26\">Aquest nou centre est\u00e0 ubicat a l\u2019Avinguda Via Hispanitat 106, unint\u2011se als altres dos que ja estaven operatius anteriorment (ubicats al carrer Juan Jos\u00e9 G\u00e1rate 14 i al carrer Marqu\u00e9s de la Cadena 62, respectivament). Es tracta d\u2019un ampli centre tipus \u2018showroom\u2019 amb aspecte gaireb\u00e9 de concessionari. De fet, s\u2019estima que a dins hi poden cabre fins a 10 cotxes. L\u2019horari d\u2019obertura \u00e9s de 9:00 a 13:00 i de 15:00 a 19:30 de dilluns a divendres, i dissabtes de 9:00 a 13:00. A m\u00e9s, disposen d\u2019unitat m\u00f2bil per realitzar serveis a domicili, principalment reparaci\u00f3 i substituci\u00f3 de parabrises i vidres.<\/p>\n<h3 class=\"ai-optimize-27\">Serveis de primera qualitat<\/h3>\n<p class=\"ai-optimize-27\">Com a la resta de centres, en aquest taller s\u00f3n especialistes en la reparaci\u00f3 i substituci\u00f3 de parabrises, vidres i llunes. Tamb\u00e9 ofereixen altres serveis relacionats com el tenyit de llunes, el tractament antilluvia i, per descomptat, la recalibraci\u00f3 de c\u00e0meres de sistemes ADAS. Per poder recalibrar aquests sistemes es necessiten instal\u00b7lacions amb unes qualitats determinades. Es tracta d\u2019un servei de primera qualitat, fruit dels m\u00e9s de 40 anys d\u2019experi\u00e8ncia que t\u00e9 Ralarsa a Espanya.<\/p>\n<h3 class=\"ai-optimize-28\">Mesures de seguretat i prevenci\u00f3 contra la Covid\u201119<\/h3>\n<p class=\"ai-optimize-28\">Aquest nou taller de Saragossa compleix tamb\u00e9 amb totes les mesures preventives contra la Covid\u201119. No nom\u00e9s es mant\u00e9 la dist\u00e0ncia de seguretat i s\u2019utilitzen mampares protectores, sin\u00f3 que per als clients de m\u00e9s de 60 anys es reserva un horari espec\u00edfic. El personal qualificat utilitza equips de protecci\u00f3 individual (EPI) i disposa de test per diagnosticar possibles casos de Covid\u201119. El servei a domicili tamb\u00e9 forma part d\u2019aquestes mesures de seguretat, en cas que el client no es pugui despla\u00e7ar fins al taller m\u00e9s proper.<\/p>\n<p class=\"ai-optimize-29\">Ralarsa, des de l\u2019inici de la pand\u00e8mia i del confinament, va ser una de les primeres empreses en oferir desinfeccions amb oz\u00f3 de manera gratu\u00efta. Aquest tractament, considerat per l\u2019OMS com el desinfectant m\u00e9s potent contra microorganismes, utilitza un generador d\u2019oz\u00f3 (tamb\u00e9 conegut com a can\u00f3 d\u2019oz\u00f3) per higienitzar per via a\u00e8ria l\u2019interior del cotxe i eliminar tot tipus de virus o bacteris que puguin estar en suspensi\u00f3, aix\u00ed com a la superf\u00edcie del quadre de comandament, seients, etc. Nom\u00e9s en les primeres setmanes de confinament i gr\u00e0cies a la campanya dels \u201cHerois de la Covid\u201d ja havien superat la xifra de 500 vehicles d\u2019emerg\u00e8ncia higienitzats.<\/p>\n<p><\/p>","protected":false},"excerpt":{"rendered":"Ralarsa ha inaugurat el seu nou taller a la ciutat de Saragossa, sent el tercer que obre en aquesta localitat espanyola. Ralarsa continua creixent no nom\u00e9s amb m\u00e9s tallers repartits per tota la geografia espanyola, sin\u00f3 tamb\u00e9 amb m\u00e9s professionals muntadors de vidres. Amb aquesta nova obertura, ja s\u00f3n m\u00e9s de 235 centres \u2014 en&#8230;","protected":false},"author":1,"featured_media":2537,"comment_status":"open","ping_status":"open","sticky":false,"template":"","format":"standard","meta":{"_acf_changed":false,"inline_featured_image":false,"footnotes":""},"categories":[1],"tags":[15],"class_list":["post-2041","post","type-post","status-publish","format-standard","has-post-thumbnail","hentry","category-uncategorized","tag-ok"],"acf":[],"yoast_head":"<!-- This site is optimized with the Yoast SEO Premium plugin v25.3 (Yoast SEO v26.7) - https:\/\/yoast.com\/wordpress\/plugins\/seo\/ -->\n<title>Saragossa ja t\u00e9 el seu tercer taller Ralarsa - Ralarsa<\/title>\n<meta name=\"description\" content=\"Zaragoza ya tiene su tercer taller Ralarsa\" \/>\n<meta name=\"robots\" content=\"index, follow, max-snippet:-1, max-image-preview:large, max-video-preview:-1\" \/>\n<link rel=\"canonical\" href=\"https:\/\/www.ralarsa.com\/ca\/zaragoza-ya-tiene-su-tercer-taller-ralarsa-2\/\" \/>\n<meta property=\"og:locale\" content=\"ca_ES\" \/>\n<meta property=\"og:type\" content=\"article\" \/>\n<meta property=\"og:title\" content=\"Saragossa ja t\u00e9 el seu tercer taller Ralarsa\" \/>\n<meta property=\"og:description\" content=\"Zaragoza ya tiene su tercer taller Ralarsa\" \/>\n<meta property=\"og:url\" content=\"https:\/\/www.ralarsa.com\/ca\/zaragoza-ya-tiene-su-tercer-taller-ralarsa-2\/\" \/>\n<meta property=\"og:site_name\" content=\"Ralarsa\" \/>\n<meta property=\"article:published_time\" content=\"2021-07-05T10:09:55+00:00\" \/>\n<meta property=\"article:modified_time\" content=\"2025-09-23T13:47:30+00:00\" \/>\n<meta property=\"og:image\" content=\"https:\/\/ralarsa.s3.eu-central-1.amazonaws.com\/wp-content\/uploads\/2025\/03\/466.jpeg\" \/>\n\t<meta property=\"og:image:width\" content=\"850\" \/>\n\t<meta property=\"og:image:height\" content=\"600\" \/>\n\t<meta property=\"og:image:type\" content=\"image\/jpeg\" \/>\n<meta name=\"author\" content=\"ralarsa_admin\" \/>\n<meta name=\"twitter:card\" content=\"summary_large_image\" \/>\n<meta name=\"twitter:label1\" content=\"Escrit per\" \/>\n\t<meta name=\"twitter:data1\" content=\"ralarsa_admin\" \/>\n\t<meta name=\"twitter:label2\" content=\"Temps estimat de lectura\" \/>\n\t<meta name=\"twitter:data2\" content=\"3 minuts\" \/>\n<script type=\"application\/ld+json\" class=\"yoast-schema-graph\">{\"@context\":\"https:\/\/schema.org\",\"@graph\":[{\"@type\":\"Article\",\"@id\":\"https:\/\/www.ralarsa.com\/es\/zaragoza-ya-tiene-su-tercer-taller-ralarsa-2\/#article\",\"isPartOf\":{\"@id\":\"https:\/\/www.ralarsa.com\/es\/zaragoza-ya-tiene-su-tercer-taller-ralarsa-2\/\"},\"author\":{\"name\":\"ralarsa_admin\",\"@id\":\"https:\/\/www.ralarsa.com\/es\/#\/schema\/person\/cc6cd8ee6652131e9e8872b5cb9424fb\"},\"headline\":\"Saragossa ja t\u00e9 el seu tercer taller Ralarsa\",\"datePublished\":\"2021-07-05T10:09:55+00:00\",\"dateModified\":\"2025-09-23T13:47:30+00:00\",\"mainEntityOfPage\":{\"@id\":\"https:\/\/www.ralarsa.com\/es\/zaragoza-ya-tiene-su-tercer-taller-ralarsa-2\/\"},\"wordCount\":1387,\"commentCount\":0,\"publisher\":{\"@id\":\"https:\/\/www.ralarsa.com\/es\/#organization\"},\"image\":{\"@id\":\"https:\/\/www.ralarsa.com\/es\/zaragoza-ya-tiene-su-tercer-taller-ralarsa-2\/#primaryimage\"},\"thumbnailUrl\":\"https:\/\/d2oyvx818ubhz6.cloudfront.net\/wp-content\/uploads\/2025\/03\/466.jpeg\",\"keywords\":[\"ok\"],\"articleSection\":[\"Informaci\u00f3\"],\"inLanguage\":\"ca\",\"potentialAction\":[{\"@type\":\"CommentAction\",\"name\":\"Comment\",\"target\":[\"https:\/\/www.ralarsa.com\/es\/zaragoza-ya-tiene-su-tercer-taller-ralarsa-2\/#respond\"]}]},{\"@type\":\"WebPage\",\"@id\":\"https:\/\/www.ralarsa.com\/ca\/zaragoza-ya-tiene-su-tercer-taller-ralarsa-2\/\",\"url\":\"https:\/\/www.ralarsa.com\/ca\/zaragoza-ya-tiene-su-tercer-taller-ralarsa-2\/\",\"name\":\"Saragossa ja t\u00e9 el seu tercer taller Ralarsa - Ralarsa\",\"isPartOf\":{\"@id\":\"https:\/\/www.ralarsa.com\/ca\/#website\"},\"primaryImageOfPage\":{\"@id\":\"https:\/\/www.ralarsa.com\/ca\/zaragoza-ya-tiene-su-tercer-taller-ralarsa-2\/#primaryimage\"},\"image\":{\"@id\":\"https:\/\/www.ralarsa.com\/es\/zaragoza-ya-tiene-su-tercer-taller-ralarsa-2\/#primaryimage\"},\"thumbnailUrl\":\"https:\/\/d2oyvx818ubhz6.cloudfront.net\/wp-content\/uploads\/2025\/03\/466.jpeg\",\"datePublished\":\"2021-07-05T10:09:55+00:00\",\"dateModified\":\"2025-09-23T13:47:30+00:00\",\"description\":\"Zaragoza ya tiene su tercer taller Ralarsa\",\"breadcrumb\":{\"@id\":\"https:\/\/www.ralarsa.com\/ca\/zaragoza-ya-tiene-su-tercer-taller-ralarsa-2\/#breadcrumb\"},\"inLanguage\":\"ca\",\"potentialAction\":[{\"@type\":\"ReadAction\",\"target\":[[\"https:\/\/www.ralarsa.com\/ca\/zaragoza-ya-tiene-su-tercer-taller-ralarsa-2\/\"]]}]},{\"@type\":\"ImageObject\",\"inLanguage\":\"ca\",\"@id\":\"https:\/\/www.ralarsa.com\/ca\/zaragoza-ya-tiene-su-tercer-taller-ralarsa-2\/#primaryimage\",\"url\":\"https:\/\/d2oyvx818ubhz6.cloudfront.net\/wp-content\/uploads\/2025\/03\/466.jpeg\",\"contentUrl\":\"https:\/\/d2oyvx818ubhz6.cloudfront.net\/wp-content\/uploads\/2025\/03\/466.jpeg\",\"width\":850,\"height\":600},{\"@type\":\"BreadcrumbList\",\"@id\":\"https:\/\/www.ralarsa.com\/ca\/zaragoza-ya-tiene-su-tercer-taller-ralarsa-2\/#breadcrumb\",\"itemListElement\":[{\"@type\":\"ListItem\",\"position\":1,\"name\":\"Portada\",\"item\":\"https:\/\/www.ralarsa.com\/ca\/ralarsa-2\/\"},{\"@type\":\"ListItem\",\"position\":2,\"name\":\"Zaragoza ya tiene su tercer taller Ralarsa\"}]},{\"@type\":\"WebSite\",\"@id\":\"https:\/\/www.ralarsa.com\/ca\/#website\",\"url\":\"https:\/\/www.ralarsa.com\/ca\/\",\"name\":\"Ralarsa\",\"description\":\"\",\"publisher\":{\"@id\":\"https:\/\/www.ralarsa.com\/ca\/#organization\"},\"potentialAction\":[{\"@type\":\"SearchAction\",\"target\":{\"@type\":\"EntryPoint\",\"urlTemplate\":\"https:\/\/www.ralarsa.com\/ca\/?s={search_term_string}\"},\"query-input\":{\"@type\":\"PropertyValueSpecification\",\"valueRequired\":true,\"valueName\":\"search_term_string\"}}],\"inLanguage\":\"ca\"},{\"@type\":\"Organization\",\"@id\":\"https:\/\/www.ralarsa.com\/ca\/#organization\",\"name\":\"Ralarsa\",\"url\":\"https:\/\/www.ralarsa.com\/ca\/\",\"logo\":{\"@type\":\"ImageObject\",\"inLanguage\":\"ca\",\"@id\":\"https:\/\/www.ralarsa.com\/ca\/#\/schema\/logo\/image\/\",\"url\":\"https:\/\/ralarsa.s3.eu-central-1.amazonaws.com\/wp-content\/uploads\/2025\/04\/logo-ralarsa.png\",\"contentUrl\":\"https:\/\/ralarsa.s3.eu-central-1.amazonaws.com\/wp-content\/uploads\/2025\/04\/logo-ralarsa.png\",\"width\":1192,\"height\":412,\"caption\":\"Ralarsa\"},\"image\":{\"@id\":\"https:\/\/www.ralarsa.com\/ca\/#\/schema\/logo\/image\/\"}},{\"@type\":\"Person\",\"@id\":\"https:\/\/www.ralarsa.com\/es\/#\/schema\/person\/cc6cd8ee6652131e9e8872b5cb9424fb\",\"name\":\"ralarsa_admin\",\"image\":{\"@type\":\"ImageObject\",\"inLanguage\":\"ca\",\"@id\":\"https:\/\/www.ralarsa.com\/ca\/#\/schema\/person\/image\/\",\"url\":\"https:\/\/secure.gravatar.com\/avatar\/a74fd8d2062d4dc1f2f251438977288d50eb8ca5b4735594bcad2f5016833f49?s=96&d=mm&r=g\",\"contentUrl\":\"https:\/\/secure.gravatar.com\/avatar\/a74fd8d2062d4dc1f2f251438977288d50eb8ca5b4735594bcad2f5016833f49?s=96&d=mm&r=g\",\"caption\":\"ralarsa_admin\"},\"sameAs\":[\"https:\/\/www-pre.ralarsa.com\"]}]}<\/script>\n<!-- \/ Yoast SEO Premium plugin. -->","yoast_head_json":{"title":"Saragossa ja t\u00e9 el seu tercer taller Ralarsa - Ralarsa","description":"Zaragoza ya tiene su tercer taller Ralarsa","robots":{"index":"index","follow":"follow","max-snippet":"max-snippet:-1","max-image-preview":"max-image-preview:large","max-video-preview":"max-video-preview:-1"},"canonical":"https:\/\/www.ralarsa.com\/ca\/zaragoza-ya-tiene-su-tercer-taller-ralarsa-2\/","og_locale":"ca_ES","og_type":"article","og_title":"Saragossa ja t\u00e9 el seu tercer taller Ralarsa","og_description":"Zaragoza ya tiene su tercer taller Ralarsa","og_url":"https:\/\/www.ralarsa.com\/ca\/zaragoza-ya-tiene-su-tercer-taller-ralarsa-2\/","og_site_name":"Ralarsa","article_published_time":"2021-07-05T10:09:55+00:00","article_modified_time":"2025-09-23T13:47:30+00:00","og_image":[{"width":850,"height":600,"url":"https:\/\/ralarsa.s3.eu-central-1.amazonaws.com\/wp-content\/uploads\/2025\/03\/466.jpeg","type":"image\/jpeg"}],"author":"ralarsa_admin","twitter_card":"summary_large_image","twitter_misc":{"Escrit per":"ralarsa_admin","Temps estimat de lectura":"3 minuts"},"schema":{"@context":"https:\/\/schema.org","@graph":[{"@type":"Article","@id":"https:\/\/www.ralarsa.com\/es\/zaragoza-ya-tiene-su-tercer-taller-ralarsa-2\/#article","isPartOf":{"@id":"https:\/\/www.ralarsa.com\/es\/zaragoza-ya-tiene-su-tercer-taller-ralarsa-2\/"},"author":{"name":"ralarsa_admin","@id":"https:\/\/www.ralarsa.com\/es\/#\/schema\/person\/cc6cd8ee6652131e9e8872b5cb9424fb"},"headline":"Saragossa ja t\u00e9 el seu tercer taller Ralarsa","datePublished":"2021-07-05T10:09:55+00:00","dateModified":"2025-09-23T13:47:30+00:00","mainEntityOfPage":{"@id":"https:\/\/www.ralarsa.com\/es\/zaragoza-ya-tiene-su-tercer-taller-ralarsa-2\/"},"wordCount":1387,"commentCount":0,"publisher":{"@id":"https:\/\/www.ralarsa.com\/es\/#organization"},"image":{"@id":"https:\/\/www.ralarsa.com\/es\/zaragoza-ya-tiene-su-tercer-taller-ralarsa-2\/#primaryimage"},"thumbnailUrl":"https:\/\/d2oyvx818ubhz6.cloudfront.net\/wp-content\/uploads\/2025\/03\/466.jpeg","keywords":["ok"],"articleSection":["Informaci\u00f3"],"inLanguage":"ca","potentialAction":[{"@type":"CommentAction","name":"Comment","target":["https:\/\/www.ralarsa.com\/es\/zaragoza-ya-tiene-su-tercer-taller-ralarsa-2\/#respond"]}]},{"@type":"WebPage","@id":"https:\/\/www.ralarsa.com\/ca\/zaragoza-ya-tiene-su-tercer-taller-ralarsa-2\/","url":"https:\/\/www.ralarsa.com\/ca\/zaragoza-ya-tiene-su-tercer-taller-ralarsa-2\/","name":"Saragossa ja t\u00e9 el seu tercer taller Ralarsa - Ralarsa","isPartOf":{"@id":"https:\/\/www.ralarsa.com\/ca\/#website"},"primaryImageOfPage":{"@id":"https:\/\/www.ralarsa.com\/ca\/zaragoza-ya-tiene-su-tercer-taller-ralarsa-2\/#primaryimage"},"image":{"@id":"https:\/\/www.ralarsa.com\/es\/zaragoza-ya-tiene-su-tercer-taller-ralarsa-2\/#primaryimage"},"thumbnailUrl":"https:\/\/d2oyvx818ubhz6.cloudfront.net\/wp-content\/uploads\/2025\/03\/466.jpeg","datePublished":"2021-07-05T10:09:55+00:00","dateModified":"2025-09-23T13:47:30+00:00","description":"Zaragoza ya tiene su tercer taller Ralarsa","breadcrumb":{"@id":"https:\/\/www.ralarsa.com\/ca\/zaragoza-ya-tiene-su-tercer-taller-ralarsa-2\/#breadcrumb"},"inLanguage":"ca","potentialAction":[{"@type":"ReadAction","target":[["https:\/\/www.ralarsa.com\/ca\/zaragoza-ya-tiene-su-tercer-taller-ralarsa-2\/"]]}]},{"@type":"ImageObject","inLanguage":"ca","@id":"https:\/\/www.ralarsa.com\/ca\/zaragoza-ya-tiene-su-tercer-taller-ralarsa-2\/#primaryimage","url":"https:\/\/d2oyvx818ubhz6.cloudfront.net\/wp-content\/uploads\/2025\/03\/466.jpeg","contentUrl":"https:\/\/d2oyvx818ubhz6.cloudfront.net\/wp-content\/uploads\/2025\/03\/466.jpeg","width":850,"height":600},{"@type":"BreadcrumbList","@id":"https:\/\/www.ralarsa.com\/ca\/zaragoza-ya-tiene-su-tercer-taller-ralarsa-2\/#breadcrumb","itemListElement":[{"@type":"ListItem","position":1,"name":"Portada","item":"https:\/\/www.ralarsa.com\/ca\/ralarsa-2\/"},{"@type":"ListItem","position":2,"name":"Zaragoza ya tiene su tercer taller Ralarsa"}]},{"@type":"WebSite","@id":"https:\/\/www.ralarsa.com\/ca\/#website","url":"https:\/\/www.ralarsa.com\/ca\/","name":"Ralarsa","description":"","publisher":{"@id":"https:\/\/www.ralarsa.com\/ca\/#organization"},"potentialAction":[{"@type":"SearchAction","target":{"@type":"EntryPoint","urlTemplate":"https:\/\/www.ralarsa.com\/ca\/?s={search_term_string}"},"query-input":{"@type":"PropertyValueSpecification","valueRequired":true,"valueName":"search_term_string"}}],"inLanguage":"ca"},{"@type":"Organization","@id":"https:\/\/www.ralarsa.com\/ca\/#organization","name":"Ralarsa","url":"https:\/\/www.ralarsa.com\/ca\/","logo":{"@type":"ImageObject","inLanguage":"ca","@id":"https:\/\/www.ralarsa.com\/ca\/#\/schema\/logo\/image\/","url":"https:\/\/ralarsa.s3.eu-central-1.amazonaws.com\/wp-content\/uploads\/2025\/04\/logo-ralarsa.png","contentUrl":"https:\/\/ralarsa.s3.eu-central-1.amazonaws.com\/wp-content\/uploads\/2025\/04\/logo-ralarsa.png","width":1192,"height":412,"caption":"Ralarsa"},"image":{"@id":"https:\/\/www.ralarsa.com\/ca\/#\/schema\/logo\/image\/"}},{"@type":"Person","@id":"https:\/\/www.ralarsa.com\/es\/#\/schema\/person\/cc6cd8ee6652131e9e8872b5cb9424fb","name":"ralarsa_admin","image":{"@type":"ImageObject","inLanguage":"ca","@id":"https:\/\/www.ralarsa.com\/ca\/#\/schema\/person\/image\/","url":"https:\/\/secure.gravatar.com\/avatar\/a74fd8d2062d4dc1f2f251438977288d50eb8ca5b4735594bcad2f5016833f49?s=96&d=mm&r=g","contentUrl":"https:\/\/secure.gravatar.com\/avatar\/a74fd8d2062d4dc1f2f251438977288d50eb8ca5b4735594bcad2f5016833f49?s=96&d=mm&r=g","caption":"ralarsa_admin"},"sameAs":["https:\/\/www-pre.ralarsa.com"]}]}},"_links":{"self":[{"href":"https:\/\/www.ralarsa.com\/ca\/wp-json\/wp\/v2\/posts\/2041","targetHints":{"allow":["GET"]}}],"collection":[{"href":"https:\/\/www.ralarsa.com\/ca\/wp-json\/wp\/v2\/posts"}],"about":[{"href":"https:\/\/www.ralarsa.com\/ca\/wp-json\/wp\/v2\/types\/post"}],"author":[{"embeddable":true,"href":"https:\/\/www.ralarsa.com\/ca\/wp-json\/wp\/v2\/users\/1"}],"replies":[{"embeddable":true,"href":"https:\/\/www.ralarsa.com\/ca\/wp-json\/wp\/v2\/comments?post=2041"}],"version-history":[{"count":2,"href":"https:\/\/www.ralarsa.com\/ca\/wp-json\/wp\/v2\/posts\/2041\/revisions"}],"predecessor-version":[{"id":5526,"href":"https:\/\/www.ralarsa.com\/ca\/wp-json\/wp\/v2\/posts\/2041\/revisions\/5526"}],"wp:featuredmedia":[{"embeddable":true,"href":"https:\/\/www.ralarsa.com\/ca\/wp-json\/wp\/v2\/media\/2537"}],"wp:attachment":[{"href":"https:\/\/www.ralarsa.com\/ca\/wp-json\/wp\/v2\/media?parent=2041"}],"wp:term":[{"taxonomy":"category","embeddable":true,"href":"https:\/\/www.ralarsa.com\/ca\/wp-json\/wp\/v2\/categories?post=2041"},{"taxonomy":"post_tag","embeddable":true,"href":"https:\/\/www.ralarsa.com\/ca\/wp-json\/wp\/v2\/tags?post=2041"}],"curies":[{"name":"wp","href":"https:\/\/api.w.org\/{rel}","templated":true}]}}