{"id":6590,"date":"2026-02-26T15:48:03","date_gmt":"2026-02-26T14:48:03","guid":{"rendered":"https:\/\/www.ralarsa.com\/es\/?p=6590"},"modified":"2026-02-26T15:51:23","modified_gmt":"2026-02-26T14:51:23","slug":"nuevo-taller-en-murcia","status":"publish","type":"post","link":"https:\/\/www.ralarsa.com\/ca\/nuevo-taller-en-murcia\/","title":{"rendered":"Nou taller a M\u00farcia"},"content":{"rendered":"<p><\/p>\n<p class=\"ai-optimize-6 ai-optimize-introduction\" dir=\"auto\">A Ralarsa seguim ampliant la nostra xarxa per estar cada vegada m\u00e9s a prop teu. Ens complau anunciar la inauguraci\u00f3 del nostre <strong>nou taller a M\u00farcia<\/strong>, un espai modern i totalment equipat per oferir-te el millor servei en reparaci\u00f3 i substituci\u00f3 de vidres d\u2019autom\u00f2bil, incloent-hi els parabrises amb tecnologia <strong>ADAS<\/strong>.<\/p>\n<p class=\"ai-optimize-7\" dir=\"auto\">Amb m\u00e9s de 250 tallers a tota Espanya i m\u00e9s de 45 anys d\u2019experi\u00e8ncia en el sector, Ralarsa \u00e9s especialista en la substituci\u00f3 i <a href=\"https:\/\/www.ralarsa.com\/ca\/reparacio-vidres-cotxe\/\">reparaci\u00f3 de vidres del teu vehicle<\/a>. El nostre equip de t\u00e8cnics altament qualificats garanteix un servei r\u00e0pid, prec\u00eds i segur, seguint sempre els protocols de cada fabricant.<\/p>\n<h2 class=\"ai-optimize-8\" dir=\"auto\"><strong>Dades del nou taller a M\u00farcia<\/strong><\/h2>\n<p class=\"ai-optimize-9\" dir=\"auto\"><strong>Adre\u00e7a:<\/strong> Ronda Norte, 25 baix esquerra, 30009, M\u00farcia<br \/>\n<strong>Horari (Dl-Dv):<\/strong> 9:00-13:30h i 15:30-19:00h<\/p>\n<h2 class=\"ai-optimize-10\" dir=\"auto\"><strong>Serveis del nou taller a M\u00farcia<\/strong><\/h2>\n<p class=\"ai-optimize-11\" dir=\"auto\">Al nostre nou centre de M\u00farcia, posem a la teva disposici\u00f3 tots els serveis especialitzats de <strong>Ralarsa<\/strong>, entre els quals destaquen:<\/p>\n<ul dir=\"auto\">\n<li class=\"text-start ai-optimize-12\"><strong>Reparaci\u00f3 i substituci\u00f3 de parabrises amb tecnologia ADAS<\/strong>, incloent-hi recalibratge de c\u00e0meres i sensors.<\/li>\n<li class=\"text-start ai-optimize-13\"><strong>Substituci\u00f3 de vidres laterals i posteriors<\/strong> amb materials homologats.<\/li>\n<li class=\"text-start ai-optimize-14\"><strong>Reparaci\u00f3 d\u2019impactes<\/strong> al vidre per evitar substitucions innecess\u00e0ries.<\/li>\n<li class=\"text-start ai-optimize-15\"><strong>Instal\u00b7laci\u00f3 garantida<\/strong> seguint protocols del fabricant.<\/li>\n<li class=\"text-start ai-optimize-16\"><strong>Atenci\u00f3 r\u00e0pida<\/strong> concertant el dia i hora que millor et convingui.<\/li>\n<\/ul>\n<p class=\"ai-optimize-17\" dir=\"auto\">A <strong>Ralarsa<\/strong> treballem perqu\u00e8 el teu vehicle mantingui la seva seguretat i funcionalitat en tot moment, utilitzant vidre certificat i adhesius t\u00e8cnics de m\u00e0xima qualitat.<\/p>\n<p class=\"ai-optimize-18\" dir=\"auto\"><strong>Seguim creixent<\/strong> per estar m\u00e9s a prop teu. T\u2019esperem al nostre nou taller de M\u00farcia per cuidar els vidres del teu cotxe amb la m\u00e0xima garantia!<\/p>\n<p><\/p>","protected":false},"excerpt":{"rendered":"A Ralarsa seguim ampliant la nostra xarxa per estar cada vegada m\u00e9s a prop teu. Ens complau anunciar la inauguraci\u00f3 del nostre nou taller a M\u00farcia, un espai modern i totalment equipat per oferir-te el millor servei en reparaci\u00f3 i substituci\u00f3 de vidres d\u2019autom\u00f2bil, incloent-hi els parabrises amb tecnologia ADAS. Amb m\u00e9s de 250 tallers&#8230;","protected":false},"author":8,"featured_media":6591,"comment_status":"open","ping_status":"open","sticky":false,"template":"","format":"standard","meta":{"_acf_changed":false,"inline_featured_image":false,"footnotes":""},"categories":[1],"tags":[],"class_list":["post-6590","post","type-post","status-publish","format-standard","has-post-thumbnail","hentry","category-uncategorized"],"acf":[],"yoast_head":"<!-- This site is optimized with the Yoast SEO Premium plugin v25.3 (Yoast SEO v26.7) - https:\/\/yoast.com\/wordpress\/plugins\/seo\/ -->\n<title>Nou taller a M\u00farcia - Ralarsa<\/title>\n<meta name=\"robots\" content=\"index, follow, max-snippet:-1, max-image-preview:large, max-video-preview:-1\" \/>\n<link rel=\"canonical\" href=\"https:\/\/www.ralarsa.com\/ca\/nuevo-taller-en-murcia\/\" \/>\n<meta property=\"og:locale\" content=\"ca_ES\" \/>\n<meta property=\"og:type\" content=\"article\" \/>\n<meta property=\"og:title\" content=\"Nou taller a M\u00farcia\" \/>\n<meta property=\"og:description\" content=\"A Ralarsa seguim ampliant la nostra xarxa per estar cada vegada m\u00e9s a prop teu. Ens complau anunciar la inauguraci\u00f3 del nostre nou taller a M\u00farcia, un espai modern i totalment equipat per oferir-te el millor servei en reparaci\u00f3 i substituci\u00f3 de vidres d\u2019autom\u00f2bil, incloent-hi els parabrises amb tecnologia ADAS. Amb m\u00e9s de 250 tallers...\" \/>\n<meta property=\"og:url\" content=\"https:\/\/www.ralarsa.com\/ca\/nuevo-taller-en-murcia\/\" \/>\n<meta property=\"og:site_name\" content=\"Ralarsa\" \/>\n<meta property=\"article:published_time\" content=\"2026-02-26T14:48:03+00:00\" \/>\n<meta property=\"article:modified_time\" content=\"2026-02-26T14:51:23+00:00\" \/>\n<meta property=\"og:image\" content=\"https:\/\/d2oyvx818ubhz6.cloudfront.net\/wp-content\/uploads\/2026\/02\/nuevo-taller-murcia.jpg\" \/>\n\t<meta property=\"og:image:width\" content=\"1920\" \/>\n\t<meta property=\"og:image:height\" content=\"1440\" \/>\n\t<meta property=\"og:image:type\" content=\"image\/jpeg\" \/>\n<meta name=\"author\" content=\"Aina Belles\" \/>\n<meta name=\"twitter:card\" content=\"summary_large_image\" \/>\n<meta name=\"twitter:label1\" content=\"Escrit per\" \/>\n\t<meta name=\"twitter:data1\" content=\"Aina Belles\" \/>\n\t<meta name=\"twitter:label2\" content=\"Temps estimat de lectura\" \/>\n\t<meta name=\"twitter:data2\" content=\"2 minuts\" \/>\n<script type=\"application\/ld+json\" class=\"yoast-schema-graph\">{\"@context\":\"https:\/\/schema.org\",\"@graph\":[{\"@type\":\"Article\",\"@id\":\"https:\/\/www.ralarsa.com\/es\/nuevo-taller-en-murcia\/#article\",\"isPartOf\":{\"@id\":\"https:\/\/www.ralarsa.com\/es\/nuevo-taller-en-murcia\/\"},\"author\":{\"name\":\"Aina Belles\",\"@id\":\"https:\/\/www.ralarsa.com\/es\/#\/schema\/person\/da053e3bdd8933370cee4db17edd3710\"},\"headline\":\"Nou taller a M\u00farcia\",\"datePublished\":\"2026-02-26T14:48:03+00:00\",\"dateModified\":\"2026-02-26T14:51:23+00:00\",\"mainEntityOfPage\":{\"@id\":\"https:\/\/www.ralarsa.com\/es\/nuevo-taller-en-murcia\/\"},\"wordCount\":808,\"commentCount\":0,\"publisher\":{\"@id\":\"https:\/\/www.ralarsa.com\/es\/#organization\"},\"image\":{\"@id\":\"https:\/\/www.ralarsa.com\/es\/nuevo-taller-en-murcia\/#primaryimage\"},\"thumbnailUrl\":\"https:\/\/d2oyvx818ubhz6.cloudfront.net\/wp-content\/uploads\/2026\/02\/nuevo-taller-murcia.jpg\",\"articleSection\":[\"Informaci\u00f3\"],\"inLanguage\":\"ca\",\"potentialAction\":[{\"@type\":\"CommentAction\",\"name\":\"Comment\",\"target\":[\"https:\/\/www.ralarsa.com\/es\/nuevo-taller-en-murcia\/#respond\"]}]},{\"@type\":\"WebPage\",\"@id\":\"https:\/\/www.ralarsa.com\/ca\/nuevo-taller-en-murcia\/\",\"url\":\"https:\/\/www.ralarsa.com\/ca\/nuevo-taller-en-murcia\/\",\"name\":\"Nou taller a M\u00farcia - Ralarsa\",\"isPartOf\":{\"@id\":\"https:\/\/www.ralarsa.com\/ca\/#website\"},\"primaryImageOfPage\":{\"@id\":\"https:\/\/www.ralarsa.com\/ca\/nuevo-taller-en-murcia\/#primaryimage\"},\"image\":{\"@id\":\"https:\/\/www.ralarsa.com\/es\/nuevo-taller-en-murcia\/#primaryimage\"},\"thumbnailUrl\":\"https:\/\/d2oyvx818ubhz6.cloudfront.net\/wp-content\/uploads\/2026\/02\/nuevo-taller-murcia.jpg\",\"datePublished\":\"2026-02-26T14:48:03+00:00\",\"dateModified\":\"2026-02-26T14:51:23+00:00\",\"breadcrumb\":{\"@id\":\"https:\/\/www.ralarsa.com\/ca\/nuevo-taller-en-murcia\/#breadcrumb\"},\"inLanguage\":\"ca\",\"potentialAction\":[{\"@type\":\"ReadAction\",\"target\":[[\"https:\/\/www.ralarsa.com\/ca\/nuevo-taller-en-murcia\/\"]]}]},{\"@type\":\"ImageObject\",\"inLanguage\":\"ca\",\"@id\":\"https:\/\/www.ralarsa.com\/ca\/nuevo-taller-en-murcia\/#primaryimage\",\"url\":\"https:\/\/d2oyvx818ubhz6.cloudfront.net\/wp-content\/uploads\/2026\/02\/nuevo-taller-murcia.jpg\",\"contentUrl\":\"https:\/\/d2oyvx818ubhz6.cloudfront.net\/wp-content\/uploads\/2026\/02\/nuevo-taller-murcia.jpg\",\"width\":1920,\"height\":1440,\"caption\":\"Inauguraci\u00f3n del nuevo taller Ralarsa en Murcia, especializado en reparaci\u00f3n y sustituci\u00f3n de lunas de autom\u00f3vil.\"},{\"@type\":\"BreadcrumbList\",\"@id\":\"https:\/\/www.ralarsa.com\/ca\/nuevo-taller-en-murcia\/#breadcrumb\",\"itemListElement\":[{\"@type\":\"ListItem\",\"position\":1,\"name\":\"Portada\",\"item\":\"https:\/\/www.ralarsa.com\/ca\/ralarsa-2\/\"},{\"@type\":\"ListItem\",\"position\":2,\"name\":\"Nuevo taller en Murcia\"}]},{\"@type\":\"WebSite\",\"@id\":\"https:\/\/www.ralarsa.com\/ca\/#website\",\"url\":\"https:\/\/www.ralarsa.com\/ca\/\",\"name\":\"Ralarsa\",\"description\":\"\",\"publisher\":{\"@id\":\"https:\/\/www.ralarsa.com\/ca\/#organization\"},\"potentialAction\":[{\"@type\":\"SearchAction\",\"target\":{\"@type\":\"EntryPoint\",\"urlTemplate\":\"https:\/\/www.ralarsa.com\/ca\/?s={search_term_string}\"},\"query-input\":{\"@type\":\"PropertyValueSpecification\",\"valueRequired\":true,\"valueName\":\"search_term_string\"}}],\"inLanguage\":\"ca\"},{\"@type\":\"Organization\",\"@id\":\"https:\/\/www.ralarsa.com\/ca\/#organization\",\"name\":\"Ralarsa\",\"url\":\"https:\/\/www.ralarsa.com\/ca\/\",\"logo\":{\"@type\":\"ImageObject\",\"inLanguage\":\"ca\",\"@id\":\"https:\/\/www.ralarsa.com\/ca\/#\/schema\/logo\/image\/\",\"url\":\"https:\/\/ralarsa.s3.eu-central-1.amazonaws.com\/wp-content\/uploads\/2025\/04\/logo-ralarsa.png\",\"contentUrl\":\"https:\/\/ralarsa.s3.eu-central-1.amazonaws.com\/wp-content\/uploads\/2025\/04\/logo-ralarsa.png\",\"width\":1192,\"height\":412,\"caption\":\"Ralarsa\"},\"image\":{\"@id\":\"https:\/\/www.ralarsa.com\/ca\/#\/schema\/logo\/image\/\"}},{\"@type\":\"Person\",\"@id\":\"https:\/\/www.ralarsa.com\/es\/#\/schema\/person\/da053e3bdd8933370cee4db17edd3710\",\"name\":\"Aina Belles\",\"image\":{\"@type\":\"ImageObject\",\"inLanguage\":\"ca\",\"@id\":\"https:\/\/www.ralarsa.com\/ca\/#\/schema\/person\/image\/\",\"url\":\"https:\/\/secure.gravatar.com\/avatar\/a5711a4554fc4f9a95faec51accef383d52c93253ac87fe09655e6991a4a4ebe?s=96&d=mm&r=g\",\"contentUrl\":\"https:\/\/secure.gravatar.com\/avatar\/a5711a4554fc4f9a95faec51accef383d52c93253ac87fe09655e6991a4a4ebe?s=96&d=mm&r=g\",\"caption\":\"Aina Belles\"},\"sameAs\":[\"http:\/\/ralarsa.com\"]}]}<\/script>\n<!-- \/ Yoast SEO Premium plugin. -->","yoast_head_json":{"title":"Nou taller a M\u00farcia - Ralarsa","robots":{"index":"index","follow":"follow","max-snippet":"max-snippet:-1","max-image-preview":"max-image-preview:large","max-video-preview":"max-video-preview:-1"},"canonical":"https:\/\/www.ralarsa.com\/ca\/nuevo-taller-en-murcia\/","og_locale":"ca_ES","og_type":"article","og_title":"Nou taller a M\u00farcia","og_description":"A Ralarsa seguim ampliant la nostra xarxa per estar cada vegada m\u00e9s a prop teu. Ens complau anunciar la inauguraci\u00f3 del nostre nou taller a M\u00farcia, un espai modern i totalment equipat per oferir-te el millor servei en reparaci\u00f3 i substituci\u00f3 de vidres d\u2019autom\u00f2bil, incloent-hi els parabrises amb tecnologia ADAS. Amb m\u00e9s de 250 tallers...","og_url":"https:\/\/www.ralarsa.com\/ca\/nuevo-taller-en-murcia\/","og_site_name":"Ralarsa","article_published_time":"2026-02-26T14:48:03+00:00","article_modified_time":"2026-02-26T14:51:23+00:00","og_image":[{"width":1920,"height":1440,"url":"https:\/\/d2oyvx818ubhz6.cloudfront.net\/wp-content\/uploads\/2026\/02\/nuevo-taller-murcia.jpg","type":"image\/jpeg"}],"author":"Aina Belles","twitter_card":"summary_large_image","twitter_misc":{"Escrit per":"Aina Belles","Temps estimat de lectura":"2 minuts"},"schema":{"@context":"https:\/\/schema.org","@graph":[{"@type":"Article","@id":"https:\/\/www.ralarsa.com\/es\/nuevo-taller-en-murcia\/#article","isPartOf":{"@id":"https:\/\/www.ralarsa.com\/es\/nuevo-taller-en-murcia\/"},"author":{"name":"Aina Belles","@id":"https:\/\/www.ralarsa.com\/es\/#\/schema\/person\/da053e3bdd8933370cee4db17edd3710"},"headline":"Nou taller a M\u00farcia","datePublished":"2026-02-26T14:48:03+00:00","dateModified":"2026-02-26T14:51:23+00:00","mainEntityOfPage":{"@id":"https:\/\/www.ralarsa.com\/es\/nuevo-taller-en-murcia\/"},"wordCount":808,"commentCount":0,"publisher":{"@id":"https:\/\/www.ralarsa.com\/es\/#organization"},"image":{"@id":"https:\/\/www.ralarsa.com\/es\/nuevo-taller-en-murcia\/#primaryimage"},"thumbnailUrl":"https:\/\/d2oyvx818ubhz6.cloudfront.net\/wp-content\/uploads\/2026\/02\/nuevo-taller-murcia.jpg","articleSection":["Informaci\u00f3"],"inLanguage":"ca","potentialAction":[{"@type":"CommentAction","name":"Comment","target":["https:\/\/www.ralarsa.com\/es\/nuevo-taller-en-murcia\/#respond"]}]},{"@type":"WebPage","@id":"https:\/\/www.ralarsa.com\/ca\/nuevo-taller-en-murcia\/","url":"https:\/\/www.ralarsa.com\/ca\/nuevo-taller-en-murcia\/","name":"Nou taller a M\u00farcia - Ralarsa","isPartOf":{"@id":"https:\/\/www.ralarsa.com\/ca\/#website"},"primaryImageOfPage":{"@id":"https:\/\/www.ralarsa.com\/ca\/nuevo-taller-en-murcia\/#primaryimage"},"image":{"@id":"https:\/\/www.ralarsa.com\/es\/nuevo-taller-en-murcia\/#primaryimage"},"thumbnailUrl":"https:\/\/d2oyvx818ubhz6.cloudfront.net\/wp-content\/uploads\/2026\/02\/nuevo-taller-murcia.jpg","datePublished":"2026-02-26T14:48:03+00:00","dateModified":"2026-02-26T14:51:23+00:00","breadcrumb":{"@id":"https:\/\/www.ralarsa.com\/ca\/nuevo-taller-en-murcia\/#breadcrumb"},"inLanguage":"ca","potentialAction":[{"@type":"ReadAction","target":[["https:\/\/www.ralarsa.com\/ca\/nuevo-taller-en-murcia\/"]]}]},{"@type":"ImageObject","inLanguage":"ca","@id":"https:\/\/www.ralarsa.com\/ca\/nuevo-taller-en-murcia\/#primaryimage","url":"https:\/\/d2oyvx818ubhz6.cloudfront.net\/wp-content\/uploads\/2026\/02\/nuevo-taller-murcia.jpg","contentUrl":"https:\/\/d2oyvx818ubhz6.cloudfront.net\/wp-content\/uploads\/2026\/02\/nuevo-taller-murcia.jpg","width":1920,"height":1440,"caption":"Inauguraci\u00f3n del nuevo taller Ralarsa en Murcia, especializado en reparaci\u00f3n y sustituci\u00f3n de lunas de autom\u00f3vil."},{"@type":"BreadcrumbList","@id":"https:\/\/www.ralarsa.com\/ca\/nuevo-taller-en-murcia\/#breadcrumb","itemListElement":[{"@type":"ListItem","position":1,"name":"Portada","item":"https:\/\/www.ralarsa.com\/ca\/ralarsa-2\/"},{"@type":"ListItem","position":2,"name":"Nuevo taller en Murcia"}]},{"@type":"WebSite","@id":"https:\/\/www.ralarsa.com\/ca\/#website","url":"https:\/\/www.ralarsa.com\/ca\/","name":"Ralarsa","description":"","publisher":{"@id":"https:\/\/www.ralarsa.com\/ca\/#organization"},"potentialAction":[{"@type":"SearchAction","target":{"@type":"EntryPoint","urlTemplate":"https:\/\/www.ralarsa.com\/ca\/?s={search_term_string}"},"query-input":{"@type":"PropertyValueSpecification","valueRequired":true,"valueName":"search_term_string"}}],"inLanguage":"ca"},{"@type":"Organization","@id":"https:\/\/www.ralarsa.com\/ca\/#organization","name":"Ralarsa","url":"https:\/\/www.ralarsa.com\/ca\/","logo":{"@type":"ImageObject","inLanguage":"ca","@id":"https:\/\/www.ralarsa.com\/ca\/#\/schema\/logo\/image\/","url":"https:\/\/ralarsa.s3.eu-central-1.amazonaws.com\/wp-content\/uploads\/2025\/04\/logo-ralarsa.png","contentUrl":"https:\/\/ralarsa.s3.eu-central-1.amazonaws.com\/wp-content\/uploads\/2025\/04\/logo-ralarsa.png","width":1192,"height":412,"caption":"Ralarsa"},"image":{"@id":"https:\/\/www.ralarsa.com\/ca\/#\/schema\/logo\/image\/"}},{"@type":"Person","@id":"https:\/\/www.ralarsa.com\/es\/#\/schema\/person\/da053e3bdd8933370cee4db17edd3710","name":"Aina Belles","image":{"@type":"ImageObject","inLanguage":"ca","@id":"https:\/\/www.ralarsa.com\/ca\/#\/schema\/person\/image\/","url":"https:\/\/secure.gravatar.com\/avatar\/a5711a4554fc4f9a95faec51accef383d52c93253ac87fe09655e6991a4a4ebe?s=96&d=mm&r=g","contentUrl":"https:\/\/secure.gravatar.com\/avatar\/a5711a4554fc4f9a95faec51accef383d52c93253ac87fe09655e6991a4a4ebe?s=96&d=mm&r=g","caption":"Aina Belles"},"sameAs":["http:\/\/ralarsa.com"]}]}},"_links":{"self":[{"href":"https:\/\/www.ralarsa.com\/ca\/wp-json\/wp\/v2\/posts\/6590","targetHints":{"allow":["GET"]}}],"collection":[{"href":"https:\/\/www.ralarsa.com\/ca\/wp-json\/wp\/v2\/posts"}],"about":[{"href":"https:\/\/www.ralarsa.com\/ca\/wp-json\/wp\/v2\/types\/post"}],"author":[{"embeddable":true,"href":"https:\/\/www.ralarsa.com\/ca\/wp-json\/wp\/v2\/users\/8"}],"replies":[{"embeddable":true,"href":"https:\/\/www.ralarsa.com\/ca\/wp-json\/wp\/v2\/comments?post=6590"}],"version-history":[{"count":3,"href":"https:\/\/www.ralarsa.com\/ca\/wp-json\/wp\/v2\/posts\/6590\/revisions"}],"predecessor-version":[{"id":6594,"href":"https:\/\/www.ralarsa.com\/ca\/wp-json\/wp\/v2\/posts\/6590\/revisions\/6594"}],"wp:featuredmedia":[{"embeddable":true,"href":"https:\/\/www.ralarsa.com\/ca\/wp-json\/wp\/v2\/media\/6591"}],"wp:attachment":[{"href":"https:\/\/www.ralarsa.com\/ca\/wp-json\/wp\/v2\/media?parent=6590"}],"wp:term":[{"taxonomy":"category","embeddable":true,"href":"https:\/\/www.ralarsa.com\/ca\/wp-json\/wp\/v2\/categories?post=6590"},{"taxonomy":"post_tag","embeddable":true,"href":"https:\/\/www.ralarsa.com\/ca\/wp-json\/wp\/v2\/tags?post=6590"}],"curies":[{"name":"wp","href":"https:\/\/api.w.org\/{rel}","templated":true}]}}