{"id":6603,"date":"2026-03-04T17:52:12","date_gmt":"2026-03-04T16:52:12","guid":{"rendered":"https:\/\/www.ralarsa.com\/es\/?p=6603"},"modified":"2026-03-04T17:53:40","modified_gmt":"2026-03-04T16:53:40","slug":"como-elegir-la-luna-adecuada-para-tu-coche","status":"publish","type":"post","link":"https:\/\/www.ralarsa.com\/ca\/com-escollir-la-lluna-adequada-per-al-teu-cotxe\/","title":{"rendered":"Com escollir la lluna adequada per al teu cotxe"},"content":{"rendered":"<p><\/p>\n<p class=\"ai-optimize-20 ai-optimize-introduction\" dir=\"auto\">Escollir la lluna adequada per al teu cotxe no nom\u00e9s influeix en l\u2019est\u00e8tica o el confort, sin\u00f3 tamb\u00e9 en la seguretat, la visibilitat i la resist\u00e8ncia davant impactes. L\u2019elecci\u00f3 correcta dep\u00e8n del tipus de vidre, les seves caracter\u00edstiques t\u00e8cniques i les necessitats espec\u00edfiques del teu vehicle. <strong>Com escollir la lluna adequada per al teu cotxe<\/strong> implica con\u00e8ixer les difer\u00e8ncies entre parabrises, vidres laterals, posteriors i sostres panor\u00e0mics, i quins materials ofereixen m\u00e9s durabilitat i protecci\u00f3.<\/p>\n<p class=\"ai-optimize-21\" dir=\"auto\">A <strong>Ralarsa<\/strong>, comptem amb m\u00e9s de 45 anys d\u2019experi\u00e8ncia substituint i reparant vidres de cotxe amb materials homologats i t\u00e8cniques certificades. El nostre equip d\u2019experts t\u2019assessora sobre el vidre m\u00e9s adequat i realitza el canvi seguint est\u00e0ndards oficials. Descobreix m\u00e9s sobre el nostre servei a la p\u00e0gina de<a href=\"https:\/\/www.ralarsa.com\/ca\/canviar-parabrisa-cotxe\/\"> <em>canviar parabrisa del cotxe<\/em><\/a>.<\/p>\n<h2 class=\"ai-optimize-22\" dir=\"auto\"><strong>Factors importants sobre com escollir la lluna adequada per al teu cotxe<\/strong><\/h2>\n<p class=\"ai-optimize-23\" dir=\"auto\">Escollir la lluna correcta requereix considerar aspectes com la resist\u00e8ncia, la tecnologia integrada, la compatibilitat amb sistemes ADAS i la qualitat \u00f2ptica del vidre. Tamb\u00e9 \u00e9s clau avaluar l\u2019\u00fas del vehicle, l\u2019entorn per on circula i si es necessita un vidre laminat, temperat o amb protecci\u00f3 solar.<\/p>\n<div class=\"my-2\"><\/div>\n<h2 class=\"ai-optimize-24\" dir=\"auto\"><strong>Consells pr\u00e0ctics sobre com escollir la lluna adequada per al teu cotxe<\/strong><\/h2>\n<h3 class=\"ai-optimize-25\" dir=\"auto\"><strong>Identificar el tipus de vidre original<\/strong><\/h3>\n<p class=\"ai-optimize-26\" dir=\"auto\">Comprova el tipus de vidre que utilitza el teu cotxe de f\u00e0brica per mantenir les seves prestacions originals.<\/p>\n<h3 class=\"ai-optimize-27\" dir=\"auto\"><strong>Considerar sistemes i tecnologies integrades<\/strong><\/h3>\n<p class=\"ai-optimize-28\" dir=\"auto\">Els vehicles amb ADAS necessiten un parabrisa compatible que permeti la calibraci\u00f3 correcta de sensors i c\u00e0meres.<\/p>\n<h3 class=\"ai-optimize-29\" dir=\"auto\"><strong>Valorar la protecci\u00f3 solar i l\u2019a\u00efllament ac\u00fastic<\/strong><\/h3>\n<p class=\"ai-optimize-30\" dir=\"auto\">Optar per vidres amb filtres solars o laminats especials millora el confort i redueix el soroll exterior.<\/p>\n<h3 class=\"ai-optimize-31\" dir=\"auto\"><strong>Escollir instal\u00b7lacions certificades<\/strong><\/h3>\n<p class=\"ai-optimize-32\" dir=\"auto\">Assegura\u2019t que la substituci\u00f3 o reparaci\u00f3 la facin t\u00e8cnics qualificats i amb garantia oficial.<\/p>\n<div class=\"my-2\"><\/div>\n<p class=\"ai-optimize-33\" dir=\"auto\">Esperem que aquest article sobre com escollir la lluna adequada per al teu cotxe t\u2019hagi estat \u00fatil per entendre la import\u00e0ncia de seleccionar el vidre correcte.<\/p>\n<p class=\"ai-optimize-33\" dir=\"auto\">Et recomanem llegir el nostre article anterior: <a href=\"https:\/\/www.ralarsa.com\/ca\/parabrises-amb-adas-i-la-seva-complexitat-en-reparacions\/\"><em>Parabrises amb ADAS i la seva complexitat en reparacions<\/em><\/a>, perqu\u00e8 t\u2019ajudar\u00e0 a comprendre per qu\u00e8 els vehicles amb sistemes avan\u00e7ats requereixen vidres compatibles i processos especialitzats, garantint aix\u00ed la seguretat i el rendiment \u00f2ptim.<\/p>\n<p><\/p>","protected":false},"excerpt":{"rendered":"Escollir la lluna adequada per al teu cotxe no nom\u00e9s influeix en l\u2019est\u00e8tica o el confort, sin\u00f3 tamb\u00e9 en la seguretat, la visibilitat i la resist\u00e8ncia davant impactes. L\u2019elecci\u00f3 correcta dep\u00e8n del tipus de vidre, les seves caracter\u00edstiques t\u00e8cniques i les necessitats espec\u00edfiques del teu vehicle. Com escollir la lluna adequada per al teu cotxe&#8230;","protected":false},"author":8,"featured_media":6604,"comment_status":"open","ping_status":"open","sticky":false,"template":"","format":"standard","meta":{"_acf_changed":false,"inline_featured_image":false,"footnotes":""},"categories":[1],"tags":[],"class_list":["post-6603","post","type-post","status-publish","format-standard","has-post-thumbnail","hentry","category-uncategorized"],"acf":[],"yoast_head":"<!-- This site is optimized with the Yoast SEO Premium plugin v25.3 (Yoast SEO v26.7) - https:\/\/yoast.com\/wordpress\/plugins\/seo\/ -->\n<title>Com escollir la lluna adequada per al teu cotxe - Ralarsa<\/title>\n<meta name=\"robots\" content=\"index, follow, max-snippet:-1, max-image-preview:large, max-video-preview:-1\" \/>\n<link rel=\"canonical\" href=\"https:\/\/www.ralarsa.com\/ca\/como-elegir-la-luna-adecuada-para-tu-coche\/\" \/>\n<meta property=\"og:locale\" content=\"ca_ES\" \/>\n<meta property=\"og:type\" content=\"article\" \/>\n<meta property=\"og:title\" content=\"Com escollir la lluna adequada per al teu cotxe\" \/>\n<meta property=\"og:description\" content=\"Escollir la lluna adequada per al teu cotxe no nom\u00e9s influeix en l\u2019est\u00e8tica o el confort, sin\u00f3 tamb\u00e9 en la seguretat, la visibilitat i la resist\u00e8ncia davant impactes. L\u2019elecci\u00f3 correcta dep\u00e8n del tipus de vidre, les seves caracter\u00edstiques t\u00e8cniques i les necessitats espec\u00edfiques del teu vehicle. Com escollir la lluna adequada per al teu cotxe...\" \/>\n<meta property=\"og:url\" content=\"https:\/\/www.ralarsa.com\/ca\/como-elegir-la-luna-adecuada-para-tu-coche\/\" \/>\n<meta property=\"og:site_name\" content=\"Ralarsa\" \/>\n<meta property=\"article:published_time\" content=\"2026-03-04T16:52:12+00:00\" \/>\n<meta property=\"article:modified_time\" content=\"2026-03-04T16:53:40+00:00\" \/>\n<meta property=\"og:image\" content=\"https:\/\/d2oyvx818ubhz6.cloudfront.net\/wp-content\/uploads\/2026\/03\/como-elegir-luna-adecuada-coche.png\" \/>\n\t<meta property=\"og:image:width\" content=\"901\" \/>\n\t<meta property=\"og:image:height\" content=\"600\" \/>\n\t<meta property=\"og:image:type\" content=\"image\/png\" \/>\n<meta name=\"author\" content=\"Aina Belles\" \/>\n<meta name=\"twitter:card\" content=\"summary_large_image\" \/>\n<meta name=\"twitter:label1\" content=\"Escrit per\" \/>\n\t<meta name=\"twitter:data1\" content=\"Aina Belles\" \/>\n\t<meta name=\"twitter:label2\" content=\"Temps estimat de lectura\" \/>\n\t<meta name=\"twitter:data2\" content=\"2 minuts\" \/>\n<script type=\"application\/ld+json\" class=\"yoast-schema-graph\">{\"@context\":\"https:\/\/schema.org\",\"@graph\":[{\"@type\":\"Article\",\"@id\":\"https:\/\/www.ralarsa.com\/es\/como-elegir-la-luna-adecuada-para-tu-coche\/#article\",\"isPartOf\":{\"@id\":\"https:\/\/www.ralarsa.com\/es\/como-elegir-la-luna-adecuada-para-tu-coche\/\"},\"author\":{\"name\":\"Aina Belles\",\"@id\":\"https:\/\/www.ralarsa.com\/es\/#\/schema\/person\/da053e3bdd8933370cee4db17edd3710\"},\"headline\":\"Com escollir la lluna adequada per al teu cotxe\",\"datePublished\":\"2026-03-04T16:52:12+00:00\",\"dateModified\":\"2026-03-04T16:53:40+00:00\",\"mainEntityOfPage\":{\"@id\":\"https:\/\/www.ralarsa.com\/es\/como-elegir-la-luna-adecuada-para-tu-coche\/\"},\"wordCount\":1132,\"commentCount\":0,\"publisher\":{\"@id\":\"https:\/\/www.ralarsa.com\/es\/#organization\"},\"image\":{\"@id\":\"https:\/\/www.ralarsa.com\/es\/como-elegir-la-luna-adecuada-para-tu-coche\/#primaryimage\"},\"thumbnailUrl\":\"https:\/\/d2oyvx818ubhz6.cloudfront.net\/wp-content\/uploads\/2026\/03\/como-elegir-luna-adecuada-coche.png\",\"articleSection\":[\"Informaci\u00f3\"],\"inLanguage\":\"ca\",\"potentialAction\":[{\"@type\":\"CommentAction\",\"name\":\"Comment\",\"target\":[\"https:\/\/www.ralarsa.com\/es\/como-elegir-la-luna-adecuada-para-tu-coche\/#respond\"]}]},{\"@type\":\"WebPage\",\"@id\":\"https:\/\/www.ralarsa.com\/ca\/como-elegir-la-luna-adecuada-para-tu-coche\/\",\"url\":\"https:\/\/www.ralarsa.com\/ca\/como-elegir-la-luna-adecuada-para-tu-coche\/\",\"name\":\"Com escollir la lluna adequada per al teu cotxe - Ralarsa\",\"isPartOf\":{\"@id\":\"https:\/\/www.ralarsa.com\/ca\/#website\"},\"primaryImageOfPage\":{\"@id\":\"https:\/\/www.ralarsa.com\/ca\/como-elegir-la-luna-adecuada-para-tu-coche\/#primaryimage\"},\"image\":{\"@id\":\"https:\/\/www.ralarsa.com\/es\/como-elegir-la-luna-adecuada-para-tu-coche\/#primaryimage\"},\"thumbnailUrl\":\"https:\/\/d2oyvx818ubhz6.cloudfront.net\/wp-content\/uploads\/2026\/03\/como-elegir-luna-adecuada-coche.png\",\"datePublished\":\"2026-03-04T16:52:12+00:00\",\"dateModified\":\"2026-03-04T16:53:40+00:00\",\"breadcrumb\":{\"@id\":\"https:\/\/www.ralarsa.com\/ca\/como-elegir-la-luna-adecuada-para-tu-coche\/#breadcrumb\"},\"inLanguage\":\"ca\",\"potentialAction\":[{\"@type\":\"ReadAction\",\"target\":[[\"https:\/\/www.ralarsa.com\/ca\/como-elegir-la-luna-adecuada-para-tu-coche\/\"]]}]},{\"@type\":\"ImageObject\",\"inLanguage\":\"ca\",\"@id\":\"https:\/\/www.ralarsa.com\/ca\/como-elegir-la-luna-adecuada-para-tu-coche\/#primaryimage\",\"url\":\"https:\/\/d2oyvx818ubhz6.cloudfront.net\/wp-content\/uploads\/2026\/03\/como-elegir-luna-adecuada-coche.png\",\"contentUrl\":\"https:\/\/d2oyvx818ubhz6.cloudfront.net\/wp-content\/uploads\/2026\/03\/como-elegir-luna-adecuada-coche.png\",\"width\":901,\"height\":600,\"caption\":\"Seleccionar la luna adecuada para tu coche garantiza seguridad, visibilidad y confort en carretera.\"},{\"@type\":\"BreadcrumbList\",\"@id\":\"https:\/\/www.ralarsa.com\/ca\/como-elegir-la-luna-adecuada-para-tu-coche\/#breadcrumb\",\"itemListElement\":[{\"@type\":\"ListItem\",\"position\":1,\"name\":\"Portada\",\"item\":\"https:\/\/www.ralarsa.com\/ca\/ralarsa-2\/\"},{\"@type\":\"ListItem\",\"position\":2,\"name\":\"C\u00f3mo elegir la luna adecuada para tu coche\"}]},{\"@type\":\"WebSite\",\"@id\":\"https:\/\/www.ralarsa.com\/ca\/#website\",\"url\":\"https:\/\/www.ralarsa.com\/ca\/\",\"name\":\"Ralarsa\",\"description\":\"\",\"publisher\":{\"@id\":\"https:\/\/www.ralarsa.com\/ca\/#organization\"},\"potentialAction\":[{\"@type\":\"SearchAction\",\"target\":{\"@type\":\"EntryPoint\",\"urlTemplate\":\"https:\/\/www.ralarsa.com\/ca\/?s={search_term_string}\"},\"query-input\":{\"@type\":\"PropertyValueSpecification\",\"valueRequired\":true,\"valueName\":\"search_term_string\"}}],\"inLanguage\":\"ca\"},{\"@type\":\"Organization\",\"@id\":\"https:\/\/www.ralarsa.com\/ca\/#organization\",\"name\":\"Ralarsa\",\"url\":\"https:\/\/www.ralarsa.com\/ca\/\",\"logo\":{\"@type\":\"ImageObject\",\"inLanguage\":\"ca\",\"@id\":\"https:\/\/www.ralarsa.com\/ca\/#\/schema\/logo\/image\/\",\"url\":\"https:\/\/ralarsa.s3.eu-central-1.amazonaws.com\/wp-content\/uploads\/2025\/04\/logo-ralarsa.png\",\"contentUrl\":\"https:\/\/ralarsa.s3.eu-central-1.amazonaws.com\/wp-content\/uploads\/2025\/04\/logo-ralarsa.png\",\"width\":1192,\"height\":412,\"caption\":\"Ralarsa\"},\"image\":{\"@id\":\"https:\/\/www.ralarsa.com\/ca\/#\/schema\/logo\/image\/\"}},{\"@type\":\"Person\",\"@id\":\"https:\/\/www.ralarsa.com\/es\/#\/schema\/person\/da053e3bdd8933370cee4db17edd3710\",\"name\":\"Aina Belles\",\"image\":{\"@type\":\"ImageObject\",\"inLanguage\":\"ca\",\"@id\":\"https:\/\/www.ralarsa.com\/ca\/#\/schema\/person\/image\/\",\"url\":\"https:\/\/secure.gravatar.com\/avatar\/a5711a4554fc4f9a95faec51accef383d52c93253ac87fe09655e6991a4a4ebe?s=96&d=mm&r=g\",\"contentUrl\":\"https:\/\/secure.gravatar.com\/avatar\/a5711a4554fc4f9a95faec51accef383d52c93253ac87fe09655e6991a4a4ebe?s=96&d=mm&r=g\",\"caption\":\"Aina Belles\"},\"sameAs\":[\"http:\/\/ralarsa.com\"]}]}<\/script>\n<!-- \/ Yoast SEO Premium plugin. -->","yoast_head_json":{"title":"Com escollir la lluna adequada per al teu cotxe - Ralarsa","robots":{"index":"index","follow":"follow","max-snippet":"max-snippet:-1","max-image-preview":"max-image-preview:large","max-video-preview":"max-video-preview:-1"},"canonical":"https:\/\/www.ralarsa.com\/ca\/como-elegir-la-luna-adecuada-para-tu-coche\/","og_locale":"ca_ES","og_type":"article","og_title":"Com escollir la lluna adequada per al teu cotxe","og_description":"Escollir la lluna adequada per al teu cotxe no nom\u00e9s influeix en l\u2019est\u00e8tica o el confort, sin\u00f3 tamb\u00e9 en la seguretat, la visibilitat i la resist\u00e8ncia davant impactes. L\u2019elecci\u00f3 correcta dep\u00e8n del tipus de vidre, les seves caracter\u00edstiques t\u00e8cniques i les necessitats espec\u00edfiques del teu vehicle. Com escollir la lluna adequada per al teu cotxe...","og_url":"https:\/\/www.ralarsa.com\/ca\/como-elegir-la-luna-adecuada-para-tu-coche\/","og_site_name":"Ralarsa","article_published_time":"2026-03-04T16:52:12+00:00","article_modified_time":"2026-03-04T16:53:40+00:00","og_image":[{"width":901,"height":600,"url":"https:\/\/d2oyvx818ubhz6.cloudfront.net\/wp-content\/uploads\/2026\/03\/como-elegir-luna-adecuada-coche.png","type":"image\/png"}],"author":"Aina Belles","twitter_card":"summary_large_image","twitter_misc":{"Escrit per":"Aina Belles","Temps estimat de lectura":"2 minuts"},"schema":{"@context":"https:\/\/schema.org","@graph":[{"@type":"Article","@id":"https:\/\/www.ralarsa.com\/es\/como-elegir-la-luna-adecuada-para-tu-coche\/#article","isPartOf":{"@id":"https:\/\/www.ralarsa.com\/es\/como-elegir-la-luna-adecuada-para-tu-coche\/"},"author":{"name":"Aina Belles","@id":"https:\/\/www.ralarsa.com\/es\/#\/schema\/person\/da053e3bdd8933370cee4db17edd3710"},"headline":"Com escollir la lluna adequada per al teu cotxe","datePublished":"2026-03-04T16:52:12+00:00","dateModified":"2026-03-04T16:53:40+00:00","mainEntityOfPage":{"@id":"https:\/\/www.ralarsa.com\/es\/como-elegir-la-luna-adecuada-para-tu-coche\/"},"wordCount":1132,"commentCount":0,"publisher":{"@id":"https:\/\/www.ralarsa.com\/es\/#organization"},"image":{"@id":"https:\/\/www.ralarsa.com\/es\/como-elegir-la-luna-adecuada-para-tu-coche\/#primaryimage"},"thumbnailUrl":"https:\/\/d2oyvx818ubhz6.cloudfront.net\/wp-content\/uploads\/2026\/03\/como-elegir-luna-adecuada-coche.png","articleSection":["Informaci\u00f3"],"inLanguage":"ca","potentialAction":[{"@type":"CommentAction","name":"Comment","target":["https:\/\/www.ralarsa.com\/es\/como-elegir-la-luna-adecuada-para-tu-coche\/#respond"]}]},{"@type":"WebPage","@id":"https:\/\/www.ralarsa.com\/ca\/como-elegir-la-luna-adecuada-para-tu-coche\/","url":"https:\/\/www.ralarsa.com\/ca\/como-elegir-la-luna-adecuada-para-tu-coche\/","name":"Com escollir la lluna adequada per al teu cotxe - Ralarsa","isPartOf":{"@id":"https:\/\/www.ralarsa.com\/ca\/#website"},"primaryImageOfPage":{"@id":"https:\/\/www.ralarsa.com\/ca\/como-elegir-la-luna-adecuada-para-tu-coche\/#primaryimage"},"image":{"@id":"https:\/\/www.ralarsa.com\/es\/como-elegir-la-luna-adecuada-para-tu-coche\/#primaryimage"},"thumbnailUrl":"https:\/\/d2oyvx818ubhz6.cloudfront.net\/wp-content\/uploads\/2026\/03\/como-elegir-luna-adecuada-coche.png","datePublished":"2026-03-04T16:52:12+00:00","dateModified":"2026-03-04T16:53:40+00:00","breadcrumb":{"@id":"https:\/\/www.ralarsa.com\/ca\/como-elegir-la-luna-adecuada-para-tu-coche\/#breadcrumb"},"inLanguage":"ca","potentialAction":[{"@type":"ReadAction","target":[["https:\/\/www.ralarsa.com\/ca\/como-elegir-la-luna-adecuada-para-tu-coche\/"]]}]},{"@type":"ImageObject","inLanguage":"ca","@id":"https:\/\/www.ralarsa.com\/ca\/como-elegir-la-luna-adecuada-para-tu-coche\/#primaryimage","url":"https:\/\/d2oyvx818ubhz6.cloudfront.net\/wp-content\/uploads\/2026\/03\/como-elegir-luna-adecuada-coche.png","contentUrl":"https:\/\/d2oyvx818ubhz6.cloudfront.net\/wp-content\/uploads\/2026\/03\/como-elegir-luna-adecuada-coche.png","width":901,"height":600,"caption":"Seleccionar la luna adecuada para tu coche garantiza seguridad, visibilidad y confort en carretera."},{"@type":"BreadcrumbList","@id":"https:\/\/www.ralarsa.com\/ca\/como-elegir-la-luna-adecuada-para-tu-coche\/#breadcrumb","itemListElement":[{"@type":"ListItem","position":1,"name":"Portada","item":"https:\/\/www.ralarsa.com\/ca\/ralarsa-2\/"},{"@type":"ListItem","position":2,"name":"C\u00f3mo elegir la luna adecuada para tu coche"}]},{"@type":"WebSite","@id":"https:\/\/www.ralarsa.com\/ca\/#website","url":"https:\/\/www.ralarsa.com\/ca\/","name":"Ralarsa","description":"","publisher":{"@id":"https:\/\/www.ralarsa.com\/ca\/#organization"},"potentialAction":[{"@type":"SearchAction","target":{"@type":"EntryPoint","urlTemplate":"https:\/\/www.ralarsa.com\/ca\/?s={search_term_string}"},"query-input":{"@type":"PropertyValueSpecification","valueRequired":true,"valueName":"search_term_string"}}],"inLanguage":"ca"},{"@type":"Organization","@id":"https:\/\/www.ralarsa.com\/ca\/#organization","name":"Ralarsa","url":"https:\/\/www.ralarsa.com\/ca\/","logo":{"@type":"ImageObject","inLanguage":"ca","@id":"https:\/\/www.ralarsa.com\/ca\/#\/schema\/logo\/image\/","url":"https:\/\/ralarsa.s3.eu-central-1.amazonaws.com\/wp-content\/uploads\/2025\/04\/logo-ralarsa.png","contentUrl":"https:\/\/ralarsa.s3.eu-central-1.amazonaws.com\/wp-content\/uploads\/2025\/04\/logo-ralarsa.png","width":1192,"height":412,"caption":"Ralarsa"},"image":{"@id":"https:\/\/www.ralarsa.com\/ca\/#\/schema\/logo\/image\/"}},{"@type":"Person","@id":"https:\/\/www.ralarsa.com\/es\/#\/schema\/person\/da053e3bdd8933370cee4db17edd3710","name":"Aina Belles","image":{"@type":"ImageObject","inLanguage":"ca","@id":"https:\/\/www.ralarsa.com\/ca\/#\/schema\/person\/image\/","url":"https:\/\/secure.gravatar.com\/avatar\/a5711a4554fc4f9a95faec51accef383d52c93253ac87fe09655e6991a4a4ebe?s=96&d=mm&r=g","contentUrl":"https:\/\/secure.gravatar.com\/avatar\/a5711a4554fc4f9a95faec51accef383d52c93253ac87fe09655e6991a4a4ebe?s=96&d=mm&r=g","caption":"Aina Belles"},"sameAs":["http:\/\/ralarsa.com"]}]}},"_links":{"self":[{"href":"https:\/\/www.ralarsa.com\/ca\/wp-json\/wp\/v2\/posts\/6603","targetHints":{"allow":["GET"]}}],"collection":[{"href":"https:\/\/www.ralarsa.com\/ca\/wp-json\/wp\/v2\/posts"}],"about":[{"href":"https:\/\/www.ralarsa.com\/ca\/wp-json\/wp\/v2\/types\/post"}],"author":[{"embeddable":true,"href":"https:\/\/www.ralarsa.com\/ca\/wp-json\/wp\/v2\/users\/8"}],"replies":[{"embeddable":true,"href":"https:\/\/www.ralarsa.com\/ca\/wp-json\/wp\/v2\/comments?post=6603"}],"version-history":[{"count":2,"href":"https:\/\/www.ralarsa.com\/ca\/wp-json\/wp\/v2\/posts\/6603\/revisions"}],"predecessor-version":[{"id":6606,"href":"https:\/\/www.ralarsa.com\/ca\/wp-json\/wp\/v2\/posts\/6603\/revisions\/6606"}],"wp:featuredmedia":[{"embeddable":true,"href":"https:\/\/www.ralarsa.com\/ca\/wp-json\/wp\/v2\/media\/6604"}],"wp:attachment":[{"href":"https:\/\/www.ralarsa.com\/ca\/wp-json\/wp\/v2\/media?parent=6603"}],"wp:term":[{"taxonomy":"category","embeddable":true,"href":"https:\/\/www.ralarsa.com\/ca\/wp-json\/wp\/v2\/categories?post=6603"},{"taxonomy":"post_tag","embeddable":true,"href":"https:\/\/www.ralarsa.com\/ca\/wp-json\/wp\/v2\/tags?post=6603"}],"curies":[{"name":"wp","href":"https:\/\/api.w.org\/{rel}","templated":true}]}}