{"id":6625,"date":"2026-03-12T18:25:07","date_gmt":"2026-03-12T17:25:07","guid":{"rendered":"https:\/\/www.ralarsa.com\/es\/?p=6625"},"modified":"2026-03-12T18:25:07","modified_gmt":"2026-03-12T17:25:07","slug":"tiempo-maximo-para-reparar-un-parabrisas-danado","status":"publish","type":"post","link":"https:\/\/www.ralarsa.com\/ca\/temps-maxim-per-reparar-un-parabrisa-danyat\/","title":{"rendered":"Temps m\u00e0xim per reparar un parabrisa danyat"},"content":{"rendered":"<p><\/p>\n<p class=\"ai-optimize-29 ai-optimize-introduction\" dir=\"auto\">El <strong>temps m\u00e0xim per reparar un parabrisa danyat<\/strong> dep\u00e8n de diferents factors com el tipus de dany, la mida de la fissura, la ubicaci\u00f3 de l&#8217;impacte i si el vehicle disposa de sistemes ADAS. En casos de danys lleus, la reparaci\u00f3 pot realitzar-se de forma r\u00e0pida, evitant que la esquerda s&#8217;estengui i comprometi la visibilitat i la seguretat. Actuar immediatament \u00e9s clau: com m\u00e9s aviat es repari, m\u00e9s probabilitats hi haur\u00e0 d\u2019evitar la substituci\u00f3 completa.<\/p>\n<p class=\"ai-optimize-30\" dir=\"auto\">A <strong>Ralarsa<\/strong>, som experts en la reparaci\u00f3 de parabrises i utilitzem m\u00e8todes certificats per garantir resultats \u00f2ptims. En el nostre servei de <a href=\"https:\/\/www.ralarsa.com\/es\/reparar-parabrisas-coche\/\"><em>reparar parabrisa de cotxe<\/em><\/a> ens assegurem que el treball sigui r\u00e0pid i de qualitat, protegint tant la seguretat com l\u2019est\u00e8tica del vehicle.<\/p>\n<div class=\"my-2\"><\/div>\n<h2 class=\"ai-optimize-31\" dir=\"auto\"><strong>Temps m\u00e0xim per reparar un parabrisa danyat<\/strong><\/h2>\n<p class=\"ai-optimize-32\" dir=\"auto\">Un impacte o fissura al parabrisa s\u2019ha de reparar el m\u00e9s aviat possible, preferiblement en menys de 24 hores, per evitar que, a causa de canvis de temperatura o vibracions, l&#8217;esquerda s\u2019ampli\u00ef. Un parabrisa intacte \u00e9s fonamental per a la seguretat, ja que contribueix a la rigidesa estructural del vehicle i a la visibilitat del conductor.<\/p>\n<div class=\"my-2\"><\/div>\n<h2 class=\"ai-optimize-33\" dir=\"auto\"><strong>Temps m\u00e0xim per reparar un parabrisa danyat a Ralarsa<\/strong><\/h2>\n<p class=\"ai-optimize-34\" dir=\"auto\">A Ralarsa, tardem aproximadament <strong>30 minuts<\/strong> a reparar un parabrisa danyat, gr\u00e0cies al nostre procediment \u00e0gil i eficient. Som molt r\u00e0pids perqu\u00e8 disposem de tallers equipats, materials homologats i t\u00e8cnics especialitzats en aquest tipus de reparacions.<\/p>\n<h3 class=\"ai-optimize-35\" dir=\"auto\"><strong>Experi\u00e8ncia<\/strong><\/h3>\n<p class=\"ai-optimize-36\" dir=\"auto\">M\u00e9s de 45 anys oferint serveis de reparaci\u00f3 i substituci\u00f3 de vidres, garantint el compliment de normatives i est\u00e0ndards de qualitat.<\/p>\n<h3 class=\"ai-optimize-37\" dir=\"auto\"><strong>T\u00e8cnics especialitzats<\/strong><\/h3>\n<p class=\"ai-optimize-38\" dir=\"auto\">Formaci\u00f3 constant en tecnologies ADAS i t\u00e8cniques de reparaci\u00f3 per intervenir en qualsevol model de vehicle amb precisi\u00f3.<\/p>\n<h3 class=\"ai-optimize-39\" dir=\"auto\"><strong>Calibratge i comprovaci\u00f3 final<\/strong><\/h3>\n<p class=\"ai-optimize-40\" dir=\"auto\">En cotxes amb sistemes ADAS, calibrem sensors i c\u00e0meres despr\u00e9s de la reparaci\u00f3 per assegurar el seu correcte funcionament.<\/p>\n<p class=\"ai-optimize-41\" dir=\"auto\">Esperem que aquest article sobre el temps m\u00e0xim per reparar un parabrisa danyat t\u2019hagi agradat i t\u2019hagi ajudat a entendre la import\u00e0ncia d\u2019actuar r\u00e0pidament per mantenir la seguretat i evitar costos majors.<br \/>\nEt recomanem llegir el nostre article anterior: <a href=\"https:\/\/www.ralarsa.com\/es\/normativas-y-requisitos-de-seguridad-tras-reparar-la-luna-del-coche\/\"><em>Normatives i requisits de seguretat despr\u00e9s de reparar el vidre del cotxe<\/em>,<\/a> perqu\u00e8 t\u2019ajudar\u00e0 a comprendre les regulacions que garanteixen que la reparaci\u00f3 sigui segura i efica\u00e7.<\/p>\n<p>&nbsp;<\/p>","protected":false},"excerpt":{"rendered":"El temps m\u00e0xim per reparar un parabrisa danyat dep\u00e8n de diferents factors com el tipus de dany, la mida de la fissura, la ubicaci\u00f3 de l&#8217;impacte i si el vehicle disposa de sistemes ADAS. En casos de danys lleus, la reparaci\u00f3 pot realitzar-se de forma r\u00e0pida, evitant que la esquerda s&#8217;estengui i comprometi la visibilitat&#8230;","protected":false},"author":8,"featured_media":6627,"comment_status":"open","ping_status":"open","sticky":false,"template":"","format":"standard","meta":{"_acf_changed":false,"inline_featured_image":false,"footnotes":""},"categories":[1],"tags":[],"class_list":["post-6625","post","type-post","status-publish","format-standard","has-post-thumbnail","hentry","category-uncategorized"],"acf":[],"yoast_head":"<!-- This site is optimized with the Yoast SEO Premium plugin v25.3 (Yoast SEO v26.7) - https:\/\/yoast.com\/wordpress\/plugins\/seo\/ -->\n<title>Temps m\u00e0xim per reparar un parabrisa danyat - Ralarsa<\/title>\n<meta name=\"robots\" content=\"index, follow, max-snippet:-1, max-image-preview:large, max-video-preview:-1\" \/>\n<link rel=\"canonical\" href=\"https:\/\/www.ralarsa.com\/ca\/tiempo-maximo-para-reparar-un-parabrisas-danado\/\" \/>\n<meta property=\"og:locale\" content=\"ca_ES\" \/>\n<meta property=\"og:type\" content=\"article\" \/>\n<meta property=\"og:title\" content=\"Temps m\u00e0xim per reparar un parabrisa danyat\" \/>\n<meta property=\"og:description\" content=\"El temps m\u00e0xim per reparar un parabrisa danyat dep\u00e8n de diferents factors com el tipus de dany, la mida de la fissura, la ubicaci\u00f3 de l&#8217;impacte i si el vehicle disposa de sistemes ADAS. En casos de danys lleus, la reparaci\u00f3 pot realitzar-se de forma r\u00e0pida, evitant que la esquerda s&#8217;estengui i comprometi la visibilitat...\" \/>\n<meta property=\"og:url\" content=\"https:\/\/www.ralarsa.com\/ca\/tiempo-maximo-para-reparar-un-parabrisas-danado\/\" \/>\n<meta property=\"og:site_name\" content=\"Ralarsa\" \/>\n<meta property=\"article:published_time\" content=\"2026-03-12T17:25:07+00:00\" \/>\n<meta property=\"og:image\" content=\"https:\/\/d2oyvx818ubhz6.cloudfront.net\/wp-content\/uploads\/2026\/03\/tiempo-maximo-reparar-parabrisas-danado.png\" \/>\n\t<meta property=\"og:image:width\" content=\"901\" \/>\n\t<meta property=\"og:image:height\" content=\"600\" \/>\n\t<meta property=\"og:image:type\" content=\"image\/png\" \/>\n<meta name=\"author\" content=\"Aina Belles\" \/>\n<meta name=\"twitter:card\" content=\"summary_large_image\" \/>\n<meta name=\"twitter:label1\" content=\"Escrit per\" \/>\n\t<meta name=\"twitter:data1\" content=\"Aina Belles\" \/>\n\t<meta name=\"twitter:label2\" content=\"Temps estimat de lectura\" \/>\n\t<meta name=\"twitter:data2\" content=\"2 minuts\" \/>\n<script type=\"application\/ld+json\" class=\"yoast-schema-graph\">{\"@context\":\"https:\/\/schema.org\",\"@graph\":[{\"@type\":\"Article\",\"@id\":\"https:\/\/www.ralarsa.com\/es\/tiempo-maximo-para-reparar-un-parabrisas-danado\/#article\",\"isPartOf\":{\"@id\":\"https:\/\/www.ralarsa.com\/es\/tiempo-maximo-para-reparar-un-parabrisas-danado\/\"},\"author\":{\"name\":\"Aina Belles\",\"@id\":\"https:\/\/www.ralarsa.com\/es\/#\/schema\/person\/da053e3bdd8933370cee4db17edd3710\"},\"headline\":\"Temps m\u00e0xim per reparar un parabrisa danyat\",\"datePublished\":\"2026-03-12T17:25:07+00:00\",\"mainEntityOfPage\":{\"@id\":\"https:\/\/www.ralarsa.com\/es\/tiempo-maximo-para-reparar-un-parabrisas-danado\/\"},\"wordCount\":1149,\"commentCount\":0,\"publisher\":{\"@id\":\"https:\/\/www.ralarsa.com\/es\/#organization\"},\"image\":{\"@id\":\"https:\/\/www.ralarsa.com\/es\/tiempo-maximo-para-reparar-un-parabrisas-danado\/#primaryimage\"},\"thumbnailUrl\":\"https:\/\/d2oyvx818ubhz6.cloudfront.net\/wp-content\/uploads\/2026\/03\/tiempo-maximo-reparar-parabrisas-danado.png\",\"articleSection\":[\"Informaci\u00f3\"],\"inLanguage\":\"ca\",\"potentialAction\":[{\"@type\":\"CommentAction\",\"name\":\"Comment\",\"target\":[\"https:\/\/www.ralarsa.com\/es\/tiempo-maximo-para-reparar-un-parabrisas-danado\/#respond\"]}]},{\"@type\":\"WebPage\",\"@id\":\"https:\/\/www.ralarsa.com\/ca\/tiempo-maximo-para-reparar-un-parabrisas-danado\/\",\"url\":\"https:\/\/www.ralarsa.com\/ca\/tiempo-maximo-para-reparar-un-parabrisas-danado\/\",\"name\":\"Temps m\u00e0xim per reparar un parabrisa danyat - Ralarsa\",\"isPartOf\":{\"@id\":\"https:\/\/www.ralarsa.com\/ca\/#website\"},\"primaryImageOfPage\":{\"@id\":\"https:\/\/www.ralarsa.com\/ca\/tiempo-maximo-para-reparar-un-parabrisas-danado\/#primaryimage\"},\"image\":{\"@id\":\"https:\/\/www.ralarsa.com\/es\/tiempo-maximo-para-reparar-un-parabrisas-danado\/#primaryimage\"},\"thumbnailUrl\":\"https:\/\/d2oyvx818ubhz6.cloudfront.net\/wp-content\/uploads\/2026\/03\/tiempo-maximo-reparar-parabrisas-danado.png\",\"datePublished\":\"2026-03-12T17:25:07+00:00\",\"breadcrumb\":{\"@id\":\"https:\/\/www.ralarsa.com\/ca\/tiempo-maximo-para-reparar-un-parabrisas-danado\/#breadcrumb\"},\"inLanguage\":\"ca\",\"potentialAction\":[{\"@type\":\"ReadAction\",\"target\":[[\"https:\/\/www.ralarsa.com\/ca\/tiempo-maximo-para-reparar-un-parabrisas-danado\/\"]]}]},{\"@type\":\"ImageObject\",\"inLanguage\":\"ca\",\"@id\":\"https:\/\/www.ralarsa.com\/ca\/tiempo-maximo-para-reparar-un-parabrisas-danado\/#primaryimage\",\"url\":\"https:\/\/d2oyvx818ubhz6.cloudfront.net\/wp-content\/uploads\/2026\/03\/tiempo-maximo-reparar-parabrisas-danado.png\",\"contentUrl\":\"https:\/\/d2oyvx818ubhz6.cloudfront.net\/wp-content\/uploads\/2026\/03\/tiempo-maximo-reparar-parabrisas-danado.png\",\"width\":901,\"height\":600,\"caption\":\"Reparar un parabrisas da\u00f1ado a tiempo evita que la grieta se extienda y garantiza seguridad en la conducci\u00f3n.\"},{\"@type\":\"BreadcrumbList\",\"@id\":\"https:\/\/www.ralarsa.com\/ca\/tiempo-maximo-para-reparar-un-parabrisas-danado\/#breadcrumb\",\"itemListElement\":[{\"@type\":\"ListItem\",\"position\":1,\"name\":\"Portada\",\"item\":\"https:\/\/www.ralarsa.com\/ca\/ralarsa-2\/\"},{\"@type\":\"ListItem\",\"position\":2,\"name\":\"Tiempo m\u00e1ximo para reparar un parabrisas da\u00f1ado\"}]},{\"@type\":\"WebSite\",\"@id\":\"https:\/\/www.ralarsa.com\/ca\/#website\",\"url\":\"https:\/\/www.ralarsa.com\/ca\/\",\"name\":\"Ralarsa\",\"description\":\"\",\"publisher\":{\"@id\":\"https:\/\/www.ralarsa.com\/ca\/#organization\"},\"potentialAction\":[{\"@type\":\"SearchAction\",\"target\":{\"@type\":\"EntryPoint\",\"urlTemplate\":\"https:\/\/www.ralarsa.com\/ca\/?s={search_term_string}\"},\"query-input\":{\"@type\":\"PropertyValueSpecification\",\"valueRequired\":true,\"valueName\":\"search_term_string\"}}],\"inLanguage\":\"ca\"},{\"@type\":\"Organization\",\"@id\":\"https:\/\/www.ralarsa.com\/ca\/#organization\",\"name\":\"Ralarsa\",\"url\":\"https:\/\/www.ralarsa.com\/ca\/\",\"logo\":{\"@type\":\"ImageObject\",\"inLanguage\":\"ca\",\"@id\":\"https:\/\/www.ralarsa.com\/ca\/#\/schema\/logo\/image\/\",\"url\":\"https:\/\/ralarsa.s3.eu-central-1.amazonaws.com\/wp-content\/uploads\/2025\/04\/logo-ralarsa.png\",\"contentUrl\":\"https:\/\/ralarsa.s3.eu-central-1.amazonaws.com\/wp-content\/uploads\/2025\/04\/logo-ralarsa.png\",\"width\":1192,\"height\":412,\"caption\":\"Ralarsa\"},\"image\":{\"@id\":\"https:\/\/www.ralarsa.com\/ca\/#\/schema\/logo\/image\/\"}},{\"@type\":\"Person\",\"@id\":\"https:\/\/www.ralarsa.com\/es\/#\/schema\/person\/da053e3bdd8933370cee4db17edd3710\",\"name\":\"Aina Belles\",\"image\":{\"@type\":\"ImageObject\",\"inLanguage\":\"ca\",\"@id\":\"https:\/\/www.ralarsa.com\/ca\/#\/schema\/person\/image\/\",\"url\":\"https:\/\/secure.gravatar.com\/avatar\/a5711a4554fc4f9a95faec51accef383d52c93253ac87fe09655e6991a4a4ebe?s=96&d=mm&r=g\",\"contentUrl\":\"https:\/\/secure.gravatar.com\/avatar\/a5711a4554fc4f9a95faec51accef383d52c93253ac87fe09655e6991a4a4ebe?s=96&d=mm&r=g\",\"caption\":\"Aina Belles\"},\"sameAs\":[\"http:\/\/ralarsa.com\"]}]}<\/script>\n<!-- \/ Yoast SEO Premium plugin. -->","yoast_head_json":{"title":"Temps m\u00e0xim per reparar un parabrisa danyat - Ralarsa","robots":{"index":"index","follow":"follow","max-snippet":"max-snippet:-1","max-image-preview":"max-image-preview:large","max-video-preview":"max-video-preview:-1"},"canonical":"https:\/\/www.ralarsa.com\/ca\/tiempo-maximo-para-reparar-un-parabrisas-danado\/","og_locale":"ca_ES","og_type":"article","og_title":"Temps m\u00e0xim per reparar un parabrisa danyat","og_description":"El temps m\u00e0xim per reparar un parabrisa danyat dep\u00e8n de diferents factors com el tipus de dany, la mida de la fissura, la ubicaci\u00f3 de l&#8217;impacte i si el vehicle disposa de sistemes ADAS. En casos de danys lleus, la reparaci\u00f3 pot realitzar-se de forma r\u00e0pida, evitant que la esquerda s&#8217;estengui i comprometi la visibilitat...","og_url":"https:\/\/www.ralarsa.com\/ca\/tiempo-maximo-para-reparar-un-parabrisas-danado\/","og_site_name":"Ralarsa","article_published_time":"2026-03-12T17:25:07+00:00","og_image":[{"width":901,"height":600,"url":"https:\/\/d2oyvx818ubhz6.cloudfront.net\/wp-content\/uploads\/2026\/03\/tiempo-maximo-reparar-parabrisas-danado.png","type":"image\/png"}],"author":"Aina Belles","twitter_card":"summary_large_image","twitter_misc":{"Escrit per":"Aina Belles","Temps estimat de lectura":"2 minuts"},"schema":{"@context":"https:\/\/schema.org","@graph":[{"@type":"Article","@id":"https:\/\/www.ralarsa.com\/es\/tiempo-maximo-para-reparar-un-parabrisas-danado\/#article","isPartOf":{"@id":"https:\/\/www.ralarsa.com\/es\/tiempo-maximo-para-reparar-un-parabrisas-danado\/"},"author":{"name":"Aina Belles","@id":"https:\/\/www.ralarsa.com\/es\/#\/schema\/person\/da053e3bdd8933370cee4db17edd3710"},"headline":"Temps m\u00e0xim per reparar un parabrisa danyat","datePublished":"2026-03-12T17:25:07+00:00","mainEntityOfPage":{"@id":"https:\/\/www.ralarsa.com\/es\/tiempo-maximo-para-reparar-un-parabrisas-danado\/"},"wordCount":1149,"commentCount":0,"publisher":{"@id":"https:\/\/www.ralarsa.com\/es\/#organization"},"image":{"@id":"https:\/\/www.ralarsa.com\/es\/tiempo-maximo-para-reparar-un-parabrisas-danado\/#primaryimage"},"thumbnailUrl":"https:\/\/d2oyvx818ubhz6.cloudfront.net\/wp-content\/uploads\/2026\/03\/tiempo-maximo-reparar-parabrisas-danado.png","articleSection":["Informaci\u00f3"],"inLanguage":"ca","potentialAction":[{"@type":"CommentAction","name":"Comment","target":["https:\/\/www.ralarsa.com\/es\/tiempo-maximo-para-reparar-un-parabrisas-danado\/#respond"]}]},{"@type":"WebPage","@id":"https:\/\/www.ralarsa.com\/ca\/tiempo-maximo-para-reparar-un-parabrisas-danado\/","url":"https:\/\/www.ralarsa.com\/ca\/tiempo-maximo-para-reparar-un-parabrisas-danado\/","name":"Temps m\u00e0xim per reparar un parabrisa danyat - Ralarsa","isPartOf":{"@id":"https:\/\/www.ralarsa.com\/ca\/#website"},"primaryImageOfPage":{"@id":"https:\/\/www.ralarsa.com\/ca\/tiempo-maximo-para-reparar-un-parabrisas-danado\/#primaryimage"},"image":{"@id":"https:\/\/www.ralarsa.com\/es\/tiempo-maximo-para-reparar-un-parabrisas-danado\/#primaryimage"},"thumbnailUrl":"https:\/\/d2oyvx818ubhz6.cloudfront.net\/wp-content\/uploads\/2026\/03\/tiempo-maximo-reparar-parabrisas-danado.png","datePublished":"2026-03-12T17:25:07+00:00","breadcrumb":{"@id":"https:\/\/www.ralarsa.com\/ca\/tiempo-maximo-para-reparar-un-parabrisas-danado\/#breadcrumb"},"inLanguage":"ca","potentialAction":[{"@type":"ReadAction","target":[["https:\/\/www.ralarsa.com\/ca\/tiempo-maximo-para-reparar-un-parabrisas-danado\/"]]}]},{"@type":"ImageObject","inLanguage":"ca","@id":"https:\/\/www.ralarsa.com\/ca\/tiempo-maximo-para-reparar-un-parabrisas-danado\/#primaryimage","url":"https:\/\/d2oyvx818ubhz6.cloudfront.net\/wp-content\/uploads\/2026\/03\/tiempo-maximo-reparar-parabrisas-danado.png","contentUrl":"https:\/\/d2oyvx818ubhz6.cloudfront.net\/wp-content\/uploads\/2026\/03\/tiempo-maximo-reparar-parabrisas-danado.png","width":901,"height":600,"caption":"Reparar un parabrisas da\u00f1ado a tiempo evita que la grieta se extienda y garantiza seguridad en la conducci\u00f3n."},{"@type":"BreadcrumbList","@id":"https:\/\/www.ralarsa.com\/ca\/tiempo-maximo-para-reparar-un-parabrisas-danado\/#breadcrumb","itemListElement":[{"@type":"ListItem","position":1,"name":"Portada","item":"https:\/\/www.ralarsa.com\/ca\/ralarsa-2\/"},{"@type":"ListItem","position":2,"name":"Tiempo m\u00e1ximo para reparar un parabrisas da\u00f1ado"}]},{"@type":"WebSite","@id":"https:\/\/www.ralarsa.com\/ca\/#website","url":"https:\/\/www.ralarsa.com\/ca\/","name":"Ralarsa","description":"","publisher":{"@id":"https:\/\/www.ralarsa.com\/ca\/#organization"},"potentialAction":[{"@type":"SearchAction","target":{"@type":"EntryPoint","urlTemplate":"https:\/\/www.ralarsa.com\/ca\/?s={search_term_string}"},"query-input":{"@type":"PropertyValueSpecification","valueRequired":true,"valueName":"search_term_string"}}],"inLanguage":"ca"},{"@type":"Organization","@id":"https:\/\/www.ralarsa.com\/ca\/#organization","name":"Ralarsa","url":"https:\/\/www.ralarsa.com\/ca\/","logo":{"@type":"ImageObject","inLanguage":"ca","@id":"https:\/\/www.ralarsa.com\/ca\/#\/schema\/logo\/image\/","url":"https:\/\/ralarsa.s3.eu-central-1.amazonaws.com\/wp-content\/uploads\/2025\/04\/logo-ralarsa.png","contentUrl":"https:\/\/ralarsa.s3.eu-central-1.amazonaws.com\/wp-content\/uploads\/2025\/04\/logo-ralarsa.png","width":1192,"height":412,"caption":"Ralarsa"},"image":{"@id":"https:\/\/www.ralarsa.com\/ca\/#\/schema\/logo\/image\/"}},{"@type":"Person","@id":"https:\/\/www.ralarsa.com\/es\/#\/schema\/person\/da053e3bdd8933370cee4db17edd3710","name":"Aina Belles","image":{"@type":"ImageObject","inLanguage":"ca","@id":"https:\/\/www.ralarsa.com\/ca\/#\/schema\/person\/image\/","url":"https:\/\/secure.gravatar.com\/avatar\/a5711a4554fc4f9a95faec51accef383d52c93253ac87fe09655e6991a4a4ebe?s=96&d=mm&r=g","contentUrl":"https:\/\/secure.gravatar.com\/avatar\/a5711a4554fc4f9a95faec51accef383d52c93253ac87fe09655e6991a4a4ebe?s=96&d=mm&r=g","caption":"Aina Belles"},"sameAs":["http:\/\/ralarsa.com"]}]}},"_links":{"self":[{"href":"https:\/\/www.ralarsa.com\/ca\/wp-json\/wp\/v2\/posts\/6625","targetHints":{"allow":["GET"]}}],"collection":[{"href":"https:\/\/www.ralarsa.com\/ca\/wp-json\/wp\/v2\/posts"}],"about":[{"href":"https:\/\/www.ralarsa.com\/ca\/wp-json\/wp\/v2\/types\/post"}],"author":[{"embeddable":true,"href":"https:\/\/www.ralarsa.com\/ca\/wp-json\/wp\/v2\/users\/8"}],"replies":[{"embeddable":true,"href":"https:\/\/www.ralarsa.com\/ca\/wp-json\/wp\/v2\/comments?post=6625"}],"version-history":[{"count":1,"href":"https:\/\/www.ralarsa.com\/ca\/wp-json\/wp\/v2\/posts\/6625\/revisions"}],"predecessor-version":[{"id":6628,"href":"https:\/\/www.ralarsa.com\/ca\/wp-json\/wp\/v2\/posts\/6625\/revisions\/6628"}],"wp:featuredmedia":[{"embeddable":true,"href":"https:\/\/www.ralarsa.com\/ca\/wp-json\/wp\/v2\/media\/6627"}],"wp:attachment":[{"href":"https:\/\/www.ralarsa.com\/ca\/wp-json\/wp\/v2\/media?parent=6625"}],"wp:term":[{"taxonomy":"category","embeddable":true,"href":"https:\/\/www.ralarsa.com\/ca\/wp-json\/wp\/v2\/categories?post=6625"},{"taxonomy":"post_tag","embeddable":true,"href":"https:\/\/www.ralarsa.com\/ca\/wp-json\/wp\/v2\/tags?post=6625"}],"curies":[{"name":"wp","href":"https:\/\/api.w.org\/{rel}","templated":true}]}}