{"id":6791,"date":"2026-04-23T09:19:40","date_gmt":"2026-04-23T08:19:40","guid":{"rendered":"https:\/\/www.ralarsa.com\/es\/?p=6791"},"modified":"2026-04-23T09:19:40","modified_gmt":"2026-04-23T08:19:40","slug":"luna-original-o-generica-al-cambiarla-del-coche","status":"publish","type":"post","link":"https:\/\/www.ralarsa.com\/ca\/vidre-original-o-generic-a-lhora-de-canviar-lo-al-cotxe\/","title":{"rendered":"Vidre original o gen\u00e8ric a l\u2019hora de canviar-lo al cotxe"},"content":{"rendered":"<p><\/p>\n<p class=\"ai-optimize-17 ai-optimize-introduction\" dir=\"auto\">Escollir <strong>vidre original o gen\u00e8ric a l\u2019hora de canviar-lo al cotxe<\/strong> \u00e9s una decisi\u00f3 que molts conductors han de prendre quan el seu vidre es danya. Els vidres originals provenen del fabricant del vehicle, mentre que els gen\u00e8rics s\u00f3n produ\u00efts per fabricants independents. En ambd\u00f3s casos, el m\u00e9s important \u00e9s que el vidre estigui homologat, que compleixi les mateixes especificacions t\u00e8cniques i normatives de seguretat, garantint aix\u00ed la mateixa resist\u00e8ncia, visibilitat i compatibilitat amb tecnologies com els sistemes ADAS.<\/p>\n<p class=\"ai-optimize-18\" dir=\"auto\">A <strong>Ralarsa<\/strong>, som especialistes en el servei de <a href=\"https:\/\/www.ralarsa.com\/es\/cambiar-luna-coche\/\" target=\"_blank\" rel=\"nofollow noopener\">canviar el vidre del cotxe <\/a>. Treballem \u00fanicament amb vidres homologats que compleixen els est\u00e0ndards europeus, siguin originals o gen\u00e8rics, assegurant la mateixa qualitat i prestacions. A m\u00e9s, si el client ho demana, podem instal\u00b7lar vidre original de la marca, encara que la qualitat real sigui id\u00e8ntica a la d\u2019un homologat gen\u00e8ric.<\/p>\n<div class=\"my-2\"><span style=\"color: #ffffff;\">.<\/span><\/div>\n<h2 class=\"ai-optimize-19\" dir=\"auto\"><strong>Vidre original o gen\u00e8ric a l\u2019hora de canviar-lo al cotxe a Ralarsa<\/strong><\/h2>\n<h3 class=\"ai-optimize-20\" dir=\"auto\"><strong>Vidres homologats de m\u00e0xima qualitat<\/strong><\/h3>\n<p class=\"ai-optimize-21\" dir=\"auto\">Tots els nostres vidres, siguin originals o gen\u00e8rics, compleixen estrictament amb la normativa europea de seguretat i fabricaci\u00f3.<\/p>\n<h3 class=\"ai-optimize-22\" dir=\"auto\"><strong>Opci\u00f3 de vidre original si el client ho sol\u00b7licita<\/strong><\/h3>\n<p class=\"ai-optimize-23\" dir=\"auto\">Encara que l\u2019homologat gen\u00e8ric ofereix la mateixa qualitat i prestacions, podem instal\u00b7lar vidre original de la marca del vehicle si el client ho prefereix.<\/p>\n<h3 class=\"ai-optimize-24\" dir=\"auto\"><strong>Compatibilitat amb sistemes ADAS<\/strong><\/h3>\n<p class=\"ai-optimize-25\" dir=\"auto\">Calibrem sensors i c\u00e0meres despr\u00e9s del canvi perqu\u00e8 el funcionament del sistema sigui perfecte independentment del tipus de vidre instal\u00b7lat.<\/p>\n<div class=\"my-2\"><span style=\"color: #ffffff;\">.<\/span><\/div>\n<p class=\"ai-optimize-26\" dir=\"auto\"><strong>Esperem que aquest article sobre vidre original o gen\u00e8ric a l\u2019hora de canviar-lo al cotxe t\u2019hagi agradat<\/strong>, perqu\u00e8 creiem que con\u00e8ixer les difer\u00e8ncies i similituds t\u2019ajudar\u00e0 a prendre decisions informades.<br \/>\nEt recomanem llegir el nostre article anterior: <strong><a href=\"https:\/\/www.ralarsa.com\/es\/factores-que-aceleran-la-rotura-del-parabrisas-del-coche\/\" target=\"_blank\" rel=\"nofollow noopener\">Factors que acceleren la trencada del parabrisa del cotxe <\/a><\/strong>, perqu\u00e8 entendre qu\u00e8 pot danyar el teu vidre et permetr\u00e0 cuidar-lo millor i evitar noves reparacions.<\/p>\n<p><\/p>","protected":false},"excerpt":{"rendered":"Escollir vidre original o gen\u00e8ric a l\u2019hora de canviar-lo al cotxe \u00e9s una decisi\u00f3 que molts conductors han de prendre quan el seu vidre es danya. Els vidres originals provenen del fabricant del vehicle, mentre que els gen\u00e8rics s\u00f3n produ\u00efts per fabricants independents. En ambd\u00f3s casos, el m\u00e9s important \u00e9s que el vidre estigui homologat,&#8230;","protected":false},"author":8,"featured_media":6792,"comment_status":"open","ping_status":"open","sticky":false,"template":"","format":"standard","meta":{"_acf_changed":false,"inline_featured_image":false,"footnotes":""},"categories":[1],"tags":[],"class_list":["post-6791","post","type-post","status-publish","format-standard","has-post-thumbnail","hentry","category-uncategorized"],"acf":[],"yoast_head":"<!-- This site is optimized with the Yoast SEO Premium plugin v25.3 (Yoast SEO v26.7) - https:\/\/yoast.com\/wordpress\/plugins\/seo\/ -->\n<title>Vidre original o gen\u00e8ric a l\u2019hora de canviar-lo al cotxe - Ralarsa<\/title>\n<meta name=\"robots\" content=\"index, follow, max-snippet:-1, max-image-preview:large, max-video-preview:-1\" \/>\n<link rel=\"canonical\" href=\"https:\/\/www.ralarsa.com\/ca\/luna-original-o-generica-al-cambiarla-del-coche\/\" \/>\n<meta property=\"og:locale\" content=\"ca_ES\" \/>\n<meta property=\"og:type\" content=\"article\" \/>\n<meta property=\"og:title\" content=\"Vidre original o gen\u00e8ric a l\u2019hora de canviar-lo al cotxe\" \/>\n<meta property=\"og:description\" content=\"Escollir vidre original o gen\u00e8ric a l\u2019hora de canviar-lo al cotxe \u00e9s una decisi\u00f3 que molts conductors han de prendre quan el seu vidre es danya. Els vidres originals provenen del fabricant del vehicle, mentre que els gen\u00e8rics s\u00f3n produ\u00efts per fabricants independents. En ambd\u00f3s casos, el m\u00e9s important \u00e9s que el vidre estigui homologat,...\" \/>\n<meta property=\"og:url\" content=\"https:\/\/www.ralarsa.com\/ca\/luna-original-o-generica-al-cambiarla-del-coche\/\" \/>\n<meta property=\"og:site_name\" content=\"Ralarsa\" \/>\n<meta property=\"article:published_time\" content=\"2026-04-23T08:19:40+00:00\" \/>\n<meta property=\"og:image\" content=\"https:\/\/d2oyvx818ubhz6.cloudfront.net\/wp-content\/uploads\/2026\/04\/luna-original-generica-cambiarla-coche.png\" \/>\n\t<meta property=\"og:image:width\" content=\"901\" \/>\n\t<meta property=\"og:image:height\" content=\"600\" \/>\n\t<meta property=\"og:image:type\" content=\"image\/png\" \/>\n<meta name=\"author\" content=\"Aina Belles\" \/>\n<meta name=\"twitter:card\" content=\"summary_large_image\" \/>\n<meta name=\"twitter:label1\" content=\"Escrit per\" \/>\n\t<meta name=\"twitter:data1\" content=\"Aina Belles\" \/>\n\t<meta name=\"twitter:label2\" content=\"Temps estimat de lectura\" \/>\n\t<meta name=\"twitter:data2\" content=\"2 minuts\" \/>\n<script type=\"application\/ld+json\" class=\"yoast-schema-graph\">{\"@context\":\"https:\/\/schema.org\",\"@graph\":[{\"@type\":\"Article\",\"@id\":\"https:\/\/www.ralarsa.com\/es\/luna-original-o-generica-al-cambiarla-del-coche\/#article\",\"isPartOf\":{\"@id\":\"https:\/\/www.ralarsa.com\/es\/luna-original-o-generica-al-cambiarla-del-coche\/\"},\"author\":{\"name\":\"Aina Belles\",\"@id\":\"https:\/\/www.ralarsa.com\/es\/#\/schema\/person\/da053e3bdd8933370cee4db17edd3710\"},\"headline\":\"Vidre original o gen\u00e8ric a l\u2019hora de canviar-lo al cotxe\",\"datePublished\":\"2026-04-23T08:19:40+00:00\",\"mainEntityOfPage\":{\"@id\":\"https:\/\/www.ralarsa.com\/es\/luna-original-o-generica-al-cambiarla-del-coche\/\"},\"wordCount\":934,\"commentCount\":0,\"publisher\":{\"@id\":\"https:\/\/www.ralarsa.com\/es\/#organization\"},\"image\":{\"@id\":\"https:\/\/www.ralarsa.com\/es\/luna-original-o-generica-al-cambiarla-del-coche\/#primaryimage\"},\"thumbnailUrl\":\"https:\/\/d2oyvx818ubhz6.cloudfront.net\/wp-content\/uploads\/2026\/04\/luna-original-generica-cambiarla-coche.png\",\"articleSection\":[\"Informaci\u00f3\"],\"inLanguage\":\"ca\",\"potentialAction\":[{\"@type\":\"CommentAction\",\"name\":\"Comment\",\"target\":[\"https:\/\/www.ralarsa.com\/es\/luna-original-o-generica-al-cambiarla-del-coche\/#respond\"]}]},{\"@type\":\"WebPage\",\"@id\":\"https:\/\/www.ralarsa.com\/ca\/luna-original-o-generica-al-cambiarla-del-coche\/\",\"url\":\"https:\/\/www.ralarsa.com\/ca\/luna-original-o-generica-al-cambiarla-del-coche\/\",\"name\":\"Vidre original o gen\u00e8ric a l\u2019hora de canviar-lo al cotxe - Ralarsa\",\"isPartOf\":{\"@id\":\"https:\/\/www.ralarsa.com\/ca\/#website\"},\"primaryImageOfPage\":{\"@id\":\"https:\/\/www.ralarsa.com\/ca\/luna-original-o-generica-al-cambiarla-del-coche\/#primaryimage\"},\"image\":{\"@id\":\"https:\/\/www.ralarsa.com\/es\/luna-original-o-generica-al-cambiarla-del-coche\/#primaryimage\"},\"thumbnailUrl\":\"https:\/\/d2oyvx818ubhz6.cloudfront.net\/wp-content\/uploads\/2026\/04\/luna-original-generica-cambiarla-coche.png\",\"datePublished\":\"2026-04-23T08:19:40+00:00\",\"breadcrumb\":{\"@id\":\"https:\/\/www.ralarsa.com\/ca\/luna-original-o-generica-al-cambiarla-del-coche\/#breadcrumb\"},\"inLanguage\":\"ca\",\"potentialAction\":[{\"@type\":\"ReadAction\",\"target\":[[\"https:\/\/www.ralarsa.com\/ca\/luna-original-o-generica-al-cambiarla-del-coche\/\"]]}]},{\"@type\":\"ImageObject\",\"inLanguage\":\"ca\",\"@id\":\"https:\/\/www.ralarsa.com\/ca\/luna-original-o-generica-al-cambiarla-del-coche\/#primaryimage\",\"url\":\"https:\/\/d2oyvx818ubhz6.cloudfront.net\/wp-content\/uploads\/2026\/04\/luna-original-generica-cambiarla-coche.png\",\"contentUrl\":\"https:\/\/d2oyvx818ubhz6.cloudfront.net\/wp-content\/uploads\/2026\/04\/luna-original-generica-cambiarla-coche.png\",\"width\":901,\"height\":600,\"caption\":\"Luna original vs. luna gen\u00e9rica: \u00bfCu\u00e1l elegir al reemplazarla?\"},{\"@type\":\"BreadcrumbList\",\"@id\":\"https:\/\/www.ralarsa.com\/ca\/luna-original-o-generica-al-cambiarla-del-coche\/#breadcrumb\",\"itemListElement\":[{\"@type\":\"ListItem\",\"position\":1,\"name\":\"Portada\",\"item\":\"https:\/\/www.ralarsa.com\/ca\/ralarsa-2\/\"},{\"@type\":\"ListItem\",\"position\":2,\"name\":\"Luna original o gen\u00e9rica al cambiarla del coche\"}]},{\"@type\":\"WebSite\",\"@id\":\"https:\/\/www.ralarsa.com\/ca\/#website\",\"url\":\"https:\/\/www.ralarsa.com\/ca\/\",\"name\":\"Ralarsa\",\"description\":\"\",\"publisher\":{\"@id\":\"https:\/\/www.ralarsa.com\/ca\/#organization\"},\"potentialAction\":[{\"@type\":\"SearchAction\",\"target\":{\"@type\":\"EntryPoint\",\"urlTemplate\":\"https:\/\/www.ralarsa.com\/ca\/?s={search_term_string}\"},\"query-input\":{\"@type\":\"PropertyValueSpecification\",\"valueRequired\":true,\"valueName\":\"search_term_string\"}}],\"inLanguage\":\"ca\"},{\"@type\":\"Organization\",\"@id\":\"https:\/\/www.ralarsa.com\/ca\/#organization\",\"name\":\"Ralarsa\",\"url\":\"https:\/\/www.ralarsa.com\/ca\/\",\"logo\":{\"@type\":\"ImageObject\",\"inLanguage\":\"ca\",\"@id\":\"https:\/\/www.ralarsa.com\/ca\/#\/schema\/logo\/image\/\",\"url\":\"https:\/\/ralarsa.s3.eu-central-1.amazonaws.com\/wp-content\/uploads\/2025\/04\/logo-ralarsa.png\",\"contentUrl\":\"https:\/\/ralarsa.s3.eu-central-1.amazonaws.com\/wp-content\/uploads\/2025\/04\/logo-ralarsa.png\",\"width\":1192,\"height\":412,\"caption\":\"Ralarsa\"},\"image\":{\"@id\":\"https:\/\/www.ralarsa.com\/ca\/#\/schema\/logo\/image\/\"}},{\"@type\":\"Person\",\"@id\":\"https:\/\/www.ralarsa.com\/es\/#\/schema\/person\/da053e3bdd8933370cee4db17edd3710\",\"name\":\"Aina Belles\",\"image\":{\"@type\":\"ImageObject\",\"inLanguage\":\"ca\",\"@id\":\"https:\/\/www.ralarsa.com\/ca\/#\/schema\/person\/image\/\",\"url\":\"https:\/\/secure.gravatar.com\/avatar\/a5711a4554fc4f9a95faec51accef383d52c93253ac87fe09655e6991a4a4ebe?s=96&d=mm&r=g\",\"contentUrl\":\"https:\/\/secure.gravatar.com\/avatar\/a5711a4554fc4f9a95faec51accef383d52c93253ac87fe09655e6991a4a4ebe?s=96&d=mm&r=g\",\"caption\":\"Aina Belles\"},\"sameAs\":[\"http:\/\/ralarsa.com\"]}]}<\/script>\n<!-- \/ Yoast SEO Premium plugin. -->","yoast_head_json":{"title":"Vidre original o gen\u00e8ric a l\u2019hora de canviar-lo al cotxe - Ralarsa","robots":{"index":"index","follow":"follow","max-snippet":"max-snippet:-1","max-image-preview":"max-image-preview:large","max-video-preview":"max-video-preview:-1"},"canonical":"https:\/\/www.ralarsa.com\/ca\/luna-original-o-generica-al-cambiarla-del-coche\/","og_locale":"ca_ES","og_type":"article","og_title":"Vidre original o gen\u00e8ric a l\u2019hora de canviar-lo al cotxe","og_description":"Escollir vidre original o gen\u00e8ric a l\u2019hora de canviar-lo al cotxe \u00e9s una decisi\u00f3 que molts conductors han de prendre quan el seu vidre es danya. Els vidres originals provenen del fabricant del vehicle, mentre que els gen\u00e8rics s\u00f3n produ\u00efts per fabricants independents. En ambd\u00f3s casos, el m\u00e9s important \u00e9s que el vidre estigui homologat,...","og_url":"https:\/\/www.ralarsa.com\/ca\/luna-original-o-generica-al-cambiarla-del-coche\/","og_site_name":"Ralarsa","article_published_time":"2026-04-23T08:19:40+00:00","og_image":[{"width":901,"height":600,"url":"https:\/\/d2oyvx818ubhz6.cloudfront.net\/wp-content\/uploads\/2026\/04\/luna-original-generica-cambiarla-coche.png","type":"image\/png"}],"author":"Aina Belles","twitter_card":"summary_large_image","twitter_misc":{"Escrit per":"Aina Belles","Temps estimat de lectura":"2 minuts"},"schema":{"@context":"https:\/\/schema.org","@graph":[{"@type":"Article","@id":"https:\/\/www.ralarsa.com\/es\/luna-original-o-generica-al-cambiarla-del-coche\/#article","isPartOf":{"@id":"https:\/\/www.ralarsa.com\/es\/luna-original-o-generica-al-cambiarla-del-coche\/"},"author":{"name":"Aina Belles","@id":"https:\/\/www.ralarsa.com\/es\/#\/schema\/person\/da053e3bdd8933370cee4db17edd3710"},"headline":"Vidre original o gen\u00e8ric a l\u2019hora de canviar-lo al cotxe","datePublished":"2026-04-23T08:19:40+00:00","mainEntityOfPage":{"@id":"https:\/\/www.ralarsa.com\/es\/luna-original-o-generica-al-cambiarla-del-coche\/"},"wordCount":934,"commentCount":0,"publisher":{"@id":"https:\/\/www.ralarsa.com\/es\/#organization"},"image":{"@id":"https:\/\/www.ralarsa.com\/es\/luna-original-o-generica-al-cambiarla-del-coche\/#primaryimage"},"thumbnailUrl":"https:\/\/d2oyvx818ubhz6.cloudfront.net\/wp-content\/uploads\/2026\/04\/luna-original-generica-cambiarla-coche.png","articleSection":["Informaci\u00f3"],"inLanguage":"ca","potentialAction":[{"@type":"CommentAction","name":"Comment","target":["https:\/\/www.ralarsa.com\/es\/luna-original-o-generica-al-cambiarla-del-coche\/#respond"]}]},{"@type":"WebPage","@id":"https:\/\/www.ralarsa.com\/ca\/luna-original-o-generica-al-cambiarla-del-coche\/","url":"https:\/\/www.ralarsa.com\/ca\/luna-original-o-generica-al-cambiarla-del-coche\/","name":"Vidre original o gen\u00e8ric a l\u2019hora de canviar-lo al cotxe - Ralarsa","isPartOf":{"@id":"https:\/\/www.ralarsa.com\/ca\/#website"},"primaryImageOfPage":{"@id":"https:\/\/www.ralarsa.com\/ca\/luna-original-o-generica-al-cambiarla-del-coche\/#primaryimage"},"image":{"@id":"https:\/\/www.ralarsa.com\/es\/luna-original-o-generica-al-cambiarla-del-coche\/#primaryimage"},"thumbnailUrl":"https:\/\/d2oyvx818ubhz6.cloudfront.net\/wp-content\/uploads\/2026\/04\/luna-original-generica-cambiarla-coche.png","datePublished":"2026-04-23T08:19:40+00:00","breadcrumb":{"@id":"https:\/\/www.ralarsa.com\/ca\/luna-original-o-generica-al-cambiarla-del-coche\/#breadcrumb"},"inLanguage":"ca","potentialAction":[{"@type":"ReadAction","target":[["https:\/\/www.ralarsa.com\/ca\/luna-original-o-generica-al-cambiarla-del-coche\/"]]}]},{"@type":"ImageObject","inLanguage":"ca","@id":"https:\/\/www.ralarsa.com\/ca\/luna-original-o-generica-al-cambiarla-del-coche\/#primaryimage","url":"https:\/\/d2oyvx818ubhz6.cloudfront.net\/wp-content\/uploads\/2026\/04\/luna-original-generica-cambiarla-coche.png","contentUrl":"https:\/\/d2oyvx818ubhz6.cloudfront.net\/wp-content\/uploads\/2026\/04\/luna-original-generica-cambiarla-coche.png","width":901,"height":600,"caption":"Luna original vs. luna gen\u00e9rica: \u00bfCu\u00e1l elegir al reemplazarla?"},{"@type":"BreadcrumbList","@id":"https:\/\/www.ralarsa.com\/ca\/luna-original-o-generica-al-cambiarla-del-coche\/#breadcrumb","itemListElement":[{"@type":"ListItem","position":1,"name":"Portada","item":"https:\/\/www.ralarsa.com\/ca\/ralarsa-2\/"},{"@type":"ListItem","position":2,"name":"Luna original o gen\u00e9rica al cambiarla del coche"}]},{"@type":"WebSite","@id":"https:\/\/www.ralarsa.com\/ca\/#website","url":"https:\/\/www.ralarsa.com\/ca\/","name":"Ralarsa","description":"","publisher":{"@id":"https:\/\/www.ralarsa.com\/ca\/#organization"},"potentialAction":[{"@type":"SearchAction","target":{"@type":"EntryPoint","urlTemplate":"https:\/\/www.ralarsa.com\/ca\/?s={search_term_string}"},"query-input":{"@type":"PropertyValueSpecification","valueRequired":true,"valueName":"search_term_string"}}],"inLanguage":"ca"},{"@type":"Organization","@id":"https:\/\/www.ralarsa.com\/ca\/#organization","name":"Ralarsa","url":"https:\/\/www.ralarsa.com\/ca\/","logo":{"@type":"ImageObject","inLanguage":"ca","@id":"https:\/\/www.ralarsa.com\/ca\/#\/schema\/logo\/image\/","url":"https:\/\/ralarsa.s3.eu-central-1.amazonaws.com\/wp-content\/uploads\/2025\/04\/logo-ralarsa.png","contentUrl":"https:\/\/ralarsa.s3.eu-central-1.amazonaws.com\/wp-content\/uploads\/2025\/04\/logo-ralarsa.png","width":1192,"height":412,"caption":"Ralarsa"},"image":{"@id":"https:\/\/www.ralarsa.com\/ca\/#\/schema\/logo\/image\/"}},{"@type":"Person","@id":"https:\/\/www.ralarsa.com\/es\/#\/schema\/person\/da053e3bdd8933370cee4db17edd3710","name":"Aina Belles","image":{"@type":"ImageObject","inLanguage":"ca","@id":"https:\/\/www.ralarsa.com\/ca\/#\/schema\/person\/image\/","url":"https:\/\/secure.gravatar.com\/avatar\/a5711a4554fc4f9a95faec51accef383d52c93253ac87fe09655e6991a4a4ebe?s=96&d=mm&r=g","contentUrl":"https:\/\/secure.gravatar.com\/avatar\/a5711a4554fc4f9a95faec51accef383d52c93253ac87fe09655e6991a4a4ebe?s=96&d=mm&r=g","caption":"Aina Belles"},"sameAs":["http:\/\/ralarsa.com"]}]}},"_links":{"self":[{"href":"https:\/\/www.ralarsa.com\/ca\/wp-json\/wp\/v2\/posts\/6791","targetHints":{"allow":["GET"]}}],"collection":[{"href":"https:\/\/www.ralarsa.com\/ca\/wp-json\/wp\/v2\/posts"}],"about":[{"href":"https:\/\/www.ralarsa.com\/ca\/wp-json\/wp\/v2\/types\/post"}],"author":[{"embeddable":true,"href":"https:\/\/www.ralarsa.com\/ca\/wp-json\/wp\/v2\/users\/8"}],"replies":[{"embeddable":true,"href":"https:\/\/www.ralarsa.com\/ca\/wp-json\/wp\/v2\/comments?post=6791"}],"version-history":[{"count":1,"href":"https:\/\/www.ralarsa.com\/ca\/wp-json\/wp\/v2\/posts\/6791\/revisions"}],"predecessor-version":[{"id":6793,"href":"https:\/\/www.ralarsa.com\/ca\/wp-json\/wp\/v2\/posts\/6791\/revisions\/6793"}],"wp:featuredmedia":[{"embeddable":true,"href":"https:\/\/www.ralarsa.com\/ca\/wp-json\/wp\/v2\/media\/6792"}],"wp:attachment":[{"href":"https:\/\/www.ralarsa.com\/ca\/wp-json\/wp\/v2\/media?parent=6791"}],"wp:term":[{"taxonomy":"category","embeddable":true,"href":"https:\/\/www.ralarsa.com\/ca\/wp-json\/wp\/v2\/categories?post=6791"},{"taxonomy":"post_tag","embeddable":true,"href":"https:\/\/www.ralarsa.com\/ca\/wp-json\/wp\/v2\/tags?post=6791"}],"curies":[{"name":"wp","href":"https:\/\/api.w.org\/{rel}","templated":true}]}}