{"id":6812,"date":"2026-04-27T10:22:05","date_gmt":"2026-04-27T09:22:05","guid":{"rendered":"https:\/\/www.ralarsa.com\/es\/?p=6812"},"modified":"2026-04-27T10:22:05","modified_gmt":"2026-04-27T09:22:05","slug":"importancia-de-calibrar-los-sistemas-adas-tras-cambiar-lunas-o-parabrisas","status":"publish","type":"post","link":"https:\/\/www.ralarsa.com\/ca\/importancia-de-calibrar-els-sistemes-adas-despres-de-canviar-vidres-o-parabrises\/","title":{"rendered":"Import\u00e0ncia de calibrar els sistemes ADAS despr\u00e9s de canviar vidres o parabrises"},"content":{"rendered":"<p><\/p>\n<p class=\"ai-optimize-18 ai-optimize-introduction\" dir=\"auto\">La <strong>import\u00e0ncia de calibrar els sistemes ADAS despr\u00e9s de canviar vidres o parabrises<\/strong> rau en garantir que les c\u00e0meres i sensors integrats al vidre funcionin correctament i continu\u00efn oferint assist\u00e8ncia segura al conductor. Sistemes com el manteniment de carril, el frenat autom\u00e0tic o el control de creuer adaptatiu depenen d\u2019una calibraci\u00f3 precisa. Si no es calibren despr\u00e9s de substituir o reparar el vidre, poden apar\u00e8ixer errors, reduir l\u2019efic\u00e0cia de l\u2019assist\u00e8ncia i, fins i tot, augmentar el risc d\u2019accident.<\/p>\n<p class=\"ai-optimize-19\" dir=\"auto\">A <strong>Ralarsa<\/strong>, comptem amb equips especialitzats i la tecnologia necess\u00e0ria per realitzar la <a href=\"https:\/\/www.ralarsa.com\/es\/calibracion-sistemas-adas\/\"><em>calibraci\u00f3 de sistemes ADAS<\/em><\/a> despr\u00e9s de qualsevol intervenci\u00f3 en vidres o parabrises. Els nostres t\u00e8cnics segueixen els protocols establerts per cada fabricant, assegurant que el sistema mantingui la seva precisi\u00f3 original i compleixi amb les normatives de seguretat.<\/p>\n<div class=\"my-2\"><\/div>\n<h2 class=\"ai-optimize-20\" dir=\"auto\"><strong>Import\u00e0ncia de calibrar els sistemes ADAS despr\u00e9s de canviar vidres o parabrises a Ralarsa<\/strong><\/h2>\n<h3 class=\"ai-optimize-21\" dir=\"auto\"><strong>Compliment d\u2019especificacions del fabricant<\/strong><\/h3>\n<p class=\"ai-optimize-22\" dir=\"auto\">Seguim estrictament les recomanacions i procediments que cada marca exigeix per calibrar sistemes ADAS.<\/p>\n<h3 class=\"ai-optimize-23\" dir=\"auto\"><strong>Equips de diagnosi avan\u00e7ats<\/strong><\/h3>\n<p class=\"ai-optimize-24\" dir=\"auto\">Utilitzem eines d\u2019\u00faltima generaci\u00f3 per assegurar una calibraci\u00f3 exacta i sense marge d\u2019error.<\/p>\n<h3 class=\"ai-optimize-25\" dir=\"auto\"><strong>Seguretat i fiabilitat garantides<\/strong><\/h3>\n<p class=\"ai-optimize-26\" dir=\"auto\">La calibraci\u00f3 garanteix que totes les funcions ADAS operin al 100%, mantenint la seguretat del vehicle i dels ocupants.<\/p>\n<h3 class=\"ai-optimize-27\" dir=\"auto\"><strong>Servei r\u00e0pid i prec\u00eds<\/strong><\/h3>\n<p class=\"ai-optimize-28\" dir=\"auto\">A Ralarsa realitzem la calibraci\u00f3 en el mateix proc\u00e9s de substituci\u00f3 del vidre, evitant retardaments i garantint l\u2019entrega immediata del cotxe llest per circular.<\/p>\n<div class=\"my-2\"><\/div>\n<p class=\"ai-optimize-29\" dir=\"auto\"><strong>Esperem que aquest article sobre la import\u00e0ncia de calibrar els sistemes ADAS despr\u00e9s de canviar vidres o parabrises t\u2019hagi agradat<\/strong>, perqu\u00e8 creiem que entendre la seva rellev\u00e0ncia t\u2019ajudar\u00e0 a mantenir la seguretat i les prestacions del teu vehicle.<br \/>\nEt recomanem llegir el nostre article anterior: <a href=\"https:\/\/www.ralarsa.com\/es\/luna-original-o-generica-al-cambiarla-del-coche\/\"><strong>Vidre original o gen\u00e8ric a l\u2019hora de canviar-lo al cotxe<\/strong><\/a>, perqu\u00e8 con\u00e8ixer les opcions de vidre que pots instal\u00b7lar et permetr\u00e0 prendre decisions informades sense afectar la qualitat ni la seguretat.<\/p>\n<div class=\"my-2\"><\/div>\n<p><\/p>","protected":false},"excerpt":{"rendered":"La import\u00e0ncia de calibrar els sistemes ADAS despr\u00e9s de canviar vidres o parabrises rau en garantir que les c\u00e0meres i sensors integrats al vidre funcionin correctament i continu\u00efn oferint assist\u00e8ncia segura al conductor. Sistemes com el manteniment de carril, el frenat autom\u00e0tic o el control de creuer adaptatiu depenen d\u2019una calibraci\u00f3 precisa. Si no es&#8230;","protected":false},"author":8,"featured_media":6813,"comment_status":"open","ping_status":"open","sticky":false,"template":"","format":"standard","meta":{"_acf_changed":false,"inline_featured_image":false,"footnotes":""},"categories":[1],"tags":[],"class_list":["post-6812","post","type-post","status-publish","format-standard","has-post-thumbnail","hentry","category-uncategorized"],"acf":[],"yoast_head":"<!-- This site is optimized with the Yoast SEO Premium plugin v25.3 (Yoast SEO v26.7) - https:\/\/yoast.com\/wordpress\/plugins\/seo\/ -->\n<title>Import\u00e0ncia de calibrar els sistemes ADAS despr\u00e9s de canviar vidres o parabrises - Ralarsa<\/title>\n<meta name=\"robots\" content=\"index, follow, max-snippet:-1, max-image-preview:large, max-video-preview:-1\" \/>\n<link rel=\"canonical\" href=\"https:\/\/www.ralarsa.com\/ca\/importancia-de-calibrar-los-sistemas-adas-tras-cambiar-lunas-o-parabrisas\/\" \/>\n<meta property=\"og:locale\" content=\"ca_ES\" \/>\n<meta property=\"og:type\" content=\"article\" \/>\n<meta property=\"og:title\" content=\"Import\u00e0ncia de calibrar els sistemes ADAS despr\u00e9s de canviar vidres o parabrises\" \/>\n<meta property=\"og:description\" content=\"La import\u00e0ncia de calibrar els sistemes ADAS despr\u00e9s de canviar vidres o parabrises rau en garantir que les c\u00e0meres i sensors integrats al vidre funcionin correctament i continu\u00efn oferint assist\u00e8ncia segura al conductor. Sistemes com el manteniment de carril, el frenat autom\u00e0tic o el control de creuer adaptatiu depenen d\u2019una calibraci\u00f3 precisa. Si no es...\" \/>\n<meta property=\"og:url\" content=\"https:\/\/www.ralarsa.com\/ca\/importancia-de-calibrar-los-sistemas-adas-tras-cambiar-lunas-o-parabrisas\/\" \/>\n<meta property=\"og:site_name\" content=\"Ralarsa\" \/>\n<meta property=\"article:published_time\" content=\"2026-04-27T09:22:05+00:00\" \/>\n<meta property=\"og:image\" content=\"https:\/\/d2oyvx818ubhz6.cloudfront.net\/wp-content\/uploads\/2026\/04\/importancia-calibrar-sistemas-adas-cambiar-luna-parabrisas.png\" \/>\n\t<meta property=\"og:image:width\" content=\"901\" \/>\n\t<meta property=\"og:image:height\" content=\"600\" \/>\n\t<meta property=\"og:image:type\" content=\"image\/png\" \/>\n<meta name=\"author\" content=\"Aina Belles\" \/>\n<meta name=\"twitter:card\" content=\"summary_large_image\" \/>\n<meta name=\"twitter:label1\" content=\"Escrit per\" \/>\n\t<meta name=\"twitter:data1\" content=\"Aina Belles\" \/>\n\t<meta name=\"twitter:label2\" content=\"Temps estimat de lectura\" \/>\n\t<meta name=\"twitter:data2\" content=\"2 minuts\" \/>\n<script type=\"application\/ld+json\" class=\"yoast-schema-graph\">{\"@context\":\"https:\/\/schema.org\",\"@graph\":[{\"@type\":\"Article\",\"@id\":\"https:\/\/www.ralarsa.com\/es\/importancia-de-calibrar-los-sistemas-adas-tras-cambiar-lunas-o-parabrisas\/#article\",\"isPartOf\":{\"@id\":\"https:\/\/www.ralarsa.com\/es\/importancia-de-calibrar-los-sistemas-adas-tras-cambiar-lunas-o-parabrisas\/\"},\"author\":{\"name\":\"Aina Belles\",\"@id\":\"https:\/\/www.ralarsa.com\/es\/#\/schema\/person\/da053e3bdd8933370cee4db17edd3710\"},\"headline\":\"Import\u00e0ncia de calibrar els sistemes ADAS despr\u00e9s de canviar vidres o parabrises\",\"datePublished\":\"2026-04-27T09:22:05+00:00\",\"mainEntityOfPage\":{\"@id\":\"https:\/\/www.ralarsa.com\/es\/importancia-de-calibrar-los-sistemas-adas-tras-cambiar-lunas-o-parabrisas\/\"},\"wordCount\":990,\"commentCount\":0,\"publisher\":{\"@id\":\"https:\/\/www.ralarsa.com\/es\/#organization\"},\"image\":{\"@id\":\"https:\/\/www.ralarsa.com\/es\/importancia-de-calibrar-los-sistemas-adas-tras-cambiar-lunas-o-parabrisas\/#primaryimage\"},\"thumbnailUrl\":\"https:\/\/d2oyvx818ubhz6.cloudfront.net\/wp-content\/uploads\/2026\/04\/importancia-calibrar-sistemas-adas-cambiar-luna-parabrisas.png\",\"articleSection\":[\"Informaci\u00f3\"],\"inLanguage\":\"ca\",\"potentialAction\":[{\"@type\":\"CommentAction\",\"name\":\"Comment\",\"target\":[\"https:\/\/www.ralarsa.com\/es\/importancia-de-calibrar-los-sistemas-adas-tras-cambiar-lunas-o-parabrisas\/#respond\"]}]},{\"@type\":\"WebPage\",\"@id\":\"https:\/\/www.ralarsa.com\/ca\/importancia-de-calibrar-los-sistemas-adas-tras-cambiar-lunas-o-parabrisas\/\",\"url\":\"https:\/\/www.ralarsa.com\/ca\/importancia-de-calibrar-los-sistemas-adas-tras-cambiar-lunas-o-parabrisas\/\",\"name\":\"Import\u00e0ncia de calibrar els sistemes ADAS despr\u00e9s de canviar vidres o parabrises - Ralarsa\",\"isPartOf\":{\"@id\":\"https:\/\/www.ralarsa.com\/ca\/#website\"},\"primaryImageOfPage\":{\"@id\":\"https:\/\/www.ralarsa.com\/ca\/importancia-de-calibrar-los-sistemas-adas-tras-cambiar-lunas-o-parabrisas\/#primaryimage\"},\"image\":{\"@id\":\"https:\/\/www.ralarsa.com\/es\/importancia-de-calibrar-los-sistemas-adas-tras-cambiar-lunas-o-parabrisas\/#primaryimage\"},\"thumbnailUrl\":\"https:\/\/d2oyvx818ubhz6.cloudfront.net\/wp-content\/uploads\/2026\/04\/importancia-calibrar-sistemas-adas-cambiar-luna-parabrisas.png\",\"datePublished\":\"2026-04-27T09:22:05+00:00\",\"breadcrumb\":{\"@id\":\"https:\/\/www.ralarsa.com\/ca\/importancia-de-calibrar-los-sistemas-adas-tras-cambiar-lunas-o-parabrisas\/#breadcrumb\"},\"inLanguage\":\"ca\",\"potentialAction\":[{\"@type\":\"ReadAction\",\"target\":[[\"https:\/\/www.ralarsa.com\/ca\/importancia-de-calibrar-los-sistemas-adas-tras-cambiar-lunas-o-parabrisas\/\"]]}]},{\"@type\":\"ImageObject\",\"inLanguage\":\"ca\",\"@id\":\"https:\/\/www.ralarsa.com\/ca\/importancia-de-calibrar-los-sistemas-adas-tras-cambiar-lunas-o-parabrisas\/#primaryimage\",\"url\":\"https:\/\/d2oyvx818ubhz6.cloudfront.net\/wp-content\/uploads\/2026\/04\/importancia-calibrar-sistemas-adas-cambiar-luna-parabrisas.png\",\"contentUrl\":\"https:\/\/d2oyvx818ubhz6.cloudfront.net\/wp-content\/uploads\/2026\/04\/importancia-calibrar-sistemas-adas-cambiar-luna-parabrisas.png\",\"width\":901,\"height\":600,\"caption\":\"T\u00e9cnico realizando la calibraci\u00f3n de sistemas ADAS en un veh\u00edculo tras la sustituci\u00f3n del parabrisas.\"},{\"@type\":\"BreadcrumbList\",\"@id\":\"https:\/\/www.ralarsa.com\/ca\/importancia-de-calibrar-los-sistemas-adas-tras-cambiar-lunas-o-parabrisas\/#breadcrumb\",\"itemListElement\":[{\"@type\":\"ListItem\",\"position\":1,\"name\":\"Portada\",\"item\":\"https:\/\/www.ralarsa.com\/ca\/ralarsa-2\/\"},{\"@type\":\"ListItem\",\"position\":2,\"name\":\"Importancia de calibrar los sistemas ADAS tras cambiar lunas o parabrisas\"}]},{\"@type\":\"WebSite\",\"@id\":\"https:\/\/www.ralarsa.com\/ca\/#website\",\"url\":\"https:\/\/www.ralarsa.com\/ca\/\",\"name\":\"Ralarsa\",\"description\":\"\",\"publisher\":{\"@id\":\"https:\/\/www.ralarsa.com\/ca\/#organization\"},\"potentialAction\":[{\"@type\":\"SearchAction\",\"target\":{\"@type\":\"EntryPoint\",\"urlTemplate\":\"https:\/\/www.ralarsa.com\/ca\/?s={search_term_string}\"},\"query-input\":{\"@type\":\"PropertyValueSpecification\",\"valueRequired\":true,\"valueName\":\"search_term_string\"}}],\"inLanguage\":\"ca\"},{\"@type\":\"Organization\",\"@id\":\"https:\/\/www.ralarsa.com\/ca\/#organization\",\"name\":\"Ralarsa\",\"url\":\"https:\/\/www.ralarsa.com\/ca\/\",\"logo\":{\"@type\":\"ImageObject\",\"inLanguage\":\"ca\",\"@id\":\"https:\/\/www.ralarsa.com\/ca\/#\/schema\/logo\/image\/\",\"url\":\"https:\/\/ralarsa.s3.eu-central-1.amazonaws.com\/wp-content\/uploads\/2025\/04\/logo-ralarsa.png\",\"contentUrl\":\"https:\/\/ralarsa.s3.eu-central-1.amazonaws.com\/wp-content\/uploads\/2025\/04\/logo-ralarsa.png\",\"width\":1192,\"height\":412,\"caption\":\"Ralarsa\"},\"image\":{\"@id\":\"https:\/\/www.ralarsa.com\/ca\/#\/schema\/logo\/image\/\"}},{\"@type\":\"Person\",\"@id\":\"https:\/\/www.ralarsa.com\/es\/#\/schema\/person\/da053e3bdd8933370cee4db17edd3710\",\"name\":\"Aina Belles\",\"image\":{\"@type\":\"ImageObject\",\"inLanguage\":\"ca\",\"@id\":\"https:\/\/www.ralarsa.com\/ca\/#\/schema\/person\/image\/\",\"url\":\"https:\/\/secure.gravatar.com\/avatar\/a5711a4554fc4f9a95faec51accef383d52c93253ac87fe09655e6991a4a4ebe?s=96&d=mm&r=g\",\"contentUrl\":\"https:\/\/secure.gravatar.com\/avatar\/a5711a4554fc4f9a95faec51accef383d52c93253ac87fe09655e6991a4a4ebe?s=96&d=mm&r=g\",\"caption\":\"Aina Belles\"},\"sameAs\":[\"http:\/\/ralarsa.com\"]}]}<\/script>\n<!-- \/ Yoast SEO Premium plugin. -->","yoast_head_json":{"title":"Import\u00e0ncia de calibrar els sistemes ADAS despr\u00e9s de canviar vidres o parabrises - Ralarsa","robots":{"index":"index","follow":"follow","max-snippet":"max-snippet:-1","max-image-preview":"max-image-preview:large","max-video-preview":"max-video-preview:-1"},"canonical":"https:\/\/www.ralarsa.com\/ca\/importancia-de-calibrar-los-sistemas-adas-tras-cambiar-lunas-o-parabrisas\/","og_locale":"ca_ES","og_type":"article","og_title":"Import\u00e0ncia de calibrar els sistemes ADAS despr\u00e9s de canviar vidres o parabrises","og_description":"La import\u00e0ncia de calibrar els sistemes ADAS despr\u00e9s de canviar vidres o parabrises rau en garantir que les c\u00e0meres i sensors integrats al vidre funcionin correctament i continu\u00efn oferint assist\u00e8ncia segura al conductor. Sistemes com el manteniment de carril, el frenat autom\u00e0tic o el control de creuer adaptatiu depenen d\u2019una calibraci\u00f3 precisa. Si no es...","og_url":"https:\/\/www.ralarsa.com\/ca\/importancia-de-calibrar-los-sistemas-adas-tras-cambiar-lunas-o-parabrisas\/","og_site_name":"Ralarsa","article_published_time":"2026-04-27T09:22:05+00:00","og_image":[{"width":901,"height":600,"url":"https:\/\/d2oyvx818ubhz6.cloudfront.net\/wp-content\/uploads\/2026\/04\/importancia-calibrar-sistemas-adas-cambiar-luna-parabrisas.png","type":"image\/png"}],"author":"Aina Belles","twitter_card":"summary_large_image","twitter_misc":{"Escrit per":"Aina Belles","Temps estimat de lectura":"2 minuts"},"schema":{"@context":"https:\/\/schema.org","@graph":[{"@type":"Article","@id":"https:\/\/www.ralarsa.com\/es\/importancia-de-calibrar-los-sistemas-adas-tras-cambiar-lunas-o-parabrisas\/#article","isPartOf":{"@id":"https:\/\/www.ralarsa.com\/es\/importancia-de-calibrar-los-sistemas-adas-tras-cambiar-lunas-o-parabrisas\/"},"author":{"name":"Aina Belles","@id":"https:\/\/www.ralarsa.com\/es\/#\/schema\/person\/da053e3bdd8933370cee4db17edd3710"},"headline":"Import\u00e0ncia de calibrar els sistemes ADAS despr\u00e9s de canviar vidres o parabrises","datePublished":"2026-04-27T09:22:05+00:00","mainEntityOfPage":{"@id":"https:\/\/www.ralarsa.com\/es\/importancia-de-calibrar-los-sistemas-adas-tras-cambiar-lunas-o-parabrisas\/"},"wordCount":990,"commentCount":0,"publisher":{"@id":"https:\/\/www.ralarsa.com\/es\/#organization"},"image":{"@id":"https:\/\/www.ralarsa.com\/es\/importancia-de-calibrar-los-sistemas-adas-tras-cambiar-lunas-o-parabrisas\/#primaryimage"},"thumbnailUrl":"https:\/\/d2oyvx818ubhz6.cloudfront.net\/wp-content\/uploads\/2026\/04\/importancia-calibrar-sistemas-adas-cambiar-luna-parabrisas.png","articleSection":["Informaci\u00f3"],"inLanguage":"ca","potentialAction":[{"@type":"CommentAction","name":"Comment","target":["https:\/\/www.ralarsa.com\/es\/importancia-de-calibrar-los-sistemas-adas-tras-cambiar-lunas-o-parabrisas\/#respond"]}]},{"@type":"WebPage","@id":"https:\/\/www.ralarsa.com\/ca\/importancia-de-calibrar-los-sistemas-adas-tras-cambiar-lunas-o-parabrisas\/","url":"https:\/\/www.ralarsa.com\/ca\/importancia-de-calibrar-los-sistemas-adas-tras-cambiar-lunas-o-parabrisas\/","name":"Import\u00e0ncia de calibrar els sistemes ADAS despr\u00e9s de canviar vidres o parabrises - Ralarsa","isPartOf":{"@id":"https:\/\/www.ralarsa.com\/ca\/#website"},"primaryImageOfPage":{"@id":"https:\/\/www.ralarsa.com\/ca\/importancia-de-calibrar-los-sistemas-adas-tras-cambiar-lunas-o-parabrisas\/#primaryimage"},"image":{"@id":"https:\/\/www.ralarsa.com\/es\/importancia-de-calibrar-los-sistemas-adas-tras-cambiar-lunas-o-parabrisas\/#primaryimage"},"thumbnailUrl":"https:\/\/d2oyvx818ubhz6.cloudfront.net\/wp-content\/uploads\/2026\/04\/importancia-calibrar-sistemas-adas-cambiar-luna-parabrisas.png","datePublished":"2026-04-27T09:22:05+00:00","breadcrumb":{"@id":"https:\/\/www.ralarsa.com\/ca\/importancia-de-calibrar-los-sistemas-adas-tras-cambiar-lunas-o-parabrisas\/#breadcrumb"},"inLanguage":"ca","potentialAction":[{"@type":"ReadAction","target":[["https:\/\/www.ralarsa.com\/ca\/importancia-de-calibrar-los-sistemas-adas-tras-cambiar-lunas-o-parabrisas\/"]]}]},{"@type":"ImageObject","inLanguage":"ca","@id":"https:\/\/www.ralarsa.com\/ca\/importancia-de-calibrar-los-sistemas-adas-tras-cambiar-lunas-o-parabrisas\/#primaryimage","url":"https:\/\/d2oyvx818ubhz6.cloudfront.net\/wp-content\/uploads\/2026\/04\/importancia-calibrar-sistemas-adas-cambiar-luna-parabrisas.png","contentUrl":"https:\/\/d2oyvx818ubhz6.cloudfront.net\/wp-content\/uploads\/2026\/04\/importancia-calibrar-sistemas-adas-cambiar-luna-parabrisas.png","width":901,"height":600,"caption":"T\u00e9cnico realizando la calibraci\u00f3n de sistemas ADAS en un veh\u00edculo tras la sustituci\u00f3n del parabrisas."},{"@type":"BreadcrumbList","@id":"https:\/\/www.ralarsa.com\/ca\/importancia-de-calibrar-los-sistemas-adas-tras-cambiar-lunas-o-parabrisas\/#breadcrumb","itemListElement":[{"@type":"ListItem","position":1,"name":"Portada","item":"https:\/\/www.ralarsa.com\/ca\/ralarsa-2\/"},{"@type":"ListItem","position":2,"name":"Importancia de calibrar los sistemas ADAS tras cambiar lunas o parabrisas"}]},{"@type":"WebSite","@id":"https:\/\/www.ralarsa.com\/ca\/#website","url":"https:\/\/www.ralarsa.com\/ca\/","name":"Ralarsa","description":"","publisher":{"@id":"https:\/\/www.ralarsa.com\/ca\/#organization"},"potentialAction":[{"@type":"SearchAction","target":{"@type":"EntryPoint","urlTemplate":"https:\/\/www.ralarsa.com\/ca\/?s={search_term_string}"},"query-input":{"@type":"PropertyValueSpecification","valueRequired":true,"valueName":"search_term_string"}}],"inLanguage":"ca"},{"@type":"Organization","@id":"https:\/\/www.ralarsa.com\/ca\/#organization","name":"Ralarsa","url":"https:\/\/www.ralarsa.com\/ca\/","logo":{"@type":"ImageObject","inLanguage":"ca","@id":"https:\/\/www.ralarsa.com\/ca\/#\/schema\/logo\/image\/","url":"https:\/\/ralarsa.s3.eu-central-1.amazonaws.com\/wp-content\/uploads\/2025\/04\/logo-ralarsa.png","contentUrl":"https:\/\/ralarsa.s3.eu-central-1.amazonaws.com\/wp-content\/uploads\/2025\/04\/logo-ralarsa.png","width":1192,"height":412,"caption":"Ralarsa"},"image":{"@id":"https:\/\/www.ralarsa.com\/ca\/#\/schema\/logo\/image\/"}},{"@type":"Person","@id":"https:\/\/www.ralarsa.com\/es\/#\/schema\/person\/da053e3bdd8933370cee4db17edd3710","name":"Aina Belles","image":{"@type":"ImageObject","inLanguage":"ca","@id":"https:\/\/www.ralarsa.com\/ca\/#\/schema\/person\/image\/","url":"https:\/\/secure.gravatar.com\/avatar\/a5711a4554fc4f9a95faec51accef383d52c93253ac87fe09655e6991a4a4ebe?s=96&d=mm&r=g","contentUrl":"https:\/\/secure.gravatar.com\/avatar\/a5711a4554fc4f9a95faec51accef383d52c93253ac87fe09655e6991a4a4ebe?s=96&d=mm&r=g","caption":"Aina Belles"},"sameAs":["http:\/\/ralarsa.com"]}]}},"_links":{"self":[{"href":"https:\/\/www.ralarsa.com\/ca\/wp-json\/wp\/v2\/posts\/6812","targetHints":{"allow":["GET"]}}],"collection":[{"href":"https:\/\/www.ralarsa.com\/ca\/wp-json\/wp\/v2\/posts"}],"about":[{"href":"https:\/\/www.ralarsa.com\/ca\/wp-json\/wp\/v2\/types\/post"}],"author":[{"embeddable":true,"href":"https:\/\/www.ralarsa.com\/ca\/wp-json\/wp\/v2\/users\/8"}],"replies":[{"embeddable":true,"href":"https:\/\/www.ralarsa.com\/ca\/wp-json\/wp\/v2\/comments?post=6812"}],"version-history":[{"count":1,"href":"https:\/\/www.ralarsa.com\/ca\/wp-json\/wp\/v2\/posts\/6812\/revisions"}],"predecessor-version":[{"id":6814,"href":"https:\/\/www.ralarsa.com\/ca\/wp-json\/wp\/v2\/posts\/6812\/revisions\/6814"}],"wp:featuredmedia":[{"embeddable":true,"href":"https:\/\/www.ralarsa.com\/ca\/wp-json\/wp\/v2\/media\/6813"}],"wp:attachment":[{"href":"https:\/\/www.ralarsa.com\/ca\/wp-json\/wp\/v2\/media?parent=6812"}],"wp:term":[{"taxonomy":"category","embeddable":true,"href":"https:\/\/www.ralarsa.com\/ca\/wp-json\/wp\/v2\/categories?post=6812"},{"taxonomy":"post_tag","embeddable":true,"href":"https:\/\/www.ralarsa.com\/ca\/wp-json\/wp\/v2\/tags?post=6812"}],"curies":[{"name":"wp","href":"https:\/\/api.w.org\/{rel}","templated":true}]}}