{"id":6590,"date":"2026-02-26T15:48:03","date_gmt":"2026-02-26T14:48:03","guid":{"rendered":"https:\/\/www.ralarsa.com\/es\/?p=6590"},"modified":"2026-02-26T15:51:23","modified_gmt":"2026-02-26T14:51:23","slug":"nuevo-taller-en-murcia","status":"publish","type":"post","link":"https:\/\/www.ralarsa.com\/en\/nuevo-taller-en-murcia\/","title":{"rendered":"New workshop in Murcia"},"content":{"rendered":"<p><\/p>\n<p class=\"ai-optimize-19 ai-optimize-introduction\" dir=\"auto\">At Ralarsa, we continue to expand our network to be closer to you. We are pleased to announce the opening of our <strong>new workshop in Murcia<\/strong>, a modern and fully equipped space designed to provide you with the best service in windshield and car glass repair and replacement, including windshields with <strong>ADAS<\/strong> technology.<\/p>\n<p class=\"ai-optimize-20\" dir=\"auto\">With over 250 workshops across Spain and more than 45 years of experience in the sector, Ralarsa specializes in the replacement and <a href=\"https:\/\/www.ralarsa.com\/en\/repair-car-windscreen\/\">repair of your vehicle\u2019s glass<\/a>. Our team of highly qualified technicians guarantees fast, precise, and safe service, always following each manufacturer\u2019s protocols.<\/p>\n<h2 class=\"ai-optimize-21\" dir=\"auto\"><strong>Details of the new workshop in Murcia<\/strong><\/h2>\n<p class=\"ai-optimize-22\" dir=\"auto\"><strong>Address:<\/strong> Ronda Norte, 25 bajo izquierda, 30009, Murcia<br \/>\n<strong>Opening Hours (Mon-Fri):<\/strong> 9:00-13:30h and 15:30-19:00h<\/p>\n<h2 class=\"ai-optimize-23\" dir=\"auto\"><strong>Services of the new workshop in Murcia<\/strong><\/h2>\n<p class=\"ai-optimize-24\" dir=\"auto\">In our new Murcia center, we offer you all of <strong>Ralarsa\u2019s<\/strong> specialized services, including:<\/p>\n<ul dir=\"auto\">\n<li class=\"text-start ai-optimize-25\"><strong>Repair and replacement of windshields with ADAS technology<\/strong>, including camera and sensor recalibration.<\/li>\n<li class=\"text-start ai-optimize-26\"><strong>Replacement of side and rear windows<\/strong> with certified materials.<\/li>\n<li class=\"text-start ai-optimize-27\"><strong>Impact repair<\/strong> on glass to avoid unnecessary replacements.<\/li>\n<li class=\"text-start ai-optimize-28\"><strong>Guaranteed installation<\/strong> following manufacturer protocols.<\/li>\n<li class=\"text-start ai-optimize-29\"><strong>Fast service<\/strong> by booking the day and time that suits you best.<\/li>\n<\/ul>\n<div class=\"my-2\"><\/div>\n<p class=\"ai-optimize-30\" dir=\"auto\">At <strong>Ralarsa<\/strong>, we work to ensure your vehicle maintains its safety and functionality at all times, using certified glass and high-quality technical adhesives.<\/p>\n<p class=\"ai-optimize-31\" dir=\"auto\"><strong>We keep growing<\/strong> to be closer to you. We look forward to welcoming you to our new workshop in Murcia to take care of your car\u2019s glass with maximum guarantee!<\/p>\n<p><\/p>","protected":false},"excerpt":{"rendered":"At Ralarsa, we continue to expand our network to be closer to you. We are pleased to announce the opening of our new workshop in Murcia, a modern and fully equipped space designed to provide you with the best service in windshield and car glass repair and replacement, including windshields with ADAS technology. With over&#8230;","protected":false},"author":8,"featured_media":6591,"comment_status":"open","ping_status":"open","sticky":false,"template":"","format":"standard","meta":{"_acf_changed":false,"inline_featured_image":false,"footnotes":""},"categories":[1],"tags":[],"class_list":["post-6590","post","type-post","status-publish","format-standard","has-post-thumbnail","hentry","category-uncategorized"],"acf":[],"yoast_head":"<!-- This site is optimized with the Yoast SEO Premium plugin v25.3 (Yoast SEO v26.7) - https:\/\/yoast.com\/wordpress\/plugins\/seo\/ -->\n<title>New workshop in Murcia - Ralarsa<\/title>\n<meta name=\"robots\" content=\"index, follow, max-snippet:-1, max-image-preview:large, max-video-preview:-1\" \/>\n<link rel=\"canonical\" href=\"https:\/\/www.ralarsa.com\/en\/nuevo-taller-en-murcia\/\" \/>\n<meta property=\"og:locale\" content=\"en_US\" \/>\n<meta property=\"og:type\" content=\"article\" \/>\n<meta property=\"og:title\" content=\"New workshop in Murcia\" \/>\n<meta property=\"og:description\" content=\"At Ralarsa, we continue to expand our network to be closer to you. We are pleased to announce the opening of our new workshop in Murcia, a modern and fully equipped space designed to provide you with the best service in windshield and car glass repair and replacement, including windshields with ADAS technology. With over...\" \/>\n<meta property=\"og:url\" content=\"https:\/\/www.ralarsa.com\/en\/nuevo-taller-en-murcia\/\" \/>\n<meta property=\"og:site_name\" content=\"Ralarsa\" \/>\n<meta property=\"article:published_time\" content=\"2026-02-26T14:48:03+00:00\" \/>\n<meta property=\"article:modified_time\" content=\"2026-02-26T14:51:23+00:00\" \/>\n<meta property=\"og:image\" content=\"https:\/\/d2oyvx818ubhz6.cloudfront.net\/wp-content\/uploads\/2026\/02\/nuevo-taller-murcia.jpg\" \/>\n\t<meta property=\"og:image:width\" content=\"1920\" \/>\n\t<meta property=\"og:image:height\" content=\"1440\" \/>\n\t<meta property=\"og:image:type\" content=\"image\/jpeg\" \/>\n<meta name=\"author\" content=\"Aina Belles\" \/>\n<meta name=\"twitter:card\" content=\"summary_large_image\" \/>\n<meta name=\"twitter:label1\" content=\"Written by\" \/>\n\t<meta name=\"twitter:data1\" content=\"Aina Belles\" \/>\n\t<meta name=\"twitter:label2\" content=\"Est. reading time\" \/>\n\t<meta name=\"twitter:data2\" content=\"2 minutes\" \/>\n<script type=\"application\/ld+json\" class=\"yoast-schema-graph\">{\"@context\":\"https:\/\/schema.org\",\"@graph\":[{\"@type\":\"Article\",\"@id\":\"https:\/\/www.ralarsa.com\/es\/nuevo-taller-en-murcia\/#article\",\"isPartOf\":{\"@id\":\"https:\/\/www.ralarsa.com\/es\/nuevo-taller-en-murcia\/\"},\"author\":{\"name\":\"Aina Belles\",\"@id\":\"https:\/\/www.ralarsa.com\/es\/#\/schema\/person\/da053e3bdd8933370cee4db17edd3710\"},\"headline\":\"New workshop in Murcia\",\"datePublished\":\"2026-02-26T14:48:03+00:00\",\"dateModified\":\"2026-02-26T14:51:23+00:00\",\"mainEntityOfPage\":{\"@id\":\"https:\/\/www.ralarsa.com\/es\/nuevo-taller-en-murcia\/\"},\"wordCount\":808,\"commentCount\":0,\"publisher\":{\"@id\":\"https:\/\/www.ralarsa.com\/es\/#organization\"},\"image\":{\"@id\":\"https:\/\/www.ralarsa.com\/es\/nuevo-taller-en-murcia\/#primaryimage\"},\"thumbnailUrl\":\"https:\/\/d2oyvx818ubhz6.cloudfront.net\/wp-content\/uploads\/2026\/02\/nuevo-taller-murcia.jpg\",\"articleSection\":[\"Information\"],\"inLanguage\":\"en-US\",\"potentialAction\":[{\"@type\":\"CommentAction\",\"name\":\"Comment\",\"target\":[\"https:\/\/www.ralarsa.com\/es\/nuevo-taller-en-murcia\/#respond\"]}]},{\"@type\":\"WebPage\",\"@id\":\"https:\/\/www.ralarsa.com\/en\/nuevo-taller-en-murcia\/\",\"url\":\"https:\/\/www.ralarsa.com\/en\/nuevo-taller-en-murcia\/\",\"name\":\"New workshop in Murcia - Ralarsa\",\"isPartOf\":{\"@id\":\"https:\/\/www.ralarsa.com\/en\/#website\"},\"primaryImageOfPage\":{\"@id\":\"https:\/\/www.ralarsa.com\/en\/nuevo-taller-en-murcia\/#primaryimage\"},\"image\":{\"@id\":\"https:\/\/www.ralarsa.com\/es\/nuevo-taller-en-murcia\/#primaryimage\"},\"thumbnailUrl\":\"https:\/\/d2oyvx818ubhz6.cloudfront.net\/wp-content\/uploads\/2026\/02\/nuevo-taller-murcia.jpg\",\"datePublished\":\"2026-02-26T14:48:03+00:00\",\"dateModified\":\"2026-02-26T14:51:23+00:00\",\"breadcrumb\":{\"@id\":\"https:\/\/www.ralarsa.com\/en\/nuevo-taller-en-murcia\/#breadcrumb\"},\"inLanguage\":\"en-US\",\"potentialAction\":[{\"@type\":\"ReadAction\",\"target\":[[\"https:\/\/www.ralarsa.com\/en\/nuevo-taller-en-murcia\/\"]]}]},{\"@type\":\"ImageObject\",\"inLanguage\":\"en-US\",\"@id\":\"https:\/\/www.ralarsa.com\/en\/nuevo-taller-en-murcia\/#primaryimage\",\"url\":\"https:\/\/d2oyvx818ubhz6.cloudfront.net\/wp-content\/uploads\/2026\/02\/nuevo-taller-murcia.jpg\",\"contentUrl\":\"https:\/\/d2oyvx818ubhz6.cloudfront.net\/wp-content\/uploads\/2026\/02\/nuevo-taller-murcia.jpg\",\"width\":1920,\"height\":1440,\"caption\":\"Inauguraci\u00f3n del nuevo taller Ralarsa en Murcia, especializado en reparaci\u00f3n y sustituci\u00f3n de lunas de autom\u00f3vil.\"},{\"@type\":\"BreadcrumbList\",\"@id\":\"https:\/\/www.ralarsa.com\/en\/nuevo-taller-en-murcia\/#breadcrumb\",\"itemListElement\":[{\"@type\":\"ListItem\",\"position\":1,\"name\":\"Portada\",\"item\":\"https:\/\/www.ralarsa.com\/en\/ralarsa-2\/\"},{\"@type\":\"ListItem\",\"position\":2,\"name\":\"Nuevo taller en Murcia\"}]},{\"@type\":\"WebSite\",\"@id\":\"https:\/\/www.ralarsa.com\/en\/#website\",\"url\":\"https:\/\/www.ralarsa.com\/en\/\",\"name\":\"Ralarsa\",\"description\":\"\",\"publisher\":{\"@id\":\"https:\/\/www.ralarsa.com\/en\/#organization\"},\"potentialAction\":[{\"@type\":\"SearchAction\",\"target\":{\"@type\":\"EntryPoint\",\"urlTemplate\":\"https:\/\/www.ralarsa.com\/en\/?s={search_term_string}\"},\"query-input\":{\"@type\":\"PropertyValueSpecification\",\"valueRequired\":true,\"valueName\":\"search_term_string\"}}],\"inLanguage\":\"en-US\"},{\"@type\":\"Organization\",\"@id\":\"https:\/\/www.ralarsa.com\/en\/#organization\",\"name\":\"Ralarsa\",\"url\":\"https:\/\/www.ralarsa.com\/en\/\",\"logo\":{\"@type\":\"ImageObject\",\"inLanguage\":\"en-US\",\"@id\":\"https:\/\/www.ralarsa.com\/en\/#\/schema\/logo\/image\/\",\"url\":\"https:\/\/ralarsa.s3.eu-central-1.amazonaws.com\/wp-content\/uploads\/2025\/04\/logo-ralarsa.png\",\"contentUrl\":\"https:\/\/ralarsa.s3.eu-central-1.amazonaws.com\/wp-content\/uploads\/2025\/04\/logo-ralarsa.png\",\"width\":1192,\"height\":412,\"caption\":\"Ralarsa\"},\"image\":{\"@id\":\"https:\/\/www.ralarsa.com\/en\/#\/schema\/logo\/image\/\"}},{\"@type\":\"Person\",\"@id\":\"https:\/\/www.ralarsa.com\/es\/#\/schema\/person\/da053e3bdd8933370cee4db17edd3710\",\"name\":\"Aina Belles\",\"image\":{\"@type\":\"ImageObject\",\"inLanguage\":\"en-US\",\"@id\":\"https:\/\/www.ralarsa.com\/en\/#\/schema\/person\/image\/\",\"url\":\"https:\/\/secure.gravatar.com\/avatar\/a5711a4554fc4f9a95faec51accef383d52c93253ac87fe09655e6991a4a4ebe?s=96&d=mm&r=g\",\"contentUrl\":\"https:\/\/secure.gravatar.com\/avatar\/a5711a4554fc4f9a95faec51accef383d52c93253ac87fe09655e6991a4a4ebe?s=96&d=mm&r=g\",\"caption\":\"Aina Belles\"},\"sameAs\":[\"http:\/\/ralarsa.com\"]}]}<\/script>\n<!-- \/ Yoast SEO Premium plugin. -->","yoast_head_json":{"title":"New workshop in Murcia - Ralarsa","robots":{"index":"index","follow":"follow","max-snippet":"max-snippet:-1","max-image-preview":"max-image-preview:large","max-video-preview":"max-video-preview:-1"},"canonical":"https:\/\/www.ralarsa.com\/en\/nuevo-taller-en-murcia\/","og_locale":"en_US","og_type":"article","og_title":"New workshop in Murcia","og_description":"At Ralarsa, we continue to expand our network to be closer to you. We are pleased to announce the opening of our new workshop in Murcia, a modern and fully equipped space designed to provide you with the best service in windshield and car glass repair and replacement, including windshields with ADAS technology. With over...","og_url":"https:\/\/www.ralarsa.com\/en\/nuevo-taller-en-murcia\/","og_site_name":"Ralarsa","article_published_time":"2026-02-26T14:48:03+00:00","article_modified_time":"2026-02-26T14:51:23+00:00","og_image":[{"width":1920,"height":1440,"url":"https:\/\/d2oyvx818ubhz6.cloudfront.net\/wp-content\/uploads\/2026\/02\/nuevo-taller-murcia.jpg","type":"image\/jpeg"}],"author":"Aina Belles","twitter_card":"summary_large_image","twitter_misc":{"Written by":"Aina Belles","Est. reading time":"2 minutes"},"schema":{"@context":"https:\/\/schema.org","@graph":[{"@type":"Article","@id":"https:\/\/www.ralarsa.com\/es\/nuevo-taller-en-murcia\/#article","isPartOf":{"@id":"https:\/\/www.ralarsa.com\/es\/nuevo-taller-en-murcia\/"},"author":{"name":"Aina Belles","@id":"https:\/\/www.ralarsa.com\/es\/#\/schema\/person\/da053e3bdd8933370cee4db17edd3710"},"headline":"New workshop in Murcia","datePublished":"2026-02-26T14:48:03+00:00","dateModified":"2026-02-26T14:51:23+00:00","mainEntityOfPage":{"@id":"https:\/\/www.ralarsa.com\/es\/nuevo-taller-en-murcia\/"},"wordCount":808,"commentCount":0,"publisher":{"@id":"https:\/\/www.ralarsa.com\/es\/#organization"},"image":{"@id":"https:\/\/www.ralarsa.com\/es\/nuevo-taller-en-murcia\/#primaryimage"},"thumbnailUrl":"https:\/\/d2oyvx818ubhz6.cloudfront.net\/wp-content\/uploads\/2026\/02\/nuevo-taller-murcia.jpg","articleSection":["Information"],"inLanguage":"en-US","potentialAction":[{"@type":"CommentAction","name":"Comment","target":["https:\/\/www.ralarsa.com\/es\/nuevo-taller-en-murcia\/#respond"]}]},{"@type":"WebPage","@id":"https:\/\/www.ralarsa.com\/en\/nuevo-taller-en-murcia\/","url":"https:\/\/www.ralarsa.com\/en\/nuevo-taller-en-murcia\/","name":"New workshop in Murcia - Ralarsa","isPartOf":{"@id":"https:\/\/www.ralarsa.com\/en\/#website"},"primaryImageOfPage":{"@id":"https:\/\/www.ralarsa.com\/en\/nuevo-taller-en-murcia\/#primaryimage"},"image":{"@id":"https:\/\/www.ralarsa.com\/es\/nuevo-taller-en-murcia\/#primaryimage"},"thumbnailUrl":"https:\/\/d2oyvx818ubhz6.cloudfront.net\/wp-content\/uploads\/2026\/02\/nuevo-taller-murcia.jpg","datePublished":"2026-02-26T14:48:03+00:00","dateModified":"2026-02-26T14:51:23+00:00","breadcrumb":{"@id":"https:\/\/www.ralarsa.com\/en\/nuevo-taller-en-murcia\/#breadcrumb"},"inLanguage":"en-US","potentialAction":[{"@type":"ReadAction","target":[["https:\/\/www.ralarsa.com\/en\/nuevo-taller-en-murcia\/"]]}]},{"@type":"ImageObject","inLanguage":"en-US","@id":"https:\/\/www.ralarsa.com\/en\/nuevo-taller-en-murcia\/#primaryimage","url":"https:\/\/d2oyvx818ubhz6.cloudfront.net\/wp-content\/uploads\/2026\/02\/nuevo-taller-murcia.jpg","contentUrl":"https:\/\/d2oyvx818ubhz6.cloudfront.net\/wp-content\/uploads\/2026\/02\/nuevo-taller-murcia.jpg","width":1920,"height":1440,"caption":"Inauguraci\u00f3n del nuevo taller Ralarsa en Murcia, especializado en reparaci\u00f3n y sustituci\u00f3n de lunas de autom\u00f3vil."},{"@type":"BreadcrumbList","@id":"https:\/\/www.ralarsa.com\/en\/nuevo-taller-en-murcia\/#breadcrumb","itemListElement":[{"@type":"ListItem","position":1,"name":"Portada","item":"https:\/\/www.ralarsa.com\/en\/ralarsa-2\/"},{"@type":"ListItem","position":2,"name":"Nuevo taller en Murcia"}]},{"@type":"WebSite","@id":"https:\/\/www.ralarsa.com\/en\/#website","url":"https:\/\/www.ralarsa.com\/en\/","name":"Ralarsa","description":"","publisher":{"@id":"https:\/\/www.ralarsa.com\/en\/#organization"},"potentialAction":[{"@type":"SearchAction","target":{"@type":"EntryPoint","urlTemplate":"https:\/\/www.ralarsa.com\/en\/?s={search_term_string}"},"query-input":{"@type":"PropertyValueSpecification","valueRequired":true,"valueName":"search_term_string"}}],"inLanguage":"en-US"},{"@type":"Organization","@id":"https:\/\/www.ralarsa.com\/en\/#organization","name":"Ralarsa","url":"https:\/\/www.ralarsa.com\/en\/","logo":{"@type":"ImageObject","inLanguage":"en-US","@id":"https:\/\/www.ralarsa.com\/en\/#\/schema\/logo\/image\/","url":"https:\/\/ralarsa.s3.eu-central-1.amazonaws.com\/wp-content\/uploads\/2025\/04\/logo-ralarsa.png","contentUrl":"https:\/\/ralarsa.s3.eu-central-1.amazonaws.com\/wp-content\/uploads\/2025\/04\/logo-ralarsa.png","width":1192,"height":412,"caption":"Ralarsa"},"image":{"@id":"https:\/\/www.ralarsa.com\/en\/#\/schema\/logo\/image\/"}},{"@type":"Person","@id":"https:\/\/www.ralarsa.com\/es\/#\/schema\/person\/da053e3bdd8933370cee4db17edd3710","name":"Aina Belles","image":{"@type":"ImageObject","inLanguage":"en-US","@id":"https:\/\/www.ralarsa.com\/en\/#\/schema\/person\/image\/","url":"https:\/\/secure.gravatar.com\/avatar\/a5711a4554fc4f9a95faec51accef383d52c93253ac87fe09655e6991a4a4ebe?s=96&d=mm&r=g","contentUrl":"https:\/\/secure.gravatar.com\/avatar\/a5711a4554fc4f9a95faec51accef383d52c93253ac87fe09655e6991a4a4ebe?s=96&d=mm&r=g","caption":"Aina Belles"},"sameAs":["http:\/\/ralarsa.com"]}]}},"_links":{"self":[{"href":"https:\/\/www.ralarsa.com\/en\/wp-json\/wp\/v2\/posts\/6590","targetHints":{"allow":["GET"]}}],"collection":[{"href":"https:\/\/www.ralarsa.com\/en\/wp-json\/wp\/v2\/posts"}],"about":[{"href":"https:\/\/www.ralarsa.com\/en\/wp-json\/wp\/v2\/types\/post"}],"author":[{"embeddable":true,"href":"https:\/\/www.ralarsa.com\/en\/wp-json\/wp\/v2\/users\/8"}],"replies":[{"embeddable":true,"href":"https:\/\/www.ralarsa.com\/en\/wp-json\/wp\/v2\/comments?post=6590"}],"version-history":[{"count":3,"href":"https:\/\/www.ralarsa.com\/en\/wp-json\/wp\/v2\/posts\/6590\/revisions"}],"predecessor-version":[{"id":6594,"href":"https:\/\/www.ralarsa.com\/en\/wp-json\/wp\/v2\/posts\/6590\/revisions\/6594"}],"wp:featuredmedia":[{"embeddable":true,"href":"https:\/\/www.ralarsa.com\/en\/wp-json\/wp\/v2\/media\/6591"}],"wp:attachment":[{"href":"https:\/\/www.ralarsa.com\/en\/wp-json\/wp\/v2\/media?parent=6590"}],"wp:term":[{"taxonomy":"category","embeddable":true,"href":"https:\/\/www.ralarsa.com\/en\/wp-json\/wp\/v2\/categories?post=6590"},{"taxonomy":"post_tag","embeddable":true,"href":"https:\/\/www.ralarsa.com\/en\/wp-json\/wp\/v2\/tags?post=6590"}],"curies":[{"name":"wp","href":"https:\/\/api.w.org\/{rel}","templated":true}]}}