{"id":1840,"date":"2021-05-18T00:00:00","date_gmt":"2021-05-18T00:00:00","guid":{"rendered":"https:\/\/www.ralarsa.com\/solidaria-con-la\/"},"modified":"2025-09-23T16:11:55","modified_gmt":"2025-09-23T15:11:55","slug":"solidaria-con-la","status":"publish","type":"post","link":"https:\/\/www.ralarsa.com\/es\/solidaria-con-la\/","title":{"rendered":"Auto Cristal RALARSA solidaria con la Fundaci\u00f3n Vicente Ferrer"},"content":{"rendered":"<p><em>Auto Cristal Ralarsa por cada reparaci\u00f3n y\/o sustituci\u00f3n de lunas donar\u00e1 0,50\u20ac para ayudar a que 56 ni\u00f1as con discapacidad intelectual del centro de B.K. Samudram (India) reciban una educaci\u00f3n de calidad que favorezca su integraci\u00f3n social y les proporcione una igualdad de oportunidades en el futuro.<\/em><\/p>\n<p>Auto Cristal Ralarsa, empresa familiar con 39\u00a0a\u00f1os de experiencia fue la primera empresa en Espa\u00f1a en aportar una red comercial de centros especializados en cristaler\u00eda para el autom\u00f3vil, cuenta con m\u00e1s de 210 talleres y m\u00e1s de 215 unidades m\u00f3viles lo que le permite ofrecer una cobertura de m\u00e1s del 97% en el territorio nacional. Adem\u00e1s, es la \u00fanica empresa del sector que tiene la certificaci\u00f3n del Centro Zaragoza como norma de calidad interna.<\/p>\n<p>La Fundaci\u00f3n Vicente Ferrer, es una ONG de prestigio internacional y comprometida desde 1969 en erradicar la pobreza y transformar las zonas m\u00e1s empobrecidas de la India.<\/p>\n<p>Gracias a un acuerdo de colaboraci\u00f3n, Auto Cristal Ralarsa activa una campa\u00f1a solidaria, que consiste en que\u00a0<strong>por cada servicio completado de reparaci\u00f3n y\/o sustituci\u00f3n de lunas de autom\u00f3viles desde el 1 de diciembre de 2017 al 20 de enero de 2018, Auto Cristal RALARSA donar\u00e1 0,50\u20ac al\u00a0Proyecto del centro residencial para ni\u00f1as con discapacidad intelectual de la regi\u00f3n de B.K. Samudram.<\/strong> La Fundaci\u00f3n Vicente Ferrer tiene 6 centros de educaci\u00f3n especial y rehabilitaci\u00f3n integradora que se ubican en 5 localidades del distrito de Anantapur en el estado de Andhra Pradesh.<\/p>\n<p>Este proyecto, permite garantizar a las ni\u00f1as con discapacidad intelectual recibir una educaci\u00f3n de calidad que favorezca su integraci\u00f3n social y les proporcione una igualdad de oportunidades en el futuro.<\/p>\n<p>El Director General, el Sr. Joan Jordi Arsalaguet cree que \u201cEn Auto Cristal Ralarsa, apostamos por la responsabilidad social corporativa y por ayudar mediante este tipo de acciones a la sociedad, y desde un principio tuvimos muy claro nuestra implicaci\u00f3n en este proyecto para ni\u00f1as y ni\u00f1os con discapacidad intelectual y en la prestigiosa Fundaci\u00f3n Vicente Ferrer\u201d.<\/p>","protected":false},"excerpt":{"rendered":"Auto Cristal Ralarsa por cada reparaci\u00f3n y\/o sustituci\u00f3n de lunas donar\u00e1 0,50\u20ac para ayudar a que 56 ni\u00f1as con discapacidad intelectual del centro de B.K. Samudram (India) reciban una educaci\u00f3n de calidad que favorezca su integraci\u00f3n social y les proporcione una igualdad de oportunidades en el futuro. Auto Cristal Ralarsa, empresa familiar con 39\u00a0a\u00f1os de&#8230;","protected":false},"author":1,"featured_media":2337,"comment_status":"open","ping_status":"open","sticky":false,"template":"","format":"standard","meta":{"_acf_changed":false,"inline_featured_image":false,"footnotes":""},"categories":[1],"tags":[15],"class_list":["post-1840","post","type-post","status-publish","format-standard","has-post-thumbnail","hentry","category-uncategorized","tag-ok"],"acf":[],"yoast_head":"<!-- This site is optimized with the Yoast SEO Premium plugin v25.3 (Yoast SEO v26.7) - https:\/\/yoast.com\/wordpress\/plugins\/seo\/ -->\n<title>Auto Cristal RALARSA solidaria con la Fundaci\u00f3n Vicente Ferrer - Ralarsa<\/title>\n<meta name=\"description\" content=\"Auto Cristal RALARSA solidaria con la Fundaci\u00f3n Vicente Ferrer\" \/>\n<meta name=\"robots\" content=\"index, follow, max-snippet:-1, max-image-preview:large, max-video-preview:-1\" \/>\n<link rel=\"canonical\" href=\"https:\/\/www.ralarsa.com\/es\/solidaria-con-la\/\" \/>\n<meta property=\"og:locale\" content=\"es_ES\" \/>\n<meta property=\"og:type\" content=\"article\" \/>\n<meta property=\"og:title\" content=\"Auto Cristal RALARSA solidaria con la Fundaci\u00f3n Vicente Ferrer\" \/>\n<meta property=\"og:description\" content=\"Auto Cristal RALARSA solidaria con la Fundaci\u00f3n Vicente Ferrer\" \/>\n<meta property=\"og:url\" content=\"https:\/\/www.ralarsa.com\/es\/solidaria-con-la\/\" \/>\n<meta property=\"og:site_name\" content=\"Ralarsa\" \/>\n<meta property=\"article:published_time\" content=\"2021-05-18T00:00:00+00:00\" \/>\n<meta property=\"article:modified_time\" content=\"2025-09-23T15:11:55+00:00\" \/>\n<meta property=\"og:image\" content=\"https:\/\/ralarsa.s3.eu-central-1.amazonaws.com\/wp-content\/uploads\/2025\/03\/519.jpeg\" \/>\n\t<meta property=\"og:image:width\" content=\"850\" \/>\n\t<meta property=\"og:image:height\" content=\"600\" \/>\n\t<meta property=\"og:image:type\" content=\"image\/jpeg\" \/>\n<meta name=\"author\" content=\"ralarsa_admin\" \/>\n<meta name=\"twitter:card\" content=\"summary_large_image\" \/>\n<meta name=\"twitter:label1\" content=\"Escrito por\" \/>\n\t<meta name=\"twitter:data1\" content=\"ralarsa_admin\" \/>\n\t<meta name=\"twitter:label2\" content=\"Tiempo de lectura\" \/>\n\t<meta name=\"twitter:data2\" content=\"2 minutos\" \/>\n<script type=\"application\/ld+json\" class=\"yoast-schema-graph\">{\"@context\":\"https:\/\/schema.org\",\"@graph\":[{\"@type\":\"Article\",\"@id\":\"https:\/\/www.ralarsa.com\/es\/solidaria-con-la\/#article\",\"isPartOf\":{\"@id\":\"https:\/\/www.ralarsa.com\/es\/solidaria-con-la\/\"},\"author\":{\"name\":\"ralarsa_admin\",\"@id\":\"https:\/\/www.ralarsa.com\/es\/#\/schema\/person\/cc6cd8ee6652131e9e8872b5cb9424fb\"},\"headline\":\"Auto Cristal RALARSA solidaria con la Fundaci\u00f3n Vicente Ferrer\",\"datePublished\":\"2021-05-18T00:00:00+00:00\",\"dateModified\":\"2025-09-23T15:11:55+00:00\",\"mainEntityOfPage\":{\"@id\":\"https:\/\/www.ralarsa.com\/es\/solidaria-con-la\/\"},\"wordCount\":1022,\"commentCount\":0,\"publisher\":{\"@id\":\"https:\/\/www.ralarsa.com\/es\/#organization\"},\"image\":{\"@id\":\"https:\/\/www.ralarsa.com\/es\/solidaria-con-la\/#primaryimage\"},\"thumbnailUrl\":\"https:\/\/d2oyvx818ubhz6.cloudfront.net\/wp-content\/uploads\/2025\/03\/519.jpeg\",\"keywords\":[\"ok\"],\"articleSection\":[\"Informaci\u00f3n\"],\"inLanguage\":\"es\",\"potentialAction\":[{\"@type\":\"CommentAction\",\"name\":\"Comment\",\"target\":[\"https:\/\/www.ralarsa.com\/es\/solidaria-con-la\/#respond\"]}]},{\"@type\":\"WebPage\",\"@id\":\"https:\/\/www.ralarsa.com\/es\/solidaria-con-la\/\",\"url\":\"https:\/\/www.ralarsa.com\/es\/solidaria-con-la\/\",\"name\":\"Auto Cristal RALARSA solidaria con la Fundaci\u00f3n Vicente Ferrer - Ralarsa\",\"isPartOf\":{\"@id\":\"https:\/\/www.ralarsa.com\/es\/#website\"},\"primaryImageOfPage\":{\"@id\":\"https:\/\/www.ralarsa.com\/es\/solidaria-con-la\/#primaryimage\"},\"image\":{\"@id\":\"https:\/\/www.ralarsa.com\/es\/solidaria-con-la\/#primaryimage\"},\"thumbnailUrl\":\"https:\/\/d2oyvx818ubhz6.cloudfront.net\/wp-content\/uploads\/2025\/03\/519.jpeg\",\"datePublished\":\"2021-05-18T00:00:00+00:00\",\"dateModified\":\"2025-09-23T15:11:55+00:00\",\"description\":\"Auto Cristal RALARSA solidaria con la Fundaci\u00f3n Vicente Ferrer\",\"breadcrumb\":{\"@id\":\"https:\/\/www.ralarsa.com\/es\/solidaria-con-la\/#breadcrumb\"},\"inLanguage\":\"es\",\"potentialAction\":[{\"@type\":\"ReadAction\",\"target\":[[\"https:\/\/www.ralarsa.com\/es\/solidaria-con-la\/\"]]}]},{\"@type\":\"ImageObject\",\"inLanguage\":\"es\",\"@id\":\"https:\/\/www.ralarsa.com\/es\/solidaria-con-la\/#primaryimage\",\"url\":\"https:\/\/d2oyvx818ubhz6.cloudfront.net\/wp-content\/uploads\/2025\/03\/519.jpeg\",\"contentUrl\":\"https:\/\/d2oyvx818ubhz6.cloudfront.net\/wp-content\/uploads\/2025\/03\/519.jpeg\",\"width\":850,\"height\":600},{\"@type\":\"BreadcrumbList\",\"@id\":\"https:\/\/www.ralarsa.com\/es\/solidaria-con-la\/#breadcrumb\",\"itemListElement\":[{\"@type\":\"ListItem\",\"position\":1,\"name\":\"Portada\",\"item\":\"https:\/\/www.ralarsa.com\/es\/ralarsa-2\/\"},{\"@type\":\"ListItem\",\"position\":2,\"name\":\"Auto Cristal RALARSA solidaria con la Fundaci\u00f3n Vicente Ferrer\"}]},{\"@type\":\"WebSite\",\"@id\":\"https:\/\/www.ralarsa.com\/es\/#website\",\"url\":\"https:\/\/www.ralarsa.com\/es\/\",\"name\":\"Ralarsa\",\"description\":\"\",\"publisher\":{\"@id\":\"https:\/\/www.ralarsa.com\/es\/#organization\"},\"potentialAction\":[{\"@type\":\"SearchAction\",\"target\":{\"@type\":\"EntryPoint\",\"urlTemplate\":\"https:\/\/www.ralarsa.com\/es\/?s={search_term_string}\"},\"query-input\":{\"@type\":\"PropertyValueSpecification\",\"valueRequired\":true,\"valueName\":\"search_term_string\"}}],\"inLanguage\":\"es\"},{\"@type\":\"Organization\",\"@id\":\"https:\/\/www.ralarsa.com\/es\/#organization\",\"name\":\"Ralarsa\",\"url\":\"https:\/\/www.ralarsa.com\/es\/\",\"logo\":{\"@type\":\"ImageObject\",\"inLanguage\":\"es\",\"@id\":\"https:\/\/www.ralarsa.com\/es\/#\/schema\/logo\/image\/\",\"url\":\"https:\/\/ralarsa.s3.eu-central-1.amazonaws.com\/wp-content\/uploads\/2025\/04\/logo-ralarsa.png\",\"contentUrl\":\"https:\/\/ralarsa.s3.eu-central-1.amazonaws.com\/wp-content\/uploads\/2025\/04\/logo-ralarsa.png\",\"width\":1192,\"height\":412,\"caption\":\"Ralarsa\"},\"image\":{\"@id\":\"https:\/\/www.ralarsa.com\/es\/#\/schema\/logo\/image\/\"}},{\"@type\":\"Person\",\"@id\":\"https:\/\/www.ralarsa.com\/es\/#\/schema\/person\/cc6cd8ee6652131e9e8872b5cb9424fb\",\"name\":\"ralarsa_admin\",\"image\":{\"@type\":\"ImageObject\",\"inLanguage\":\"es\",\"@id\":\"https:\/\/www.ralarsa.com\/es\/#\/schema\/person\/image\/\",\"url\":\"https:\/\/secure.gravatar.com\/avatar\/a74fd8d2062d4dc1f2f251438977288d50eb8ca5b4735594bcad2f5016833f49?s=96&d=mm&r=g\",\"contentUrl\":\"https:\/\/secure.gravatar.com\/avatar\/a74fd8d2062d4dc1f2f251438977288d50eb8ca5b4735594bcad2f5016833f49?s=96&d=mm&r=g\",\"caption\":\"ralarsa_admin\"},\"sameAs\":[\"https:\/\/www-pre.ralarsa.com\"]}]}<\/script>\n<!-- \/ Yoast SEO Premium plugin. -->","yoast_head_json":{"title":"Auto Cristal RALARSA solidaria con la Fundaci\u00f3n Vicente Ferrer - Ralarsa","description":"Auto Cristal RALARSA solidaria con la Fundaci\u00f3n Vicente Ferrer","robots":{"index":"index","follow":"follow","max-snippet":"max-snippet:-1","max-image-preview":"max-image-preview:large","max-video-preview":"max-video-preview:-1"},"canonical":"https:\/\/www.ralarsa.com\/es\/solidaria-con-la\/","og_locale":"es_ES","og_type":"article","og_title":"Auto Cristal RALARSA solidaria con la Fundaci\u00f3n Vicente Ferrer","og_description":"Auto Cristal RALARSA solidaria con la Fundaci\u00f3n Vicente Ferrer","og_url":"https:\/\/www.ralarsa.com\/es\/solidaria-con-la\/","og_site_name":"Ralarsa","article_published_time":"2021-05-18T00:00:00+00:00","article_modified_time":"2025-09-23T15:11:55+00:00","og_image":[{"width":850,"height":600,"url":"https:\/\/ralarsa.s3.eu-central-1.amazonaws.com\/wp-content\/uploads\/2025\/03\/519.jpeg","type":"image\/jpeg"}],"author":"ralarsa_admin","twitter_card":"summary_large_image","twitter_misc":{"Escrito por":"ralarsa_admin","Tiempo de lectura":"2 minutos"},"schema":{"@context":"https:\/\/schema.org","@graph":[{"@type":"Article","@id":"https:\/\/www.ralarsa.com\/es\/solidaria-con-la\/#article","isPartOf":{"@id":"https:\/\/www.ralarsa.com\/es\/solidaria-con-la\/"},"author":{"name":"ralarsa_admin","@id":"https:\/\/www.ralarsa.com\/es\/#\/schema\/person\/cc6cd8ee6652131e9e8872b5cb9424fb"},"headline":"Auto Cristal RALARSA solidaria con la Fundaci\u00f3n Vicente Ferrer","datePublished":"2021-05-18T00:00:00+00:00","dateModified":"2025-09-23T15:11:55+00:00","mainEntityOfPage":{"@id":"https:\/\/www.ralarsa.com\/es\/solidaria-con-la\/"},"wordCount":1022,"commentCount":0,"publisher":{"@id":"https:\/\/www.ralarsa.com\/es\/#organization"},"image":{"@id":"https:\/\/www.ralarsa.com\/es\/solidaria-con-la\/#primaryimage"},"thumbnailUrl":"https:\/\/d2oyvx818ubhz6.cloudfront.net\/wp-content\/uploads\/2025\/03\/519.jpeg","keywords":["ok"],"articleSection":["Informaci\u00f3n"],"inLanguage":"es","potentialAction":[{"@type":"CommentAction","name":"Comment","target":["https:\/\/www.ralarsa.com\/es\/solidaria-con-la\/#respond"]}]},{"@type":"WebPage","@id":"https:\/\/www.ralarsa.com\/es\/solidaria-con-la\/","url":"https:\/\/www.ralarsa.com\/es\/solidaria-con-la\/","name":"Auto Cristal RALARSA solidaria con la Fundaci\u00f3n Vicente Ferrer - Ralarsa","isPartOf":{"@id":"https:\/\/www.ralarsa.com\/es\/#website"},"primaryImageOfPage":{"@id":"https:\/\/www.ralarsa.com\/es\/solidaria-con-la\/#primaryimage"},"image":{"@id":"https:\/\/www.ralarsa.com\/es\/solidaria-con-la\/#primaryimage"},"thumbnailUrl":"https:\/\/d2oyvx818ubhz6.cloudfront.net\/wp-content\/uploads\/2025\/03\/519.jpeg","datePublished":"2021-05-18T00:00:00+00:00","dateModified":"2025-09-23T15:11:55+00:00","description":"Auto Cristal RALARSA solidaria con la Fundaci\u00f3n Vicente Ferrer","breadcrumb":{"@id":"https:\/\/www.ralarsa.com\/es\/solidaria-con-la\/#breadcrumb"},"inLanguage":"es","potentialAction":[{"@type":"ReadAction","target":[["https:\/\/www.ralarsa.com\/es\/solidaria-con-la\/"]]}]},{"@type":"ImageObject","inLanguage":"es","@id":"https:\/\/www.ralarsa.com\/es\/solidaria-con-la\/#primaryimage","url":"https:\/\/d2oyvx818ubhz6.cloudfront.net\/wp-content\/uploads\/2025\/03\/519.jpeg","contentUrl":"https:\/\/d2oyvx818ubhz6.cloudfront.net\/wp-content\/uploads\/2025\/03\/519.jpeg","width":850,"height":600},{"@type":"BreadcrumbList","@id":"https:\/\/www.ralarsa.com\/es\/solidaria-con-la\/#breadcrumb","itemListElement":[{"@type":"ListItem","position":1,"name":"Portada","item":"https:\/\/www.ralarsa.com\/es\/ralarsa-2\/"},{"@type":"ListItem","position":2,"name":"Auto Cristal RALARSA solidaria con la Fundaci\u00f3n Vicente Ferrer"}]},{"@type":"WebSite","@id":"https:\/\/www.ralarsa.com\/es\/#website","url":"https:\/\/www.ralarsa.com\/es\/","name":"Ralarsa","description":"","publisher":{"@id":"https:\/\/www.ralarsa.com\/es\/#organization"},"potentialAction":[{"@type":"SearchAction","target":{"@type":"EntryPoint","urlTemplate":"https:\/\/www.ralarsa.com\/es\/?s={search_term_string}"},"query-input":{"@type":"PropertyValueSpecification","valueRequired":true,"valueName":"search_term_string"}}],"inLanguage":"es"},{"@type":"Organization","@id":"https:\/\/www.ralarsa.com\/es\/#organization","name":"Ralarsa","url":"https:\/\/www.ralarsa.com\/es\/","logo":{"@type":"ImageObject","inLanguage":"es","@id":"https:\/\/www.ralarsa.com\/es\/#\/schema\/logo\/image\/","url":"https:\/\/ralarsa.s3.eu-central-1.amazonaws.com\/wp-content\/uploads\/2025\/04\/logo-ralarsa.png","contentUrl":"https:\/\/ralarsa.s3.eu-central-1.amazonaws.com\/wp-content\/uploads\/2025\/04\/logo-ralarsa.png","width":1192,"height":412,"caption":"Ralarsa"},"image":{"@id":"https:\/\/www.ralarsa.com\/es\/#\/schema\/logo\/image\/"}},{"@type":"Person","@id":"https:\/\/www.ralarsa.com\/es\/#\/schema\/person\/cc6cd8ee6652131e9e8872b5cb9424fb","name":"ralarsa_admin","image":{"@type":"ImageObject","inLanguage":"es","@id":"https:\/\/www.ralarsa.com\/es\/#\/schema\/person\/image\/","url":"https:\/\/secure.gravatar.com\/avatar\/a74fd8d2062d4dc1f2f251438977288d50eb8ca5b4735594bcad2f5016833f49?s=96&d=mm&r=g","contentUrl":"https:\/\/secure.gravatar.com\/avatar\/a74fd8d2062d4dc1f2f251438977288d50eb8ca5b4735594bcad2f5016833f49?s=96&d=mm&r=g","caption":"ralarsa_admin"},"sameAs":["https:\/\/www-pre.ralarsa.com"]}]}},"_links":{"self":[{"href":"https:\/\/www.ralarsa.com\/es\/wp-json\/wp\/v2\/posts\/1840","targetHints":{"allow":["GET"]}}],"collection":[{"href":"https:\/\/www.ralarsa.com\/es\/wp-json\/wp\/v2\/posts"}],"about":[{"href":"https:\/\/www.ralarsa.com\/es\/wp-json\/wp\/v2\/types\/post"}],"author":[{"embeddable":true,"href":"https:\/\/www.ralarsa.com\/es\/wp-json\/wp\/v2\/users\/1"}],"replies":[{"embeddable":true,"href":"https:\/\/www.ralarsa.com\/es\/wp-json\/wp\/v2\/comments?post=1840"}],"version-history":[{"count":2,"href":"https:\/\/www.ralarsa.com\/es\/wp-json\/wp\/v2\/posts\/1840\/revisions"}],"predecessor-version":[{"id":5540,"href":"https:\/\/www.ralarsa.com\/es\/wp-json\/wp\/v2\/posts\/1840\/revisions\/5540"}],"wp:featuredmedia":[{"embeddable":true,"href":"https:\/\/www.ralarsa.com\/es\/wp-json\/wp\/v2\/media\/2337"}],"wp:attachment":[{"href":"https:\/\/www.ralarsa.com\/es\/wp-json\/wp\/v2\/media?parent=1840"}],"wp:term":[{"taxonomy":"category","embeddable":true,"href":"https:\/\/www.ralarsa.com\/es\/wp-json\/wp\/v2\/categories?post=1840"},{"taxonomy":"post_tag","embeddable":true,"href":"https:\/\/www.ralarsa.com\/es\/wp-json\/wp\/v2\/tags?post=1840"}],"curies":[{"name":"wp","href":"https:\/\/api.w.org\/{rel}","templated":true}]}}