{"id":1843,"date":"2021-01-22T00:00:00","date_gmt":"2021-01-22T00:00:00","guid":{"rendered":"https:\/\/www.ralarsa.com\/mediadores-asturias-ralarsa-colaboracion-2021\/"},"modified":"2025-09-25T14:29:10","modified_gmt":"2025-09-25T13:29:10","slug":"mediadores-asturias-ralarsa-colaboracion-2021","status":"publish","type":"post","link":"https:\/\/www.ralarsa.com\/es\/mediadores-asturias-ralarsa-colaboracion-2021\/","title":{"rendered":"Mediadores Asturias y Ralarsa mantienen su colaboraci\u00f3n en 2021"},"content":{"rendered":"<p><\/p>\n<p class=\"ai-optimize-23 ai-optimize-introduction\">La empresa especialista en cristaler\u00eda del autom\u00f3vil se compromete, un a\u00f1o m\u00e1s, a apoyar a la organizaci\u00f3n colegial en la consecuci\u00f3n de sus fines formativos.<\/p>\n<p class=\"ai-optimize-24\">El presidente del Colegio de Mediadores de Seguros del Principado de Asturias, Reinerio A. Saras\u00faa, y el director Comercial de Ralarsa, Ricard Benasco, ratificaron la continuidad de la colaboraci\u00f3n que ambas organizaciones mantienen desde hace a\u00f1os, en un encuentro mantenido recientemente en la sede de la organizaci\u00f3n colegial.<\/p>\n<p class=\"ai-optimize-25\">Gracias a este acuerdo, Mediadores Asturias cuenta con el apoyo de la empresa especialista en reparaci\u00f3n y sustituci\u00f3n de lunas de autom\u00f3vil para la puesta en marcha de iniciativas y actividades encaminadas a promover e impulsar la formaci\u00f3n de los mediadores de seguros en todos sus \u00e1mbitos de actuaci\u00f3n; y colaborar tan ampliamente como le sea posible con el resto de las acciones que persigan esta misma finalidad.<\/p>\n<p class=\"ai-optimize-26\">Al encuentro tambi\u00e9n asistieron el vicepresidente del Colegio, Ignacio Friera, y la responsable comercial Zona Asturias de RALARSA, Susana Fern\u00e1ndez. En el transcurso del encuentro, se comentaron algunos de los asuntos que m\u00e1s preocupan actualmente al sector, destacando las consecuencias y efectos de la pandemia del coronavirus, y se comentaron los retos m\u00e1s inmediatos a los que habr\u00e1 que hacer frente en el nuevo escenario que ha impuesto el COVID-19.<\/p>\n<p class=\"ai-optimize-27\">En este contexto, Ricard Bernasco anunci\u00f3 que, pr\u00f3ximamente, se inaugurar\u00e1 un nuevo centro de servicio en el pol\u00edgono industrial de Asipo (Llanera), con el objetivo de ampliar y mejorar la cobertura en una zona importante a nivel regional y nacional y garantizar un servicio c\u00f3modo y de calidad con el m\u00e1s amplio abanico de posibilidades para solucionar un siniestro.<\/p>\n<p class=\"ai-optimize-28\">Para el presidente de la organizaci\u00f3n colegial, Reinerio A. Saras\u00faa, la renovaci\u00f3n de este acuerdo adquiere una nueva dimensi\u00f3n dada la situaci\u00f3n de crisis provocada por el COVID-19. \u00abEn momentos de incertidumbre, como los que estamos viviendo por la crisis del coronavirus, es imprescindible contar con el apoyo y la experiencia de colaboradores estrat\u00e9gicos como Ralarsa\u00bb, apunt\u00f3.<\/p>\n<p class=\"ai-optimize-29\">Por su parte, Ricard Benasco se\u00f1al\u00f3 que por parte de Ralarsa es un motivo de orgullo el poder colaborar con una entidad de este Nivel y estrechar de esta manera, un a\u00f1o mas, la relaci\u00f3n que nos une. En estos momentos, donde los cambios y mejoras tecnol\u00f3gicas en los veh\u00edculos y la entrada masiva de elementos de seguridad pasiva incorporados en las lunas son el d\u00eda a d\u00eda, para nosotros es de vital importancia poder llegar de forma clara a la Mediaci\u00f3n y poder dar a conocer nuestros servicios especializados y los nuevos equipos con los que contamos. Actualmente disponemos de los medios necesarios para poder realizar con \u00e9xito la sustituci\u00f3n y posterior calibraci\u00f3n de las c\u00e1maras de control incorporadas de cualquier tipo de veh\u00edculo, ya sea un turismo, una furgoneta o un cami\u00f3n o autocar. Disponemos adem\u00e1s de unidades m\u00f3viles para ofrecer este servicio en el domicilio del cliente y evitar as\u00ed desplazamientos innecesarios.<\/p>\n<p><\/p>","protected":false},"excerpt":{"rendered":"La empresa especialista en cristaler\u00eda del autom\u00f3vil se compromete, un a\u00f1o m\u00e1s, a apoyar a la organizaci\u00f3n colegial en la consecuci\u00f3n de sus fines formativos. El presidente del Colegio de Mediadores de Seguros del Principado de Asturias, Reinerio A. Saras\u00faa, y el director Comercial de Ralarsa, Ricard Benasco, ratificaron la continuidad de la colaboraci\u00f3n que&#8230;","protected":false},"author":1,"featured_media":2340,"comment_status":"open","ping_status":"open","sticky":false,"template":"","format":"standard","meta":{"_acf_changed":false,"inline_featured_image":false,"footnotes":""},"categories":[14],"tags":[15],"class_list":["post-1843","post","type-post","status-publish","format-standard","has-post-thumbnail","hentry","category-ralarsa-cary-group","tag-ok"],"acf":[],"yoast_head":"<!-- This site is optimized with the Yoast SEO Premium plugin v25.3 (Yoast SEO v26.7) - https:\/\/yoast.com\/wordpress\/plugins\/seo\/ -->\n<title>Mediadores Asturias y Ralarsa mantienen su colaboraci\u00f3n en 2021 - Ralarsa<\/title>\n<meta name=\"description\" content=\"Mediadores Asturias y Ralarsa mantienen su colaboraci\u00f3n en 2021\" \/>\n<meta name=\"robots\" content=\"index, follow, max-snippet:-1, max-image-preview:large, max-video-preview:-1\" \/>\n<link rel=\"canonical\" href=\"https:\/\/www.ralarsa.com\/es\/mediadores-asturias-ralarsa-colaboracion-2021\/\" \/>\n<meta property=\"og:locale\" content=\"es_ES\" \/>\n<meta property=\"og:type\" content=\"article\" \/>\n<meta property=\"og:title\" content=\"Mediadores Asturias y Ralarsa mantienen su colaboraci\u00f3n en 2021\" \/>\n<meta property=\"og:description\" content=\"Mediadores Asturias y Ralarsa mantienen su colaboraci\u00f3n en 2021\" \/>\n<meta property=\"og:url\" content=\"https:\/\/www.ralarsa.com\/es\/mediadores-asturias-ralarsa-colaboracion-2021\/\" \/>\n<meta property=\"og:site_name\" content=\"Ralarsa\" \/>\n<meta property=\"article:published_time\" content=\"2021-01-22T00:00:00+00:00\" \/>\n<meta property=\"article:modified_time\" content=\"2025-09-25T13:29:10+00:00\" \/>\n<meta property=\"og:image\" content=\"https:\/\/d2oyvx818ubhz6.cloudfront.net\/wp-content\/uploads\/2025\/03\/587.jpeg\" \/>\n\t<meta property=\"og:image:width\" content=\"1891\" \/>\n\t<meta property=\"og:image:height\" content=\"1487\" \/>\n\t<meta property=\"og:image:type\" content=\"image\/jpeg\" \/>\n<meta name=\"author\" content=\"ralarsa_admin\" \/>\n<meta name=\"twitter:card\" content=\"summary_large_image\" \/>\n<meta name=\"twitter:label1\" content=\"Escrito por\" \/>\n\t<meta name=\"twitter:data1\" content=\"ralarsa_admin\" \/>\n\t<meta name=\"twitter:label2\" content=\"Tiempo de lectura\" \/>\n\t<meta name=\"twitter:data2\" content=\"3 minutos\" \/>\n<script type=\"application\/ld+json\" class=\"yoast-schema-graph\">{\"@context\":\"https:\/\/schema.org\",\"@graph\":[{\"@type\":\"Article\",\"@id\":\"https:\/\/www.ralarsa.com\/es\/mediadores-asturias-ralarsa-colaboracion-2021\/#article\",\"isPartOf\":{\"@id\":\"https:\/\/www.ralarsa.com\/es\/mediadores-asturias-ralarsa-colaboracion-2021\/\"},\"author\":{\"name\":\"ralarsa_admin\",\"@id\":\"https:\/\/www.ralarsa.com\/es\/#\/schema\/person\/cc6cd8ee6652131e9e8872b5cb9424fb\"},\"headline\":\"Mediadores Asturias y Ralarsa mantienen su colaboraci\u00f3n en 2021\",\"datePublished\":\"2021-01-22T00:00:00+00:00\",\"dateModified\":\"2025-09-25T13:29:10+00:00\",\"mainEntityOfPage\":{\"@id\":\"https:\/\/www.ralarsa.com\/es\/mediadores-asturias-ralarsa-colaboracion-2021\/\"},\"wordCount\":1516,\"commentCount\":0,\"publisher\":{\"@id\":\"https:\/\/www.ralarsa.com\/es\/#organization\"},\"image\":{\"@id\":\"https:\/\/www.ralarsa.com\/es\/mediadores-asturias-ralarsa-colaboracion-2021\/#primaryimage\"},\"thumbnailUrl\":\"https:\/\/d2oyvx818ubhz6.cloudfront.net\/wp-content\/uploads\/2025\/03\/587.jpeg\",\"keywords\":[\"ok\"],\"articleSection\":[\"Ralarsa &amp; Cary Group\"],\"inLanguage\":\"es\",\"potentialAction\":[{\"@type\":\"CommentAction\",\"name\":\"Comment\",\"target\":[\"https:\/\/www.ralarsa.com\/es\/mediadores-asturias-ralarsa-colaboracion-2021\/#respond\"]}]},{\"@type\":\"WebPage\",\"@id\":\"https:\/\/www.ralarsa.com\/es\/mediadores-asturias-ralarsa-colaboracion-2021\/\",\"url\":\"https:\/\/www.ralarsa.com\/es\/mediadores-asturias-ralarsa-colaboracion-2021\/\",\"name\":\"Mediadores Asturias y Ralarsa mantienen su colaboraci\u00f3n en 2021 - Ralarsa\",\"isPartOf\":{\"@id\":\"https:\/\/www.ralarsa.com\/es\/#website\"},\"primaryImageOfPage\":{\"@id\":\"https:\/\/www.ralarsa.com\/es\/mediadores-asturias-ralarsa-colaboracion-2021\/#primaryimage\"},\"image\":{\"@id\":\"https:\/\/www.ralarsa.com\/es\/mediadores-asturias-ralarsa-colaboracion-2021\/#primaryimage\"},\"thumbnailUrl\":\"https:\/\/d2oyvx818ubhz6.cloudfront.net\/wp-content\/uploads\/2025\/03\/587.jpeg\",\"datePublished\":\"2021-01-22T00:00:00+00:00\",\"dateModified\":\"2025-09-25T13:29:10+00:00\",\"description\":\"Mediadores Asturias y Ralarsa mantienen su colaboraci\u00f3n en 2021\",\"breadcrumb\":{\"@id\":\"https:\/\/www.ralarsa.com\/es\/mediadores-asturias-ralarsa-colaboracion-2021\/#breadcrumb\"},\"inLanguage\":\"es\",\"potentialAction\":[{\"@type\":\"ReadAction\",\"target\":[[\"https:\/\/www.ralarsa.com\/es\/mediadores-asturias-ralarsa-colaboracion-2021\/\"]]}]},{\"@type\":\"ImageObject\",\"inLanguage\":\"es\",\"@id\":\"https:\/\/www.ralarsa.com\/es\/mediadores-asturias-ralarsa-colaboracion-2021\/#primaryimage\",\"url\":\"https:\/\/d2oyvx818ubhz6.cloudfront.net\/wp-content\/uploads\/2025\/03\/587.jpeg\",\"contentUrl\":\"https:\/\/d2oyvx818ubhz6.cloudfront.net\/wp-content\/uploads\/2025\/03\/587.jpeg\",\"width\":1891,\"height\":1487},{\"@type\":\"BreadcrumbList\",\"@id\":\"https:\/\/www.ralarsa.com\/es\/mediadores-asturias-ralarsa-colaboracion-2021\/#breadcrumb\",\"itemListElement\":[{\"@type\":\"ListItem\",\"position\":1,\"name\":\"Portada\",\"item\":\"https:\/\/www.ralarsa.com\/es\/ralarsa-2\/\"},{\"@type\":\"ListItem\",\"position\":2,\"name\":\"Mediadores Asturias y Ralarsa mantienen su colaboraci\u00f3n en 2021\"}]},{\"@type\":\"WebSite\",\"@id\":\"https:\/\/www.ralarsa.com\/es\/#website\",\"url\":\"https:\/\/www.ralarsa.com\/es\/\",\"name\":\"Ralarsa\",\"description\":\"\",\"publisher\":{\"@id\":\"https:\/\/www.ralarsa.com\/es\/#organization\"},\"potentialAction\":[{\"@type\":\"SearchAction\",\"target\":{\"@type\":\"EntryPoint\",\"urlTemplate\":\"https:\/\/www.ralarsa.com\/es\/?s={search_term_string}\"},\"query-input\":{\"@type\":\"PropertyValueSpecification\",\"valueRequired\":true,\"valueName\":\"search_term_string\"}}],\"inLanguage\":\"es\"},{\"@type\":\"Organization\",\"@id\":\"https:\/\/www.ralarsa.com\/es\/#organization\",\"name\":\"Ralarsa\",\"url\":\"https:\/\/www.ralarsa.com\/es\/\",\"logo\":{\"@type\":\"ImageObject\",\"inLanguage\":\"es\",\"@id\":\"https:\/\/www.ralarsa.com\/es\/#\/schema\/logo\/image\/\",\"url\":\"https:\/\/ralarsa.s3.eu-central-1.amazonaws.com\/wp-content\/uploads\/2025\/04\/logo-ralarsa.png\",\"contentUrl\":\"https:\/\/ralarsa.s3.eu-central-1.amazonaws.com\/wp-content\/uploads\/2025\/04\/logo-ralarsa.png\",\"width\":1192,\"height\":412,\"caption\":\"Ralarsa\"},\"image\":{\"@id\":\"https:\/\/www.ralarsa.com\/es\/#\/schema\/logo\/image\/\"}},{\"@type\":\"Person\",\"@id\":\"https:\/\/www.ralarsa.com\/es\/#\/schema\/person\/cc6cd8ee6652131e9e8872b5cb9424fb\",\"name\":\"ralarsa_admin\",\"image\":{\"@type\":\"ImageObject\",\"inLanguage\":\"es\",\"@id\":\"https:\/\/www.ralarsa.com\/es\/#\/schema\/person\/image\/\",\"url\":\"https:\/\/secure.gravatar.com\/avatar\/a74fd8d2062d4dc1f2f251438977288d50eb8ca5b4735594bcad2f5016833f49?s=96&d=mm&r=g\",\"contentUrl\":\"https:\/\/secure.gravatar.com\/avatar\/a74fd8d2062d4dc1f2f251438977288d50eb8ca5b4735594bcad2f5016833f49?s=96&d=mm&r=g\",\"caption\":\"ralarsa_admin\"},\"sameAs\":[\"https:\/\/www-pre.ralarsa.com\"]}]}<\/script>\n<!-- \/ Yoast SEO Premium plugin. -->","yoast_head_json":{"title":"Mediadores Asturias y Ralarsa mantienen su colaboraci\u00f3n en 2021 - Ralarsa","description":"Mediadores Asturias y Ralarsa mantienen su colaboraci\u00f3n en 2021","robots":{"index":"index","follow":"follow","max-snippet":"max-snippet:-1","max-image-preview":"max-image-preview:large","max-video-preview":"max-video-preview:-1"},"canonical":"https:\/\/www.ralarsa.com\/es\/mediadores-asturias-ralarsa-colaboracion-2021\/","og_locale":"es_ES","og_type":"article","og_title":"Mediadores Asturias y Ralarsa mantienen su colaboraci\u00f3n en 2021","og_description":"Mediadores Asturias y Ralarsa mantienen su colaboraci\u00f3n en 2021","og_url":"https:\/\/www.ralarsa.com\/es\/mediadores-asturias-ralarsa-colaboracion-2021\/","og_site_name":"Ralarsa","article_published_time":"2021-01-22T00:00:00+00:00","article_modified_time":"2025-09-25T13:29:10+00:00","og_image":[{"width":1891,"height":1487,"url":"https:\/\/d2oyvx818ubhz6.cloudfront.net\/wp-content\/uploads\/2025\/03\/587.jpeg","type":"image\/jpeg"}],"author":"ralarsa_admin","twitter_card":"summary_large_image","twitter_misc":{"Escrito por":"ralarsa_admin","Tiempo de lectura":"3 minutos"},"schema":{"@context":"https:\/\/schema.org","@graph":[{"@type":"Article","@id":"https:\/\/www.ralarsa.com\/es\/mediadores-asturias-ralarsa-colaboracion-2021\/#article","isPartOf":{"@id":"https:\/\/www.ralarsa.com\/es\/mediadores-asturias-ralarsa-colaboracion-2021\/"},"author":{"name":"ralarsa_admin","@id":"https:\/\/www.ralarsa.com\/es\/#\/schema\/person\/cc6cd8ee6652131e9e8872b5cb9424fb"},"headline":"Mediadores Asturias y Ralarsa mantienen su colaboraci\u00f3n en 2021","datePublished":"2021-01-22T00:00:00+00:00","dateModified":"2025-09-25T13:29:10+00:00","mainEntityOfPage":{"@id":"https:\/\/www.ralarsa.com\/es\/mediadores-asturias-ralarsa-colaboracion-2021\/"},"wordCount":1516,"commentCount":0,"publisher":{"@id":"https:\/\/www.ralarsa.com\/es\/#organization"},"image":{"@id":"https:\/\/www.ralarsa.com\/es\/mediadores-asturias-ralarsa-colaboracion-2021\/#primaryimage"},"thumbnailUrl":"https:\/\/d2oyvx818ubhz6.cloudfront.net\/wp-content\/uploads\/2025\/03\/587.jpeg","keywords":["ok"],"articleSection":["Ralarsa &amp; Cary Group"],"inLanguage":"es","potentialAction":[{"@type":"CommentAction","name":"Comment","target":["https:\/\/www.ralarsa.com\/es\/mediadores-asturias-ralarsa-colaboracion-2021\/#respond"]}]},{"@type":"WebPage","@id":"https:\/\/www.ralarsa.com\/es\/mediadores-asturias-ralarsa-colaboracion-2021\/","url":"https:\/\/www.ralarsa.com\/es\/mediadores-asturias-ralarsa-colaboracion-2021\/","name":"Mediadores Asturias y Ralarsa mantienen su colaboraci\u00f3n en 2021 - Ralarsa","isPartOf":{"@id":"https:\/\/www.ralarsa.com\/es\/#website"},"primaryImageOfPage":{"@id":"https:\/\/www.ralarsa.com\/es\/mediadores-asturias-ralarsa-colaboracion-2021\/#primaryimage"},"image":{"@id":"https:\/\/www.ralarsa.com\/es\/mediadores-asturias-ralarsa-colaboracion-2021\/#primaryimage"},"thumbnailUrl":"https:\/\/d2oyvx818ubhz6.cloudfront.net\/wp-content\/uploads\/2025\/03\/587.jpeg","datePublished":"2021-01-22T00:00:00+00:00","dateModified":"2025-09-25T13:29:10+00:00","description":"Mediadores Asturias y Ralarsa mantienen su colaboraci\u00f3n en 2021","breadcrumb":{"@id":"https:\/\/www.ralarsa.com\/es\/mediadores-asturias-ralarsa-colaboracion-2021\/#breadcrumb"},"inLanguage":"es","potentialAction":[{"@type":"ReadAction","target":[["https:\/\/www.ralarsa.com\/es\/mediadores-asturias-ralarsa-colaboracion-2021\/"]]}]},{"@type":"ImageObject","inLanguage":"es","@id":"https:\/\/www.ralarsa.com\/es\/mediadores-asturias-ralarsa-colaboracion-2021\/#primaryimage","url":"https:\/\/d2oyvx818ubhz6.cloudfront.net\/wp-content\/uploads\/2025\/03\/587.jpeg","contentUrl":"https:\/\/d2oyvx818ubhz6.cloudfront.net\/wp-content\/uploads\/2025\/03\/587.jpeg","width":1891,"height":1487},{"@type":"BreadcrumbList","@id":"https:\/\/www.ralarsa.com\/es\/mediadores-asturias-ralarsa-colaboracion-2021\/#breadcrumb","itemListElement":[{"@type":"ListItem","position":1,"name":"Portada","item":"https:\/\/www.ralarsa.com\/es\/ralarsa-2\/"},{"@type":"ListItem","position":2,"name":"Mediadores Asturias y Ralarsa mantienen su colaboraci\u00f3n en 2021"}]},{"@type":"WebSite","@id":"https:\/\/www.ralarsa.com\/es\/#website","url":"https:\/\/www.ralarsa.com\/es\/","name":"Ralarsa","description":"","publisher":{"@id":"https:\/\/www.ralarsa.com\/es\/#organization"},"potentialAction":[{"@type":"SearchAction","target":{"@type":"EntryPoint","urlTemplate":"https:\/\/www.ralarsa.com\/es\/?s={search_term_string}"},"query-input":{"@type":"PropertyValueSpecification","valueRequired":true,"valueName":"search_term_string"}}],"inLanguage":"es"},{"@type":"Organization","@id":"https:\/\/www.ralarsa.com\/es\/#organization","name":"Ralarsa","url":"https:\/\/www.ralarsa.com\/es\/","logo":{"@type":"ImageObject","inLanguage":"es","@id":"https:\/\/www.ralarsa.com\/es\/#\/schema\/logo\/image\/","url":"https:\/\/ralarsa.s3.eu-central-1.amazonaws.com\/wp-content\/uploads\/2025\/04\/logo-ralarsa.png","contentUrl":"https:\/\/ralarsa.s3.eu-central-1.amazonaws.com\/wp-content\/uploads\/2025\/04\/logo-ralarsa.png","width":1192,"height":412,"caption":"Ralarsa"},"image":{"@id":"https:\/\/www.ralarsa.com\/es\/#\/schema\/logo\/image\/"}},{"@type":"Person","@id":"https:\/\/www.ralarsa.com\/es\/#\/schema\/person\/cc6cd8ee6652131e9e8872b5cb9424fb","name":"ralarsa_admin","image":{"@type":"ImageObject","inLanguage":"es","@id":"https:\/\/www.ralarsa.com\/es\/#\/schema\/person\/image\/","url":"https:\/\/secure.gravatar.com\/avatar\/a74fd8d2062d4dc1f2f251438977288d50eb8ca5b4735594bcad2f5016833f49?s=96&d=mm&r=g","contentUrl":"https:\/\/secure.gravatar.com\/avatar\/a74fd8d2062d4dc1f2f251438977288d50eb8ca5b4735594bcad2f5016833f49?s=96&d=mm&r=g","caption":"ralarsa_admin"},"sameAs":["https:\/\/www-pre.ralarsa.com"]}]}},"_links":{"self":[{"href":"https:\/\/www.ralarsa.com\/es\/wp-json\/wp\/v2\/posts\/1843","targetHints":{"allow":["GET"]}}],"collection":[{"href":"https:\/\/www.ralarsa.com\/es\/wp-json\/wp\/v2\/posts"}],"about":[{"href":"https:\/\/www.ralarsa.com\/es\/wp-json\/wp\/v2\/types\/post"}],"author":[{"embeddable":true,"href":"https:\/\/www.ralarsa.com\/es\/wp-json\/wp\/v2\/users\/1"}],"replies":[{"embeddable":true,"href":"https:\/\/www.ralarsa.com\/es\/wp-json\/wp\/v2\/comments?post=1843"}],"version-history":[{"count":2,"href":"https:\/\/www.ralarsa.com\/es\/wp-json\/wp\/v2\/posts\/1843\/revisions"}],"predecessor-version":[{"id":5580,"href":"https:\/\/www.ralarsa.com\/es\/wp-json\/wp\/v2\/posts\/1843\/revisions\/5580"}],"wp:featuredmedia":[{"embeddable":true,"href":"https:\/\/www.ralarsa.com\/es\/wp-json\/wp\/v2\/media\/2340"}],"wp:attachment":[{"href":"https:\/\/www.ralarsa.com\/es\/wp-json\/wp\/v2\/media?parent=1843"}],"wp:term":[{"taxonomy":"category","embeddable":true,"href":"https:\/\/www.ralarsa.com\/es\/wp-json\/wp\/v2\/categories?post=1843"},{"taxonomy":"post_tag","embeddable":true,"href":"https:\/\/www.ralarsa.com\/es\/wp-json\/wp\/v2\/tags?post=1843"}],"curies":[{"name":"wp","href":"https:\/\/api.w.org\/{rel}","templated":true}]}}