{"id":1867,"date":"2021-12-20T00:00:00","date_gmt":"2021-12-20T00:00:00","guid":{"rendered":"https:\/\/www.ralarsa.com\/reparacion-sustitucion-lunas-fundacion-enriqueta-villavecchia\/"},"modified":"2025-09-22T14:45:41","modified_gmt":"2025-09-22T13:45:41","slug":"reparacion-sustitucion-lunas-fundacion-enriqueta-villavecchia","status":"publish","type":"post","link":"https:\/\/www.ralarsa.com\/es\/reparacion-sustitucion-lunas-fundacion-enriqueta-villavecchia\/","title":{"rendered":"Ralarsa y la Fundaci\u00f3n Enriqueta Villavecchia contra el c\u00e1ncer infantil"},"content":{"rendered":"<p><\/p>\n<p class=\"ai-optimize-6 ai-optimize-introduction\"><span style=\"font-weight: 400;\">Por sexto a\u00f1o consecutivo y como muestra de nuestro compromiso por la responsabilidad social corporativa, desde Ralarsa colaboramos con la Fundaci\u00f3n de Oncolog\u00eda Infantil, Enriqueta Villavecchia para luchar contra el c\u00e1ncer infantil. Una ONG que, desde el 1989, intenta conseguir que los ni\u00f1os, ni\u00f1as y j\u00f3venes enfermos de c\u00e1ncer y otras enfermedades graves tengan cubiertas sus necesidades tanto en el aspecto f\u00edsico, familiar, social, psicol\u00f3gico, emocional y espiritual.<\/span><\/p>\n<h2 class=\"ai-optimize-7\"><strong>Responsabilidad Social Corporativa Ralarsa<\/strong><\/h2>\n<p class=\"ai-optimize-8\"><span style=\"font-weight: 400;\">Desde 2016, como muestra de nuestra responsabilidad social corporativa, colaboramos de manera anual con ONGs y fundaciones para tratar de aportar nuestro granito de arena y ayudar a los ni\u00f1os que m\u00e1s lo necesitan en proyectos tanto m\u00e9dico-sanitarios como educativos. La selecci\u00f3n del proyecto a colaborar no es casual, para su elecci\u00f3n nos basamos en las siguientes premisas.<\/span><\/p>\n<ol>\n<li class=\"ai-optimize-9\" style=\"font-weight: 400; text-align: left;\" aria-level=\"1\"><span style=\"font-weight: 400;\">Con la finalidad de ayudar a ni\u00f1os enfermos o sin recursos para que tengan un futuro mejor, todas nuestras campa\u00f1as de RSC van en colaboraci\u00f3n con ONGs o fundaciones que ayudan a los ni\u00f1os.<\/span><\/li>\n<li class=\"ai-optimize-10\" style=\"font-weight: 400; text-align: left;\" aria-level=\"1\"><span style=\"font-weight: 400;\">La participaci\u00f3n siempre es global, es decir, todos y cada uno de los integrantes del \u201cMundo\u201d Ralarsa participa. Y es que, desde clientes, compa\u00f1\u00edas, agentes mediadores, empleados, talleres, proveedores y partners toman parte del proyecto aportando y ayudando en lo que puedan.<\/span><\/li>\n<li class=\"ai-optimize-11\" style=\"font-weight: 400; text-align: left;\" aria-level=\"1\"><span style=\"font-weight: 400;\">Para que todo esto tenga sentido y podamos llegar a tanta gente como alcancemos, hacemos campa\u00f1as multicanal utilizando nuestras redes sociales, web y otros canales.<\/span><\/li>\n<li class=\"ai-optimize-12\" style=\"font-weight: 400; text-align: left;\" aria-level=\"1\"><span style=\"font-weight: 400;\">Todas las donaciones van unidas a la actividad principal, es decir, por cada servicio de reparaci\u00f3n o sustituci\u00f3n de lunas solicitado a trav\u00e9s de nuestra web donamos un euro durante un periodo determinado.<\/span><\/li>\n<\/ol>\n<h2 class=\"ai-optimize-13\"><strong>Donaciones por cada petici\u00f3n web<\/strong><\/h2>\n<p class=\"ai-optimize-14\"><span style=\"font-weight: 400;\">As\u00ed pues, con tal de aportar nuestro granito de arena este a\u00f1o nos hemos propuesto el reto de conseguir como m\u00ednimo 3.000 euros para poder donarlo a la Fundaci\u00f3n de Oncolog\u00eda Infantil Enriqueta Villavecchia.<\/span><\/p>\n<p class=\"ai-optimize-15\"><span style=\"font-weight: 400;\">La duraci\u00f3n de la campa\u00f1a ser\u00e1 desde el 15 de diciembre de 2021 hasta el d\u00eda 31 de enero del 2022. Esta campa\u00f1a solidaria consistir\u00e1 en donar 1 euro por cada servicio de reparaci\u00f3n y sustituci\u00f3n de lunas solicitado a trav\u00e9s de nuestra p\u00e1gina web.\u00a0<\/span><\/p>\n<p class=\"ai-optimize-16\"><span style=\"font-weight: 400;\">Y es que, a las puertas de la Navidad y con el objetivo de ayudar en lo que podamos a la Fundaci\u00f3n de Oncolog\u00eda Infantil Enriqueta Villavecchia vamos a dejarnos la piel en ello para tratar de conseguir el objetivo de la donaci\u00f3n, 3.000 euros.<\/span><\/p>\n<p class=\"ai-optimize-17\"><strong>\u00a1Ay\u00fadanos a elegir el proyecto solidario!<\/strong><\/p>\n<p class=\"ai-optimize-18\"><span style=\"font-weight: 400;\">El objetivo es conseguir esos 3.000 euros y donarlos a un proyecto en concreto de la fundaci\u00f3n Enriqueta Villavecchia. Pero, para escoger el proyecto necesitamos vuestra colaboraci\u00f3n, por lo que hemos habilitado una p\u00e1gina para que puedas seleccionar a qu\u00e9 proyecto destinamos el total recaudado.<\/span><\/p>\n<p class=\"ai-optimize-19\"><span style=\"font-weight: 400;\">Los diferentes proyectos de la Fundaci\u00f3n de Oncolog\u00eda Infantil Enriqueta Villavecchia son los siguientes:<\/span><\/p>\n<ol>\n<li class=\"ai-optimize-20\" style=\"font-weight: 400; text-align: left;\" aria-level=\"1\"><strong>Atenci\u00f3n social a familias.<\/strong><span style=\"font-weight: 400;\"> Ayudas econ\u00f3micas, acompa\u00f1amiento y respiro familiar, gesti\u00f3n de tr\u00e1mites y recursos.<\/span><\/li>\n<li class=\"ai-optimize-21\" style=\"font-weight: 400; text-align: left;\" aria-level=\"1\"><strong>Cuidados paliativos<\/strong><span style=\"font-weight: 400;\">. Asistencia especializada en el hospital y en el domicilio en su \u00faltima etapa.<\/span><\/li>\n<li class=\"ai-optimize-22\" style=\"font-weight: 400; text-align: left;\" aria-level=\"1\"><strong>Voluntariado<\/strong><span style=\"font-weight: 400;\">.\u00a0 Ellos son un gran equipo preparado y siempre presente para acompa\u00f1ar a los ni\u00f1os, ni\u00f1as y a sus familias.\u00a0<\/span><\/li>\n<li class=\"ai-optimize-23\" style=\"font-weight: 400; text-align: left;\" aria-level=\"1\"><strong>Actividades para ni\u00f1@s y sus familias.<\/strong><span style=\"font-weight: 400;\"> Compartir experiencias entre ellos les ayuda a afrontar mejor la enfermedad.<\/span><\/li>\n<li class=\"ai-optimize-24\" style=\"font-weight: 400; text-align: left;\" aria-level=\"1\"><strong>Apoyo a los hospitales. <\/strong><span style=\"font-weight: 400;\">Durante las estancias hospitalarias necesitan el m\u00e1ximo de facilidades y un entorno cuidado.\u00a0<\/span><\/li>\n<\/ol>\n<p class=\"ai-optimize-25\"><a href=\"https:\/\/es.surveymonkey.com\/r\/3RNTHRD\"><span style=\"font-weight: 400;\">Pincha aqu\u00ed<\/span><\/a><span style=\"font-weight: 400;\"> y selecciona el proyecto en el que quieres que aportemos nuestro granito de arena.\u00a0\u00a0<\/span><\/p>\n<h2 class=\"ai-optimize-26\"><strong>\u00a1Reserva tu cita y colabora con la Fundaci\u00f3n Enriqueta Villavecchia!<\/strong><\/h2>\n<p class=\"ai-optimize-27\"><span style=\"font-weight: 400;\">Como bien hemos mencionado anteriormente, desde el 15 de diciembre de 2021 hasta el d\u00eda 31 de enero del 2022 donaremos 1 euro por cada servicio de reparaci\u00f3n y sustituci\u00f3n de lunas solicitado a trav\u00e9s de nuestra p\u00e1gina web.\u00a0<\/span><\/p>\n<p class=\"ai-optimize-28\"><span style=\"font-weight: 400;\">Y es que, adem\u00e1s de aumentar tu seguridad vial, al hacer la reparaci\u00f3n o sustituci\u00f3n de lunas estar\u00e1s ayudando a que esta fundaci\u00f3n sin \u00e1nimo de lucro haga m\u00e1s sencillo el camino y acompa\u00f1e tanto a los ni\u00f1os como a sus familias.\u00a0<\/span><\/p>\n<p class=\"ai-optimize-29\"><span style=\"font-weight: 400;\">Haz tu reserva ahora y apoya este bonito proyecto.\u00a0<\/span><\/p>\n<p><\/p>","protected":false},"excerpt":{"rendered":"Por sexto a\u00f1o consecutivo y como muestra de nuestro compromiso por la responsabilidad social corporativa, desde Ralarsa colaboramos con la Fundaci\u00f3n de Oncolog\u00eda Infantil, Enriqueta Villavecchia para luchar contra el c\u00e1ncer infantil. Una ONG que, desde el 1989, intenta conseguir que los ni\u00f1os, ni\u00f1as y j\u00f3venes enfermos de c\u00e1ncer y otras enfermedades graves tengan cubiertas&#8230;","protected":false},"author":1,"featured_media":5491,"comment_status":"open","ping_status":"open","sticky":false,"template":"","format":"standard","meta":{"_acf_changed":false,"inline_featured_image":false,"footnotes":""},"categories":[14],"tags":[15],"class_list":["post-1867","post","type-post","status-publish","format-standard","has-post-thumbnail","hentry","category-ralarsa-cary-group","tag-ok"],"acf":[],"yoast_head":"<!-- This site is optimized with the Yoast SEO Premium plugin v25.3 (Yoast SEO v26.7) - https:\/\/yoast.com\/wordpress\/plugins\/seo\/ -->\n<title>Ralarsa y la Fundaci\u00f3n Enriqueta Villavecchia contra el c\u00e1ncer infantil - Ralarsa<\/title>\n<meta name=\"description\" content=\"Por cada servicio de reparaci\u00f3n y sustituci\u00f3n de lunas en talleres de lunas Ralarsa solicitado por web, se destinar\u00e1 1\u20ac a la Fundaci\u00f3n Enriqueta Villavecchia.\" \/>\n<meta name=\"robots\" content=\"index, follow, max-snippet:-1, max-image-preview:large, max-video-preview:-1\" \/>\n<link rel=\"canonical\" href=\"https:\/\/www.ralarsa.com\/es\/reparacion-sustitucion-lunas-fundacion-enriqueta-villavecchia\/\" \/>\n<meta property=\"og:locale\" content=\"es_ES\" \/>\n<meta property=\"og:type\" content=\"article\" \/>\n<meta property=\"og:title\" content=\"Ralarsa y la Fundaci\u00f3n Enriqueta Villavecchia contra el c\u00e1ncer infantil\" \/>\n<meta property=\"og:description\" content=\"Por cada servicio de reparaci\u00f3n y sustituci\u00f3n de lunas en talleres de lunas Ralarsa solicitado por web, se destinar\u00e1 1\u20ac a la Fundaci\u00f3n Enriqueta Villavecchia.\" \/>\n<meta property=\"og:url\" content=\"https:\/\/www.ralarsa.com\/es\/reparacion-sustitucion-lunas-fundacion-enriqueta-villavecchia\/\" \/>\n<meta property=\"og:site_name\" content=\"Ralarsa\" \/>\n<meta property=\"article:published_time\" content=\"2021-12-20T00:00:00+00:00\" \/>\n<meta property=\"article:modified_time\" content=\"2025-09-22T13:45:41+00:00\" \/>\n<meta property=\"og:image\" content=\"https:\/\/ralarsa.s3.eu-central-1.amazonaws.com\/wp-content\/uploads\/2021\/12\/ralarsa-fundacion-enriqueta-villavecchia-contra-cancer-infantil.jpeg\" \/>\n\t<meta property=\"og:image:width\" content=\"900\" \/>\n\t<meta property=\"og:image:height\" content=\"600\" \/>\n\t<meta property=\"og:image:type\" content=\"image\/jpeg\" \/>\n<meta name=\"author\" content=\"ralarsa_admin\" \/>\n<meta name=\"twitter:card\" content=\"summary_large_image\" \/>\n<meta name=\"twitter:label1\" content=\"Escrito por\" \/>\n\t<meta name=\"twitter:data1\" content=\"ralarsa_admin\" \/>\n\t<meta name=\"twitter:label2\" content=\"Tiempo de lectura\" \/>\n\t<meta name=\"twitter:data2\" content=\"4 minutos\" \/>\n<script type=\"application\/ld+json\" class=\"yoast-schema-graph\">{\"@context\":\"https:\/\/schema.org\",\"@graph\":[{\"@type\":\"Article\",\"@id\":\"https:\/\/www.ralarsa.com\/es\/reparacion-sustitucion-lunas-fundacion-enriqueta-villavecchia\/#article\",\"isPartOf\":{\"@id\":\"https:\/\/www.ralarsa.com\/es\/reparacion-sustitucion-lunas-fundacion-enriqueta-villavecchia\/\"},\"author\":{\"name\":\"ralarsa_admin\",\"@id\":\"https:\/\/www.ralarsa.com\/es\/#\/schema\/person\/cc6cd8ee6652131e9e8872b5cb9424fb\"},\"headline\":\"Ralarsa y la Fundaci\u00f3n Enriqueta Villavecchia contra el c\u00e1ncer infantil\",\"datePublished\":\"2021-12-20T00:00:00+00:00\",\"dateModified\":\"2025-09-22T13:45:41+00:00\",\"mainEntityOfPage\":{\"@id\":\"https:\/\/www.ralarsa.com\/es\/reparacion-sustitucion-lunas-fundacion-enriqueta-villavecchia\/\"},\"wordCount\":2009,\"commentCount\":0,\"publisher\":{\"@id\":\"https:\/\/www.ralarsa.com\/es\/#organization\"},\"image\":{\"@id\":\"https:\/\/www.ralarsa.com\/es\/reparacion-sustitucion-lunas-fundacion-enriqueta-villavecchia\/#primaryimage\"},\"thumbnailUrl\":\"https:\/\/d2oyvx818ubhz6.cloudfront.net\/wp-content\/uploads\/2021\/12\/ralarsa-fundacion-enriqueta-villavecchia-contra-cancer-infantil.jpeg\",\"keywords\":[\"ok\"],\"articleSection\":[\"Ralarsa &amp; Cary Group\"],\"inLanguage\":\"es\",\"potentialAction\":[{\"@type\":\"CommentAction\",\"name\":\"Comment\",\"target\":[\"https:\/\/www.ralarsa.com\/es\/reparacion-sustitucion-lunas-fundacion-enriqueta-villavecchia\/#respond\"]}]},{\"@type\":\"WebPage\",\"@id\":\"https:\/\/www.ralarsa.com\/es\/reparacion-sustitucion-lunas-fundacion-enriqueta-villavecchia\/\",\"url\":\"https:\/\/www.ralarsa.com\/es\/reparacion-sustitucion-lunas-fundacion-enriqueta-villavecchia\/\",\"name\":\"Ralarsa y la Fundaci\u00f3n Enriqueta Villavecchia contra el c\u00e1ncer infantil - Ralarsa\",\"isPartOf\":{\"@id\":\"https:\/\/www.ralarsa.com\/es\/#website\"},\"primaryImageOfPage\":{\"@id\":\"https:\/\/www.ralarsa.com\/es\/reparacion-sustitucion-lunas-fundacion-enriqueta-villavecchia\/#primaryimage\"},\"image\":{\"@id\":\"https:\/\/www.ralarsa.com\/es\/reparacion-sustitucion-lunas-fundacion-enriqueta-villavecchia\/#primaryimage\"},\"thumbnailUrl\":\"https:\/\/d2oyvx818ubhz6.cloudfront.net\/wp-content\/uploads\/2021\/12\/ralarsa-fundacion-enriqueta-villavecchia-contra-cancer-infantil.jpeg\",\"datePublished\":\"2021-12-20T00:00:00+00:00\",\"dateModified\":\"2025-09-22T13:45:41+00:00\",\"description\":\"Por cada servicio de reparaci\u00f3n y sustituci\u00f3n de lunas en talleres de lunas Ralarsa solicitado por web, se destinar\u00e1 1\u20ac a la Fundaci\u00f3n Enriqueta Villavecchia.\",\"breadcrumb\":{\"@id\":\"https:\/\/www.ralarsa.com\/es\/reparacion-sustitucion-lunas-fundacion-enriqueta-villavecchia\/#breadcrumb\"},\"inLanguage\":\"es\",\"potentialAction\":[{\"@type\":\"ReadAction\",\"target\":[[\"https:\/\/www.ralarsa.com\/es\/reparacion-sustitucion-lunas-fundacion-enriqueta-villavecchia\/\"]]}]},{\"@type\":\"ImageObject\",\"inLanguage\":\"es\",\"@id\":\"https:\/\/www.ralarsa.com\/es\/reparacion-sustitucion-lunas-fundacion-enriqueta-villavecchia\/#primaryimage\",\"url\":\"https:\/\/d2oyvx818ubhz6.cloudfront.net\/wp-content\/uploads\/2021\/12\/ralarsa-fundacion-enriqueta-villavecchia-contra-cancer-infantil.jpeg\",\"contentUrl\":\"https:\/\/d2oyvx818ubhz6.cloudfront.net\/wp-content\/uploads\/2021\/12\/ralarsa-fundacion-enriqueta-villavecchia-contra-cancer-infantil.jpeg\",\"width\":900,\"height\":600,\"caption\":\"Unidos por la esperanza: juntos en la lucha contra el c\u00e1ncer infantil.\"},{\"@type\":\"BreadcrumbList\",\"@id\":\"https:\/\/www.ralarsa.com\/es\/reparacion-sustitucion-lunas-fundacion-enriqueta-villavecchia\/#breadcrumb\",\"itemListElement\":[{\"@type\":\"ListItem\",\"position\":1,\"name\":\"Portada\",\"item\":\"https:\/\/www.ralarsa.com\/es\/ralarsa-2\/\"},{\"@type\":\"ListItem\",\"position\":2,\"name\":\"Ralarsa y la Fundaci\u00f3n Enriqueta Villavecchia contra el c\u00e1ncer infantil\"}]},{\"@type\":\"WebSite\",\"@id\":\"https:\/\/www.ralarsa.com\/es\/#website\",\"url\":\"https:\/\/www.ralarsa.com\/es\/\",\"name\":\"Ralarsa\",\"description\":\"\",\"publisher\":{\"@id\":\"https:\/\/www.ralarsa.com\/es\/#organization\"},\"potentialAction\":[{\"@type\":\"SearchAction\",\"target\":{\"@type\":\"EntryPoint\",\"urlTemplate\":\"https:\/\/www.ralarsa.com\/es\/?s={search_term_string}\"},\"query-input\":{\"@type\":\"PropertyValueSpecification\",\"valueRequired\":true,\"valueName\":\"search_term_string\"}}],\"inLanguage\":\"es\"},{\"@type\":\"Organization\",\"@id\":\"https:\/\/www.ralarsa.com\/es\/#organization\",\"name\":\"Ralarsa\",\"url\":\"https:\/\/www.ralarsa.com\/es\/\",\"logo\":{\"@type\":\"ImageObject\",\"inLanguage\":\"es\",\"@id\":\"https:\/\/www.ralarsa.com\/es\/#\/schema\/logo\/image\/\",\"url\":\"https:\/\/ralarsa.s3.eu-central-1.amazonaws.com\/wp-content\/uploads\/2025\/04\/logo-ralarsa.png\",\"contentUrl\":\"https:\/\/ralarsa.s3.eu-central-1.amazonaws.com\/wp-content\/uploads\/2025\/04\/logo-ralarsa.png\",\"width\":1192,\"height\":412,\"caption\":\"Ralarsa\"},\"image\":{\"@id\":\"https:\/\/www.ralarsa.com\/es\/#\/schema\/logo\/image\/\"}},{\"@type\":\"Person\",\"@id\":\"https:\/\/www.ralarsa.com\/es\/#\/schema\/person\/cc6cd8ee6652131e9e8872b5cb9424fb\",\"name\":\"ralarsa_admin\",\"image\":{\"@type\":\"ImageObject\",\"inLanguage\":\"es\",\"@id\":\"https:\/\/www.ralarsa.com\/es\/#\/schema\/person\/image\/\",\"url\":\"https:\/\/secure.gravatar.com\/avatar\/a74fd8d2062d4dc1f2f251438977288d50eb8ca5b4735594bcad2f5016833f49?s=96&d=mm&r=g\",\"contentUrl\":\"https:\/\/secure.gravatar.com\/avatar\/a74fd8d2062d4dc1f2f251438977288d50eb8ca5b4735594bcad2f5016833f49?s=96&d=mm&r=g\",\"caption\":\"ralarsa_admin\"},\"sameAs\":[\"https:\/\/www-pre.ralarsa.com\"]}]}<\/script>\n<!-- \/ Yoast SEO Premium plugin. -->","yoast_head_json":{"title":"Ralarsa y la Fundaci\u00f3n Enriqueta Villavecchia contra el c\u00e1ncer infantil - Ralarsa","description":"Por cada servicio de reparaci\u00f3n y sustituci\u00f3n de lunas en talleres de lunas Ralarsa solicitado por web, se destinar\u00e1 1\u20ac a la Fundaci\u00f3n Enriqueta Villavecchia.","robots":{"index":"index","follow":"follow","max-snippet":"max-snippet:-1","max-image-preview":"max-image-preview:large","max-video-preview":"max-video-preview:-1"},"canonical":"https:\/\/www.ralarsa.com\/es\/reparacion-sustitucion-lunas-fundacion-enriqueta-villavecchia\/","og_locale":"es_ES","og_type":"article","og_title":"Ralarsa y la Fundaci\u00f3n Enriqueta Villavecchia contra el c\u00e1ncer infantil","og_description":"Por cada servicio de reparaci\u00f3n y sustituci\u00f3n de lunas en talleres de lunas Ralarsa solicitado por web, se destinar\u00e1 1\u20ac a la Fundaci\u00f3n Enriqueta Villavecchia.","og_url":"https:\/\/www.ralarsa.com\/es\/reparacion-sustitucion-lunas-fundacion-enriqueta-villavecchia\/","og_site_name":"Ralarsa","article_published_time":"2021-12-20T00:00:00+00:00","article_modified_time":"2025-09-22T13:45:41+00:00","og_image":[{"width":900,"height":600,"url":"https:\/\/ralarsa.s3.eu-central-1.amazonaws.com\/wp-content\/uploads\/2021\/12\/ralarsa-fundacion-enriqueta-villavecchia-contra-cancer-infantil.jpeg","type":"image\/jpeg"}],"author":"ralarsa_admin","twitter_card":"summary_large_image","twitter_misc":{"Escrito por":"ralarsa_admin","Tiempo de lectura":"4 minutos"},"schema":{"@context":"https:\/\/schema.org","@graph":[{"@type":"Article","@id":"https:\/\/www.ralarsa.com\/es\/reparacion-sustitucion-lunas-fundacion-enriqueta-villavecchia\/#article","isPartOf":{"@id":"https:\/\/www.ralarsa.com\/es\/reparacion-sustitucion-lunas-fundacion-enriqueta-villavecchia\/"},"author":{"name":"ralarsa_admin","@id":"https:\/\/www.ralarsa.com\/es\/#\/schema\/person\/cc6cd8ee6652131e9e8872b5cb9424fb"},"headline":"Ralarsa y la Fundaci\u00f3n Enriqueta Villavecchia contra el c\u00e1ncer infantil","datePublished":"2021-12-20T00:00:00+00:00","dateModified":"2025-09-22T13:45:41+00:00","mainEntityOfPage":{"@id":"https:\/\/www.ralarsa.com\/es\/reparacion-sustitucion-lunas-fundacion-enriqueta-villavecchia\/"},"wordCount":2009,"commentCount":0,"publisher":{"@id":"https:\/\/www.ralarsa.com\/es\/#organization"},"image":{"@id":"https:\/\/www.ralarsa.com\/es\/reparacion-sustitucion-lunas-fundacion-enriqueta-villavecchia\/#primaryimage"},"thumbnailUrl":"https:\/\/d2oyvx818ubhz6.cloudfront.net\/wp-content\/uploads\/2021\/12\/ralarsa-fundacion-enriqueta-villavecchia-contra-cancer-infantil.jpeg","keywords":["ok"],"articleSection":["Ralarsa &amp; Cary Group"],"inLanguage":"es","potentialAction":[{"@type":"CommentAction","name":"Comment","target":["https:\/\/www.ralarsa.com\/es\/reparacion-sustitucion-lunas-fundacion-enriqueta-villavecchia\/#respond"]}]},{"@type":"WebPage","@id":"https:\/\/www.ralarsa.com\/es\/reparacion-sustitucion-lunas-fundacion-enriqueta-villavecchia\/","url":"https:\/\/www.ralarsa.com\/es\/reparacion-sustitucion-lunas-fundacion-enriqueta-villavecchia\/","name":"Ralarsa y la Fundaci\u00f3n Enriqueta Villavecchia contra el c\u00e1ncer infantil - Ralarsa","isPartOf":{"@id":"https:\/\/www.ralarsa.com\/es\/#website"},"primaryImageOfPage":{"@id":"https:\/\/www.ralarsa.com\/es\/reparacion-sustitucion-lunas-fundacion-enriqueta-villavecchia\/#primaryimage"},"image":{"@id":"https:\/\/www.ralarsa.com\/es\/reparacion-sustitucion-lunas-fundacion-enriqueta-villavecchia\/#primaryimage"},"thumbnailUrl":"https:\/\/d2oyvx818ubhz6.cloudfront.net\/wp-content\/uploads\/2021\/12\/ralarsa-fundacion-enriqueta-villavecchia-contra-cancer-infantil.jpeg","datePublished":"2021-12-20T00:00:00+00:00","dateModified":"2025-09-22T13:45:41+00:00","description":"Por cada servicio de reparaci\u00f3n y sustituci\u00f3n de lunas en talleres de lunas Ralarsa solicitado por web, se destinar\u00e1 1\u20ac a la Fundaci\u00f3n Enriqueta Villavecchia.","breadcrumb":{"@id":"https:\/\/www.ralarsa.com\/es\/reparacion-sustitucion-lunas-fundacion-enriqueta-villavecchia\/#breadcrumb"},"inLanguage":"es","potentialAction":[{"@type":"ReadAction","target":[["https:\/\/www.ralarsa.com\/es\/reparacion-sustitucion-lunas-fundacion-enriqueta-villavecchia\/"]]}]},{"@type":"ImageObject","inLanguage":"es","@id":"https:\/\/www.ralarsa.com\/es\/reparacion-sustitucion-lunas-fundacion-enriqueta-villavecchia\/#primaryimage","url":"https:\/\/d2oyvx818ubhz6.cloudfront.net\/wp-content\/uploads\/2021\/12\/ralarsa-fundacion-enriqueta-villavecchia-contra-cancer-infantil.jpeg","contentUrl":"https:\/\/d2oyvx818ubhz6.cloudfront.net\/wp-content\/uploads\/2021\/12\/ralarsa-fundacion-enriqueta-villavecchia-contra-cancer-infantil.jpeg","width":900,"height":600,"caption":"Unidos por la esperanza: juntos en la lucha contra el c\u00e1ncer infantil."},{"@type":"BreadcrumbList","@id":"https:\/\/www.ralarsa.com\/es\/reparacion-sustitucion-lunas-fundacion-enriqueta-villavecchia\/#breadcrumb","itemListElement":[{"@type":"ListItem","position":1,"name":"Portada","item":"https:\/\/www.ralarsa.com\/es\/ralarsa-2\/"},{"@type":"ListItem","position":2,"name":"Ralarsa y la Fundaci\u00f3n Enriqueta Villavecchia contra el c\u00e1ncer infantil"}]},{"@type":"WebSite","@id":"https:\/\/www.ralarsa.com\/es\/#website","url":"https:\/\/www.ralarsa.com\/es\/","name":"Ralarsa","description":"","publisher":{"@id":"https:\/\/www.ralarsa.com\/es\/#organization"},"potentialAction":[{"@type":"SearchAction","target":{"@type":"EntryPoint","urlTemplate":"https:\/\/www.ralarsa.com\/es\/?s={search_term_string}"},"query-input":{"@type":"PropertyValueSpecification","valueRequired":true,"valueName":"search_term_string"}}],"inLanguage":"es"},{"@type":"Organization","@id":"https:\/\/www.ralarsa.com\/es\/#organization","name":"Ralarsa","url":"https:\/\/www.ralarsa.com\/es\/","logo":{"@type":"ImageObject","inLanguage":"es","@id":"https:\/\/www.ralarsa.com\/es\/#\/schema\/logo\/image\/","url":"https:\/\/ralarsa.s3.eu-central-1.amazonaws.com\/wp-content\/uploads\/2025\/04\/logo-ralarsa.png","contentUrl":"https:\/\/ralarsa.s3.eu-central-1.amazonaws.com\/wp-content\/uploads\/2025\/04\/logo-ralarsa.png","width":1192,"height":412,"caption":"Ralarsa"},"image":{"@id":"https:\/\/www.ralarsa.com\/es\/#\/schema\/logo\/image\/"}},{"@type":"Person","@id":"https:\/\/www.ralarsa.com\/es\/#\/schema\/person\/cc6cd8ee6652131e9e8872b5cb9424fb","name":"ralarsa_admin","image":{"@type":"ImageObject","inLanguage":"es","@id":"https:\/\/www.ralarsa.com\/es\/#\/schema\/person\/image\/","url":"https:\/\/secure.gravatar.com\/avatar\/a74fd8d2062d4dc1f2f251438977288d50eb8ca5b4735594bcad2f5016833f49?s=96&d=mm&r=g","contentUrl":"https:\/\/secure.gravatar.com\/avatar\/a74fd8d2062d4dc1f2f251438977288d50eb8ca5b4735594bcad2f5016833f49?s=96&d=mm&r=g","caption":"ralarsa_admin"},"sameAs":["https:\/\/www-pre.ralarsa.com"]}]}},"_links":{"self":[{"href":"https:\/\/www.ralarsa.com\/es\/wp-json\/wp\/v2\/posts\/1867","targetHints":{"allow":["GET"]}}],"collection":[{"href":"https:\/\/www.ralarsa.com\/es\/wp-json\/wp\/v2\/posts"}],"about":[{"href":"https:\/\/www.ralarsa.com\/es\/wp-json\/wp\/v2\/types\/post"}],"author":[{"embeddable":true,"href":"https:\/\/www.ralarsa.com\/es\/wp-json\/wp\/v2\/users\/1"}],"replies":[{"embeddable":true,"href":"https:\/\/www.ralarsa.com\/es\/wp-json\/wp\/v2\/comments?post=1867"}],"version-history":[{"count":2,"href":"https:\/\/www.ralarsa.com\/es\/wp-json\/wp\/v2\/posts\/1867\/revisions"}],"predecessor-version":[{"id":5490,"href":"https:\/\/www.ralarsa.com\/es\/wp-json\/wp\/v2\/posts\/1867\/revisions\/5490"}],"wp:featuredmedia":[{"embeddable":true,"href":"https:\/\/www.ralarsa.com\/es\/wp-json\/wp\/v2\/media\/5491"}],"wp:attachment":[{"href":"https:\/\/www.ralarsa.com\/es\/wp-json\/wp\/v2\/media?parent=1867"}],"wp:term":[{"taxonomy":"category","embeddable":true,"href":"https:\/\/www.ralarsa.com\/es\/wp-json\/wp\/v2\/categories?post=1867"},{"taxonomy":"post_tag","embeddable":true,"href":"https:\/\/www.ralarsa.com\/es\/wp-json\/wp\/v2\/tags?post=1867"}],"curies":[{"name":"wp","href":"https:\/\/api.w.org\/{rel}","templated":true}]}}