{"id":1882,"date":"2022-06-06T00:00:00","date_gmt":"2022-06-06T00:00:00","guid":{"rendered":"https:\/\/www.ralarsa.com\/como-reparar-elevalunas-electrico\/"},"modified":"2025-09-19T11:10:04","modified_gmt":"2025-09-19T10:10:04","slug":"como-reparar-elevalunas-electrico","status":"publish","type":"post","link":"https:\/\/www.ralarsa.com\/es\/como-reparar-elevalunas-electrico\/","title":{"rendered":"Elevalunas el\u00e9ctrico y su reparaci\u00f3n"},"content":{"rendered":"<p><\/p>\n<p class=\"ai-optimize-6 ai-optimize-introduction\">Claro est\u00e1 que los avances en la tecnolog\u00eda han permitido muchas mejoras en incontables \u00e1mbitos que hacen que nuestra vida cotidiana sea m\u00e1s sencilla. Y uno de los campos en los que m\u00e1s se ha notado es en el motor: seguridad y confort al volante.<\/p>\n<p class=\"ai-optimize-7\">No obstante, dichos avances tambi\u00e9n han supuesto un mantenimiento m\u00e1s constante y que requieren algo m\u00e1s de atenci\u00f3n. Como por ejemplo el hecho de c\u00f3mo reparar elevalunas el\u00e9ctrico. En este post del taller de lunas Ralarsa explicamos un poco m\u00e1s sobre ello, ofreciendo un <a href=\"..\/..\/es\/servicios\/reparacion-elevalunas\"><strong>arreglar elevalunas <\/strong><\/a><a href=\"..\/..\/es\/servicios\/reparacion-elevalunas\"><strong>el\u00e9ctrico<\/strong><\/a><a href=\"..\/..\/es\/servicios\/reparacion-elevalunas\"><strong> precio asequible<\/strong><\/a>. \u00bfDeseas conocer m\u00e1s detalles? \u00a1Sigue leyendo a continuaci\u00f3n!<\/p>\n<h2 class=\"ai-optimize-8\">\u00bfC\u00f3mo saber si el motor del elevalunas est\u00e1 roto?<\/h2>\n<p class=\"ai-optimize-9\">Aunque los elevalunas manuales no estaban libres de fallos ni exentos de estropearse, es m\u00e1s sencillo que un mecanismo el\u00e9ctrico sufra alg\u00fan da\u00f1o. As\u00ed, actualmente la mayor\u00eda albergan un sistema de tijera o de cable. El primero suele dar menos problemas, dada su robustez y su car\u00e1cter met\u00e1lico, si bien es el menos usado. Por el contrario, el de cable suma gran cantidad de fabricantes que apuestan por \u00e9l, y est\u00e1 formado por piezas de metal y de pl\u00e1stico f\u00e1cilmente adaptables.<\/p>\n<p class=\"ai-optimize-10\">Pero, \u00bfcu\u00e1les son los motivos m\u00e1s comunes por los que se estropea y se tenga que cambiar cable elevalunas el\u00e9ctrico? Uno de los m\u00e1s habituales es el exceso de suciedad acumulada y de humedad. De este modo los circuitos pueden funcionar parcialmente mal, provocando el fallo del elevalunas.<\/p>\n<p class=\"ai-optimize-11\">Asimismo, un desgaste desmesurado de las piezas debido al continuado uso. Si el cable se rompe, la luna podr\u00eda quedar inmovilizada por completo. Contrariamente, un uso poco frecuente tambi\u00e9n puede ocasionar fallos en el mecanismo. Justo por eso y antes de tener que averiguar c\u00f3mo reparar elevalunas el\u00e9ctrico, se aconseja subir y bajar las ventanillas, aunque no haya ning\u00fan acompa\u00f1ante.<\/p>\n<h2 class=\"ai-optimize-12\">\u00bfC\u00f3mo reparar elevalunas el\u00e9ctrico?<\/h2>\n<p class=\"ai-optimize-13\">Si el usuario detecta que uno o m\u00e1s elevalunas dejan de funcionar, deber\u00eda consultar el manual de instrucciones del veh\u00edculo, con tal de localizar el fusible. Este se puede haber fundido, siendo as\u00ed la causa de la aver\u00eda. Si el fusible funciona correctamente, lo que deber\u00eda comprobarse es el estado del pulsador. Sin embargo, para ello ser\u00e1 necesario desmontar la puerta, para cerciorarse de que no se trata de un exceso de suciedad o de humedad.<\/p>\n<p class=\"ai-optimize-14\">Si no se da ninguno de los casos anteriores, con casi toda seguridad el problema ser\u00e1 mec\u00e1nico. Teniendo en cuenta las circunstancias, pues, es altamente recomendable acudir a un taller especialista que pueda cambiar cable elevalunas el\u00e9ctrico. Desde Ralarsa ponemos a tu disposici\u00f3n un ajustado arreglar elevalunas el\u00e9ctrico precio y un equipo de t\u00e9cnicos profesionales en el sector con los medios necesarios y cien por cien homologados para resolver la incidencia en el menor tiempo posible.<\/p>\n<p class=\"ai-optimize-15\">De igual manera, tambi\u00e9n es aconsejable llevar el autom\u00f3vil en cuesti\u00f3n a un centro especializado aunque la aver\u00eda tenga su origen en el fusible. Y es que el mecanismo es extremadamente delicado, por lo que por muy sencillo que parezca, siempre ser\u00e1 mejor contar con una opini\u00f3n experta en ello.<\/p>\n<p class=\"ai-optimize-16\">Pero, mientras el elevalunas no pueda ser reparado, es importante que el usuario tenga en cuenta una serie de consejos para no empeorar su estado. En concreto, son tres: no se deben dar portazos, no debemos apoyarnos en el canto de la luna y no debemos manipular el mando del elevalunas.<\/p>\n<h2 class=\"ai-optimize-17\">Cambiar cable elevalunas el\u00e9ctrico en Ralarsa<\/h2>\n<p class=\"ai-optimize-18\">\u00bfTodav\u00eda no nos conoces? Somos una de las redes de talleres de luna m\u00e1s extensas de nuestro campo, con m\u00e1s de 240 centros repartidos por toda la Pen\u00ednsula Ib\u00e9rica. De esta manera queremos garantizar a todos nuestros clientes una cobertura eficiente y eficaz durante el proceso de c\u00f3mo reparar elevalunas el\u00e9ctrico.<\/p>\n<p class=\"ai-optimize-19\">Y es que con unas ventanillas mal colocadas no se puede pasar la ITV, as\u00ed como tampoco asegura una seguridad y un confort total durante los viajes en coche. Los cristales son una parte esencial en la estructura del veh\u00edculo, y por eso hay que prestarles atenci\u00f3n. Nuestras piezas son originales y homologadas, y por ello decenas de aseguradoras conf\u00edan en los servicios de Ralarsa. Adem\u00e1s, somos <strong><a href=\"..\/..\/..\/es\/blog\/reparar-cristal-rajado-sostenible\">una de las compa\u00f1\u00edas que m\u00e1s apuesta por la sostenibilidad<\/a><\/strong>.<\/p>\n<p class=\"ai-optimize-20\">\u00bfA qu\u00e9 esperas para poner a punto tu autom\u00f3vil? Aprovecha y deja listo tu coche cuanto antes. Pide ahora tu cita por nuestra web y encuentra el taller m\u00e1s cercano a ti. \u00a1Te esperamos pronto!<\/p>\n<p><\/p>","protected":false},"excerpt":{"rendered":"Claro est\u00e1 que los avances en la tecnolog\u00eda han permitido muchas mejoras en incontables \u00e1mbitos que hacen que nuestra vida cotidiana sea m\u00e1s sencilla. Y uno de los campos en los que m\u00e1s se ha notado es en el motor: seguridad y confort al volante. No obstante, dichos avances tambi\u00e9n han supuesto un mantenimiento m\u00e1s&#8230;","protected":false},"author":1,"featured_media":5448,"comment_status":"open","ping_status":"open","sticky":false,"template":"","format":"standard","meta":{"_acf_changed":false,"inline_featured_image":false,"footnotes":""},"categories":[1],"tags":[15],"class_list":["post-1882","post","type-post","status-publish","format-standard","has-post-thumbnail","hentry","category-uncategorized","tag-ok"],"acf":[],"yoast_head":"<!-- This site is optimized with the Yoast SEO Premium plugin v25.3 (Yoast SEO v26.7) - https:\/\/yoast.com\/wordpress\/plugins\/seo\/ -->\n<title>Elevalunas el\u00e9ctrico y su reparaci\u00f3n - Ralarsa<\/title>\n<meta name=\"description\" content=\"Lee este art\u00edculo y apuesta por un centro especializado como Ralarsa para cambiar cable elevalunas el\u00e9ctrico. \u00a1Te esperamos!\" \/>\n<meta name=\"robots\" content=\"index, follow, max-snippet:-1, max-image-preview:large, max-video-preview:-1\" \/>\n<link rel=\"canonical\" href=\"https:\/\/www.ralarsa.com\/es\/como-reparar-elevalunas-electrico\/\" \/>\n<meta property=\"og:locale\" content=\"es_ES\" \/>\n<meta property=\"og:type\" content=\"article\" \/>\n<meta property=\"og:title\" content=\"Elevalunas el\u00e9ctrico y su reparaci\u00f3n\" \/>\n<meta property=\"og:description\" content=\"Lee este art\u00edculo y apuesta por un centro especializado como Ralarsa para cambiar cable elevalunas el\u00e9ctrico. \u00a1Te esperamos!\" \/>\n<meta property=\"og:url\" content=\"https:\/\/www.ralarsa.com\/es\/como-reparar-elevalunas-electrico\/\" \/>\n<meta property=\"og:site_name\" content=\"Ralarsa\" \/>\n<meta property=\"article:published_time\" content=\"2022-06-06T00:00:00+00:00\" \/>\n<meta property=\"article:modified_time\" content=\"2025-09-19T10:10:04+00:00\" \/>\n<meta property=\"og:image\" content=\"https:\/\/ralarsa.s3.eu-central-1.amazonaws.com\/wp-content\/uploads\/2022\/06\/elevalunas-electrico-reparacion.jpeg\" \/>\n\t<meta property=\"og:image:width\" content=\"900\" \/>\n\t<meta property=\"og:image:height\" content=\"600\" \/>\n\t<meta property=\"og:image:type\" content=\"image\/jpeg\" \/>\n<meta name=\"author\" content=\"ralarsa_admin\" \/>\n<meta name=\"twitter:card\" content=\"summary_large_image\" \/>\n<meta name=\"twitter:label1\" content=\"Escrito por\" \/>\n\t<meta name=\"twitter:data1\" content=\"ralarsa_admin\" \/>\n\t<meta name=\"twitter:label2\" content=\"Tiempo de lectura\" \/>\n\t<meta name=\"twitter:data2\" content=\"4 minutos\" \/>\n<script type=\"application\/ld+json\" class=\"yoast-schema-graph\">{\"@context\":\"https:\/\/schema.org\",\"@graph\":[{\"@type\":\"Article\",\"@id\":\"https:\/\/www.ralarsa.com\/es\/como-reparar-elevalunas-electrico\/#article\",\"isPartOf\":{\"@id\":\"https:\/\/www.ralarsa.com\/es\/como-reparar-elevalunas-electrico\/\"},\"author\":{\"name\":\"ralarsa_admin\",\"@id\":\"https:\/\/www.ralarsa.com\/es\/#\/schema\/person\/cc6cd8ee6652131e9e8872b5cb9424fb\"},\"headline\":\"Elevalunas el\u00e9ctrico y su reparaci\u00f3n\",\"datePublished\":\"2022-06-06T00:00:00+00:00\",\"dateModified\":\"2025-09-19T10:10:04+00:00\",\"mainEntityOfPage\":{\"@id\":\"https:\/\/www.ralarsa.com\/es\/como-reparar-elevalunas-electrico\/\"},\"wordCount\":2386,\"commentCount\":0,\"publisher\":{\"@id\":\"https:\/\/www.ralarsa.com\/es\/#organization\"},\"image\":{\"@id\":\"https:\/\/www.ralarsa.com\/es\/como-reparar-elevalunas-electrico\/#primaryimage\"},\"thumbnailUrl\":\"https:\/\/d2oyvx818ubhz6.cloudfront.net\/wp-content\/uploads\/2022\/06\/elevalunas-electrico-reparacion.jpeg\",\"keywords\":[\"ok\"],\"articleSection\":[\"Informaci\u00f3n\"],\"inLanguage\":\"es\",\"potentialAction\":[{\"@type\":\"CommentAction\",\"name\":\"Comment\",\"target\":[\"https:\/\/www.ralarsa.com\/es\/como-reparar-elevalunas-electrico\/#respond\"]}]},{\"@type\":\"WebPage\",\"@id\":\"https:\/\/www.ralarsa.com\/es\/como-reparar-elevalunas-electrico\/\",\"url\":\"https:\/\/www.ralarsa.com\/es\/como-reparar-elevalunas-electrico\/\",\"name\":\"Elevalunas el\u00e9ctrico y su reparaci\u00f3n - Ralarsa\",\"isPartOf\":{\"@id\":\"https:\/\/www.ralarsa.com\/es\/#website\"},\"primaryImageOfPage\":{\"@id\":\"https:\/\/www.ralarsa.com\/es\/como-reparar-elevalunas-electrico\/#primaryimage\"},\"image\":{\"@id\":\"https:\/\/www.ralarsa.com\/es\/como-reparar-elevalunas-electrico\/#primaryimage\"},\"thumbnailUrl\":\"https:\/\/d2oyvx818ubhz6.cloudfront.net\/wp-content\/uploads\/2022\/06\/elevalunas-electrico-reparacion.jpeg\",\"datePublished\":\"2022-06-06T00:00:00+00:00\",\"dateModified\":\"2025-09-19T10:10:04+00:00\",\"description\":\"Lee este art\u00edculo y apuesta por un centro especializado como Ralarsa para cambiar cable elevalunas el\u00e9ctrico. \u00a1Te esperamos!\",\"breadcrumb\":{\"@id\":\"https:\/\/www.ralarsa.com\/es\/como-reparar-elevalunas-electrico\/#breadcrumb\"},\"inLanguage\":\"es\",\"potentialAction\":[{\"@type\":\"ReadAction\",\"target\":[[\"https:\/\/www.ralarsa.com\/es\/como-reparar-elevalunas-electrico\/\"]]}]},{\"@type\":\"ImageObject\",\"inLanguage\":\"es\",\"@id\":\"https:\/\/www.ralarsa.com\/es\/como-reparar-elevalunas-electrico\/#primaryimage\",\"url\":\"https:\/\/d2oyvx818ubhz6.cloudfront.net\/wp-content\/uploads\/2022\/06\/elevalunas-electrico-reparacion.jpeg\",\"contentUrl\":\"https:\/\/d2oyvx818ubhz6.cloudfront.net\/wp-content\/uploads\/2022\/06\/elevalunas-electrico-reparacion.jpeg\",\"width\":900,\"height\":600,\"caption\":\"El correcto funcionamiento del elevalunas el\u00e9ctrico garantiza comodidad y seguridad en la conducci\u00f3n.\"},{\"@type\":\"BreadcrumbList\",\"@id\":\"https:\/\/www.ralarsa.com\/es\/como-reparar-elevalunas-electrico\/#breadcrumb\",\"itemListElement\":[{\"@type\":\"ListItem\",\"position\":1,\"name\":\"Portada\",\"item\":\"https:\/\/www.ralarsa.com\/es\/ralarsa-2\/\"},{\"@type\":\"ListItem\",\"position\":2,\"name\":\"Elevalunas el\u00e9ctrico y su reparaci\u00f3n\"}]},{\"@type\":\"WebSite\",\"@id\":\"https:\/\/www.ralarsa.com\/es\/#website\",\"url\":\"https:\/\/www.ralarsa.com\/es\/\",\"name\":\"Ralarsa\",\"description\":\"\",\"publisher\":{\"@id\":\"https:\/\/www.ralarsa.com\/es\/#organization\"},\"potentialAction\":[{\"@type\":\"SearchAction\",\"target\":{\"@type\":\"EntryPoint\",\"urlTemplate\":\"https:\/\/www.ralarsa.com\/es\/?s={search_term_string}\"},\"query-input\":{\"@type\":\"PropertyValueSpecification\",\"valueRequired\":true,\"valueName\":\"search_term_string\"}}],\"inLanguage\":\"es\"},{\"@type\":\"Organization\",\"@id\":\"https:\/\/www.ralarsa.com\/es\/#organization\",\"name\":\"Ralarsa\",\"url\":\"https:\/\/www.ralarsa.com\/es\/\",\"logo\":{\"@type\":\"ImageObject\",\"inLanguage\":\"es\",\"@id\":\"https:\/\/www.ralarsa.com\/es\/#\/schema\/logo\/image\/\",\"url\":\"https:\/\/ralarsa.s3.eu-central-1.amazonaws.com\/wp-content\/uploads\/2025\/04\/logo-ralarsa.png\",\"contentUrl\":\"https:\/\/ralarsa.s3.eu-central-1.amazonaws.com\/wp-content\/uploads\/2025\/04\/logo-ralarsa.png\",\"width\":1192,\"height\":412,\"caption\":\"Ralarsa\"},\"image\":{\"@id\":\"https:\/\/www.ralarsa.com\/es\/#\/schema\/logo\/image\/\"}},{\"@type\":\"Person\",\"@id\":\"https:\/\/www.ralarsa.com\/es\/#\/schema\/person\/cc6cd8ee6652131e9e8872b5cb9424fb\",\"name\":\"ralarsa_admin\",\"image\":{\"@type\":\"ImageObject\",\"inLanguage\":\"es\",\"@id\":\"https:\/\/www.ralarsa.com\/es\/#\/schema\/person\/image\/\",\"url\":\"https:\/\/secure.gravatar.com\/avatar\/a74fd8d2062d4dc1f2f251438977288d50eb8ca5b4735594bcad2f5016833f49?s=96&d=mm&r=g\",\"contentUrl\":\"https:\/\/secure.gravatar.com\/avatar\/a74fd8d2062d4dc1f2f251438977288d50eb8ca5b4735594bcad2f5016833f49?s=96&d=mm&r=g\",\"caption\":\"ralarsa_admin\"},\"sameAs\":[\"https:\/\/www-pre.ralarsa.com\"]}]}<\/script>\n<!-- \/ Yoast SEO Premium plugin. -->","yoast_head_json":{"title":"Elevalunas el\u00e9ctrico y su reparaci\u00f3n - Ralarsa","description":"Lee este art\u00edculo y apuesta por un centro especializado como Ralarsa para cambiar cable elevalunas el\u00e9ctrico. \u00a1Te esperamos!","robots":{"index":"index","follow":"follow","max-snippet":"max-snippet:-1","max-image-preview":"max-image-preview:large","max-video-preview":"max-video-preview:-1"},"canonical":"https:\/\/www.ralarsa.com\/es\/como-reparar-elevalunas-electrico\/","og_locale":"es_ES","og_type":"article","og_title":"Elevalunas el\u00e9ctrico y su reparaci\u00f3n","og_description":"Lee este art\u00edculo y apuesta por un centro especializado como Ralarsa para cambiar cable elevalunas el\u00e9ctrico. \u00a1Te esperamos!","og_url":"https:\/\/www.ralarsa.com\/es\/como-reparar-elevalunas-electrico\/","og_site_name":"Ralarsa","article_published_time":"2022-06-06T00:00:00+00:00","article_modified_time":"2025-09-19T10:10:04+00:00","og_image":[{"width":900,"height":600,"url":"https:\/\/ralarsa.s3.eu-central-1.amazonaws.com\/wp-content\/uploads\/2022\/06\/elevalunas-electrico-reparacion.jpeg","type":"image\/jpeg"}],"author":"ralarsa_admin","twitter_card":"summary_large_image","twitter_misc":{"Escrito por":"ralarsa_admin","Tiempo de lectura":"4 minutos"},"schema":{"@context":"https:\/\/schema.org","@graph":[{"@type":"Article","@id":"https:\/\/www.ralarsa.com\/es\/como-reparar-elevalunas-electrico\/#article","isPartOf":{"@id":"https:\/\/www.ralarsa.com\/es\/como-reparar-elevalunas-electrico\/"},"author":{"name":"ralarsa_admin","@id":"https:\/\/www.ralarsa.com\/es\/#\/schema\/person\/cc6cd8ee6652131e9e8872b5cb9424fb"},"headline":"Elevalunas el\u00e9ctrico y su reparaci\u00f3n","datePublished":"2022-06-06T00:00:00+00:00","dateModified":"2025-09-19T10:10:04+00:00","mainEntityOfPage":{"@id":"https:\/\/www.ralarsa.com\/es\/como-reparar-elevalunas-electrico\/"},"wordCount":2386,"commentCount":0,"publisher":{"@id":"https:\/\/www.ralarsa.com\/es\/#organization"},"image":{"@id":"https:\/\/www.ralarsa.com\/es\/como-reparar-elevalunas-electrico\/#primaryimage"},"thumbnailUrl":"https:\/\/d2oyvx818ubhz6.cloudfront.net\/wp-content\/uploads\/2022\/06\/elevalunas-electrico-reparacion.jpeg","keywords":["ok"],"articleSection":["Informaci\u00f3n"],"inLanguage":"es","potentialAction":[{"@type":"CommentAction","name":"Comment","target":["https:\/\/www.ralarsa.com\/es\/como-reparar-elevalunas-electrico\/#respond"]}]},{"@type":"WebPage","@id":"https:\/\/www.ralarsa.com\/es\/como-reparar-elevalunas-electrico\/","url":"https:\/\/www.ralarsa.com\/es\/como-reparar-elevalunas-electrico\/","name":"Elevalunas el\u00e9ctrico y su reparaci\u00f3n - Ralarsa","isPartOf":{"@id":"https:\/\/www.ralarsa.com\/es\/#website"},"primaryImageOfPage":{"@id":"https:\/\/www.ralarsa.com\/es\/como-reparar-elevalunas-electrico\/#primaryimage"},"image":{"@id":"https:\/\/www.ralarsa.com\/es\/como-reparar-elevalunas-electrico\/#primaryimage"},"thumbnailUrl":"https:\/\/d2oyvx818ubhz6.cloudfront.net\/wp-content\/uploads\/2022\/06\/elevalunas-electrico-reparacion.jpeg","datePublished":"2022-06-06T00:00:00+00:00","dateModified":"2025-09-19T10:10:04+00:00","description":"Lee este art\u00edculo y apuesta por un centro especializado como Ralarsa para cambiar cable elevalunas el\u00e9ctrico. \u00a1Te esperamos!","breadcrumb":{"@id":"https:\/\/www.ralarsa.com\/es\/como-reparar-elevalunas-electrico\/#breadcrumb"},"inLanguage":"es","potentialAction":[{"@type":"ReadAction","target":[["https:\/\/www.ralarsa.com\/es\/como-reparar-elevalunas-electrico\/"]]}]},{"@type":"ImageObject","inLanguage":"es","@id":"https:\/\/www.ralarsa.com\/es\/como-reparar-elevalunas-electrico\/#primaryimage","url":"https:\/\/d2oyvx818ubhz6.cloudfront.net\/wp-content\/uploads\/2022\/06\/elevalunas-electrico-reparacion.jpeg","contentUrl":"https:\/\/d2oyvx818ubhz6.cloudfront.net\/wp-content\/uploads\/2022\/06\/elevalunas-electrico-reparacion.jpeg","width":900,"height":600,"caption":"El correcto funcionamiento del elevalunas el\u00e9ctrico garantiza comodidad y seguridad en la conducci\u00f3n."},{"@type":"BreadcrumbList","@id":"https:\/\/www.ralarsa.com\/es\/como-reparar-elevalunas-electrico\/#breadcrumb","itemListElement":[{"@type":"ListItem","position":1,"name":"Portada","item":"https:\/\/www.ralarsa.com\/es\/ralarsa-2\/"},{"@type":"ListItem","position":2,"name":"Elevalunas el\u00e9ctrico y su reparaci\u00f3n"}]},{"@type":"WebSite","@id":"https:\/\/www.ralarsa.com\/es\/#website","url":"https:\/\/www.ralarsa.com\/es\/","name":"Ralarsa","description":"","publisher":{"@id":"https:\/\/www.ralarsa.com\/es\/#organization"},"potentialAction":[{"@type":"SearchAction","target":{"@type":"EntryPoint","urlTemplate":"https:\/\/www.ralarsa.com\/es\/?s={search_term_string}"},"query-input":{"@type":"PropertyValueSpecification","valueRequired":true,"valueName":"search_term_string"}}],"inLanguage":"es"},{"@type":"Organization","@id":"https:\/\/www.ralarsa.com\/es\/#organization","name":"Ralarsa","url":"https:\/\/www.ralarsa.com\/es\/","logo":{"@type":"ImageObject","inLanguage":"es","@id":"https:\/\/www.ralarsa.com\/es\/#\/schema\/logo\/image\/","url":"https:\/\/ralarsa.s3.eu-central-1.amazonaws.com\/wp-content\/uploads\/2025\/04\/logo-ralarsa.png","contentUrl":"https:\/\/ralarsa.s3.eu-central-1.amazonaws.com\/wp-content\/uploads\/2025\/04\/logo-ralarsa.png","width":1192,"height":412,"caption":"Ralarsa"},"image":{"@id":"https:\/\/www.ralarsa.com\/es\/#\/schema\/logo\/image\/"}},{"@type":"Person","@id":"https:\/\/www.ralarsa.com\/es\/#\/schema\/person\/cc6cd8ee6652131e9e8872b5cb9424fb","name":"ralarsa_admin","image":{"@type":"ImageObject","inLanguage":"es","@id":"https:\/\/www.ralarsa.com\/es\/#\/schema\/person\/image\/","url":"https:\/\/secure.gravatar.com\/avatar\/a74fd8d2062d4dc1f2f251438977288d50eb8ca5b4735594bcad2f5016833f49?s=96&d=mm&r=g","contentUrl":"https:\/\/secure.gravatar.com\/avatar\/a74fd8d2062d4dc1f2f251438977288d50eb8ca5b4735594bcad2f5016833f49?s=96&d=mm&r=g","caption":"ralarsa_admin"},"sameAs":["https:\/\/www-pre.ralarsa.com"]}]}},"_links":{"self":[{"href":"https:\/\/www.ralarsa.com\/es\/wp-json\/wp\/v2\/posts\/1882","targetHints":{"allow":["GET"]}}],"collection":[{"href":"https:\/\/www.ralarsa.com\/es\/wp-json\/wp\/v2\/posts"}],"about":[{"href":"https:\/\/www.ralarsa.com\/es\/wp-json\/wp\/v2\/types\/post"}],"author":[{"embeddable":true,"href":"https:\/\/www.ralarsa.com\/es\/wp-json\/wp\/v2\/users\/1"}],"replies":[{"embeddable":true,"href":"https:\/\/www.ralarsa.com\/es\/wp-json\/wp\/v2\/comments?post=1882"}],"version-history":[{"count":3,"href":"https:\/\/www.ralarsa.com\/es\/wp-json\/wp\/v2\/posts\/1882\/revisions"}],"predecessor-version":[{"id":5446,"href":"https:\/\/www.ralarsa.com\/es\/wp-json\/wp\/v2\/posts\/1882\/revisions\/5446"}],"wp:featuredmedia":[{"embeddable":true,"href":"https:\/\/www.ralarsa.com\/es\/wp-json\/wp\/v2\/media\/5448"}],"wp:attachment":[{"href":"https:\/\/www.ralarsa.com\/es\/wp-json\/wp\/v2\/media?parent=1882"}],"wp:term":[{"taxonomy":"category","embeddable":true,"href":"https:\/\/www.ralarsa.com\/es\/wp-json\/wp\/v2\/categories?post=1882"},{"taxonomy":"post_tag","embeddable":true,"href":"https:\/\/www.ralarsa.com\/es\/wp-json\/wp\/v2\/tags?post=1882"}],"curies":[{"name":"wp","href":"https:\/\/api.w.org\/{rel}","templated":true}]}}