{"id":1898,"date":"2022-12-01T00:00:00","date_gmt":"2022-12-01T00:00:00","guid":{"rendered":"https:\/\/www.ralarsa.com\/restricciones-coches-pegatina-b-2023\/"},"modified":"2025-09-18T14:33:42","modified_gmt":"2025-09-18T13:33:42","slug":"restricciones-coches-pegatina-b-2023","status":"publish","type":"post","link":"https:\/\/www.ralarsa.com\/es\/restricciones-coches-pegatina-b-2023\/","title":{"rendered":"\u00bfQu\u00e9 restricciones tendr\u00e1n los coches con pegatina B en 2023?"},"content":{"rendered":"<p><\/p>\n<p class=\"ai-optimize-16\"><span style=\"font-weight: 400;\">La Navidad est\u00e1 a la vuelta de la esquina, y con ella, se acerca el a\u00f1o nuevo. Su llegada conlleva cambios, no solamente en nuestra vida diaria sino tambi\u00e9n en nuestro veh\u00edculo. \u00bfQu\u00e9 restricciones habr\u00e1 de cara al a\u00f1o que viene?\u00a0<\/span><\/p>\n<p class=\"ai-optimize-17\"><span style=\"font-weight: 400;\">Desde Ralarsa, <\/span><a href=\"..\/..\/es\/servicios\/reparacion-elevalunas\"><strong>taller reparaci\u00f3n elevalunas el\u00e9ctrico<\/strong><\/a><span style=\"font-weight: 400;\">, te lo contamos todo en este art\u00edculo. En Ralarsa somos expertos en la reparaci\u00f3n de lunas para coches y contamos con m\u00e1s de 40 a\u00f1os de experiencia cuidando los coches de sus clientes en Espa\u00f1a, as\u00ed como una red de m\u00e1s de 250 talleres repartidos por la Pen\u00ednsula.\u00a0<\/span><\/p>\n<h2 class=\"ai-optimize-18\"><span style=\"font-weight: 400;\">\u00bfCu\u00e1les ser\u00e1n las restricciones?<\/span><\/h2>\n<p class=\"ai-optimize-19\"><span style=\"font-weight: 400;\">Como hemos dicho antes, los conductores se enfrentar\u00e1n a nuevas restricciones automovil\u00edsticas que entrar\u00e1n en vigor el pr\u00f3ximo a\u00f1o 2023. Sin embargo, s\u00f3lo se tendr\u00e1n en cuenta los veh\u00edculos que cumplan con ciertas caracter\u00edsticas y adem\u00e1s cuenten con la etiqueta B, que com\u00fanmente se conoce como la de color amarillo.<\/span><\/p>\n<p class=\"ai-optimize-20\"><span style=\"font-weight: 400;\">Sin duda esta medida te va a afectar si tu coche est\u00e1 equipado con un motor de gasolina y adem\u00e1s fue matriculado entre el a\u00f1o 2001 y 2005. Lo mismo ocurrir\u00e1 si <\/span><span style=\"font-weight: 400;\">se trata de un autom\u00f3vil de di\u00e9sel que se matricul\u00f3 entre enero de 2006 y agosto de 2015.\u00a0<\/span><\/p>\n<p class=\"ai-optimize-21\"><span style=\"font-weight: 400;\">La medida que har\u00e1 que muchos conductores se vean afectados ser\u00e1 la siguiente: en 2023, todos los coches con marcado B podr\u00e1n entrar en la zona de bajas emisiones (ZBE), pero tendr\u00e1n prohibido aparcar en la zona. As\u00ed, deber\u00e1n apostar por un parking. Esta regla se aplica \u00fanicamente a aquellas zonas mencionadas anteriormente, fuera de las cuales se puede circular y aparcar libremente seg\u00fan las normas de la DGT.<\/span><\/p>\n<p class=\"ai-optimize-22\"><span style=\"font-weight: 400;\">Solo los conductores con un veh\u00edculo clasificado con la etiqueta B deber\u00e1n someterse a las nuevas restricciones. Asimismo, cabe mencionar que esta medida \u00fanicamente estar\u00e1 en vigor en las localidades espa\u00f1olas cuyo n\u00famero de habitantes supera los 50.000.\u00a0<\/span><\/p>\n<p class=\"ai-optimize-23\"><span style=\"font-weight: 400;\">Esta nueva normativa tiene el objetivo de combatir el cambio clim\u00e1tico y mejorar la calidad del aire en las ciudades. Dicha estrategia fue desarrollada e impulsada por el Gobierno y pretende, a grosso modo, mejorar el d\u00eda a d\u00eda de nuestra sociedad, enmarcada dentro de la Ley de Cambio Clim\u00e1tico. Por ello, se ha cre\u00eddo que poner restricciones a los veh\u00edculos que puedan resultar m\u00e1s perjudiciales es una buena forma para conseguirlo.\u00a0<\/span><\/p>\n<p class=\"ai-optimize-24\"><span style=\"font-weight: 400;\">Ante la preocupaci\u00f3n de los ayuntamientos, la Federaci\u00f3n Espa\u00f1ola de Municipios y Provincias (FEMP) ha solicitado un plazo de un a\u00f1o al Gobierno para adaptarse a esta nueva normativa y hacer frente a los nuevos cambios, que sin duda supondr\u00e1n un antes y un despu\u00e9s en la rutina de los conductores espa\u00f1oles.<\/span><\/p>\n<p class=\"ai-optimize-25\"><span style=\"font-weight: 400;\">En <\/span><a href=\"..\/..\/\"><strong>Ralarsa<\/strong><\/a><span style=\"font-weight: 400;\"> somos un taller reparaci\u00f3n elevalunas el\u00e9ctrico, reparamos y sustituimos lunas para coches. Siempre podr\u00e1s contar con nosotros y por eso ofrecemos una atenci\u00f3n al cliente las 24 horas al d\u00eda. Por no mencionar nuestros m\u00e1s de 40 a\u00f1os de experiencia en el sector y la garant\u00eda de todos nuestros servicios. Adem\u00e1s, te ayudamos a pasar la itv sin problemas. \u00a1Alarga la vida \u00fatil de tu limpiaparabrisas con Ralarsa!<\/span><\/p>\n<p><\/p>","protected":false},"excerpt":{"rendered":"La Navidad est\u00e1 a la vuelta de la esquina, y con ella, se acerca el a\u00f1o nuevo. Su llegada conlleva cambios, no solamente en nuestra vida diaria sino tambi\u00e9n en nuestro veh\u00edculo. \u00bfQu\u00e9 restricciones habr\u00e1 de cara al a\u00f1o que viene?\u00a0 Desde Ralarsa, taller reparaci\u00f3n elevalunas el\u00e9ctrico, te lo contamos todo en este art\u00edculo. En&#8230;","protected":false},"author":1,"featured_media":5413,"comment_status":"open","ping_status":"open","sticky":false,"template":"","format":"standard","meta":{"_acf_changed":false,"inline_featured_image":false,"footnotes":""},"categories":[1],"tags":[15],"class_list":["post-1898","post","type-post","status-publish","format-standard","has-post-thumbnail","hentry","category-uncategorized","tag-ok"],"acf":[],"yoast_head":"<!-- This site is optimized with the Yoast SEO Premium plugin v25.3 (Yoast SEO v26.7) - https:\/\/yoast.com\/wordpress\/plugins\/seo\/ -->\n<title>\u00bfQu\u00e9 restricciones tendr\u00e1n los coches con pegatina B en 2023? - Ralarsa<\/title>\n<meta name=\"description\" content=\"\u00bfNo conoces la nueva normativa de restricciones para el a\u00f1o 2023? Revisa si podr\u00e1s seguir circulando por tu recorrido habitual en este art\u00edculo, \u00a1te esperamos en Ralarsa!\" \/>\n<meta name=\"robots\" content=\"index, follow, max-snippet:-1, max-image-preview:large, max-video-preview:-1\" \/>\n<link rel=\"canonical\" href=\"https:\/\/www.ralarsa.com\/es\/restricciones-coches-pegatina-b-2023\/\" \/>\n<meta property=\"og:locale\" content=\"es_ES\" \/>\n<meta property=\"og:type\" content=\"article\" \/>\n<meta property=\"og:title\" content=\"\u00bfQu\u00e9 restricciones tendr\u00e1n los coches con pegatina B en 2023?\" \/>\n<meta property=\"og:description\" content=\"\u00bfNo conoces la nueva normativa de restricciones para el a\u00f1o 2023? Revisa si podr\u00e1s seguir circulando por tu recorrido habitual en este art\u00edculo, \u00a1te esperamos en Ralarsa!\" \/>\n<meta property=\"og:url\" content=\"https:\/\/www.ralarsa.com\/es\/restricciones-coches-pegatina-b-2023\/\" \/>\n<meta property=\"og:site_name\" content=\"Ralarsa\" \/>\n<meta property=\"article:published_time\" content=\"2022-12-01T00:00:00+00:00\" \/>\n<meta property=\"article:modified_time\" content=\"2025-09-18T13:33:42+00:00\" \/>\n<meta property=\"og:image\" content=\"https:\/\/ralarsa.s3.eu-central-1.amazonaws.com\/wp-content\/uploads\/2022\/12\/restricciones-tendran-coches-pegatina-b-2023.jpeg\" \/>\n\t<meta property=\"og:image:width\" content=\"900\" \/>\n\t<meta property=\"og:image:height\" content=\"600\" \/>\n\t<meta property=\"og:image:type\" content=\"image\/jpeg\" \/>\n<meta name=\"author\" content=\"ralarsa_admin\" \/>\n<meta name=\"twitter:card\" content=\"summary_large_image\" \/>\n<meta name=\"twitter:label1\" content=\"Escrito por\" \/>\n\t<meta name=\"twitter:data1\" content=\"ralarsa_admin\" \/>\n\t<meta name=\"twitter:label2\" content=\"Tiempo de lectura\" \/>\n\t<meta name=\"twitter:data2\" content=\"3 minutos\" \/>\n<script type=\"application\/ld+json\" class=\"yoast-schema-graph\">{\"@context\":\"https:\/\/schema.org\",\"@graph\":[{\"@type\":\"Article\",\"@id\":\"https:\/\/www.ralarsa.com\/es\/restricciones-coches-pegatina-b-2023\/#article\",\"isPartOf\":{\"@id\":\"https:\/\/www.ralarsa.com\/es\/restricciones-coches-pegatina-b-2023\/\"},\"author\":{\"name\":\"ralarsa_admin\",\"@id\":\"https:\/\/www.ralarsa.com\/es\/#\/schema\/person\/cc6cd8ee6652131e9e8872b5cb9424fb\"},\"headline\":\"\u00bfQu\u00e9 restricciones tendr\u00e1n los coches con pegatina B en 2023?\",\"datePublished\":\"2022-12-01T00:00:00+00:00\",\"dateModified\":\"2025-09-18T13:33:42+00:00\",\"mainEntityOfPage\":{\"@id\":\"https:\/\/www.ralarsa.com\/es\/restricciones-coches-pegatina-b-2023\/\"},\"wordCount\":1590,\"commentCount\":0,\"publisher\":{\"@id\":\"https:\/\/www.ralarsa.com\/es\/#organization\"},\"image\":{\"@id\":\"https:\/\/www.ralarsa.com\/es\/restricciones-coches-pegatina-b-2023\/#primaryimage\"},\"thumbnailUrl\":\"https:\/\/d2oyvx818ubhz6.cloudfront.net\/wp-content\/uploads\/2022\/12\/restricciones-tendran-coches-pegatina-b-2023.jpeg\",\"keywords\":[\"ok\"],\"articleSection\":[\"Informaci\u00f3n\"],\"inLanguage\":\"es\",\"potentialAction\":[{\"@type\":\"CommentAction\",\"name\":\"Comment\",\"target\":[\"https:\/\/www.ralarsa.com\/es\/restricciones-coches-pegatina-b-2023\/#respond\"]}]},{\"@type\":\"WebPage\",\"@id\":\"https:\/\/www.ralarsa.com\/es\/restricciones-coches-pegatina-b-2023\/\",\"url\":\"https:\/\/www.ralarsa.com\/es\/restricciones-coches-pegatina-b-2023\/\",\"name\":\"\u00bfQu\u00e9 restricciones tendr\u00e1n los coches con pegatina B en 2023? - Ralarsa\",\"isPartOf\":{\"@id\":\"https:\/\/www.ralarsa.com\/es\/#website\"},\"primaryImageOfPage\":{\"@id\":\"https:\/\/www.ralarsa.com\/es\/restricciones-coches-pegatina-b-2023\/#primaryimage\"},\"image\":{\"@id\":\"https:\/\/www.ralarsa.com\/es\/restricciones-coches-pegatina-b-2023\/#primaryimage\"},\"thumbnailUrl\":\"https:\/\/d2oyvx818ubhz6.cloudfront.net\/wp-content\/uploads\/2022\/12\/restricciones-tendran-coches-pegatina-b-2023.jpeg\",\"datePublished\":\"2022-12-01T00:00:00+00:00\",\"dateModified\":\"2025-09-18T13:33:42+00:00\",\"description\":\"\u00bfNo conoces la nueva normativa de restricciones para el a\u00f1o 2023? Revisa si podr\u00e1s seguir circulando por tu recorrido habitual en este art\u00edculo, \u00a1te esperamos en Ralarsa!\",\"breadcrumb\":{\"@id\":\"https:\/\/www.ralarsa.com\/es\/restricciones-coches-pegatina-b-2023\/#breadcrumb\"},\"inLanguage\":\"es\",\"potentialAction\":[{\"@type\":\"ReadAction\",\"target\":[[\"https:\/\/www.ralarsa.com\/es\/restricciones-coches-pegatina-b-2023\/\"]]}]},{\"@type\":\"ImageObject\",\"inLanguage\":\"es\",\"@id\":\"https:\/\/www.ralarsa.com\/es\/restricciones-coches-pegatina-b-2023\/#primaryimage\",\"url\":\"https:\/\/d2oyvx818ubhz6.cloudfront.net\/wp-content\/uploads\/2022\/12\/restricciones-tendran-coches-pegatina-b-2023.jpeg\",\"contentUrl\":\"https:\/\/d2oyvx818ubhz6.cloudfront.net\/wp-content\/uploads\/2022\/12\/restricciones-tendran-coches-pegatina-b-2023.jpeg\",\"width\":900,\"height\":600,\"caption\":\"Los veh\u00edculos con etiqueta B afrontar\u00e1n restricciones en el acceso a zonas de bajas emisiones a partir de 2023.\"},{\"@type\":\"BreadcrumbList\",\"@id\":\"https:\/\/www.ralarsa.com\/es\/restricciones-coches-pegatina-b-2023\/#breadcrumb\",\"itemListElement\":[{\"@type\":\"ListItem\",\"position\":1,\"name\":\"Portada\",\"item\":\"https:\/\/www.ralarsa.com\/es\/ralarsa-2\/\"},{\"@type\":\"ListItem\",\"position\":2,\"name\":\"\u00bfQu\u00e9 restricciones tendr\u00e1n los coches con pegatina B en 2023?\"}]},{\"@type\":\"WebSite\",\"@id\":\"https:\/\/www.ralarsa.com\/es\/#website\",\"url\":\"https:\/\/www.ralarsa.com\/es\/\",\"name\":\"Ralarsa\",\"description\":\"\",\"publisher\":{\"@id\":\"https:\/\/www.ralarsa.com\/es\/#organization\"},\"potentialAction\":[{\"@type\":\"SearchAction\",\"target\":{\"@type\":\"EntryPoint\",\"urlTemplate\":\"https:\/\/www.ralarsa.com\/es\/?s={search_term_string}\"},\"query-input\":{\"@type\":\"PropertyValueSpecification\",\"valueRequired\":true,\"valueName\":\"search_term_string\"}}],\"inLanguage\":\"es\"},{\"@type\":\"Organization\",\"@id\":\"https:\/\/www.ralarsa.com\/es\/#organization\",\"name\":\"Ralarsa\",\"url\":\"https:\/\/www.ralarsa.com\/es\/\",\"logo\":{\"@type\":\"ImageObject\",\"inLanguage\":\"es\",\"@id\":\"https:\/\/www.ralarsa.com\/es\/#\/schema\/logo\/image\/\",\"url\":\"https:\/\/ralarsa.s3.eu-central-1.amazonaws.com\/wp-content\/uploads\/2025\/04\/logo-ralarsa.png\",\"contentUrl\":\"https:\/\/ralarsa.s3.eu-central-1.amazonaws.com\/wp-content\/uploads\/2025\/04\/logo-ralarsa.png\",\"width\":1192,\"height\":412,\"caption\":\"Ralarsa\"},\"image\":{\"@id\":\"https:\/\/www.ralarsa.com\/es\/#\/schema\/logo\/image\/\"}},{\"@type\":\"Person\",\"@id\":\"https:\/\/www.ralarsa.com\/es\/#\/schema\/person\/cc6cd8ee6652131e9e8872b5cb9424fb\",\"name\":\"ralarsa_admin\",\"image\":{\"@type\":\"ImageObject\",\"inLanguage\":\"es\",\"@id\":\"https:\/\/www.ralarsa.com\/es\/#\/schema\/person\/image\/\",\"url\":\"https:\/\/secure.gravatar.com\/avatar\/a74fd8d2062d4dc1f2f251438977288d50eb8ca5b4735594bcad2f5016833f49?s=96&d=mm&r=g\",\"contentUrl\":\"https:\/\/secure.gravatar.com\/avatar\/a74fd8d2062d4dc1f2f251438977288d50eb8ca5b4735594bcad2f5016833f49?s=96&d=mm&r=g\",\"caption\":\"ralarsa_admin\"},\"sameAs\":[\"https:\/\/www-pre.ralarsa.com\"]}]}<\/script>\n<!-- \/ Yoast SEO Premium plugin. -->","yoast_head_json":{"title":"\u00bfQu\u00e9 restricciones tendr\u00e1n los coches con pegatina B en 2023? - Ralarsa","description":"\u00bfNo conoces la nueva normativa de restricciones para el a\u00f1o 2023? Revisa si podr\u00e1s seguir circulando por tu recorrido habitual en este art\u00edculo, \u00a1te esperamos en Ralarsa!","robots":{"index":"index","follow":"follow","max-snippet":"max-snippet:-1","max-image-preview":"max-image-preview:large","max-video-preview":"max-video-preview:-1"},"canonical":"https:\/\/www.ralarsa.com\/es\/restricciones-coches-pegatina-b-2023\/","og_locale":"es_ES","og_type":"article","og_title":"\u00bfQu\u00e9 restricciones tendr\u00e1n los coches con pegatina B en 2023?","og_description":"\u00bfNo conoces la nueva normativa de restricciones para el a\u00f1o 2023? Revisa si podr\u00e1s seguir circulando por tu recorrido habitual en este art\u00edculo, \u00a1te esperamos en Ralarsa!","og_url":"https:\/\/www.ralarsa.com\/es\/restricciones-coches-pegatina-b-2023\/","og_site_name":"Ralarsa","article_published_time":"2022-12-01T00:00:00+00:00","article_modified_time":"2025-09-18T13:33:42+00:00","og_image":[{"width":900,"height":600,"url":"https:\/\/ralarsa.s3.eu-central-1.amazonaws.com\/wp-content\/uploads\/2022\/12\/restricciones-tendran-coches-pegatina-b-2023.jpeg","type":"image\/jpeg"}],"author":"ralarsa_admin","twitter_card":"summary_large_image","twitter_misc":{"Escrito por":"ralarsa_admin","Tiempo de lectura":"3 minutos"},"schema":{"@context":"https:\/\/schema.org","@graph":[{"@type":"Article","@id":"https:\/\/www.ralarsa.com\/es\/restricciones-coches-pegatina-b-2023\/#article","isPartOf":{"@id":"https:\/\/www.ralarsa.com\/es\/restricciones-coches-pegatina-b-2023\/"},"author":{"name":"ralarsa_admin","@id":"https:\/\/www.ralarsa.com\/es\/#\/schema\/person\/cc6cd8ee6652131e9e8872b5cb9424fb"},"headline":"\u00bfQu\u00e9 restricciones tendr\u00e1n los coches con pegatina B en 2023?","datePublished":"2022-12-01T00:00:00+00:00","dateModified":"2025-09-18T13:33:42+00:00","mainEntityOfPage":{"@id":"https:\/\/www.ralarsa.com\/es\/restricciones-coches-pegatina-b-2023\/"},"wordCount":1590,"commentCount":0,"publisher":{"@id":"https:\/\/www.ralarsa.com\/es\/#organization"},"image":{"@id":"https:\/\/www.ralarsa.com\/es\/restricciones-coches-pegatina-b-2023\/#primaryimage"},"thumbnailUrl":"https:\/\/d2oyvx818ubhz6.cloudfront.net\/wp-content\/uploads\/2022\/12\/restricciones-tendran-coches-pegatina-b-2023.jpeg","keywords":["ok"],"articleSection":["Informaci\u00f3n"],"inLanguage":"es","potentialAction":[{"@type":"CommentAction","name":"Comment","target":["https:\/\/www.ralarsa.com\/es\/restricciones-coches-pegatina-b-2023\/#respond"]}]},{"@type":"WebPage","@id":"https:\/\/www.ralarsa.com\/es\/restricciones-coches-pegatina-b-2023\/","url":"https:\/\/www.ralarsa.com\/es\/restricciones-coches-pegatina-b-2023\/","name":"\u00bfQu\u00e9 restricciones tendr\u00e1n los coches con pegatina B en 2023? - Ralarsa","isPartOf":{"@id":"https:\/\/www.ralarsa.com\/es\/#website"},"primaryImageOfPage":{"@id":"https:\/\/www.ralarsa.com\/es\/restricciones-coches-pegatina-b-2023\/#primaryimage"},"image":{"@id":"https:\/\/www.ralarsa.com\/es\/restricciones-coches-pegatina-b-2023\/#primaryimage"},"thumbnailUrl":"https:\/\/d2oyvx818ubhz6.cloudfront.net\/wp-content\/uploads\/2022\/12\/restricciones-tendran-coches-pegatina-b-2023.jpeg","datePublished":"2022-12-01T00:00:00+00:00","dateModified":"2025-09-18T13:33:42+00:00","description":"\u00bfNo conoces la nueva normativa de restricciones para el a\u00f1o 2023? Revisa si podr\u00e1s seguir circulando por tu recorrido habitual en este art\u00edculo, \u00a1te esperamos en Ralarsa!","breadcrumb":{"@id":"https:\/\/www.ralarsa.com\/es\/restricciones-coches-pegatina-b-2023\/#breadcrumb"},"inLanguage":"es","potentialAction":[{"@type":"ReadAction","target":[["https:\/\/www.ralarsa.com\/es\/restricciones-coches-pegatina-b-2023\/"]]}]},{"@type":"ImageObject","inLanguage":"es","@id":"https:\/\/www.ralarsa.com\/es\/restricciones-coches-pegatina-b-2023\/#primaryimage","url":"https:\/\/d2oyvx818ubhz6.cloudfront.net\/wp-content\/uploads\/2022\/12\/restricciones-tendran-coches-pegatina-b-2023.jpeg","contentUrl":"https:\/\/d2oyvx818ubhz6.cloudfront.net\/wp-content\/uploads\/2022\/12\/restricciones-tendran-coches-pegatina-b-2023.jpeg","width":900,"height":600,"caption":"Los veh\u00edculos con etiqueta B afrontar\u00e1n restricciones en el acceso a zonas de bajas emisiones a partir de 2023."},{"@type":"BreadcrumbList","@id":"https:\/\/www.ralarsa.com\/es\/restricciones-coches-pegatina-b-2023\/#breadcrumb","itemListElement":[{"@type":"ListItem","position":1,"name":"Portada","item":"https:\/\/www.ralarsa.com\/es\/ralarsa-2\/"},{"@type":"ListItem","position":2,"name":"\u00bfQu\u00e9 restricciones tendr\u00e1n los coches con pegatina B en 2023?"}]},{"@type":"WebSite","@id":"https:\/\/www.ralarsa.com\/es\/#website","url":"https:\/\/www.ralarsa.com\/es\/","name":"Ralarsa","description":"","publisher":{"@id":"https:\/\/www.ralarsa.com\/es\/#organization"},"potentialAction":[{"@type":"SearchAction","target":{"@type":"EntryPoint","urlTemplate":"https:\/\/www.ralarsa.com\/es\/?s={search_term_string}"},"query-input":{"@type":"PropertyValueSpecification","valueRequired":true,"valueName":"search_term_string"}}],"inLanguage":"es"},{"@type":"Organization","@id":"https:\/\/www.ralarsa.com\/es\/#organization","name":"Ralarsa","url":"https:\/\/www.ralarsa.com\/es\/","logo":{"@type":"ImageObject","inLanguage":"es","@id":"https:\/\/www.ralarsa.com\/es\/#\/schema\/logo\/image\/","url":"https:\/\/ralarsa.s3.eu-central-1.amazonaws.com\/wp-content\/uploads\/2025\/04\/logo-ralarsa.png","contentUrl":"https:\/\/ralarsa.s3.eu-central-1.amazonaws.com\/wp-content\/uploads\/2025\/04\/logo-ralarsa.png","width":1192,"height":412,"caption":"Ralarsa"},"image":{"@id":"https:\/\/www.ralarsa.com\/es\/#\/schema\/logo\/image\/"}},{"@type":"Person","@id":"https:\/\/www.ralarsa.com\/es\/#\/schema\/person\/cc6cd8ee6652131e9e8872b5cb9424fb","name":"ralarsa_admin","image":{"@type":"ImageObject","inLanguage":"es","@id":"https:\/\/www.ralarsa.com\/es\/#\/schema\/person\/image\/","url":"https:\/\/secure.gravatar.com\/avatar\/a74fd8d2062d4dc1f2f251438977288d50eb8ca5b4735594bcad2f5016833f49?s=96&d=mm&r=g","contentUrl":"https:\/\/secure.gravatar.com\/avatar\/a74fd8d2062d4dc1f2f251438977288d50eb8ca5b4735594bcad2f5016833f49?s=96&d=mm&r=g","caption":"ralarsa_admin"},"sameAs":["https:\/\/www-pre.ralarsa.com"]}]}},"_links":{"self":[{"href":"https:\/\/www.ralarsa.com\/es\/wp-json\/wp\/v2\/posts\/1898","targetHints":{"allow":["GET"]}}],"collection":[{"href":"https:\/\/www.ralarsa.com\/es\/wp-json\/wp\/v2\/posts"}],"about":[{"href":"https:\/\/www.ralarsa.com\/es\/wp-json\/wp\/v2\/types\/post"}],"author":[{"embeddable":true,"href":"https:\/\/www.ralarsa.com\/es\/wp-json\/wp\/v2\/users\/1"}],"replies":[{"embeddable":true,"href":"https:\/\/www.ralarsa.com\/es\/wp-json\/wp\/v2\/comments?post=1898"}],"version-history":[{"count":2,"href":"https:\/\/www.ralarsa.com\/es\/wp-json\/wp\/v2\/posts\/1898\/revisions"}],"predecessor-version":[{"id":5412,"href":"https:\/\/www.ralarsa.com\/es\/wp-json\/wp\/v2\/posts\/1898\/revisions\/5412"}],"wp:featuredmedia":[{"embeddable":true,"href":"https:\/\/www.ralarsa.com\/es\/wp-json\/wp\/v2\/media\/5413"}],"wp:attachment":[{"href":"https:\/\/www.ralarsa.com\/es\/wp-json\/wp\/v2\/media?parent=1898"}],"wp:term":[{"taxonomy":"category","embeddable":true,"href":"https:\/\/www.ralarsa.com\/es\/wp-json\/wp\/v2\/categories?post=1898"},{"taxonomy":"post_tag","embeddable":true,"href":"https:\/\/www.ralarsa.com\/es\/wp-json\/wp\/v2\/tags?post=1898"}],"curies":[{"name":"wp","href":"https:\/\/api.w.org\/{rel}","templated":true}]}}