{"id":1963,"date":"2021-02-26T00:00:00","date_gmt":"2021-02-26T00:00:00","guid":{"rendered":"https:\/\/www.ralarsa.com\/cargar-coche-maletas\/"},"modified":"2025-09-23T17:30:39","modified_gmt":"2025-09-23T16:30:39","slug":"cargar-coche-maletas","status":"publish","type":"post","link":"https:\/\/www.ralarsa.com\/es\/cargar-coche-maletas\/","title":{"rendered":"Cargar el coche de maletas de forma segura"},"content":{"rendered":"<p><\/p>\n<p class=\"ai-optimize-6 ai-optimize-introduction\">Seguro que sois muchos los que este verano opt\u00e1is por ir en coche. Entre muchas otras ventajas, viajar en coche ofrece la posibilidad de llevar m\u00e1s equipaje que con otros medios de transporte, aunque todo tiene un l\u00edmite que, especialmente cuando viajamos en familia, no tenemos en cuenta y podemos estar poniendo en riesgo nuestra seguridad. Desde Auto Cristal Ralarsa\u00a0<strong>nos comprometemos con vuestra seguridad<\/strong>\u00a0y la de vuestros acompa\u00f1antes, por eso hoy vamos a daros algunos consejos para poder cargar\u00a0<strong>el coche de maletas de forma segura<\/strong>.<\/p>\n<h4 class=\"ai-optimize-7\">\u00bfC\u00f3mo cargar el coche?<\/h4>\n<p class=\"ai-optimize-7\">Con el fin de recordar la forma correcta y segura de cargar el coche, aqu\u00ed ten\u00e9is algunas premisas para hacerlo correctamente:<\/p>\n<ul>\n<li class=\"ai-optimize-9\"><strong>El equipaje en el maletero<\/strong>:\u00a0olv\u00eddate de cargar el interior del habit\u00e1culo del coche, tanto si llevamos acompa\u00f1antes sentados en la parte de atr\u00e1s como si no, colocar objetos pesados en el habit\u00e1culo, tanto en la parte delantera como trasera puede ser muy peligroso, puesto que en caso de accidente pueden provocar da\u00f1os muy graves, ten en cuenta que\u00a0<strong>cualquier objeto ante una colisi\u00f3n a 60 km.\/h, su peso por la inercia se multiplica por 56<\/strong>, as\u00ed un peque\u00f1o bolso con una carga de tan s\u00f3lo 2 kg. se convertir\u00eda en un elemento de 112 kg.<\/li>\n<li class=\"ai-optimize-10\"><strong>L\u00edmites<\/strong>:\u00a0Cargar el coche tiene l\u00edmites, no solo de espacio, tambi\u00e9n de envergadura y peso. Acostumbramos a cargar el coche hasta que ya no cierra, y no deber\u00edamos hacerlo as\u00ed. En el manual del veh\u00edculo figura el\u00a0<strong>peso m\u00e1ximo autorizado<\/strong>. Al mismo tiempo, debemos tener en cuenta la capacidad del maletero y si necesit\u00e1is m\u00e1s espacio, os recomendamos haceros con un\u00a0<strong>portaequipajes homologado<\/strong>\u00a0como un cofre. En este art\u00edculo de la ITV pod\u00e9is consultar la\u00a0normativa de equipajes en bacas. Al mismo tiempo, recordad que el equipaje no deber\u00eda sobresalir por delante, por detr\u00e1s ni por los lados del coche, y que en caso de que no haya alternativa, solo puede sobresalir por la parte trasera un 10% si es divisible y un 15% si es indivisible y siempre\u00a0<strong>indicado con la placa homologada<\/strong>\u00a0V-20 de 50 x 50 cm.<\/li>\n<li class=\"ai-optimize-11\"><strong>Equipaje bien sujeto<\/strong>: Tanto si el equipaje va en la parte superior como si va en el maletero, es importante que est\u00e9 bien sujeto para\u00a0<strong>evitar que desestabilice el veh\u00edculo<\/strong>, lo que podr\u00eda ser muy peligroso.<\/li>\n<li class=\"ai-optimize-12\"><strong>M\u00e1xima visibilidad<\/strong>: Algo que tambi\u00e9n es muy importante es que el equipaje\u00a0<strong>no comprometa la visibilidad del conductor<\/strong>. Habitualmente al cargar el coche, aunque solo pongamos equipaje en el maletero, solemos tapar puntos de visi\u00f3n del conductor. Es el ejemplo de cuando colocamos objetos grandes encima de la bandeja del maletero. Tanto por la parte trasera como por los laterales el conductor debe tener toda la visibilidad posible.<\/li>\n<li class=\"ai-optimize-13\"><strong>Otros detalles<\/strong>:\u00a0Hay otros peque\u00f1os trucos que os har\u00e1n viajar m\u00e1s c\u00f3modos y seguros. Uno de ellos es\u00a0<strong>abrochar los cinturones de los asientos traseros<\/strong>, que en caso de accidente dotan de una protecci\u00f3n extra evitando que el equipaje pudiera entrar en el habit\u00e1culo. Algo que tambi\u00e9n pod\u00e9is hacer para evitar contratiempos con el equipaje es, antes de cargar el coche,\u00a0<strong>coger todo aquello que pod\u00e1is necesitar durante el viaje<\/strong>\u00a0para no tener que mover el equipaje hasta que llegu\u00e9is.<\/li>\n<\/ul>\n<p class=\"ai-optimize-14\">Recordad siempre que\u00a0<strong>lo importante es llegar<\/strong>, as\u00ed que merece m\u00e1s la pena perder algo m\u00e1s de tiempo en colocar el equipaje de forma segura. Desde Ralarsa deseamos que disfrut\u00e9is de vuestras vacaciones en coche y recordad que si ten\u00e9is alg\u00fan problema con las lunas pod\u00e9is encontrarnos en todo el territorio espa\u00f1ol.<\/p>\n<p><\/p>","protected":false},"excerpt":{"rendered":"Seguro que sois muchos los que este verano opt\u00e1is por ir en coche. Entre muchas otras ventajas, viajar en coche ofrece la posibilidad de llevar m\u00e1s equipaje que con otros medios de transporte, aunque todo tiene un l\u00edmite que, especialmente cuando viajamos en familia, no tenemos en cuenta y podemos estar poniendo en riesgo nuestra&#8230;","protected":false},"author":1,"featured_media":2461,"comment_status":"open","ping_status":"open","sticky":false,"template":"","format":"standard","meta":{"_acf_changed":false,"inline_featured_image":false,"footnotes":""},"categories":[1],"tags":[15],"class_list":["post-1963","post","type-post","status-publish","format-standard","has-post-thumbnail","hentry","category-uncategorized","tag-ok"],"acf":[],"yoast_head":"<!-- This site is optimized with the Yoast SEO Premium plugin v25.3 (Yoast SEO v26.7) - https:\/\/yoast.com\/wordpress\/plugins\/seo\/ -->\n<title>Cargar el coche de maletas de forma segura - Ralarsa<\/title>\n<meta name=\"description\" content=\"Cargar el coche de maletas de forma segura\" \/>\n<meta name=\"robots\" content=\"index, follow, max-snippet:-1, max-image-preview:large, max-video-preview:-1\" \/>\n<link rel=\"canonical\" href=\"https:\/\/www.ralarsa.com\/es\/cargar-coche-maletas\/\" \/>\n<meta property=\"og:locale\" content=\"es_ES\" \/>\n<meta property=\"og:type\" content=\"article\" \/>\n<meta property=\"og:title\" content=\"Cargar el coche de maletas de forma segura\" \/>\n<meta property=\"og:description\" content=\"Cargar el coche de maletas de forma segura\" \/>\n<meta property=\"og:url\" content=\"https:\/\/www.ralarsa.com\/es\/cargar-coche-maletas\/\" \/>\n<meta property=\"og:site_name\" content=\"Ralarsa\" \/>\n<meta property=\"article:published_time\" content=\"2021-02-26T00:00:00+00:00\" \/>\n<meta property=\"article:modified_time\" content=\"2025-09-23T16:30:39+00:00\" \/>\n<meta property=\"og:image\" content=\"https:\/\/d2oyvx818ubhz6.cloudfront.net\/wp-content\/uploads\/2025\/03\/540.jpeg\" \/>\n\t<meta property=\"og:image:width\" content=\"850\" \/>\n\t<meta property=\"og:image:height\" content=\"600\" \/>\n\t<meta property=\"og:image:type\" content=\"image\/jpeg\" \/>\n<meta name=\"author\" content=\"ralarsa_admin\" \/>\n<meta name=\"twitter:card\" content=\"summary_large_image\" \/>\n<meta name=\"twitter:label1\" content=\"Escrito por\" \/>\n\t<meta name=\"twitter:data1\" content=\"ralarsa_admin\" \/>\n\t<meta name=\"twitter:label2\" content=\"Tiempo de lectura\" \/>\n\t<meta name=\"twitter:data2\" content=\"3 minutos\" \/>\n<script type=\"application\/ld+json\" class=\"yoast-schema-graph\">{\"@context\":\"https:\/\/schema.org\",\"@graph\":[{\"@type\":\"Article\",\"@id\":\"https:\/\/www.ralarsa.com\/es\/cargar-coche-maletas\/#article\",\"isPartOf\":{\"@id\":\"https:\/\/www.ralarsa.com\/es\/cargar-coche-maletas\/\"},\"author\":{\"name\":\"ralarsa_admin\",\"@id\":\"https:\/\/www.ralarsa.com\/es\/#\/schema\/person\/cc6cd8ee6652131e9e8872b5cb9424fb\"},\"headline\":\"Cargar el coche de maletas de forma segura\",\"datePublished\":\"2021-02-26T00:00:00+00:00\",\"dateModified\":\"2025-09-23T16:30:39+00:00\",\"mainEntityOfPage\":{\"@id\":\"https:\/\/www.ralarsa.com\/es\/cargar-coche-maletas\/\"},\"wordCount\":1837,\"commentCount\":0,\"publisher\":{\"@id\":\"https:\/\/www.ralarsa.com\/es\/#organization\"},\"image\":{\"@id\":\"https:\/\/www.ralarsa.com\/es\/cargar-coche-maletas\/#primaryimage\"},\"thumbnailUrl\":\"https:\/\/d2oyvx818ubhz6.cloudfront.net\/wp-content\/uploads\/2025\/03\/540.jpeg\",\"keywords\":[\"ok\"],\"articleSection\":[\"Informaci\u00f3n\"],\"inLanguage\":\"es\",\"potentialAction\":[{\"@type\":\"CommentAction\",\"name\":\"Comment\",\"target\":[\"https:\/\/www.ralarsa.com\/es\/cargar-coche-maletas\/#respond\"]}]},{\"@type\":\"WebPage\",\"@id\":\"https:\/\/www.ralarsa.com\/es\/cargar-coche-maletas\/\",\"url\":\"https:\/\/www.ralarsa.com\/es\/cargar-coche-maletas\/\",\"name\":\"Cargar el coche de maletas de forma segura - Ralarsa\",\"isPartOf\":{\"@id\":\"https:\/\/www.ralarsa.com\/es\/#website\"},\"primaryImageOfPage\":{\"@id\":\"https:\/\/www.ralarsa.com\/es\/cargar-coche-maletas\/#primaryimage\"},\"image\":{\"@id\":\"https:\/\/www.ralarsa.com\/es\/cargar-coche-maletas\/#primaryimage\"},\"thumbnailUrl\":\"https:\/\/d2oyvx818ubhz6.cloudfront.net\/wp-content\/uploads\/2025\/03\/540.jpeg\",\"datePublished\":\"2021-02-26T00:00:00+00:00\",\"dateModified\":\"2025-09-23T16:30:39+00:00\",\"description\":\"Cargar el coche de maletas de forma segura\",\"breadcrumb\":{\"@id\":\"https:\/\/www.ralarsa.com\/es\/cargar-coche-maletas\/#breadcrumb\"},\"inLanguage\":\"es\",\"potentialAction\":[{\"@type\":\"ReadAction\",\"target\":[[\"https:\/\/www.ralarsa.com\/es\/cargar-coche-maletas\/\"]]}]},{\"@type\":\"ImageObject\",\"inLanguage\":\"es\",\"@id\":\"https:\/\/www.ralarsa.com\/es\/cargar-coche-maletas\/#primaryimage\",\"url\":\"https:\/\/d2oyvx818ubhz6.cloudfront.net\/wp-content\/uploads\/2025\/03\/540.jpeg\",\"contentUrl\":\"https:\/\/d2oyvx818ubhz6.cloudfront.net\/wp-content\/uploads\/2025\/03\/540.jpeg\",\"width\":850,\"height\":600},{\"@type\":\"BreadcrumbList\",\"@id\":\"https:\/\/www.ralarsa.com\/es\/cargar-coche-maletas\/#breadcrumb\",\"itemListElement\":[{\"@type\":\"ListItem\",\"position\":1,\"name\":\"Portada\",\"item\":\"https:\/\/www.ralarsa.com\/es\/ralarsa-2\/\"},{\"@type\":\"ListItem\",\"position\":2,\"name\":\"Cargar el coche de maletas de forma segura\"}]},{\"@type\":\"WebSite\",\"@id\":\"https:\/\/www.ralarsa.com\/es\/#website\",\"url\":\"https:\/\/www.ralarsa.com\/es\/\",\"name\":\"Ralarsa\",\"description\":\"\",\"publisher\":{\"@id\":\"https:\/\/www.ralarsa.com\/es\/#organization\"},\"potentialAction\":[{\"@type\":\"SearchAction\",\"target\":{\"@type\":\"EntryPoint\",\"urlTemplate\":\"https:\/\/www.ralarsa.com\/es\/?s={search_term_string}\"},\"query-input\":{\"@type\":\"PropertyValueSpecification\",\"valueRequired\":true,\"valueName\":\"search_term_string\"}}],\"inLanguage\":\"es\"},{\"@type\":\"Organization\",\"@id\":\"https:\/\/www.ralarsa.com\/es\/#organization\",\"name\":\"Ralarsa\",\"url\":\"https:\/\/www.ralarsa.com\/es\/\",\"logo\":{\"@type\":\"ImageObject\",\"inLanguage\":\"es\",\"@id\":\"https:\/\/www.ralarsa.com\/es\/#\/schema\/logo\/image\/\",\"url\":\"https:\/\/ralarsa.s3.eu-central-1.amazonaws.com\/wp-content\/uploads\/2025\/04\/logo-ralarsa.png\",\"contentUrl\":\"https:\/\/ralarsa.s3.eu-central-1.amazonaws.com\/wp-content\/uploads\/2025\/04\/logo-ralarsa.png\",\"width\":1192,\"height\":412,\"caption\":\"Ralarsa\"},\"image\":{\"@id\":\"https:\/\/www.ralarsa.com\/es\/#\/schema\/logo\/image\/\"}},{\"@type\":\"Person\",\"@id\":\"https:\/\/www.ralarsa.com\/es\/#\/schema\/person\/cc6cd8ee6652131e9e8872b5cb9424fb\",\"name\":\"ralarsa_admin\",\"image\":{\"@type\":\"ImageObject\",\"inLanguage\":\"es\",\"@id\":\"https:\/\/www.ralarsa.com\/es\/#\/schema\/person\/image\/\",\"url\":\"https:\/\/secure.gravatar.com\/avatar\/a74fd8d2062d4dc1f2f251438977288d50eb8ca5b4735594bcad2f5016833f49?s=96&d=mm&r=g\",\"contentUrl\":\"https:\/\/secure.gravatar.com\/avatar\/a74fd8d2062d4dc1f2f251438977288d50eb8ca5b4735594bcad2f5016833f49?s=96&d=mm&r=g\",\"caption\":\"ralarsa_admin\"},\"sameAs\":[\"https:\/\/www-pre.ralarsa.com\"]}]}<\/script>\n<!-- \/ Yoast SEO Premium plugin. -->","yoast_head_json":{"title":"Cargar el coche de maletas de forma segura - Ralarsa","description":"Cargar el coche de maletas de forma segura","robots":{"index":"index","follow":"follow","max-snippet":"max-snippet:-1","max-image-preview":"max-image-preview:large","max-video-preview":"max-video-preview:-1"},"canonical":"https:\/\/www.ralarsa.com\/es\/cargar-coche-maletas\/","og_locale":"es_ES","og_type":"article","og_title":"Cargar el coche de maletas de forma segura","og_description":"Cargar el coche de maletas de forma segura","og_url":"https:\/\/www.ralarsa.com\/es\/cargar-coche-maletas\/","og_site_name":"Ralarsa","article_published_time":"2021-02-26T00:00:00+00:00","article_modified_time":"2025-09-23T16:30:39+00:00","og_image":[{"width":850,"height":600,"url":"https:\/\/d2oyvx818ubhz6.cloudfront.net\/wp-content\/uploads\/2025\/03\/540.jpeg","type":"image\/jpeg"}],"author":"ralarsa_admin","twitter_card":"summary_large_image","twitter_misc":{"Escrito por":"ralarsa_admin","Tiempo de lectura":"3 minutos"},"schema":{"@context":"https:\/\/schema.org","@graph":[{"@type":"Article","@id":"https:\/\/www.ralarsa.com\/es\/cargar-coche-maletas\/#article","isPartOf":{"@id":"https:\/\/www.ralarsa.com\/es\/cargar-coche-maletas\/"},"author":{"name":"ralarsa_admin","@id":"https:\/\/www.ralarsa.com\/es\/#\/schema\/person\/cc6cd8ee6652131e9e8872b5cb9424fb"},"headline":"Cargar el coche de maletas de forma segura","datePublished":"2021-02-26T00:00:00+00:00","dateModified":"2025-09-23T16:30:39+00:00","mainEntityOfPage":{"@id":"https:\/\/www.ralarsa.com\/es\/cargar-coche-maletas\/"},"wordCount":1837,"commentCount":0,"publisher":{"@id":"https:\/\/www.ralarsa.com\/es\/#organization"},"image":{"@id":"https:\/\/www.ralarsa.com\/es\/cargar-coche-maletas\/#primaryimage"},"thumbnailUrl":"https:\/\/d2oyvx818ubhz6.cloudfront.net\/wp-content\/uploads\/2025\/03\/540.jpeg","keywords":["ok"],"articleSection":["Informaci\u00f3n"],"inLanguage":"es","potentialAction":[{"@type":"CommentAction","name":"Comment","target":["https:\/\/www.ralarsa.com\/es\/cargar-coche-maletas\/#respond"]}]},{"@type":"WebPage","@id":"https:\/\/www.ralarsa.com\/es\/cargar-coche-maletas\/","url":"https:\/\/www.ralarsa.com\/es\/cargar-coche-maletas\/","name":"Cargar el coche de maletas de forma segura - Ralarsa","isPartOf":{"@id":"https:\/\/www.ralarsa.com\/es\/#website"},"primaryImageOfPage":{"@id":"https:\/\/www.ralarsa.com\/es\/cargar-coche-maletas\/#primaryimage"},"image":{"@id":"https:\/\/www.ralarsa.com\/es\/cargar-coche-maletas\/#primaryimage"},"thumbnailUrl":"https:\/\/d2oyvx818ubhz6.cloudfront.net\/wp-content\/uploads\/2025\/03\/540.jpeg","datePublished":"2021-02-26T00:00:00+00:00","dateModified":"2025-09-23T16:30:39+00:00","description":"Cargar el coche de maletas de forma segura","breadcrumb":{"@id":"https:\/\/www.ralarsa.com\/es\/cargar-coche-maletas\/#breadcrumb"},"inLanguage":"es","potentialAction":[{"@type":"ReadAction","target":[["https:\/\/www.ralarsa.com\/es\/cargar-coche-maletas\/"]]}]},{"@type":"ImageObject","inLanguage":"es","@id":"https:\/\/www.ralarsa.com\/es\/cargar-coche-maletas\/#primaryimage","url":"https:\/\/d2oyvx818ubhz6.cloudfront.net\/wp-content\/uploads\/2025\/03\/540.jpeg","contentUrl":"https:\/\/d2oyvx818ubhz6.cloudfront.net\/wp-content\/uploads\/2025\/03\/540.jpeg","width":850,"height":600},{"@type":"BreadcrumbList","@id":"https:\/\/www.ralarsa.com\/es\/cargar-coche-maletas\/#breadcrumb","itemListElement":[{"@type":"ListItem","position":1,"name":"Portada","item":"https:\/\/www.ralarsa.com\/es\/ralarsa-2\/"},{"@type":"ListItem","position":2,"name":"Cargar el coche de maletas de forma segura"}]},{"@type":"WebSite","@id":"https:\/\/www.ralarsa.com\/es\/#website","url":"https:\/\/www.ralarsa.com\/es\/","name":"Ralarsa","description":"","publisher":{"@id":"https:\/\/www.ralarsa.com\/es\/#organization"},"potentialAction":[{"@type":"SearchAction","target":{"@type":"EntryPoint","urlTemplate":"https:\/\/www.ralarsa.com\/es\/?s={search_term_string}"},"query-input":{"@type":"PropertyValueSpecification","valueRequired":true,"valueName":"search_term_string"}}],"inLanguage":"es"},{"@type":"Organization","@id":"https:\/\/www.ralarsa.com\/es\/#organization","name":"Ralarsa","url":"https:\/\/www.ralarsa.com\/es\/","logo":{"@type":"ImageObject","inLanguage":"es","@id":"https:\/\/www.ralarsa.com\/es\/#\/schema\/logo\/image\/","url":"https:\/\/ralarsa.s3.eu-central-1.amazonaws.com\/wp-content\/uploads\/2025\/04\/logo-ralarsa.png","contentUrl":"https:\/\/ralarsa.s3.eu-central-1.amazonaws.com\/wp-content\/uploads\/2025\/04\/logo-ralarsa.png","width":1192,"height":412,"caption":"Ralarsa"},"image":{"@id":"https:\/\/www.ralarsa.com\/es\/#\/schema\/logo\/image\/"}},{"@type":"Person","@id":"https:\/\/www.ralarsa.com\/es\/#\/schema\/person\/cc6cd8ee6652131e9e8872b5cb9424fb","name":"ralarsa_admin","image":{"@type":"ImageObject","inLanguage":"es","@id":"https:\/\/www.ralarsa.com\/es\/#\/schema\/person\/image\/","url":"https:\/\/secure.gravatar.com\/avatar\/a74fd8d2062d4dc1f2f251438977288d50eb8ca5b4735594bcad2f5016833f49?s=96&d=mm&r=g","contentUrl":"https:\/\/secure.gravatar.com\/avatar\/a74fd8d2062d4dc1f2f251438977288d50eb8ca5b4735594bcad2f5016833f49?s=96&d=mm&r=g","caption":"ralarsa_admin"},"sameAs":["https:\/\/www-pre.ralarsa.com"]}]}},"_links":{"self":[{"href":"https:\/\/www.ralarsa.com\/es\/wp-json\/wp\/v2\/posts\/1963","targetHints":{"allow":["GET"]}}],"collection":[{"href":"https:\/\/www.ralarsa.com\/es\/wp-json\/wp\/v2\/posts"}],"about":[{"href":"https:\/\/www.ralarsa.com\/es\/wp-json\/wp\/v2\/types\/post"}],"author":[{"embeddable":true,"href":"https:\/\/www.ralarsa.com\/es\/wp-json\/wp\/v2\/users\/1"}],"replies":[{"embeddable":true,"href":"https:\/\/www.ralarsa.com\/es\/wp-json\/wp\/v2\/comments?post=1963"}],"version-history":[{"count":2,"href":"https:\/\/www.ralarsa.com\/es\/wp-json\/wp\/v2\/posts\/1963\/revisions"}],"predecessor-version":[{"id":5557,"href":"https:\/\/www.ralarsa.com\/es\/wp-json\/wp\/v2\/posts\/1963\/revisions\/5557"}],"wp:featuredmedia":[{"embeddable":true,"href":"https:\/\/www.ralarsa.com\/es\/wp-json\/wp\/v2\/media\/2461"}],"wp:attachment":[{"href":"https:\/\/www.ralarsa.com\/es\/wp-json\/wp\/v2\/media?parent=1963"}],"wp:term":[{"taxonomy":"category","embeddable":true,"href":"https:\/\/www.ralarsa.com\/es\/wp-json\/wp\/v2\/categories?post=1963"},{"taxonomy":"post_tag","embeddable":true,"href":"https:\/\/www.ralarsa.com\/es\/wp-json\/wp\/v2\/tags?post=1963"}],"curies":[{"name":"wp","href":"https:\/\/api.w.org\/{rel}","templated":true}]}}