{"id":2026,"date":"2024-06-14T00:00:00","date_gmt":"2024-06-14T00:00:00","guid":{"rendered":"https:\/\/www.ralarsa.com\/como-proteger-faros-coche-sol\/"},"modified":"2025-09-16T14:59:17","modified_gmt":"2025-09-16T13:59:17","slug":"como-proteger-faros-coche-sol","status":"publish","type":"post","link":"https:\/\/www.ralarsa.com\/es\/como-proteger-faros-coche-sol\/","title":{"rendered":"\u00bfC\u00f3mo proteger los faros del coche del sol?"},"content":{"rendered":"<p><\/p>\n<p class=\"ai-optimize-6 ai-optimize-introduction\"><span style=\"font-weight: 400;\">El verano llega y llega para todo. El <\/span><strong>calor y los rayos UV<\/strong><span style=\"font-weight: 400;\"> pueden afectar a una de las piezas m\u00e1s importantes del coche, como son <\/span><strong>los faros<\/strong><span style=\"font-weight: 400;\">. El mal estado de los proyectores de luces no solo responde a problemas est\u00e9ticos, sino que puede ser un <\/span><strong>peligro para la seguridad vial<\/strong><span style=\"font-weight: 400;\">. Unos faros opacos o quemados pueden <\/span><strong>dificultar considerablemente la visibilidad del piloto<\/strong><span style=\"font-weight: 400;\"> y, por supuesto, es un condicionante directo en la conducci\u00f3n.\u00a0<\/span><\/p>\n<p class=\"ai-optimize-7\"><span style=\"font-weight: 400;\">En este art\u00edculo, desde los <\/span><strong>talleres Ralarsa<\/strong><span style=\"font-weight: 400;\">, te proponemos unos trucos sobre <\/span><strong>c\u00f3mo limpiar los faros del coche quemados por el sol<\/strong><span style=\"font-weight: 400;\">. Una vez sepas dejarlos pulidos, te hablaremos de c\u00f3mo\u00a0 defender los faros de los d\u00edas m\u00e1s soleados para que les cueste volver a opacarse.\u00a0<\/span><\/p>\n<h2 class=\"ai-optimize-8\"><span style=\"font-weight: 400;\">\u00bfC\u00f3mo ver si mis faros est\u00e1n opacos?<\/span><\/h2>\n<p class=\"ai-optimize-9\"><span style=\"font-weight: 400;\">Antes de ponerse manos a la obra, es importante <\/span><strong>conocer el estado de los faros<\/strong><span style=\"font-weight: 400;\"> para saber en qu\u00e9 grado de gravedad se encuentran. En la mayor\u00eda de casos se podr\u00eda notar a simple vista por la <\/span><strong>poca luz que emiten estando encendidos<\/strong><span style=\"font-weight: 400;\">. Pero el deterioro suele ser progresivo y tiende a empeorar sin darnos cuenta.\u00a0<\/span><\/p>\n<p class=\"ai-optimize-10\"><span style=\"font-weight: 400;\">La mejor forma de fijarnos si el faro est\u00e1 opaco es viendo su color. Los faros opacos tienen <\/span><strong>un particular color amarillo<\/strong><span style=\"font-weight: 400;\"> que se produce de la mezcla entre la luz y la suciedad. Esta combinaci\u00f3n <\/span><strong>tapa el cristal del faro y difumina la vista del foco<\/strong><span style=\"font-weight: 400;\"> que no puede alumbrar con total claridad. Aunque el veh\u00edculo sea nuevo, en pocos meses los faros se pueden quedar opacos con una <\/span><strong>reducci\u00f3n notable de visibilidad<\/strong><span style=\"font-weight: 400;\"> si las condiciones son desfavorables.\u00a0<\/span><\/p>\n<h2 class=\"ai-optimize-11\"><span style=\"font-weight: 400;\">\u00bfC\u00f3mo limpiar los faros del coche quemados por el sol?<\/span><\/h2>\n<p class=\"ai-optimize-12\"><span style=\"font-weight: 400;\">Una vez has notado el deterioro de la luz de los faros de tu coche y ves el <\/span><strong>amarillamiento del cristal<\/strong><span style=\"font-weight: 400;\">, es hora de ocuparnos de su limpieza. En el caso de poseer unos faros de pl\u00e1stico, los productos utilizados son bastante comunes, como jabones, lijas o agua oxigenada. Puede ser un proceso casero si se trata de una urgencia, pero <\/span><strong>recomendamos una gesti\u00f3n profesional <\/strong><span style=\"font-weight: 400;\">para hacer una limpieza del foco m\u00e1s completa y duradera.\u00a0<\/span><\/p>\n<p class=\"ai-optimize-13\"><span style=\"font-weight: 400;\">Para los faros de vidrio s\u00ed que recomendamos m\u00e1s firmemente que sea realizado por un profesional. Suele necesitar un cuidado m\u00e1s curado, as\u00ed como unos <\/span><strong>productos qu\u00edmicos especializados<\/strong><span style=\"font-weight: 400;\">.\u00a0<\/span><\/p>\n<p class=\"ai-optimize-14\"><span style=\"font-weight: 400;\">En Ralarsa ofrecemos un servicio de <\/span><a href=\"..\/..\/es\/servicios\/pulido-faros-coches-restauracion-opacos\"><strong>pulido de faros de coches<\/strong><\/a><span style=\"font-weight: 400;\"> que, bas\u00e1ndose en productos espec\u00edficos y un repaso a la capa superior, <\/span><strong>quita toda la suciedad y recupera la transparencia de los cristales<\/strong><span style=\"font-weight: 400;\">. Este servicio es muy recomendado a la hora de disponer de un caso grave de opacidad en el foco, tener que realizar un viaje largo con el coche o deber pasar <\/span><strong>la revisi\u00f3n de la ITV<\/strong><span style=\"font-weight: 400;\">.\u00a0<\/span><\/p>\n<h2 class=\"ai-optimize-15\"><span style=\"font-weight: 400;\">\u00bfC\u00f3mo proteger los faros del coche?<\/span><\/h2>\n<p class=\"ai-optimize-16\"><span style=\"font-weight: 400;\">Ahora que ya sabes c\u00f3mo limpiar los faros del coche quemados por el sol, es hora de saber <\/span><strong>c\u00f3mo evitar volver al mismo punto<\/strong><span style=\"font-weight: 400;\">, por eso te hablaremos de c\u00f3mo <\/span><strong>proteger los faros del coche del sol<\/strong><span style=\"font-weight: 400;\">.<\/span><\/p>\n<p class=\"ai-optimize-17\"><span style=\"font-weight: 400;\">Para no retornar a la opacidad es importante minimizar el da\u00f1o que producen los rayos UV de la estrella. Por eso es importante aplicar a nuestro veh\u00edculo <\/span><strong>protectores de la emisi\u00f3n de rayos solares<\/strong><span style=\"font-weight: 400;\">. Existen diversos m\u00e9todos de protecci\u00f3n:<\/span><\/p>\n<ul>\n<li class=\"ai-optimize-18\" style=\"font-weight: 400;\" aria-level=\"1\"><strong>El sellador UV<\/strong><span style=\"font-weight: 400;\">. Es el producto principal y m\u00e1s conocido, un l\u00edquido normalmente adhesivo que crea una capa de protecci\u00f3n del sol y de la posible opacidad.\u00a0<\/span><\/li>\n<\/ul>\n<ul>\n<li class=\"ai-optimize-19\" style=\"font-weight: 400;\" aria-level=\"1\"><strong>Barniz en spray.<\/strong><span style=\"font-weight: 400;\"> Se crea del mismo modo una barrera. Es m\u00e1s ligera que la del sellador, pero resulta una soluci\u00f3n m\u00e1s econ\u00f3mica.<\/span><\/li>\n<\/ul>\n<ul>\n<li class=\"ai-optimize-20\" style=\"font-weight: 400;\" aria-level=\"1\"><strong>L\u00e1minas protectoras para faros.<\/strong><span style=\"font-weight: 400;\"> Este m\u00e9todo es m\u00e1s simple pero de igual efectividad. Se trata de una pel\u00edcula transparente con la forma del foco para protegerlo no solo de la suciedad y del amarillamiento, sino de los posibles impactos que pueda sufrir.\u00a0\u00a0\u00a0<\/span><\/li>\n<\/ul>\n<h2 class=\"ai-optimize-21\"><span style=\"font-weight: 400;\">Cuida de tus faros con Ralarsa<\/span><\/h2>\n<p class=\"ai-optimize-22\"><span style=\"font-weight: 400;\">En Ralarsa, hemos hablado en anterioridad que<\/span><a href=\"..\/..\/es\/blog\/faros-clave-en-seguridad\"> <strong>pulir los faros del coche es clave en la seguridad al volante<\/strong><\/a><span style=\"font-weight: 400;\">. Somos un taller con experiencia en la gesti\u00f3n de c\u00f3mo proteger los faros del coche del sol. Ofrecemos el <\/span><strong>servicio de pulido de faros<\/strong><span style=\"font-weight: 400;\"> porque sabemos que las luces son uno de los <\/span><strong>principales activos en el mantenimiento de la seguridad vial<\/strong><span style=\"font-weight: 400;\">.\u00a0<\/span><\/p>\n<p class=\"ai-optimize-23\"><span style=\"font-weight: 400;\">Si leyendo este art\u00edculo has comprobado que tus faros est\u00e1n opacos, no te preocupes, tenemos <\/span><strong>servicio 24 horas los siete d\u00edas de la semana<\/strong><span style=\"font-weight: 400;\"> para que nos puedas consultar cualquier duda. O bien, puedes traer tu coche a cualquiera de nuestros talleres. Disponemos de <\/span><strong>m\u00e1s de 250 talleres en toda la Pen\u00ednsula<\/strong><span style=\"font-weight: 400;\"> para poder estar cerca de ti. \u00a1Ilumina m\u00e1s con nosotros!<\/span><\/p>\n<p><\/p>","protected":false},"excerpt":{"rendered":"El verano llega y llega para todo. El calor y los rayos UV pueden afectar a una de las piezas m\u00e1s importantes del coche, como son los faros. El mal estado de los proyectores de luces no solo responde a problemas est\u00e9ticos, sino que puede ser un peligro para la seguridad vial. Unos faros opacos&#8230;","protected":false},"author":1,"featured_media":5230,"comment_status":"open","ping_status":"open","sticky":false,"template":"","format":"standard","meta":{"_acf_changed":false,"inline_featured_image":false,"footnotes":""},"categories":[1],"tags":[15],"class_list":["post-2026","post","type-post","status-publish","format-standard","has-post-thumbnail","hentry","category-uncategorized","tag-ok"],"acf":[],"yoast_head":"<!-- This site is optimized with the Yoast SEO Premium plugin v25.3 (Yoast SEO v26.7) - https:\/\/yoast.com\/wordpress\/plugins\/seo\/ -->\n<title>\u00bfC\u00f3mo proteger los faros del coche del sol? - Ralarsa<\/title>\n<meta name=\"description\" content=\"Entra aqu\u00ed y descubre c\u00f3mo proteger los faros del coche del sol para promover una \u00f3ptima y segura circulaci\u00f3n. \u00a1Te lo contamos en Ralarsa!\" \/>\n<meta name=\"robots\" content=\"index, follow, max-snippet:-1, max-image-preview:large, max-video-preview:-1\" \/>\n<link rel=\"canonical\" href=\"https:\/\/www.ralarsa.com\/es\/como-proteger-faros-coche-sol\/\" \/>\n<meta property=\"og:locale\" content=\"es_ES\" \/>\n<meta property=\"og:type\" content=\"article\" \/>\n<meta property=\"og:title\" content=\"\u00bfC\u00f3mo proteger los faros del coche del sol?\" \/>\n<meta property=\"og:description\" content=\"Entra aqu\u00ed y descubre c\u00f3mo proteger los faros del coche del sol para promover una \u00f3ptima y segura circulaci\u00f3n. \u00a1Te lo contamos en Ralarsa!\" \/>\n<meta property=\"og:url\" content=\"https:\/\/www.ralarsa.com\/es\/como-proteger-faros-coche-sol\/\" \/>\n<meta property=\"og:site_name\" content=\"Ralarsa\" \/>\n<meta property=\"article:published_time\" content=\"2024-06-14T00:00:00+00:00\" \/>\n<meta property=\"article:modified_time\" content=\"2025-09-16T13:59:17+00:00\" \/>\n<meta property=\"og:image\" content=\"https:\/\/ralarsa.s3.eu-central-1.amazonaws.com\/wp-content\/uploads\/2024\/06\/como-proteger-faros-coche-sol.jpeg\" \/>\n\t<meta property=\"og:image:width\" content=\"900\" \/>\n\t<meta property=\"og:image:height\" content=\"600\" \/>\n\t<meta property=\"og:image:type\" content=\"image\/jpeg\" \/>\n<meta name=\"author\" content=\"ralarsa_admin\" \/>\n<meta name=\"twitter:card\" content=\"summary_large_image\" \/>\n<meta name=\"twitter:label1\" content=\"Escrito por\" \/>\n\t<meta name=\"twitter:data1\" content=\"ralarsa_admin\" \/>\n\t<meta name=\"twitter:label2\" content=\"Tiempo de lectura\" \/>\n\t<meta name=\"twitter:data2\" content=\"4 minutos\" \/>\n<script type=\"application\/ld+json\" class=\"yoast-schema-graph\">{\"@context\":\"https:\/\/schema.org\",\"@graph\":[{\"@type\":\"Article\",\"@id\":\"https:\/\/www.ralarsa.com\/es\/como-proteger-faros-coche-sol\/#article\",\"isPartOf\":{\"@id\":\"https:\/\/www.ralarsa.com\/es\/como-proteger-faros-coche-sol\/\"},\"author\":{\"name\":\"ralarsa_admin\",\"@id\":\"https:\/\/www.ralarsa.com\/es\/#\/schema\/person\/cc6cd8ee6652131e9e8872b5cb9424fb\"},\"headline\":\"\u00bfC\u00f3mo proteger los faros del coche del sol?\",\"datePublished\":\"2024-06-14T00:00:00+00:00\",\"dateModified\":\"2025-09-16T13:59:17+00:00\",\"mainEntityOfPage\":{\"@id\":\"https:\/\/www.ralarsa.com\/es\/como-proteger-faros-coche-sol\/\"},\"wordCount\":2214,\"commentCount\":0,\"publisher\":{\"@id\":\"https:\/\/www.ralarsa.com\/es\/#organization\"},\"image\":{\"@id\":\"https:\/\/www.ralarsa.com\/es\/como-proteger-faros-coche-sol\/#primaryimage\"},\"thumbnailUrl\":\"https:\/\/d2oyvx818ubhz6.cloudfront.net\/wp-content\/uploads\/2024\/06\/como-proteger-faros-coche-sol.jpeg\",\"keywords\":[\"ok\"],\"articleSection\":[\"Informaci\u00f3n\"],\"inLanguage\":\"es\",\"potentialAction\":[{\"@type\":\"CommentAction\",\"name\":\"Comment\",\"target\":[\"https:\/\/www.ralarsa.com\/es\/como-proteger-faros-coche-sol\/#respond\"]}]},{\"@type\":\"WebPage\",\"@id\":\"https:\/\/www.ralarsa.com\/es\/como-proteger-faros-coche-sol\/\",\"url\":\"https:\/\/www.ralarsa.com\/es\/como-proteger-faros-coche-sol\/\",\"name\":\"\u00bfC\u00f3mo proteger los faros del coche del sol? - Ralarsa\",\"isPartOf\":{\"@id\":\"https:\/\/www.ralarsa.com\/es\/#website\"},\"primaryImageOfPage\":{\"@id\":\"https:\/\/www.ralarsa.com\/es\/como-proteger-faros-coche-sol\/#primaryimage\"},\"image\":{\"@id\":\"https:\/\/www.ralarsa.com\/es\/como-proteger-faros-coche-sol\/#primaryimage\"},\"thumbnailUrl\":\"https:\/\/d2oyvx818ubhz6.cloudfront.net\/wp-content\/uploads\/2024\/06\/como-proteger-faros-coche-sol.jpeg\",\"datePublished\":\"2024-06-14T00:00:00+00:00\",\"dateModified\":\"2025-09-16T13:59:17+00:00\",\"description\":\"Entra aqu\u00ed y descubre c\u00f3mo proteger los faros del coche del sol para promover una \u00f3ptima y segura circulaci\u00f3n. \u00a1Te lo contamos en Ralarsa!\",\"breadcrumb\":{\"@id\":\"https:\/\/www.ralarsa.com\/es\/como-proteger-faros-coche-sol\/#breadcrumb\"},\"inLanguage\":\"es\",\"potentialAction\":[{\"@type\":\"ReadAction\",\"target\":[[\"https:\/\/www.ralarsa.com\/es\/como-proteger-faros-coche-sol\/\"]]}]},{\"@type\":\"ImageObject\",\"inLanguage\":\"es\",\"@id\":\"https:\/\/www.ralarsa.com\/es\/como-proteger-faros-coche-sol\/#primaryimage\",\"url\":\"https:\/\/d2oyvx818ubhz6.cloudfront.net\/wp-content\/uploads\/2024\/06\/como-proteger-faros-coche-sol.jpeg\",\"contentUrl\":\"https:\/\/d2oyvx818ubhz6.cloudfront.net\/wp-content\/uploads\/2024\/06\/como-proteger-faros-coche-sol.jpeg\",\"width\":900,\"height\":600,\"caption\":\"Los faros del coche pueden perder transparencia y eficacia si no se protegen adecuadamente del sol.\"},{\"@type\":\"BreadcrumbList\",\"@id\":\"https:\/\/www.ralarsa.com\/es\/como-proteger-faros-coche-sol\/#breadcrumb\",\"itemListElement\":[{\"@type\":\"ListItem\",\"position\":1,\"name\":\"Portada\",\"item\":\"https:\/\/www.ralarsa.com\/es\/ralarsa-2\/\"},{\"@type\":\"ListItem\",\"position\":2,\"name\":\"\u00bfC\u00f3mo proteger los faros del coche del sol?\"}]},{\"@type\":\"WebSite\",\"@id\":\"https:\/\/www.ralarsa.com\/es\/#website\",\"url\":\"https:\/\/www.ralarsa.com\/es\/\",\"name\":\"Ralarsa\",\"description\":\"\",\"publisher\":{\"@id\":\"https:\/\/www.ralarsa.com\/es\/#organization\"},\"potentialAction\":[{\"@type\":\"SearchAction\",\"target\":{\"@type\":\"EntryPoint\",\"urlTemplate\":\"https:\/\/www.ralarsa.com\/es\/?s={search_term_string}\"},\"query-input\":{\"@type\":\"PropertyValueSpecification\",\"valueRequired\":true,\"valueName\":\"search_term_string\"}}],\"inLanguage\":\"es\"},{\"@type\":\"Organization\",\"@id\":\"https:\/\/www.ralarsa.com\/es\/#organization\",\"name\":\"Ralarsa\",\"url\":\"https:\/\/www.ralarsa.com\/es\/\",\"logo\":{\"@type\":\"ImageObject\",\"inLanguage\":\"es\",\"@id\":\"https:\/\/www.ralarsa.com\/es\/#\/schema\/logo\/image\/\",\"url\":\"https:\/\/ralarsa.s3.eu-central-1.amazonaws.com\/wp-content\/uploads\/2025\/04\/logo-ralarsa.png\",\"contentUrl\":\"https:\/\/ralarsa.s3.eu-central-1.amazonaws.com\/wp-content\/uploads\/2025\/04\/logo-ralarsa.png\",\"width\":1192,\"height\":412,\"caption\":\"Ralarsa\"},\"image\":{\"@id\":\"https:\/\/www.ralarsa.com\/es\/#\/schema\/logo\/image\/\"}},{\"@type\":\"Person\",\"@id\":\"https:\/\/www.ralarsa.com\/es\/#\/schema\/person\/cc6cd8ee6652131e9e8872b5cb9424fb\",\"name\":\"ralarsa_admin\",\"image\":{\"@type\":\"ImageObject\",\"inLanguage\":\"es\",\"@id\":\"https:\/\/www.ralarsa.com\/es\/#\/schema\/person\/image\/\",\"url\":\"https:\/\/secure.gravatar.com\/avatar\/a74fd8d2062d4dc1f2f251438977288d50eb8ca5b4735594bcad2f5016833f49?s=96&d=mm&r=g\",\"contentUrl\":\"https:\/\/secure.gravatar.com\/avatar\/a74fd8d2062d4dc1f2f251438977288d50eb8ca5b4735594bcad2f5016833f49?s=96&d=mm&r=g\",\"caption\":\"ralarsa_admin\"},\"sameAs\":[\"https:\/\/www-pre.ralarsa.com\"]}]}<\/script>\n<!-- \/ Yoast SEO Premium plugin. -->","yoast_head_json":{"title":"\u00bfC\u00f3mo proteger los faros del coche del sol? - Ralarsa","description":"Entra aqu\u00ed y descubre c\u00f3mo proteger los faros del coche del sol para promover una \u00f3ptima y segura circulaci\u00f3n. \u00a1Te lo contamos en Ralarsa!","robots":{"index":"index","follow":"follow","max-snippet":"max-snippet:-1","max-image-preview":"max-image-preview:large","max-video-preview":"max-video-preview:-1"},"canonical":"https:\/\/www.ralarsa.com\/es\/como-proteger-faros-coche-sol\/","og_locale":"es_ES","og_type":"article","og_title":"\u00bfC\u00f3mo proteger los faros del coche del sol?","og_description":"Entra aqu\u00ed y descubre c\u00f3mo proteger los faros del coche del sol para promover una \u00f3ptima y segura circulaci\u00f3n. \u00a1Te lo contamos en Ralarsa!","og_url":"https:\/\/www.ralarsa.com\/es\/como-proteger-faros-coche-sol\/","og_site_name":"Ralarsa","article_published_time":"2024-06-14T00:00:00+00:00","article_modified_time":"2025-09-16T13:59:17+00:00","og_image":[{"width":900,"height":600,"url":"https:\/\/ralarsa.s3.eu-central-1.amazonaws.com\/wp-content\/uploads\/2024\/06\/como-proteger-faros-coche-sol.jpeg","type":"image\/jpeg"}],"author":"ralarsa_admin","twitter_card":"summary_large_image","twitter_misc":{"Escrito por":"ralarsa_admin","Tiempo de lectura":"4 minutos"},"schema":{"@context":"https:\/\/schema.org","@graph":[{"@type":"Article","@id":"https:\/\/www.ralarsa.com\/es\/como-proteger-faros-coche-sol\/#article","isPartOf":{"@id":"https:\/\/www.ralarsa.com\/es\/como-proteger-faros-coche-sol\/"},"author":{"name":"ralarsa_admin","@id":"https:\/\/www.ralarsa.com\/es\/#\/schema\/person\/cc6cd8ee6652131e9e8872b5cb9424fb"},"headline":"\u00bfC\u00f3mo proteger los faros del coche del sol?","datePublished":"2024-06-14T00:00:00+00:00","dateModified":"2025-09-16T13:59:17+00:00","mainEntityOfPage":{"@id":"https:\/\/www.ralarsa.com\/es\/como-proteger-faros-coche-sol\/"},"wordCount":2214,"commentCount":0,"publisher":{"@id":"https:\/\/www.ralarsa.com\/es\/#organization"},"image":{"@id":"https:\/\/www.ralarsa.com\/es\/como-proteger-faros-coche-sol\/#primaryimage"},"thumbnailUrl":"https:\/\/d2oyvx818ubhz6.cloudfront.net\/wp-content\/uploads\/2024\/06\/como-proteger-faros-coche-sol.jpeg","keywords":["ok"],"articleSection":["Informaci\u00f3n"],"inLanguage":"es","potentialAction":[{"@type":"CommentAction","name":"Comment","target":["https:\/\/www.ralarsa.com\/es\/como-proteger-faros-coche-sol\/#respond"]}]},{"@type":"WebPage","@id":"https:\/\/www.ralarsa.com\/es\/como-proteger-faros-coche-sol\/","url":"https:\/\/www.ralarsa.com\/es\/como-proteger-faros-coche-sol\/","name":"\u00bfC\u00f3mo proteger los faros del coche del sol? - Ralarsa","isPartOf":{"@id":"https:\/\/www.ralarsa.com\/es\/#website"},"primaryImageOfPage":{"@id":"https:\/\/www.ralarsa.com\/es\/como-proteger-faros-coche-sol\/#primaryimage"},"image":{"@id":"https:\/\/www.ralarsa.com\/es\/como-proteger-faros-coche-sol\/#primaryimage"},"thumbnailUrl":"https:\/\/d2oyvx818ubhz6.cloudfront.net\/wp-content\/uploads\/2024\/06\/como-proteger-faros-coche-sol.jpeg","datePublished":"2024-06-14T00:00:00+00:00","dateModified":"2025-09-16T13:59:17+00:00","description":"Entra aqu\u00ed y descubre c\u00f3mo proteger los faros del coche del sol para promover una \u00f3ptima y segura circulaci\u00f3n. \u00a1Te lo contamos en Ralarsa!","breadcrumb":{"@id":"https:\/\/www.ralarsa.com\/es\/como-proteger-faros-coche-sol\/#breadcrumb"},"inLanguage":"es","potentialAction":[{"@type":"ReadAction","target":[["https:\/\/www.ralarsa.com\/es\/como-proteger-faros-coche-sol\/"]]}]},{"@type":"ImageObject","inLanguage":"es","@id":"https:\/\/www.ralarsa.com\/es\/como-proteger-faros-coche-sol\/#primaryimage","url":"https:\/\/d2oyvx818ubhz6.cloudfront.net\/wp-content\/uploads\/2024\/06\/como-proteger-faros-coche-sol.jpeg","contentUrl":"https:\/\/d2oyvx818ubhz6.cloudfront.net\/wp-content\/uploads\/2024\/06\/como-proteger-faros-coche-sol.jpeg","width":900,"height":600,"caption":"Los faros del coche pueden perder transparencia y eficacia si no se protegen adecuadamente del sol."},{"@type":"BreadcrumbList","@id":"https:\/\/www.ralarsa.com\/es\/como-proteger-faros-coche-sol\/#breadcrumb","itemListElement":[{"@type":"ListItem","position":1,"name":"Portada","item":"https:\/\/www.ralarsa.com\/es\/ralarsa-2\/"},{"@type":"ListItem","position":2,"name":"\u00bfC\u00f3mo proteger los faros del coche del sol?"}]},{"@type":"WebSite","@id":"https:\/\/www.ralarsa.com\/es\/#website","url":"https:\/\/www.ralarsa.com\/es\/","name":"Ralarsa","description":"","publisher":{"@id":"https:\/\/www.ralarsa.com\/es\/#organization"},"potentialAction":[{"@type":"SearchAction","target":{"@type":"EntryPoint","urlTemplate":"https:\/\/www.ralarsa.com\/es\/?s={search_term_string}"},"query-input":{"@type":"PropertyValueSpecification","valueRequired":true,"valueName":"search_term_string"}}],"inLanguage":"es"},{"@type":"Organization","@id":"https:\/\/www.ralarsa.com\/es\/#organization","name":"Ralarsa","url":"https:\/\/www.ralarsa.com\/es\/","logo":{"@type":"ImageObject","inLanguage":"es","@id":"https:\/\/www.ralarsa.com\/es\/#\/schema\/logo\/image\/","url":"https:\/\/ralarsa.s3.eu-central-1.amazonaws.com\/wp-content\/uploads\/2025\/04\/logo-ralarsa.png","contentUrl":"https:\/\/ralarsa.s3.eu-central-1.amazonaws.com\/wp-content\/uploads\/2025\/04\/logo-ralarsa.png","width":1192,"height":412,"caption":"Ralarsa"},"image":{"@id":"https:\/\/www.ralarsa.com\/es\/#\/schema\/logo\/image\/"}},{"@type":"Person","@id":"https:\/\/www.ralarsa.com\/es\/#\/schema\/person\/cc6cd8ee6652131e9e8872b5cb9424fb","name":"ralarsa_admin","image":{"@type":"ImageObject","inLanguage":"es","@id":"https:\/\/www.ralarsa.com\/es\/#\/schema\/person\/image\/","url":"https:\/\/secure.gravatar.com\/avatar\/a74fd8d2062d4dc1f2f251438977288d50eb8ca5b4735594bcad2f5016833f49?s=96&d=mm&r=g","contentUrl":"https:\/\/secure.gravatar.com\/avatar\/a74fd8d2062d4dc1f2f251438977288d50eb8ca5b4735594bcad2f5016833f49?s=96&d=mm&r=g","caption":"ralarsa_admin"},"sameAs":["https:\/\/www-pre.ralarsa.com"]}]}},"_links":{"self":[{"href":"https:\/\/www.ralarsa.com\/es\/wp-json\/wp\/v2\/posts\/2026","targetHints":{"allow":["GET"]}}],"collection":[{"href":"https:\/\/www.ralarsa.com\/es\/wp-json\/wp\/v2\/posts"}],"about":[{"href":"https:\/\/www.ralarsa.com\/es\/wp-json\/wp\/v2\/types\/post"}],"author":[{"embeddable":true,"href":"https:\/\/www.ralarsa.com\/es\/wp-json\/wp\/v2\/users\/1"}],"replies":[{"embeddable":true,"href":"https:\/\/www.ralarsa.com\/es\/wp-json\/wp\/v2\/comments?post=2026"}],"version-history":[{"count":4,"href":"https:\/\/www.ralarsa.com\/es\/wp-json\/wp\/v2\/posts\/2026\/revisions"}],"predecessor-version":[{"id":5326,"href":"https:\/\/www.ralarsa.com\/es\/wp-json\/wp\/v2\/posts\/2026\/revisions\/5326"}],"wp:featuredmedia":[{"embeddable":true,"href":"https:\/\/www.ralarsa.com\/es\/wp-json\/wp\/v2\/media\/5230"}],"wp:attachment":[{"href":"https:\/\/www.ralarsa.com\/es\/wp-json\/wp\/v2\/media?parent=2026"}],"wp:term":[{"taxonomy":"category","embeddable":true,"href":"https:\/\/www.ralarsa.com\/es\/wp-json\/wp\/v2\/categories?post=2026"},{"taxonomy":"post_tag","embeddable":true,"href":"https:\/\/www.ralarsa.com\/es\/wp-json\/wp\/v2\/tags?post=2026"}],"curies":[{"name":"wp","href":"https:\/\/api.w.org\/{rel}","templated":true}]}}