{"id":2041,"date":"2021-07-05T10:09:55","date_gmt":"2021-07-05T10:09:55","guid":{"rendered":"https:\/\/www.ralarsa.com\/zaragoza-ya-tiene-su-tercer-taller-ralarsa-2\/"},"modified":"2025-09-23T14:47:30","modified_gmt":"2025-09-23T13:47:30","slug":"zaragoza-ya-tiene-su-tercer-taller-ralarsa-2","status":"publish","type":"post","link":"https:\/\/www.ralarsa.com\/es\/zaragoza-ya-tiene-su-tercer-taller-ralarsa-2\/","title":{"rendered":"Zaragoza ya tiene su tercer taller Ralarsa"},"content":{"rendered":"<p><\/p>\n<p class=\"ai-optimize-6\">Ralarsa ha inaugurado su nuevo taller en la ciudad de Zaragoza, siendo el tercero que abre en esta localidad espa\u00f1ola. Ralarsa contin\u00faa creciendo no solo con m\u00e1s talleres repartidos por toda la geograf\u00eda espa\u00f1ola sino tambi\u00e9n con m\u00e1s profesionales montadores de cristales. Con este, ya son m\u00e1s de 235 centros \u2013 en concreto, 238 \u2013 los que est\u00e1n en Espa\u00f1a en la actualidad.<\/p>\n<p class=\"ai-optimize-7\">Este nuevo centro est\u00e1 ubicado en la Avenida v\u00eda Hispanidad 106, uni\u00e9ndose a los otros dos que ya estaban operativos con anterioridad (ubicados en calle Juan Jos\u00e9 G\u00e1rate 14 y calle Marqu\u00e9s de la cadena 62, de manera respectiva). Se trata de un amplio centro tipo \u2018showroom\u2019 con aspecto casi de concesionario. De hecho, se estima que dentro pueden llegar a caber hasta 10 coches. El horario de apertura es de 9:00 a 13:00 y de 15:00 a 19:30 de lunes a viernes, salvo s\u00e1bados que abre de 9:00 a 13:00. Cuentan adem\u00e1s con unidad m\u00f3vil para realizar servicios a domicilio, principalmente reparaci\u00f3n y sustituci\u00f3n de parabrisas y lunas.<\/p>\n<header>\n<h3 class=\"ai-optimize-8\">Servicios de primera calidad<\/h3>\n<\/header>\n<p class=\"ai-optimize-9\">Como en el resto de centros, en este taller son especialistas en reparaci\u00f3n y sustituci\u00f3n de parabrisas, cristales y lunas. Tambi\u00e9n realizan otros servicios relacionados como el tintado de lunas, tratamiento antilluvia y, por supuesto, la recalibraci\u00f3n de c\u00e1maras de sistemas ADAS. Para poder recalibrar los sistemas ADAS se precisa de instalaciones con unas cualidades determinadas. Se trata de un servicio de primera calidad, fruto de los m\u00e1s de 40 a\u00f1os de experiencia con los que cuenta Ralarsa en Espa\u00f1a.<\/p>\n<header>\n<h3 class=\"ai-optimize-10\">Medidas de seguridad y prevenci\u00f3n contra el Covid-19<\/h3>\n<\/header>\n<p class=\"ai-optimize-11\">Este nuevo taller en Zaragoza cumple tambi\u00e9n con todas las medidas preventivas contra el Covid-19. No solo se mantiene la distancia de seguridad y se utilizan mamparas protectoras, sino que para los clientes de m\u00e1s de 60 a\u00f1os se reserva un horario espec\u00edfico. El personal cualificado utiliza un equipo de protecci\u00f3n individual (EPI) adem\u00e1s de contar con test para diagnosticar posibles casos de Covid-19. El servicio a domicilio forma tambi\u00e9n parte de estas medidas de seguridad, en caso de que el cliente no pueda desplazarse hasta el taller m\u00e1s cercano.<\/p>\n<p class=\"ai-optimize-12\">Ralarsa fue desde el comienzo de la pandemia y del confinamiento una de las primeras empresas en ofrecer desinfecciones de ozono de manera gratuito. Este tratamiento considerado por la OMS como el desinfectante m\u00e1s potente contra microorganismos, utiliza un generador de ozono (conocido tambi\u00e9n como ca\u00f1\u00f3n de ozono) para higienizar por v\u00eda a\u00e9rea el interior del coche y eliminar toda clase de virus o bacterias que puedan estar en suspensi\u00f3n, as\u00ed como en la superficie del salpicadero, asientos, etc. En tan solo las primeras semanas de confinamiento y gracias a la campa\u00f1a de los \u201cH\u00e9roes del Covid\u201d ya hab\u00edan superado la cifra de 500 veh\u00edculos de emergencias higienizados.<\/p>\n<p><\/p>","protected":false},"excerpt":{"rendered":"Ralarsa ha inaugurado su nuevo taller en la ciudad de Zaragoza, siendo el tercero que abre en esta localidad espa\u00f1ola. Ralarsa contin\u00faa creciendo no solo con m\u00e1s talleres repartidos por toda la geograf\u00eda espa\u00f1ola sino tambi\u00e9n con m\u00e1s profesionales montadores de cristales. Con este, ya son m\u00e1s de 235 centros \u2013 en concreto, 238 \u2013&#8230;","protected":false},"author":1,"featured_media":2537,"comment_status":"open","ping_status":"open","sticky":false,"template":"","format":"standard","meta":{"_acf_changed":false,"inline_featured_image":false,"footnotes":""},"categories":[1],"tags":[15],"class_list":["post-2041","post","type-post","status-publish","format-standard","has-post-thumbnail","hentry","category-uncategorized","tag-ok"],"acf":[],"yoast_head":"<!-- This site is optimized with the Yoast SEO Premium plugin v25.3 (Yoast SEO v26.7) - https:\/\/yoast.com\/wordpress\/plugins\/seo\/ -->\n<title>Zaragoza ya tiene su tercer taller Ralarsa - Ralarsa<\/title>\n<meta name=\"description\" content=\"Zaragoza ya tiene su tercer taller Ralarsa\" \/>\n<meta name=\"robots\" content=\"index, follow, max-snippet:-1, max-image-preview:large, max-video-preview:-1\" \/>\n<link rel=\"canonical\" href=\"https:\/\/www.ralarsa.com\/es\/zaragoza-ya-tiene-su-tercer-taller-ralarsa-2\/\" \/>\n<meta property=\"og:locale\" content=\"es_ES\" \/>\n<meta property=\"og:type\" content=\"article\" \/>\n<meta property=\"og:title\" content=\"Zaragoza ya tiene su tercer taller Ralarsa\" \/>\n<meta property=\"og:description\" content=\"Zaragoza ya tiene su tercer taller Ralarsa\" \/>\n<meta property=\"og:url\" content=\"https:\/\/www.ralarsa.com\/es\/zaragoza-ya-tiene-su-tercer-taller-ralarsa-2\/\" \/>\n<meta property=\"og:site_name\" content=\"Ralarsa\" \/>\n<meta property=\"article:published_time\" content=\"2021-07-05T10:09:55+00:00\" \/>\n<meta property=\"article:modified_time\" content=\"2025-09-23T13:47:30+00:00\" \/>\n<meta property=\"og:image\" content=\"https:\/\/ralarsa.s3.eu-central-1.amazonaws.com\/wp-content\/uploads\/2025\/03\/466.jpeg\" \/>\n\t<meta property=\"og:image:width\" content=\"850\" \/>\n\t<meta property=\"og:image:height\" content=\"600\" \/>\n\t<meta property=\"og:image:type\" content=\"image\/jpeg\" \/>\n<meta name=\"author\" content=\"ralarsa_admin\" \/>\n<meta name=\"twitter:card\" content=\"summary_large_image\" \/>\n<meta name=\"twitter:label1\" content=\"Escrito por\" \/>\n\t<meta name=\"twitter:data1\" content=\"ralarsa_admin\" \/>\n\t<meta name=\"twitter:label2\" content=\"Tiempo de lectura\" \/>\n\t<meta name=\"twitter:data2\" content=\"3 minutos\" \/>\n<script type=\"application\/ld+json\" class=\"yoast-schema-graph\">{\"@context\":\"https:\/\/schema.org\",\"@graph\":[{\"@type\":\"Article\",\"@id\":\"https:\/\/www.ralarsa.com\/es\/zaragoza-ya-tiene-su-tercer-taller-ralarsa-2\/#article\",\"isPartOf\":{\"@id\":\"https:\/\/www.ralarsa.com\/es\/zaragoza-ya-tiene-su-tercer-taller-ralarsa-2\/\"},\"author\":{\"name\":\"ralarsa_admin\",\"@id\":\"https:\/\/www.ralarsa.com\/es\/#\/schema\/person\/cc6cd8ee6652131e9e8872b5cb9424fb\"},\"headline\":\"Zaragoza ya tiene su tercer taller Ralarsa\",\"datePublished\":\"2021-07-05T10:09:55+00:00\",\"dateModified\":\"2025-09-23T13:47:30+00:00\",\"mainEntityOfPage\":{\"@id\":\"https:\/\/www.ralarsa.com\/es\/zaragoza-ya-tiene-su-tercer-taller-ralarsa-2\/\"},\"wordCount\":1387,\"commentCount\":0,\"publisher\":{\"@id\":\"https:\/\/www.ralarsa.com\/es\/#organization\"},\"image\":{\"@id\":\"https:\/\/www.ralarsa.com\/es\/zaragoza-ya-tiene-su-tercer-taller-ralarsa-2\/#primaryimage\"},\"thumbnailUrl\":\"https:\/\/d2oyvx818ubhz6.cloudfront.net\/wp-content\/uploads\/2025\/03\/466.jpeg\",\"keywords\":[\"ok\"],\"articleSection\":[\"Informaci\u00f3n\"],\"inLanguage\":\"es\",\"potentialAction\":[{\"@type\":\"CommentAction\",\"name\":\"Comment\",\"target\":[\"https:\/\/www.ralarsa.com\/es\/zaragoza-ya-tiene-su-tercer-taller-ralarsa-2\/#respond\"]}]},{\"@type\":\"WebPage\",\"@id\":\"https:\/\/www.ralarsa.com\/es\/zaragoza-ya-tiene-su-tercer-taller-ralarsa-2\/\",\"url\":\"https:\/\/www.ralarsa.com\/es\/zaragoza-ya-tiene-su-tercer-taller-ralarsa-2\/\",\"name\":\"Zaragoza ya tiene su tercer taller Ralarsa - Ralarsa\",\"isPartOf\":{\"@id\":\"https:\/\/www.ralarsa.com\/es\/#website\"},\"primaryImageOfPage\":{\"@id\":\"https:\/\/www.ralarsa.com\/es\/zaragoza-ya-tiene-su-tercer-taller-ralarsa-2\/#primaryimage\"},\"image\":{\"@id\":\"https:\/\/www.ralarsa.com\/es\/zaragoza-ya-tiene-su-tercer-taller-ralarsa-2\/#primaryimage\"},\"thumbnailUrl\":\"https:\/\/d2oyvx818ubhz6.cloudfront.net\/wp-content\/uploads\/2025\/03\/466.jpeg\",\"datePublished\":\"2021-07-05T10:09:55+00:00\",\"dateModified\":\"2025-09-23T13:47:30+00:00\",\"description\":\"Zaragoza ya tiene su tercer taller Ralarsa\",\"breadcrumb\":{\"@id\":\"https:\/\/www.ralarsa.com\/es\/zaragoza-ya-tiene-su-tercer-taller-ralarsa-2\/#breadcrumb\"},\"inLanguage\":\"es\",\"potentialAction\":[{\"@type\":\"ReadAction\",\"target\":[[\"https:\/\/www.ralarsa.com\/es\/zaragoza-ya-tiene-su-tercer-taller-ralarsa-2\/\"]]}]},{\"@type\":\"ImageObject\",\"inLanguage\":\"es\",\"@id\":\"https:\/\/www.ralarsa.com\/es\/zaragoza-ya-tiene-su-tercer-taller-ralarsa-2\/#primaryimage\",\"url\":\"https:\/\/d2oyvx818ubhz6.cloudfront.net\/wp-content\/uploads\/2025\/03\/466.jpeg\",\"contentUrl\":\"https:\/\/d2oyvx818ubhz6.cloudfront.net\/wp-content\/uploads\/2025\/03\/466.jpeg\",\"width\":850,\"height\":600},{\"@type\":\"BreadcrumbList\",\"@id\":\"https:\/\/www.ralarsa.com\/es\/zaragoza-ya-tiene-su-tercer-taller-ralarsa-2\/#breadcrumb\",\"itemListElement\":[{\"@type\":\"ListItem\",\"position\":1,\"name\":\"Portada\",\"item\":\"https:\/\/www.ralarsa.com\/es\/ralarsa-2\/\"},{\"@type\":\"ListItem\",\"position\":2,\"name\":\"Zaragoza ya tiene su tercer taller Ralarsa\"}]},{\"@type\":\"WebSite\",\"@id\":\"https:\/\/www.ralarsa.com\/es\/#website\",\"url\":\"https:\/\/www.ralarsa.com\/es\/\",\"name\":\"Ralarsa\",\"description\":\"\",\"publisher\":{\"@id\":\"https:\/\/www.ralarsa.com\/es\/#organization\"},\"potentialAction\":[{\"@type\":\"SearchAction\",\"target\":{\"@type\":\"EntryPoint\",\"urlTemplate\":\"https:\/\/www.ralarsa.com\/es\/?s={search_term_string}\"},\"query-input\":{\"@type\":\"PropertyValueSpecification\",\"valueRequired\":true,\"valueName\":\"search_term_string\"}}],\"inLanguage\":\"es\"},{\"@type\":\"Organization\",\"@id\":\"https:\/\/www.ralarsa.com\/es\/#organization\",\"name\":\"Ralarsa\",\"url\":\"https:\/\/www.ralarsa.com\/es\/\",\"logo\":{\"@type\":\"ImageObject\",\"inLanguage\":\"es\",\"@id\":\"https:\/\/www.ralarsa.com\/es\/#\/schema\/logo\/image\/\",\"url\":\"https:\/\/ralarsa.s3.eu-central-1.amazonaws.com\/wp-content\/uploads\/2025\/04\/logo-ralarsa.png\",\"contentUrl\":\"https:\/\/ralarsa.s3.eu-central-1.amazonaws.com\/wp-content\/uploads\/2025\/04\/logo-ralarsa.png\",\"width\":1192,\"height\":412,\"caption\":\"Ralarsa\"},\"image\":{\"@id\":\"https:\/\/www.ralarsa.com\/es\/#\/schema\/logo\/image\/\"}},{\"@type\":\"Person\",\"@id\":\"https:\/\/www.ralarsa.com\/es\/#\/schema\/person\/cc6cd8ee6652131e9e8872b5cb9424fb\",\"name\":\"ralarsa_admin\",\"image\":{\"@type\":\"ImageObject\",\"inLanguage\":\"es\",\"@id\":\"https:\/\/www.ralarsa.com\/es\/#\/schema\/person\/image\/\",\"url\":\"https:\/\/secure.gravatar.com\/avatar\/a74fd8d2062d4dc1f2f251438977288d50eb8ca5b4735594bcad2f5016833f49?s=96&d=mm&r=g\",\"contentUrl\":\"https:\/\/secure.gravatar.com\/avatar\/a74fd8d2062d4dc1f2f251438977288d50eb8ca5b4735594bcad2f5016833f49?s=96&d=mm&r=g\",\"caption\":\"ralarsa_admin\"},\"sameAs\":[\"https:\/\/www-pre.ralarsa.com\"]}]}<\/script>\n<!-- \/ Yoast SEO Premium plugin. -->","yoast_head_json":{"title":"Zaragoza ya tiene su tercer taller Ralarsa - Ralarsa","description":"Zaragoza ya tiene su tercer taller Ralarsa","robots":{"index":"index","follow":"follow","max-snippet":"max-snippet:-1","max-image-preview":"max-image-preview:large","max-video-preview":"max-video-preview:-1"},"canonical":"https:\/\/www.ralarsa.com\/es\/zaragoza-ya-tiene-su-tercer-taller-ralarsa-2\/","og_locale":"es_ES","og_type":"article","og_title":"Zaragoza ya tiene su tercer taller Ralarsa","og_description":"Zaragoza ya tiene su tercer taller Ralarsa","og_url":"https:\/\/www.ralarsa.com\/es\/zaragoza-ya-tiene-su-tercer-taller-ralarsa-2\/","og_site_name":"Ralarsa","article_published_time":"2021-07-05T10:09:55+00:00","article_modified_time":"2025-09-23T13:47:30+00:00","og_image":[{"width":850,"height":600,"url":"https:\/\/ralarsa.s3.eu-central-1.amazonaws.com\/wp-content\/uploads\/2025\/03\/466.jpeg","type":"image\/jpeg"}],"author":"ralarsa_admin","twitter_card":"summary_large_image","twitter_misc":{"Escrito por":"ralarsa_admin","Tiempo de lectura":"3 minutos"},"schema":{"@context":"https:\/\/schema.org","@graph":[{"@type":"Article","@id":"https:\/\/www.ralarsa.com\/es\/zaragoza-ya-tiene-su-tercer-taller-ralarsa-2\/#article","isPartOf":{"@id":"https:\/\/www.ralarsa.com\/es\/zaragoza-ya-tiene-su-tercer-taller-ralarsa-2\/"},"author":{"name":"ralarsa_admin","@id":"https:\/\/www.ralarsa.com\/es\/#\/schema\/person\/cc6cd8ee6652131e9e8872b5cb9424fb"},"headline":"Zaragoza ya tiene su tercer taller Ralarsa","datePublished":"2021-07-05T10:09:55+00:00","dateModified":"2025-09-23T13:47:30+00:00","mainEntityOfPage":{"@id":"https:\/\/www.ralarsa.com\/es\/zaragoza-ya-tiene-su-tercer-taller-ralarsa-2\/"},"wordCount":1387,"commentCount":0,"publisher":{"@id":"https:\/\/www.ralarsa.com\/es\/#organization"},"image":{"@id":"https:\/\/www.ralarsa.com\/es\/zaragoza-ya-tiene-su-tercer-taller-ralarsa-2\/#primaryimage"},"thumbnailUrl":"https:\/\/d2oyvx818ubhz6.cloudfront.net\/wp-content\/uploads\/2025\/03\/466.jpeg","keywords":["ok"],"articleSection":["Informaci\u00f3n"],"inLanguage":"es","potentialAction":[{"@type":"CommentAction","name":"Comment","target":["https:\/\/www.ralarsa.com\/es\/zaragoza-ya-tiene-su-tercer-taller-ralarsa-2\/#respond"]}]},{"@type":"WebPage","@id":"https:\/\/www.ralarsa.com\/es\/zaragoza-ya-tiene-su-tercer-taller-ralarsa-2\/","url":"https:\/\/www.ralarsa.com\/es\/zaragoza-ya-tiene-su-tercer-taller-ralarsa-2\/","name":"Zaragoza ya tiene su tercer taller Ralarsa - Ralarsa","isPartOf":{"@id":"https:\/\/www.ralarsa.com\/es\/#website"},"primaryImageOfPage":{"@id":"https:\/\/www.ralarsa.com\/es\/zaragoza-ya-tiene-su-tercer-taller-ralarsa-2\/#primaryimage"},"image":{"@id":"https:\/\/www.ralarsa.com\/es\/zaragoza-ya-tiene-su-tercer-taller-ralarsa-2\/#primaryimage"},"thumbnailUrl":"https:\/\/d2oyvx818ubhz6.cloudfront.net\/wp-content\/uploads\/2025\/03\/466.jpeg","datePublished":"2021-07-05T10:09:55+00:00","dateModified":"2025-09-23T13:47:30+00:00","description":"Zaragoza ya tiene su tercer taller Ralarsa","breadcrumb":{"@id":"https:\/\/www.ralarsa.com\/es\/zaragoza-ya-tiene-su-tercer-taller-ralarsa-2\/#breadcrumb"},"inLanguage":"es","potentialAction":[{"@type":"ReadAction","target":[["https:\/\/www.ralarsa.com\/es\/zaragoza-ya-tiene-su-tercer-taller-ralarsa-2\/"]]}]},{"@type":"ImageObject","inLanguage":"es","@id":"https:\/\/www.ralarsa.com\/es\/zaragoza-ya-tiene-su-tercer-taller-ralarsa-2\/#primaryimage","url":"https:\/\/d2oyvx818ubhz6.cloudfront.net\/wp-content\/uploads\/2025\/03\/466.jpeg","contentUrl":"https:\/\/d2oyvx818ubhz6.cloudfront.net\/wp-content\/uploads\/2025\/03\/466.jpeg","width":850,"height":600},{"@type":"BreadcrumbList","@id":"https:\/\/www.ralarsa.com\/es\/zaragoza-ya-tiene-su-tercer-taller-ralarsa-2\/#breadcrumb","itemListElement":[{"@type":"ListItem","position":1,"name":"Portada","item":"https:\/\/www.ralarsa.com\/es\/ralarsa-2\/"},{"@type":"ListItem","position":2,"name":"Zaragoza ya tiene su tercer taller Ralarsa"}]},{"@type":"WebSite","@id":"https:\/\/www.ralarsa.com\/es\/#website","url":"https:\/\/www.ralarsa.com\/es\/","name":"Ralarsa","description":"","publisher":{"@id":"https:\/\/www.ralarsa.com\/es\/#organization"},"potentialAction":[{"@type":"SearchAction","target":{"@type":"EntryPoint","urlTemplate":"https:\/\/www.ralarsa.com\/es\/?s={search_term_string}"},"query-input":{"@type":"PropertyValueSpecification","valueRequired":true,"valueName":"search_term_string"}}],"inLanguage":"es"},{"@type":"Organization","@id":"https:\/\/www.ralarsa.com\/es\/#organization","name":"Ralarsa","url":"https:\/\/www.ralarsa.com\/es\/","logo":{"@type":"ImageObject","inLanguage":"es","@id":"https:\/\/www.ralarsa.com\/es\/#\/schema\/logo\/image\/","url":"https:\/\/ralarsa.s3.eu-central-1.amazonaws.com\/wp-content\/uploads\/2025\/04\/logo-ralarsa.png","contentUrl":"https:\/\/ralarsa.s3.eu-central-1.amazonaws.com\/wp-content\/uploads\/2025\/04\/logo-ralarsa.png","width":1192,"height":412,"caption":"Ralarsa"},"image":{"@id":"https:\/\/www.ralarsa.com\/es\/#\/schema\/logo\/image\/"}},{"@type":"Person","@id":"https:\/\/www.ralarsa.com\/es\/#\/schema\/person\/cc6cd8ee6652131e9e8872b5cb9424fb","name":"ralarsa_admin","image":{"@type":"ImageObject","inLanguage":"es","@id":"https:\/\/www.ralarsa.com\/es\/#\/schema\/person\/image\/","url":"https:\/\/secure.gravatar.com\/avatar\/a74fd8d2062d4dc1f2f251438977288d50eb8ca5b4735594bcad2f5016833f49?s=96&d=mm&r=g","contentUrl":"https:\/\/secure.gravatar.com\/avatar\/a74fd8d2062d4dc1f2f251438977288d50eb8ca5b4735594bcad2f5016833f49?s=96&d=mm&r=g","caption":"ralarsa_admin"},"sameAs":["https:\/\/www-pre.ralarsa.com"]}]}},"_links":{"self":[{"href":"https:\/\/www.ralarsa.com\/es\/wp-json\/wp\/v2\/posts\/2041","targetHints":{"allow":["GET"]}}],"collection":[{"href":"https:\/\/www.ralarsa.com\/es\/wp-json\/wp\/v2\/posts"}],"about":[{"href":"https:\/\/www.ralarsa.com\/es\/wp-json\/wp\/v2\/types\/post"}],"author":[{"embeddable":true,"href":"https:\/\/www.ralarsa.com\/es\/wp-json\/wp\/v2\/users\/1"}],"replies":[{"embeddable":true,"href":"https:\/\/www.ralarsa.com\/es\/wp-json\/wp\/v2\/comments?post=2041"}],"version-history":[{"count":2,"href":"https:\/\/www.ralarsa.com\/es\/wp-json\/wp\/v2\/posts\/2041\/revisions"}],"predecessor-version":[{"id":5526,"href":"https:\/\/www.ralarsa.com\/es\/wp-json\/wp\/v2\/posts\/2041\/revisions\/5526"}],"wp:featuredmedia":[{"embeddable":true,"href":"https:\/\/www.ralarsa.com\/es\/wp-json\/wp\/v2\/media\/2537"}],"wp:attachment":[{"href":"https:\/\/www.ralarsa.com\/es\/wp-json\/wp\/v2\/media?parent=2041"}],"wp:term":[{"taxonomy":"category","embeddable":true,"href":"https:\/\/www.ralarsa.com\/es\/wp-json\/wp\/v2\/categories?post=2041"},{"taxonomy":"post_tag","embeddable":true,"href":"https:\/\/www.ralarsa.com\/es\/wp-json\/wp\/v2\/tags?post=2041"}],"curies":[{"name":"wp","href":"https:\/\/api.w.org\/{rel}","templated":true}]}}