{"id":4624,"date":"2025-07-11T13:16:20","date_gmt":"2025-07-11T12:16:20","guid":{"rendered":"https:\/\/www.ralarsa.com\/es\/?p=4624"},"modified":"2026-01-12T18:37:21","modified_gmt":"2026-01-12T17:37:21","slug":"ralarsa-apoya-la-gala-solidaria-de-axa-para-los-damnificados-por-la-dana","status":"publish","type":"post","link":"https:\/\/www.ralarsa.com\/es\/ralarsa-apoya-la-gala-solidaria-de-axa-para-los-damnificados-por-la-dana\/","title":{"rendered":"Ralarsa apoya la Gala Solidaria de AXA para los damnificados por la DANA"},"content":{"rendered":"<p><\/p>\n<p class=\"ai-optimize-6 ai-optimize-introduction\" data-ccp-props=\"{&quot;335551550&quot;:1,&quot;335551620&quot;:1,&quot;335559683&quot;:0,&quot;335559685&quot;:0,&quot;335559731&quot;:0,&quot;335559737&quot;:0,&quot;335562764&quot;:2,&quot;335562765&quot;:1,&quot;335562766&quot;:4,&quot;335562767&quot;:0,&quot;335562768&quot;:4,&quot;335562769&quot;:0}\"><span data-scheme-color=\"@093A33,,\" data-usefontface=\"true\" data-contrast=\"none\">La Gala <\/span><span data-scheme-color=\"@093A33,,\" data-usefontface=\"true\" data-contrast=\"none\">Solidaria<\/span><span data-scheme-color=\"@093A33,,\" data-usefontface=\"true\" data-contrast=\"none\"> de AXA <\/span><span data-scheme-color=\"@093A33,,\" data-usefontface=\"true\" data-contrast=\"none\">fue<\/span><span data-scheme-color=\"@093A33,,\" data-usefontface=\"true\" data-contrast=\"none\"> un claro <\/span><span data-scheme-color=\"@093A33,,\" data-usefontface=\"true\" data-contrast=\"none\">ejemplo<\/span><span data-scheme-color=\"@093A33,,\" data-usefontface=\"true\" data-contrast=\"none\"> de <\/span><span data-scheme-color=\"@093A33,,\" data-usefontface=\"true\" data-contrast=\"none\">c\u00f3mo<\/span> <span data-scheme-color=\"@093A33,,\" data-usefontface=\"true\" data-contrast=\"none\">el<\/span> <span data-scheme-color=\"@093A33,,\" data-usefontface=\"true\" data-contrast=\"none\">compromiso<\/span> <span data-scheme-color=\"@093A33,,\" data-usefontface=\"true\" data-contrast=\"none\">empresarial<\/span> <span data-scheme-color=\"@093A33,,\" data-usefontface=\"true\" data-contrast=\"none\">puede<\/span> <span data-scheme-color=\"@093A33,,\" data-usefontface=\"true\" data-contrast=\"none\">marcar<\/span><span data-scheme-color=\"@093A33,,\" data-usefontface=\"true\" data-contrast=\"none\"> la <\/span><span data-scheme-color=\"@093A33,,\" data-usefontface=\"true\" data-contrast=\"none\">diferencia<\/span> <span data-scheme-color=\"@093A33,,\" data-usefontface=\"true\" data-contrast=\"none\">en<\/span> <span data-scheme-color=\"@093A33,,\" data-usefontface=\"true\" data-contrast=\"none\">situaciones<\/span><span data-scheme-color=\"@093A33,,\" data-usefontface=\"true\" data-contrast=\"none\"> de <\/span><span data-scheme-color=\"@093A33,,\" data-usefontface=\"true\" data-contrast=\"none\">emergencia<\/span><span data-scheme-color=\"@093A33,,\" data-usefontface=\"true\" data-contrast=\"none\">. En <\/span><span data-scheme-color=\"@093A33,,\" data-usefontface=\"true\" data-contrast=\"none\">esta<\/span> <span data-scheme-color=\"@093A33,,\" data-usefontface=\"true\" data-contrast=\"none\">ocasi\u00f3n<\/span><span data-scheme-color=\"@093A33,,\" data-usefontface=\"true\" data-contrast=\"none\">, <\/span><span data-scheme-color=\"@093A33,,\" data-usefontface=\"true\" data-contrast=\"none\">el<\/span> <span data-scheme-color=\"@093A33,,\" data-usefontface=\"true\" data-contrast=\"none\">evento<\/span> <span data-scheme-color=\"@093A33,,\" data-usefontface=\"true\" data-contrast=\"none\">reuni\u00f3<\/span><span data-scheme-color=\"@093A33,,\" data-usefontface=\"true\" data-contrast=\"none\"> a <\/span><span data-scheme-color=\"@093A33,,\" data-usefontface=\"true\" data-contrast=\"none\">diversas<\/span> <span data-scheme-color=\"@093A33,,\" data-usefontface=\"true\" data-contrast=\"none\">empresas<\/span> <span data-scheme-color=\"@093A33,,\" data-usefontface=\"true\" data-contrast=\"none\">solidarias<\/span><span data-scheme-color=\"@093A33,,\" data-usefontface=\"true\" data-contrast=\"none\">, entre <\/span><span data-scheme-color=\"@093A33,,\" data-usefontface=\"true\" data-contrast=\"none\">ellas<\/span> <span data-scheme-color=\"@093A33,,\" data-usefontface=\"true\" data-contrast=\"none\">Ralarsa<\/span><span data-scheme-color=\"@093A33,,\" data-usefontface=\"true\" data-contrast=\"none\">, <\/span><span data-scheme-color=\"@093A33,,\" data-usefontface=\"true\" data-contrast=\"none\">quienes<\/span> <span data-scheme-color=\"@093A33,,\" data-usefontface=\"true\" data-contrast=\"none\">trabajaron<\/span> <span data-scheme-color=\"@093A33,,\" data-usefontface=\"true\" data-contrast=\"none\">juntas<\/span><span data-scheme-color=\"@093A33,,\" data-usefontface=\"true\" data-contrast=\"none\"> para <\/span><span data-scheme-color=\"@093A33,,\" data-usefontface=\"true\" data-contrast=\"none\">recaudar<\/span><span data-scheme-color=\"@093A33,,\" data-usefontface=\"true\" data-contrast=\"none\"> 60.000 \u20ac, un <\/span><span data-scheme-color=\"@093A33,,\" data-usefontface=\"true\" data-contrast=\"none\">gesto<\/span> <span data-scheme-color=\"@093A33,,\" data-usefontface=\"true\" data-contrast=\"none\">significativo<\/span><span data-scheme-color=\"@093A33,,\" data-usefontface=\"true\" data-contrast=\"none\"> de <\/span><span data-scheme-color=\"@093A33,,\" data-usefontface=\"true\" data-contrast=\"none\">apoyo<\/span><span data-scheme-color=\"@093A33,,\" data-usefontface=\"true\" data-contrast=\"none\"> para <\/span><span data-scheme-color=\"@093A33,,\" data-usefontface=\"true\" data-contrast=\"none\">los<\/span> <span data-scheme-color=\"@093A33,,\" data-usefontface=\"true\" data-contrast=\"none\">damnificados<\/span> <span data-scheme-color=\"@093A33,,\" data-usefontface=\"true\" data-contrast=\"none\">por<\/span><span data-scheme-color=\"@093A33,,\" data-usefontface=\"true\" data-contrast=\"none\"> la DANA.<\/span>\u200b<\/p>\n<p class=\"ai-optimize-7\" data-ccp-props=\"{&quot;335551550&quot;:1,&quot;335551620&quot;:1,&quot;335559683&quot;:0,&quot;335559685&quot;:0,&quot;335559731&quot;:0,&quot;335559737&quot;:0,&quot;335562764&quot;:2,&quot;335562765&quot;:1,&quot;335562766&quot;:4,&quot;335562767&quot;:0,&quot;335562768&quot;:4,&quot;335562769&quot;:0}\">\u200b<\/p>\n<p class=\"ai-optimize-8\" data-ccp-props=\"{&quot;335551550&quot;:1,&quot;335551620&quot;:1,&quot;335559683&quot;:0,&quot;335559685&quot;:0,&quot;335559731&quot;:0,&quot;335559737&quot;:0,&quot;335562764&quot;:2,&quot;335562765&quot;:1,&quot;335562766&quot;:4,&quot;335562767&quot;:0,&quot;335562768&quot;:4,&quot;335562769&quot;:0}\"><span data-scheme-color=\"@093A33,,\" data-usefontface=\"true\" data-contrast=\"none\">El <\/span><b><span data-scheme-color=\"@093A33,,\" data-usefontface=\"true\" data-contrast=\"none\">CEO de <\/span><\/b><b><span data-scheme-color=\"@093A33,,\" data-usefontface=\"true\" data-contrast=\"none\">Ralarsa<\/span><\/b><span data-scheme-color=\"@093A33,,\" data-usefontface=\"true\" data-contrast=\"none\">, <\/span><b><span data-scheme-color=\"@093A33,,\" data-usefontface=\"true\" data-contrast=\"none\">Peter Watters<\/span><\/b><span data-scheme-color=\"@093A33,,\" data-usefontface=\"true\" data-contrast=\"none\">, <\/span><span data-scheme-color=\"@093A33,,\" data-usefontface=\"true\" data-contrast=\"none\">tuvo<\/span> <span data-scheme-color=\"@093A33,,\" data-usefontface=\"true\" data-contrast=\"none\">el<\/span><span data-scheme-color=\"@093A33,,\" data-usefontface=\"true\" data-contrast=\"none\"> honor de <\/span><span data-scheme-color=\"@093A33,,\" data-usefontface=\"true\" data-contrast=\"none\">recoger<\/span><span data-scheme-color=\"@093A33,,\" data-usefontface=\"true\" data-contrast=\"none\"> un <\/span><b><span data-scheme-color=\"@093A33,,\" data-usefontface=\"true\" data-contrast=\"none\">reconocimiento<\/span><\/b> <b><span data-scheme-color=\"@093A33,,\" data-usefontface=\"true\" data-contrast=\"none\">conmemorativo<\/span><\/b> <span data-scheme-color=\"@093A33,,\" data-usefontface=\"true\" data-contrast=\"none\">en<\/span> <span data-scheme-color=\"@093A33,,\" data-usefontface=\"true\" data-contrast=\"none\">nombre<\/span><span data-scheme-color=\"@093A33,,\" data-usefontface=\"true\" data-contrast=\"none\"> de <\/span><span data-scheme-color=\"@093A33,,\" data-usefontface=\"true\" data-contrast=\"none\">nuestra<\/span> <span data-scheme-color=\"@093A33,,\" data-usefontface=\"true\" data-contrast=\"none\">compa\u00f1\u00eda<\/span><span data-scheme-color=\"@093A33,,\" data-usefontface=\"true\" data-contrast=\"none\">, un <\/span><span data-scheme-color=\"@093A33,,\" data-usefontface=\"true\" data-contrast=\"none\">s\u00edmbolo<\/span><span data-scheme-color=\"@093A33,,\" data-usefontface=\"true\" data-contrast=\"none\"> de <\/span><span data-scheme-color=\"@093A33,,\" data-usefontface=\"true\" data-contrast=\"none\">nuestro<\/span> <span data-scheme-color=\"@093A33,,\" data-usefontface=\"true\" data-contrast=\"none\">compromiso<\/span><span data-scheme-color=\"@093A33,,\" data-usefontface=\"true\" data-contrast=\"none\"> con las <\/span><span data-scheme-color=\"@093A33,,\" data-usefontface=\"true\" data-contrast=\"none\">causas<\/span> <span data-scheme-color=\"@093A33,,\" data-usefontface=\"true\" data-contrast=\"none\">sociales<\/span><span data-scheme-color=\"@093A33,,\" data-usefontface=\"true\" data-contrast=\"none\"> y con la <\/span><span data-scheme-color=\"@093A33,,\" data-usefontface=\"true\" data-contrast=\"none\">colaboraci\u00f3n<\/span> <span data-scheme-color=\"@093A33,,\" data-usefontface=\"true\" data-contrast=\"none\">en<\/span> <span data-scheme-color=\"@093A33,,\" data-usefontface=\"true\" data-contrast=\"none\">situaciones<\/span><span data-scheme-color=\"@093A33,,\" data-usefontface=\"true\" data-contrast=\"none\"> de <\/span><span data-scheme-color=\"@093A33,,\" data-usefontface=\"true\" data-contrast=\"none\">emergencia<\/span><span data-scheme-color=\"@093A33,,\" data-usefontface=\"true\" data-contrast=\"none\">.<\/span>\u200b<\/p>\n<p class=\"ai-optimize-9\" data-ccp-props=\"{&quot;335551550&quot;:1,&quot;335551620&quot;:1,&quot;335559683&quot;:0,&quot;335559685&quot;:0,&quot;335559731&quot;:0,&quot;335559737&quot;:0,&quot;335562764&quot;:2,&quot;335562765&quot;:1,&quot;335562766&quot;:4,&quot;335562767&quot;:0,&quot;335562768&quot;:4,&quot;335562769&quot;:0}\">\u200b<\/p>\n<p class=\"ai-optimize-10\" data-ccp-props=\"{&quot;335551550&quot;:1,&quot;335551620&quot;:1,&quot;335559683&quot;:0,&quot;335559685&quot;:0,&quot;335559731&quot;:0,&quot;335559737&quot;:0,&quot;335562764&quot;:2,&quot;335562765&quot;:1,&quot;335562766&quot;:4,&quot;335562767&quot;:0,&quot;335562768&quot;:4,&quot;335562769&quot;:0}\"><span data-scheme-color=\"@093A33,,\" data-usefontface=\"true\" data-contrast=\"none\">Gracias a la <\/span><span data-scheme-color=\"@093A33,,\" data-usefontface=\"true\" data-contrast=\"none\">impecable<\/span> <span data-scheme-color=\"@093A33,,\" data-usefontface=\"true\" data-contrast=\"none\">organizaci\u00f3n<\/span><span data-scheme-color=\"@093A33,,\" data-usefontface=\"true\" data-contrast=\"none\"> de la <\/span><b><span data-scheme-color=\"@093A33,,\" data-usefontface=\"true\" data-contrast=\"none\">Fundaci\u00f3n AXA<\/span><\/b><span data-scheme-color=\"@093A33,,\" data-usefontface=\"true\" data-contrast=\"none\">, y <\/span><span data-scheme-color=\"@093A33,,\" data-usefontface=\"true\" data-contrast=\"none\">el<\/span> <span data-scheme-color=\"@093A33,,\" data-usefontface=\"true\" data-contrast=\"none\">apoyo<\/span><span data-scheme-color=\"@093A33,,\" data-usefontface=\"true\" data-contrast=\"none\"> de <\/span><b><span data-scheme-color=\"@093A33,,\" data-usefontface=\"true\" data-contrast=\"none\">Cruz Roja<\/span><\/b><span data-scheme-color=\"@093A33,,\" data-usefontface=\"true\" data-contrast=\"none\">, <\/span><span data-scheme-color=\"@093A33,,\" data-usefontface=\"true\" data-contrast=\"none\">los<\/span> <span data-scheme-color=\"@093A33,,\" data-usefontface=\"true\" data-contrast=\"none\">fondos<\/span> <span data-scheme-color=\"@093A33,,\" data-usefontface=\"true\" data-contrast=\"none\">recaudados<\/span><span data-scheme-color=\"@093A33,,\" data-usefontface=\"true\" data-contrast=\"none\"> se <\/span><span data-scheme-color=\"@093A33,,\" data-usefontface=\"true\" data-contrast=\"none\">destinaron<\/span><span data-scheme-color=\"@093A33,,\" data-usefontface=\"true\" data-contrast=\"none\"> a <\/span><span data-scheme-color=\"@093A33,,\" data-usefontface=\"true\" data-contrast=\"none\">proyectos<\/span><span data-scheme-color=\"@093A33,,\" data-usefontface=\"true\" data-contrast=\"none\"> de <\/span><span data-scheme-color=\"@093A33,,\" data-usefontface=\"true\" data-contrast=\"none\">ayuda<\/span><span data-scheme-color=\"@093A33,,\" data-usefontface=\"true\" data-contrast=\"none\"> y <\/span><span data-scheme-color=\"@093A33,,\" data-usefontface=\"true\" data-contrast=\"none\">recuperaci\u00f3n<\/span> <span data-scheme-color=\"@093A33,,\" data-usefontface=\"true\" data-contrast=\"none\">en<\/span><span data-scheme-color=\"@093A33,,\" data-usefontface=\"true\" data-contrast=\"none\"> las zonas <\/span><span data-scheme-color=\"@093A33,,\" data-usefontface=\"true\" data-contrast=\"none\">afectadas<\/span><span data-scheme-color=\"@093A33,,\" data-usefontface=\"true\" data-contrast=\"none\">. El <\/span><span data-scheme-color=\"@093A33,,\" data-usefontface=\"true\" data-contrast=\"none\">evento<\/span><span data-scheme-color=\"@093A33,,\" data-usefontface=\"true\" data-contrast=\"none\"> tambi\u00e9n <\/span><span data-scheme-color=\"@093A33,,\" data-usefontface=\"true\" data-contrast=\"none\">cont\u00f3<\/span><span data-scheme-color=\"@093A33,,\" data-usefontface=\"true\" data-contrast=\"none\"> con <\/span><span data-scheme-color=\"@093A33,,\" data-usefontface=\"true\" data-contrast=\"none\">actuaciones<\/span> <span data-scheme-color=\"@093A33,,\" data-usefontface=\"true\" data-contrast=\"none\">en<\/span><span data-scheme-color=\"@093A33,,\" data-usefontface=\"true\" data-contrast=\"none\"> vivo y <\/span><span data-scheme-color=\"@093A33,,\" data-usefontface=\"true\" data-contrast=\"none\">momentos<\/span> <span data-scheme-color=\"@093A33,,\" data-usefontface=\"true\" data-contrast=\"none\">emotivos<\/span><span data-scheme-color=\"@093A33,,\" data-usefontface=\"true\" data-contrast=\"none\">, que <\/span><span data-scheme-color=\"@093A33,,\" data-usefontface=\"true\" data-contrast=\"none\">reforzaron<\/span> <span data-scheme-color=\"@093A33,,\" data-usefontface=\"true\" data-contrast=\"none\">el<\/span> <span data-scheme-color=\"@093A33,,\" data-usefontface=\"true\" data-contrast=\"none\">sentido<\/span><span data-scheme-color=\"@093A33,,\" data-usefontface=\"true\" data-contrast=\"none\"> de <\/span><span data-scheme-color=\"@093A33,,\" data-usefontface=\"true\" data-contrast=\"none\">comunidad<\/span><span data-scheme-color=\"@093A33,,\" data-usefontface=\"true\" data-contrast=\"none\"> y <\/span><span data-scheme-color=\"@093A33,,\" data-usefontface=\"true\" data-contrast=\"none\">apoyo<\/span> <span data-scheme-color=\"@093A33,,\" data-usefontface=\"true\" data-contrast=\"none\">mutuo<\/span><span data-scheme-color=\"@093A33,,\" data-usefontface=\"true\" data-contrast=\"none\">.<\/span>\u200b<\/p>\n<p class=\"ai-optimize-11\" data-ccp-props=\"{&quot;335551550&quot;:1,&quot;335551620&quot;:1,&quot;335559683&quot;:0,&quot;335559685&quot;:0,&quot;335559731&quot;:0,&quot;335559737&quot;:0,&quot;335562764&quot;:2,&quot;335562765&quot;:1,&quot;335562766&quot;:4,&quot;335562767&quot;:0,&quot;335562768&quot;:4,&quot;335562769&quot;:0}\">\u200b<\/p>\n<p class=\"ai-optimize-12\" data-ccp-props=\"{&quot;335551550&quot;:1,&quot;335551620&quot;:1,&quot;335559683&quot;:0,&quot;335559685&quot;:0,&quot;335559731&quot;:0,&quot;335559737&quot;:0,&quot;335562764&quot;:2,&quot;335562765&quot;:1,&quot;335562766&quot;:4,&quot;335562767&quot;:0,&quot;335562768&quot;:4,&quot;335562769&quot;:0}\"><span data-scheme-color=\"@093A33,,\" data-usefontface=\"true\" data-contrast=\"none\">En <\/span><b><span data-scheme-color=\"@093A33,,\" data-usefontface=\"true\" data-contrast=\"none\">Ralarsa<\/span><\/b><span data-scheme-color=\"@093A33,,\" data-usefontface=\"true\" data-contrast=\"none\">, <\/span><span data-scheme-color=\"@093A33,,\" data-usefontface=\"true\" data-contrast=\"none\">creemos<\/span><span data-scheme-color=\"@093A33,,\" data-usefontface=\"true\" data-contrast=\"none\"> que <\/span><span data-scheme-color=\"@093A33,,\" data-usefontface=\"true\" data-contrast=\"none\">el<\/span> <b><span data-scheme-color=\"@093A33,,\" data-usefontface=\"true\" data-contrast=\"none\">compromiso<\/span><\/b><b><span data-scheme-color=\"@093A33,,\" data-usefontface=\"true\" data-contrast=\"none\"> social<\/span><\/b><span data-scheme-color=\"@093A33,,\" data-usefontface=\"true\" data-contrast=\"none\"> es <\/span><span data-scheme-color=\"@093A33,,\" data-usefontface=\"true\" data-contrast=\"none\">esencial<\/span><span data-scheme-color=\"@093A33,,\" data-usefontface=\"true\" data-contrast=\"none\"> para <\/span><span data-scheme-color=\"@093A33,,\" data-usefontface=\"true\" data-contrast=\"none\">contribuir<\/span><span data-scheme-color=\"@093A33,,\" data-usefontface=\"true\" data-contrast=\"none\"> al <\/span><span data-scheme-color=\"@093A33,,\" data-usefontface=\"true\" data-contrast=\"none\">bienestar<\/span> <span data-scheme-color=\"@093A33,,\" data-usefontface=\"true\" data-contrast=\"none\">com\u00fan<\/span><span data-scheme-color=\"@093A33,,\" data-usefontface=\"true\" data-contrast=\"none\">. <\/span><span data-scheme-color=\"@093A33,,\" data-usefontface=\"true\" data-contrast=\"none\">Colaborar<\/span><span data-scheme-color=\"@093A33,,\" data-usefontface=\"true\" data-contrast=\"none\"> con <\/span><span data-scheme-color=\"@093A33,,\" data-usefontface=\"true\" data-contrast=\"none\">iniciativas<\/span> <span data-scheme-color=\"@093A33,,\" data-usefontface=\"true\" data-contrast=\"none\">como<\/span> <span data-scheme-color=\"@093A33,,\" data-usefontface=\"true\" data-contrast=\"none\">la <\/span><b><span data-scheme-color=\"@093A33,,\" data-usefontface=\"true\" data-contrast=\"none\">Gala <\/span><\/b><b><span data-scheme-color=\"@093A33,,\" data-usefontface=\"true\" data-contrast=\"none\">Solidaria<\/span><\/b><b><span data-scheme-color=\"@093A33,,\" data-usefontface=\"true\" data-contrast=\"none\"> de AXA<\/span><\/b> <span data-scheme-color=\"@093A33,,\" data-usefontface=\"true\" data-contrast=\"none\">refuerza<\/span> <span data-scheme-color=\"@093A33,,\" data-usefontface=\"true\" data-contrast=\"none\">nuestra<\/span> <span data-scheme-color=\"@093A33,,\" data-usefontface=\"true\" data-contrast=\"none\">visi\u00f3n<\/span><span data-scheme-color=\"@093A33,,\" data-usefontface=\"true\" data-contrast=\"none\"> de ser <\/span><span data-scheme-color=\"@093A33,,\" data-usefontface=\"true\" data-contrast=\"none\">una<\/span> <span data-scheme-color=\"@093A33,,\" data-usefontface=\"true\" data-contrast=\"none\">empresa<\/span> <span data-scheme-color=\"@093A33,,\" data-usefontface=\"true\" data-contrast=\"none\">comprometida<\/span><span data-scheme-color=\"@093A33,,\" data-usefontface=\"true\" data-contrast=\"none\"> no solo con la <\/span><span data-scheme-color=\"@093A33,,\" data-usefontface=\"true\" data-contrast=\"none\">innovaci\u00f3n<\/span><span data-scheme-color=\"@093A33,,\" data-usefontface=\"true\" data-contrast=\"none\"> y la <\/span><span data-scheme-color=\"@093A33,,\" data-usefontface=\"true\" data-contrast=\"none\">calidad<\/span><span data-scheme-color=\"@093A33,,\" data-usefontface=\"true\" data-contrast=\"none\">, <\/span><span data-scheme-color=\"@093A33,,\" data-usefontface=\"true\" data-contrast=\"none\">sino<\/span> <span data-scheme-color=\"@093A33,,\" data-usefontface=\"true\" data-contrast=\"none\">tambi\u00e9n con <\/span><span data-scheme-color=\"@093A33,,\" data-usefontface=\"true\" data-contrast=\"none\">el<\/span> <span data-scheme-color=\"@093A33,,\" data-usefontface=\"true\" data-contrast=\"none\">apoyo<\/span><span data-scheme-color=\"@093A33,,\" data-usefontface=\"true\" data-contrast=\"none\"> a <\/span><span data-scheme-color=\"@093A33,,\" data-usefontface=\"true\" data-contrast=\"none\">los<\/span> <span data-scheme-color=\"@093A33,,\" data-usefontface=\"true\" data-contrast=\"none\">m\u00e1s<\/span> <span data-scheme-color=\"@093A33,,\" data-usefontface=\"true\" data-contrast=\"none\">necesitados<\/span> <span data-scheme-color=\"@093A33,,\" data-usefontface=\"true\" data-contrast=\"none\">en<\/span> <span data-scheme-color=\"@093A33,,\" data-usefontface=\"true\" data-contrast=\"none\">momentos<\/span> <span data-scheme-color=\"@093A33,,\" data-usefontface=\"true\" data-contrast=\"none\">cr\u00edticos<\/span><span data-scheme-color=\"@093A33,,\" data-usefontface=\"true\" data-contrast=\"none\">.<\/span>\u200b<\/p>\n<p>&nbsp;<\/p>\n<p class=\"ai-optimize-13\" data-ccp-props=\"{&quot;335551550&quot;:1,&quot;335551620&quot;:1,&quot;335559683&quot;:0,&quot;335559685&quot;:0,&quot;335559731&quot;:0,&quot;335559737&quot;:0,&quot;335562764&quot;:2,&quot;335562765&quot;:1,&quot;335562766&quot;:4,&quot;335562767&quot;:0,&quot;335562768&quot;:4,&quot;335562769&quot;:0}\"><b><span data-scheme-color=\"@093A33,,\" data-usefontface=\"true\" data-contrast=\"none\">\u00bf<\/span><\/b><b><span data-scheme-color=\"@093A33,,\" data-usefontface=\"true\" data-contrast=\"none\">Quieres<\/span><\/b><b><span data-scheme-color=\"@093A33,,\" data-usefontface=\"true\" data-contrast=\"none\"> saber <\/span><\/b><b><span data-scheme-color=\"@093A33,,\" data-usefontface=\"true\" data-contrast=\"none\">m\u00e1s<\/span><\/b><b><span data-scheme-color=\"@093A33,,\" data-usefontface=\"true\" data-contrast=\"none\">?<\/span><\/b> <span data-scheme-color=\"@093A33,,\" data-usefontface=\"true\" data-contrast=\"none\">S\u00edguenos<\/span> <span data-scheme-color=\"@093A33,,\" data-usefontface=\"true\" data-contrast=\"none\">en<\/span> <span data-scheme-color=\"@093A33,,\" data-usefontface=\"true\" data-contrast=\"none\">nuestras<\/span><span data-scheme-color=\"@093A33,,\" data-usefontface=\"true\" data-contrast=\"none\"> redes <\/span><span data-scheme-color=\"@093A33,,\" data-usefontface=\"true\" data-contrast=\"none\">sociales<\/span><span data-scheme-color=\"@093A33,,\" data-usefontface=\"true\" data-contrast=\"none\"> y <\/span><span data-scheme-color=\"@093A33,,\" data-usefontface=\"true\" data-contrast=\"none\">descubre<\/span> <span data-scheme-color=\"@093A33,,\" data-usefontface=\"true\" data-contrast=\"none\">c\u00f3mo<\/span> <b><span data-scheme-color=\"@093A33,,\" data-usefontface=\"true\" data-contrast=\"none\">Ralarsa<\/span><\/b> <span data-scheme-color=\"@093A33,,\" data-usefontface=\"true\" data-contrast=\"none\">sigue<\/span> <span data-scheme-color=\"@093A33,,\" data-usefontface=\"true\" data-contrast=\"none\">innovando<\/span><span data-scheme-color=\"@093A33,,\" data-usefontface=\"true\" data-contrast=\"none\"> y <\/span><span data-scheme-color=\"@093A33,,\" data-usefontface=\"true\" data-contrast=\"none\">apoyando<\/span> <span data-scheme-color=\"@093A33,,\" data-usefontface=\"true\" data-contrast=\"none\">causas<\/span><span data-scheme-color=\"@093A33,,\" data-usefontface=\"true\" data-contrast=\"none\"> que <\/span><span data-scheme-color=\"@093A33,,\" data-usefontface=\"true\" data-contrast=\"none\">generan<\/span><span data-scheme-color=\"@093A33,,\" data-usefontface=\"true\" data-contrast=\"none\"> un <\/span><span data-scheme-color=\"@093A33,,\" data-usefontface=\"true\" data-contrast=\"none\">cambio<\/span><span data-scheme-color=\"@093A33,,\" data-usefontface=\"true\" data-contrast=\"none\"> real <\/span><span data-scheme-color=\"@093A33,,\" data-usefontface=\"true\" data-contrast=\"none\">en<\/span><span data-scheme-color=\"@093A33,,\" data-usefontface=\"true\" data-contrast=\"none\"> la <\/span><span data-scheme-color=\"@093A33,,\" data-usefontface=\"true\" data-contrast=\"none\">sociedad<\/span><span data-scheme-color=\"@093A33,,\" data-usefontface=\"true\" data-contrast=\"none\">. \u00a1<\/span><span data-scheme-color=\"@093A33,,\" data-usefontface=\"true\" data-contrast=\"none\">\u00danete<\/span><span data-scheme-color=\"@093A33,,\" data-usefontface=\"true\" data-contrast=\"none\"> a <\/span><span data-scheme-color=\"@093A33,,\" data-usefontface=\"true\" data-contrast=\"none\">nuestra<\/span> <span data-scheme-color=\"@093A33,,\" data-usefontface=\"true\" data-contrast=\"none\">comunidad<\/span><span data-scheme-color=\"@093A33,,\" data-usefontface=\"true\" data-contrast=\"none\"> y <\/span><span data-scheme-color=\"@093A33,,\" data-usefontface=\"true\" data-contrast=\"none\">s\u00e9<\/span> <span data-scheme-color=\"@093A33,,\" data-usefontface=\"true\" data-contrast=\"none\">parte<\/span><span data-scheme-color=\"@093A33,,\" data-usefontface=\"true\" data-contrast=\"none\"> del <\/span><span data-scheme-color=\"@093A33,,\" data-usefontface=\"true\" data-contrast=\"none\">cambio<\/span><span data-scheme-color=\"@093A33,,\" data-usefontface=\"true\" data-contrast=\"none\">! <\/span><\/p>\n<p><\/p>","protected":false},"excerpt":{"rendered":"La Gala Solidaria de AXA fue un claro ejemplo de c\u00f3mo el compromiso empresarial puede marcar la diferencia en situaciones de emergencia. En esta ocasi\u00f3n, el evento reuni\u00f3 a diversas empresas solidarias, entre ellas Ralarsa, quienes trabajaron juntas para recaudar 60.000 \u20ac, un gesto significativo de apoyo para los damnificados por la DANA.\u200b \u200b El&#8230;","protected":false},"author":6,"featured_media":5182,"comment_status":"open","ping_status":"open","sticky":false,"template":"","format":"standard","meta":{"_acf_changed":false,"inline_featured_image":false,"footnotes":""},"categories":[14],"tags":[15],"class_list":["post-4624","post","type-post","status-publish","format-standard","has-post-thumbnail","hentry","category-ralarsa-cary-group","tag-ok"],"acf":[],"yoast_head":"<!-- This site is optimized with the Yoast SEO Premium plugin v25.3 (Yoast SEO v26.7) - https:\/\/yoast.com\/wordpress\/plugins\/seo\/ -->\n<title>Ralarsa apoya la Gala Solidaria de AXA para los damnificados por la DANA - Ralarsa<\/title>\n<meta name=\"robots\" content=\"index, follow, max-snippet:-1, max-image-preview:large, max-video-preview:-1\" \/>\n<link rel=\"canonical\" href=\"https:\/\/www.ralarsa.com\/es\/ralarsa-apoya-la-gala-solidaria-de-axa-para-los-damnificados-por-la-dana\/\" \/>\n<meta property=\"og:locale\" content=\"es_ES\" \/>\n<meta property=\"og:type\" content=\"article\" \/>\n<meta property=\"og:title\" content=\"Ralarsa apoya la Gala Solidaria de AXA para los damnificados por la DANA\" \/>\n<meta property=\"og:description\" content=\"La Gala Solidaria de AXA fue un claro ejemplo de c\u00f3mo el compromiso empresarial puede marcar la diferencia en situaciones de emergencia. En esta ocasi\u00f3n, el evento reuni\u00f3 a diversas empresas solidarias, entre ellas Ralarsa, quienes trabajaron juntas para recaudar 60.000 \u20ac, un gesto significativo de apoyo para los damnificados por la DANA.\u200b \u200b El...\" \/>\n<meta property=\"og:url\" content=\"https:\/\/www.ralarsa.com\/es\/ralarsa-apoya-la-gala-solidaria-de-axa-para-los-damnificados-por-la-dana\/\" \/>\n<meta property=\"og:site_name\" content=\"Ralarsa\" \/>\n<meta property=\"article:published_time\" content=\"2025-07-11T12:16:20+00:00\" \/>\n<meta property=\"article:modified_time\" content=\"2026-01-12T17:37:21+00:00\" \/>\n<meta property=\"og:image\" content=\"https:\/\/d2oyvx818ubhz6.cloudfront.net\/wp-content\/uploads\/2025\/07\/ralarsa-apoya-gala-solidaria-axa-damnificados-dana.png\" \/>\n\t<meta property=\"og:image:width\" content=\"300\" \/>\n\t<meta property=\"og:image:height\" content=\"300\" \/>\n\t<meta property=\"og:image:type\" content=\"image\/png\" \/>\n<meta name=\"author\" content=\"Marta Del Rio\" \/>\n<meta name=\"twitter:card\" content=\"summary_large_image\" \/>\n<meta name=\"twitter:label1\" content=\"Escrito por\" \/>\n\t<meta name=\"twitter:data1\" content=\"Marta Del Rio\" \/>\n\t<meta name=\"twitter:label2\" content=\"Tiempo de lectura\" \/>\n\t<meta name=\"twitter:data2\" content=\"2 minutos\" \/>\n<script type=\"application\/ld+json\" class=\"yoast-schema-graph\">{\"@context\":\"https:\/\/schema.org\",\"@graph\":[{\"@type\":\"Article\",\"@id\":\"https:\/\/www.ralarsa.com\/es\/ralarsa-apoya-la-gala-solidaria-de-axa-para-los-damnificados-por-la-dana\/#article\",\"isPartOf\":{\"@id\":\"https:\/\/www.ralarsa.com\/es\/ralarsa-apoya-la-gala-solidaria-de-axa-para-los-damnificados-por-la-dana\/\"},\"author\":{\"name\":\"Marta Del Rio\",\"@id\":\"https:\/\/www.ralarsa.com\/es\/#\/schema\/person\/fec5b24c6be1b8477b9324bfd03b71f0\"},\"headline\":\"Ralarsa apoya la Gala Solidaria de AXA para los damnificados por la DANA\",\"datePublished\":\"2025-07-11T12:16:20+00:00\",\"dateModified\":\"2026-01-12T17:37:21+00:00\",\"mainEntityOfPage\":{\"@id\":\"https:\/\/www.ralarsa.com\/es\/ralarsa-apoya-la-gala-solidaria-de-axa-para-los-damnificados-por-la-dana\/\"},\"wordCount\":766,\"commentCount\":0,\"publisher\":{\"@id\":\"https:\/\/www.ralarsa.com\/es\/#organization\"},\"image\":{\"@id\":\"https:\/\/www.ralarsa.com\/es\/ralarsa-apoya-la-gala-solidaria-de-axa-para-los-damnificados-por-la-dana\/#primaryimage\"},\"thumbnailUrl\":\"https:\/\/d2oyvx818ubhz6.cloudfront.net\/wp-content\/uploads\/2025\/07\/ralarsa-apoya-gala-solidaria-axa-damnificados-dana.png\",\"keywords\":[\"ok\"],\"articleSection\":[\"Ralarsa &amp; Cary Group\"],\"inLanguage\":\"es\",\"potentialAction\":[{\"@type\":\"CommentAction\",\"name\":\"Comment\",\"target\":[\"https:\/\/www.ralarsa.com\/es\/ralarsa-apoya-la-gala-solidaria-de-axa-para-los-damnificados-por-la-dana\/#respond\"]}]},{\"@type\":\"WebPage\",\"@id\":\"https:\/\/www.ralarsa.com\/es\/ralarsa-apoya-la-gala-solidaria-de-axa-para-los-damnificados-por-la-dana\/\",\"url\":\"https:\/\/www.ralarsa.com\/es\/ralarsa-apoya-la-gala-solidaria-de-axa-para-los-damnificados-por-la-dana\/\",\"name\":\"Ralarsa apoya la Gala Solidaria de AXA para los damnificados por la DANA - Ralarsa\",\"isPartOf\":{\"@id\":\"https:\/\/www.ralarsa.com\/es\/#website\"},\"primaryImageOfPage\":{\"@id\":\"https:\/\/www.ralarsa.com\/es\/ralarsa-apoya-la-gala-solidaria-de-axa-para-los-damnificados-por-la-dana\/#primaryimage\"},\"image\":{\"@id\":\"https:\/\/www.ralarsa.com\/es\/ralarsa-apoya-la-gala-solidaria-de-axa-para-los-damnificados-por-la-dana\/#primaryimage\"},\"thumbnailUrl\":\"https:\/\/d2oyvx818ubhz6.cloudfront.net\/wp-content\/uploads\/2025\/07\/ralarsa-apoya-gala-solidaria-axa-damnificados-dana.png\",\"datePublished\":\"2025-07-11T12:16:20+00:00\",\"dateModified\":\"2026-01-12T17:37:21+00:00\",\"breadcrumb\":{\"@id\":\"https:\/\/www.ralarsa.com\/es\/ralarsa-apoya-la-gala-solidaria-de-axa-para-los-damnificados-por-la-dana\/#breadcrumb\"},\"inLanguage\":\"es\",\"potentialAction\":[{\"@type\":\"ReadAction\",\"target\":[[\"https:\/\/www.ralarsa.com\/es\/ralarsa-apoya-la-gala-solidaria-de-axa-para-los-damnificados-por-la-dana\/\"]]}]},{\"@type\":\"ImageObject\",\"inLanguage\":\"es\",\"@id\":\"https:\/\/www.ralarsa.com\/es\/ralarsa-apoya-la-gala-solidaria-de-axa-para-los-damnificados-por-la-dana\/#primaryimage\",\"url\":\"https:\/\/d2oyvx818ubhz6.cloudfront.net\/wp-content\/uploads\/2025\/07\/ralarsa-apoya-gala-solidaria-axa-damnificados-dana.png\",\"contentUrl\":\"https:\/\/d2oyvx818ubhz6.cloudfront.net\/wp-content\/uploads\/2025\/07\/ralarsa-apoya-gala-solidaria-axa-damnificados-dana.png\",\"width\":300,\"height\":300,\"caption\":\"Ralarsa participa en la Gala Solidaria organizada por AXA de Todo Coraz\u00f3n para recaudar fondos destinados a los afectados por la DANA.\"},{\"@type\":\"BreadcrumbList\",\"@id\":\"https:\/\/www.ralarsa.com\/es\/ralarsa-apoya-la-gala-solidaria-de-axa-para-los-damnificados-por-la-dana\/#breadcrumb\",\"itemListElement\":[{\"@type\":\"ListItem\",\"position\":1,\"name\":\"Portada\",\"item\":\"https:\/\/www.ralarsa.com\/es\/ralarsa-2\/\"},{\"@type\":\"ListItem\",\"position\":2,\"name\":\"Ralarsa apoya la Gala Solidaria de AXA para los damnificados por la DANA\"}]},{\"@type\":\"WebSite\",\"@id\":\"https:\/\/www.ralarsa.com\/es\/#website\",\"url\":\"https:\/\/www.ralarsa.com\/es\/\",\"name\":\"Ralarsa\",\"description\":\"\",\"publisher\":{\"@id\":\"https:\/\/www.ralarsa.com\/es\/#organization\"},\"potentialAction\":[{\"@type\":\"SearchAction\",\"target\":{\"@type\":\"EntryPoint\",\"urlTemplate\":\"https:\/\/www.ralarsa.com\/es\/?s={search_term_string}\"},\"query-input\":{\"@type\":\"PropertyValueSpecification\",\"valueRequired\":true,\"valueName\":\"search_term_string\"}}],\"inLanguage\":\"es\"},{\"@type\":\"Organization\",\"@id\":\"https:\/\/www.ralarsa.com\/es\/#organization\",\"name\":\"Ralarsa\",\"url\":\"https:\/\/www.ralarsa.com\/es\/\",\"logo\":{\"@type\":\"ImageObject\",\"inLanguage\":\"es\",\"@id\":\"https:\/\/www.ralarsa.com\/es\/#\/schema\/logo\/image\/\",\"url\":\"https:\/\/ralarsa.s3.eu-central-1.amazonaws.com\/wp-content\/uploads\/2025\/04\/logo-ralarsa.png\",\"contentUrl\":\"https:\/\/ralarsa.s3.eu-central-1.amazonaws.com\/wp-content\/uploads\/2025\/04\/logo-ralarsa.png\",\"width\":1192,\"height\":412,\"caption\":\"Ralarsa\"},\"image\":{\"@id\":\"https:\/\/www.ralarsa.com\/es\/#\/schema\/logo\/image\/\"}},{\"@type\":\"Person\",\"@id\":\"https:\/\/www.ralarsa.com\/es\/#\/schema\/person\/fec5b24c6be1b8477b9324bfd03b71f0\",\"name\":\"Marta Del Rio\",\"image\":{\"@type\":\"ImageObject\",\"inLanguage\":\"es\",\"@id\":\"https:\/\/www.ralarsa.com\/es\/#\/schema\/person\/image\/\",\"url\":\"https:\/\/secure.gravatar.com\/avatar\/474046ddf833002c6e828bfa804f6c3b6ecd740b998ccb4c4194cefd156e893b?s=96&d=mm&r=g\",\"contentUrl\":\"https:\/\/secure.gravatar.com\/avatar\/474046ddf833002c6e828bfa804f6c3b6ecd740b998ccb4c4194cefd156e893b?s=96&d=mm&r=g\",\"caption\":\"Marta Del Rio\"}}]}<\/script>\n<!-- \/ Yoast SEO Premium plugin. -->","yoast_head_json":{"title":"Ralarsa apoya la Gala Solidaria de AXA para los damnificados por la DANA - Ralarsa","robots":{"index":"index","follow":"follow","max-snippet":"max-snippet:-1","max-image-preview":"max-image-preview:large","max-video-preview":"max-video-preview:-1"},"canonical":"https:\/\/www.ralarsa.com\/es\/ralarsa-apoya-la-gala-solidaria-de-axa-para-los-damnificados-por-la-dana\/","og_locale":"es_ES","og_type":"article","og_title":"Ralarsa apoya la Gala Solidaria de AXA para los damnificados por la DANA","og_description":"La Gala Solidaria de AXA fue un claro ejemplo de c\u00f3mo el compromiso empresarial puede marcar la diferencia en situaciones de emergencia. En esta ocasi\u00f3n, el evento reuni\u00f3 a diversas empresas solidarias, entre ellas Ralarsa, quienes trabajaron juntas para recaudar 60.000 \u20ac, un gesto significativo de apoyo para los damnificados por la DANA.\u200b \u200b El...","og_url":"https:\/\/www.ralarsa.com\/es\/ralarsa-apoya-la-gala-solidaria-de-axa-para-los-damnificados-por-la-dana\/","og_site_name":"Ralarsa","article_published_time":"2025-07-11T12:16:20+00:00","article_modified_time":"2026-01-12T17:37:21+00:00","og_image":[{"width":300,"height":300,"url":"https:\/\/d2oyvx818ubhz6.cloudfront.net\/wp-content\/uploads\/2025\/07\/ralarsa-apoya-gala-solidaria-axa-damnificados-dana.png","type":"image\/png"}],"author":"Marta Del Rio","twitter_card":"summary_large_image","twitter_misc":{"Escrito por":"Marta Del Rio","Tiempo de lectura":"2 minutos"},"schema":{"@context":"https:\/\/schema.org","@graph":[{"@type":"Article","@id":"https:\/\/www.ralarsa.com\/es\/ralarsa-apoya-la-gala-solidaria-de-axa-para-los-damnificados-por-la-dana\/#article","isPartOf":{"@id":"https:\/\/www.ralarsa.com\/es\/ralarsa-apoya-la-gala-solidaria-de-axa-para-los-damnificados-por-la-dana\/"},"author":{"name":"Marta Del Rio","@id":"https:\/\/www.ralarsa.com\/es\/#\/schema\/person\/fec5b24c6be1b8477b9324bfd03b71f0"},"headline":"Ralarsa apoya la Gala Solidaria de AXA para los damnificados por la DANA","datePublished":"2025-07-11T12:16:20+00:00","dateModified":"2026-01-12T17:37:21+00:00","mainEntityOfPage":{"@id":"https:\/\/www.ralarsa.com\/es\/ralarsa-apoya-la-gala-solidaria-de-axa-para-los-damnificados-por-la-dana\/"},"wordCount":766,"commentCount":0,"publisher":{"@id":"https:\/\/www.ralarsa.com\/es\/#organization"},"image":{"@id":"https:\/\/www.ralarsa.com\/es\/ralarsa-apoya-la-gala-solidaria-de-axa-para-los-damnificados-por-la-dana\/#primaryimage"},"thumbnailUrl":"https:\/\/d2oyvx818ubhz6.cloudfront.net\/wp-content\/uploads\/2025\/07\/ralarsa-apoya-gala-solidaria-axa-damnificados-dana.png","keywords":["ok"],"articleSection":["Ralarsa &amp; Cary Group"],"inLanguage":"es","potentialAction":[{"@type":"CommentAction","name":"Comment","target":["https:\/\/www.ralarsa.com\/es\/ralarsa-apoya-la-gala-solidaria-de-axa-para-los-damnificados-por-la-dana\/#respond"]}]},{"@type":"WebPage","@id":"https:\/\/www.ralarsa.com\/es\/ralarsa-apoya-la-gala-solidaria-de-axa-para-los-damnificados-por-la-dana\/","url":"https:\/\/www.ralarsa.com\/es\/ralarsa-apoya-la-gala-solidaria-de-axa-para-los-damnificados-por-la-dana\/","name":"Ralarsa apoya la Gala Solidaria de AXA para los damnificados por la DANA - Ralarsa","isPartOf":{"@id":"https:\/\/www.ralarsa.com\/es\/#website"},"primaryImageOfPage":{"@id":"https:\/\/www.ralarsa.com\/es\/ralarsa-apoya-la-gala-solidaria-de-axa-para-los-damnificados-por-la-dana\/#primaryimage"},"image":{"@id":"https:\/\/www.ralarsa.com\/es\/ralarsa-apoya-la-gala-solidaria-de-axa-para-los-damnificados-por-la-dana\/#primaryimage"},"thumbnailUrl":"https:\/\/d2oyvx818ubhz6.cloudfront.net\/wp-content\/uploads\/2025\/07\/ralarsa-apoya-gala-solidaria-axa-damnificados-dana.png","datePublished":"2025-07-11T12:16:20+00:00","dateModified":"2026-01-12T17:37:21+00:00","breadcrumb":{"@id":"https:\/\/www.ralarsa.com\/es\/ralarsa-apoya-la-gala-solidaria-de-axa-para-los-damnificados-por-la-dana\/#breadcrumb"},"inLanguage":"es","potentialAction":[{"@type":"ReadAction","target":[["https:\/\/www.ralarsa.com\/es\/ralarsa-apoya-la-gala-solidaria-de-axa-para-los-damnificados-por-la-dana\/"]]}]},{"@type":"ImageObject","inLanguage":"es","@id":"https:\/\/www.ralarsa.com\/es\/ralarsa-apoya-la-gala-solidaria-de-axa-para-los-damnificados-por-la-dana\/#primaryimage","url":"https:\/\/d2oyvx818ubhz6.cloudfront.net\/wp-content\/uploads\/2025\/07\/ralarsa-apoya-gala-solidaria-axa-damnificados-dana.png","contentUrl":"https:\/\/d2oyvx818ubhz6.cloudfront.net\/wp-content\/uploads\/2025\/07\/ralarsa-apoya-gala-solidaria-axa-damnificados-dana.png","width":300,"height":300,"caption":"Ralarsa participa en la Gala Solidaria organizada por AXA de Todo Coraz\u00f3n para recaudar fondos destinados a los afectados por la DANA."},{"@type":"BreadcrumbList","@id":"https:\/\/www.ralarsa.com\/es\/ralarsa-apoya-la-gala-solidaria-de-axa-para-los-damnificados-por-la-dana\/#breadcrumb","itemListElement":[{"@type":"ListItem","position":1,"name":"Portada","item":"https:\/\/www.ralarsa.com\/es\/ralarsa-2\/"},{"@type":"ListItem","position":2,"name":"Ralarsa apoya la Gala Solidaria de AXA para los damnificados por la DANA"}]},{"@type":"WebSite","@id":"https:\/\/www.ralarsa.com\/es\/#website","url":"https:\/\/www.ralarsa.com\/es\/","name":"Ralarsa","description":"","publisher":{"@id":"https:\/\/www.ralarsa.com\/es\/#organization"},"potentialAction":[{"@type":"SearchAction","target":{"@type":"EntryPoint","urlTemplate":"https:\/\/www.ralarsa.com\/es\/?s={search_term_string}"},"query-input":{"@type":"PropertyValueSpecification","valueRequired":true,"valueName":"search_term_string"}}],"inLanguage":"es"},{"@type":"Organization","@id":"https:\/\/www.ralarsa.com\/es\/#organization","name":"Ralarsa","url":"https:\/\/www.ralarsa.com\/es\/","logo":{"@type":"ImageObject","inLanguage":"es","@id":"https:\/\/www.ralarsa.com\/es\/#\/schema\/logo\/image\/","url":"https:\/\/ralarsa.s3.eu-central-1.amazonaws.com\/wp-content\/uploads\/2025\/04\/logo-ralarsa.png","contentUrl":"https:\/\/ralarsa.s3.eu-central-1.amazonaws.com\/wp-content\/uploads\/2025\/04\/logo-ralarsa.png","width":1192,"height":412,"caption":"Ralarsa"},"image":{"@id":"https:\/\/www.ralarsa.com\/es\/#\/schema\/logo\/image\/"}},{"@type":"Person","@id":"https:\/\/www.ralarsa.com\/es\/#\/schema\/person\/fec5b24c6be1b8477b9324bfd03b71f0","name":"Marta Del Rio","image":{"@type":"ImageObject","inLanguage":"es","@id":"https:\/\/www.ralarsa.com\/es\/#\/schema\/person\/image\/","url":"https:\/\/secure.gravatar.com\/avatar\/474046ddf833002c6e828bfa804f6c3b6ecd740b998ccb4c4194cefd156e893b?s=96&d=mm&r=g","contentUrl":"https:\/\/secure.gravatar.com\/avatar\/474046ddf833002c6e828bfa804f6c3b6ecd740b998ccb4c4194cefd156e893b?s=96&d=mm&r=g","caption":"Marta Del Rio"}}]}},"_links":{"self":[{"href":"https:\/\/www.ralarsa.com\/es\/wp-json\/wp\/v2\/posts\/4624","targetHints":{"allow":["GET"]}}],"collection":[{"href":"https:\/\/www.ralarsa.com\/es\/wp-json\/wp\/v2\/posts"}],"about":[{"href":"https:\/\/www.ralarsa.com\/es\/wp-json\/wp\/v2\/types\/post"}],"author":[{"embeddable":true,"href":"https:\/\/www.ralarsa.com\/es\/wp-json\/wp\/v2\/users\/6"}],"replies":[{"embeddable":true,"href":"https:\/\/www.ralarsa.com\/es\/wp-json\/wp\/v2\/comments?post=4624"}],"version-history":[{"count":3,"href":"https:\/\/www.ralarsa.com\/es\/wp-json\/wp\/v2\/posts\/4624\/revisions"}],"predecessor-version":[{"id":5181,"href":"https:\/\/www.ralarsa.com\/es\/wp-json\/wp\/v2\/posts\/4624\/revisions\/5181"}],"wp:featuredmedia":[{"embeddable":true,"href":"https:\/\/www.ralarsa.com\/es\/wp-json\/wp\/v2\/media\/5182"}],"wp:attachment":[{"href":"https:\/\/www.ralarsa.com\/es\/wp-json\/wp\/v2\/media?parent=4624"}],"wp:term":[{"taxonomy":"category","embeddable":true,"href":"https:\/\/www.ralarsa.com\/es\/wp-json\/wp\/v2\/categories?post=4624"},{"taxonomy":"post_tag","embeddable":true,"href":"https:\/\/www.ralarsa.com\/es\/wp-json\/wp\/v2\/tags?post=4624"}],"curies":[{"name":"wp","href":"https:\/\/api.w.org\/{rel}","templated":true}]}}