{"id":7097,"date":"2026-08-31T08:00:03","date_gmt":"2026-08-31T07:00:03","guid":{"rendered":"https:\/\/www.ralarsa.com\/es\/?p=7097"},"modified":"2026-08-31T08:00:03","modified_gmt":"2026-08-31T07:00:03","slug":"como-afecta-el-calor-de-agosto-a-las-lunas-del-coche","status":"publish","type":"post","link":"https:\/\/www.ralarsa.com\/es\/como-afecta-el-calor-de-agosto-a-las-lunas-del-coche\/","title":{"rendered":"C\u00f3mo afecta el calor de agosto a las lunas del coche"},"content":{"rendered":"<p>Entender c\u00f3mo afecta el calor de agosto a las lunas del coche es fundamental para prevenir da\u00f1os en el parabrisas y mantener la seguridad durante los meses m\u00e1s calurosos del a\u00f1o. Las altas temperaturas, la exposici\u00f3n prolongada al sol y los cambios bruscos entre el calor exterior y el aire acondicionado generan tensi\u00f3n en el cristal. Esto puede provocar que peque\u00f1os impactos o fisuras se expandan r\u00e1pidamente, aumentando el riesgo de rotura y afectando la visibilidad del conductor.<\/p>\n<p>En Ralarsa, especialistas en la reparaci\u00f3n de lunas de coche , utilizamos materiales homologados y t\u00e9cnicas certificadas para reparar y sustituir lunas de forma r\u00e1pida y segura. Adem\u00e1s, revisamos el estado del cristal para detectar posibles da\u00f1os antes de que el calor los convierta en un problema mayor. Y recuerda que actualmente, reservando tu cita en ralarsa.com, puedes conseguir 2 entradas de cine gratis hasta agotar existencias.<\/p>\n<h2>C\u00f3mo afecta el calor de agosto a las lunas del coche<\/h2>\n<h3>Dilataci\u00f3n del cristal<\/h3>\n<p>Las altas temperaturas hacen que el vidrio se expanda, aumentando la presi\u00f3n sobre fisuras o impactos existentes.<\/p>\n<h3>Cambios bruscos de temperatura<\/h3>\n<p>El uso intenso del aire acondicionado tras dejar el coche al sol puede generar tensi\u00f3n en el parabrisas y favorecer grietas.<\/p>\n<h3>Mayor riesgo de rotura en viajes largos<\/h3>\n<p>Las vibraciones de la carretera y la exposici\u00f3n continua al calor aceleran el deterioro de peque\u00f1os da\u00f1os.<\/p>\n<h3>P\u00e9rdida de visibilidad y seguridad<\/h3>\n<p>Una fisura ampliada por el calor puede dificultar la visi\u00f3n y comprometer la resistencia estructural del veh\u00edculo.<\/p>\n<p>Reservando en ralarsa.com, te llevas 2 entradas de cine gratis con tu reparaci\u00f3n o sustituci\u00f3n de luna, hasta agotar existencias.<br \/>\nEsperamos que este art\u00edculo sobre c\u00f3mo afecta el calor de agosto a las lunas del coche te haya gustado, porque conocer los efectos de las altas temperaturas te ayudar\u00e1 a prevenir da\u00f1os y mantener la seguridad en carretera.<\/p>","protected":false},"excerpt":{"rendered":"Entender c\u00f3mo afecta el calor de agosto a las lunas del coche es fundamental para prevenir da\u00f1os en el parabrisas y mantener la seguridad durante los meses m\u00e1s calurosos del a\u00f1o. Las altas temperaturas, la exposici\u00f3n prolongada al sol y los cambios bruscos entre el calor exterior y el aire acondicionado generan tensi\u00f3n en el&#8230;","protected":false},"author":8,"featured_media":7098,"comment_status":"open","ping_status":"open","sticky":false,"template":"","format":"standard","meta":{"_acf_changed":false,"inline_featured_image":false,"footnotes":""},"categories":[1],"tags":[],"class_list":["post-7097","post","type-post","status-publish","format-standard","has-post-thumbnail","hentry","category-uncategorized"],"acf":[],"yoast_head":"<!-- This site is optimized with the Yoast SEO Premium plugin v28.2 (Yoast SEO v28.2) - https:\/\/yoast.com\/product\/yoast-seo-premium-wordpress\/ -->\n<title>C\u00f3mo afecta el calor de agosto a las lunas del coche - Ralarsa<\/title>\n<meta name=\"robots\" content=\"index, follow, max-snippet:-1, max-image-preview:large, max-video-preview:-1\" \/>\n<link rel=\"canonical\" href=\"https:\/\/www.ralarsa.com\/es\/como-afecta-el-calor-de-agosto-a-las-lunas-del-coche\/\" \/>\n<meta property=\"og:locale\" content=\"es_ES\" \/>\n<meta property=\"og:type\" content=\"article\" \/>\n<meta property=\"og:title\" content=\"C\u00f3mo afecta el calor de agosto a las lunas del coche\" \/>\n<meta property=\"og:description\" content=\"Entender c\u00f3mo afecta el calor de agosto a las lunas del coche es fundamental para prevenir da\u00f1os en el parabrisas y mantener la seguridad durante los meses m\u00e1s calurosos del a\u00f1o. Las altas temperaturas, la exposici\u00f3n prolongada al sol y los cambios bruscos entre el calor exterior y el aire acondicionado generan tensi\u00f3n en el...\" \/>\n<meta property=\"og:url\" content=\"https:\/\/www.ralarsa.com\/es\/como-afecta-el-calor-de-agosto-a-las-lunas-del-coche\/\" \/>\n<meta property=\"og:site_name\" content=\"Ralarsa\" \/>\n<meta property=\"article:published_time\" content=\"2026-08-31T07:00:03+00:00\" \/>\n<meta property=\"og:image\" content=\"https:\/\/d2oyvx818ubhz6.cloudfront.net\/wp-content\/uploads\/2026\/08\/como-afecta-calor-agosto-lunas-coche.png\" \/>\n\t<meta property=\"og:image:width\" content=\"901\" \/>\n\t<meta property=\"og:image:height\" content=\"600\" \/>\n\t<meta property=\"og:image:type\" content=\"image\/png\" \/>\n<meta name=\"author\" content=\"Aina Belles\" \/>\n<meta name=\"twitter:card\" content=\"summary_large_image\" \/>\n<meta name=\"twitter:label1\" content=\"Escrito por\" \/>\n\t<meta name=\"twitter:data1\" content=\"Aina Belles\" \/>\n\t<meta name=\"twitter:label2\" content=\"Tiempo de lectura\" \/>\n\t<meta name=\"twitter:data2\" content=\"2 minutos\" \/>\n<script type=\"application\/ld+json\" class=\"yoast-schema-graph\">{\"@context\":\"https:\\\/\\\/schema.org\",\"@graph\":[{\"@type\":\"Article\",\"@id\":\"https:\\\/\\\/www.ralarsa.com\\\/es\\\/como-afecta-el-calor-de-agosto-a-las-lunas-del-coche\\\/#article\",\"isPartOf\":{\"@id\":\"https:\\\/\\\/www.ralarsa.com\\\/es\\\/como-afecta-el-calor-de-agosto-a-las-lunas-del-coche\\\/\"},\"author\":{\"name\":\"Aina Belles\",\"@id\":\"https:\\\/\\\/www.ralarsa.com\\\/es\\\/#\\\/schema\\\/person\\\/da053e3bdd8933370cee4db17edd3710\"},\"headline\":\"C\u00f3mo afecta el calor de agosto a las lunas del coche\",\"datePublished\":\"2026-08-31T07:00:03+00:00\",\"mainEntityOfPage\":{\"@id\":\"https:\\\/\\\/www.ralarsa.com\\\/es\\\/como-afecta-el-calor-de-agosto-a-las-lunas-del-coche\\\/\"},\"wordCount\":962,\"commentCount\":0,\"publisher\":{\"@id\":\"https:\\\/\\\/www.ralarsa.com\\\/es\\\/#organization\"},\"image\":{\"@id\":\"https:\\\/\\\/www.ralarsa.com\\\/es\\\/como-afecta-el-calor-de-agosto-a-las-lunas-del-coche\\\/#primaryimage\"},\"thumbnailUrl\":\"https:\\\/\\\/d2oyvx818ubhz6.cloudfront.net\\\/wp-content\\\/uploads\\\/2026\\\/08\\\/como-afecta-calor-agosto-lunas-coche.png\",\"articleSection\":[\"Informaci\u00f3n\"],\"inLanguage\":\"es\",\"potentialAction\":[{\"@type\":\"CommentAction\",\"name\":\"Comment\",\"target\":[\"https:\\\/\\\/www.ralarsa.com\\\/es\\\/como-afecta-el-calor-de-agosto-a-las-lunas-del-coche\\\/#respond\"]}]},{\"@type\":\"WebPage\",\"@id\":\"https:\\\/\\\/www.ralarsa.com\\\/es\\\/como-afecta-el-calor-de-agosto-a-las-lunas-del-coche\\\/\",\"url\":\"https:\\\/\\\/www.ralarsa.com\\\/es\\\/como-afecta-el-calor-de-agosto-a-las-lunas-del-coche\\\/\",\"name\":\"C\u00f3mo afecta el calor de agosto a las lunas del coche - Ralarsa\",\"isPartOf\":{\"@id\":\"https:\\\/\\\/www.ralarsa.com\\\/es\\\/#website\"},\"primaryImageOfPage\":{\"@id\":\"https:\\\/\\\/www.ralarsa.com\\\/es\\\/como-afecta-el-calor-de-agosto-a-las-lunas-del-coche\\\/#primaryimage\"},\"image\":{\"@id\":\"https:\\\/\\\/www.ralarsa.com\\\/es\\\/como-afecta-el-calor-de-agosto-a-las-lunas-del-coche\\\/#primaryimage\"},\"thumbnailUrl\":\"https:\\\/\\\/d2oyvx818ubhz6.cloudfront.net\\\/wp-content\\\/uploads\\\/2026\\\/08\\\/como-afecta-calor-agosto-lunas-coche.png\",\"datePublished\":\"2026-08-31T07:00:03+00:00\",\"breadcrumb\":{\"@id\":\"https:\\\/\\\/www.ralarsa.com\\\/es\\\/como-afecta-el-calor-de-agosto-a-las-lunas-del-coche\\\/#breadcrumb\"},\"inLanguage\":\"es\",\"potentialAction\":[{\"@type\":\"ReadAction\",\"target\":[[\"https:\\\/\\\/www.ralarsa.com\\\/es\\\/como-afecta-el-calor-de-agosto-a-las-lunas-del-coche\\\/\"]]}]},{\"@type\":\"ImageObject\",\"inLanguage\":\"es\",\"@id\":\"https:\\\/\\\/www.ralarsa.com\\\/es\\\/como-afecta-el-calor-de-agosto-a-las-lunas-del-coche\\\/#primaryimage\",\"url\":\"https:\\\/\\\/d2oyvx818ubhz6.cloudfront.net\\\/wp-content\\\/uploads\\\/2026\\\/08\\\/como-afecta-calor-agosto-lunas-coche.png\",\"contentUrl\":\"https:\\\/\\\/d2oyvx818ubhz6.cloudfront.net\\\/wp-content\\\/uploads\\\/2026\\\/08\\\/como-afecta-calor-agosto-lunas-coche.png\",\"width\":901,\"height\":600},{\"@type\":\"BreadcrumbList\",\"@id\":\"https:\\\/\\\/www.ralarsa.com\\\/es\\\/como-afecta-el-calor-de-agosto-a-las-lunas-del-coche\\\/#breadcrumb\",\"itemListElement\":[{\"@type\":\"ListItem\",\"position\":1,\"name\":\"Portada\",\"item\":\"https:\\\/\\\/www.ralarsa.com\\\/es\\\/ralarsa-2\\\/\"},{\"@type\":\"ListItem\",\"position\":2,\"name\":\"C\u00f3mo afecta el calor de agosto a las lunas del coche\"}]},{\"@type\":\"WebSite\",\"@id\":\"https:\\\/\\\/www.ralarsa.com\\\/es\\\/#website\",\"url\":\"https:\\\/\\\/www.ralarsa.com\\\/es\\\/\",\"name\":\"Ralarsa\",\"description\":\"\",\"publisher\":{\"@id\":\"https:\\\/\\\/www.ralarsa.com\\\/es\\\/#organization\"},\"potentialAction\":[{\"@type\":\"SearchAction\",\"target\":{\"@type\":\"EntryPoint\",\"urlTemplate\":\"https:\\\/\\\/www.ralarsa.com\\\/es\\\/?s={search_term_string}\"},\"query-input\":{\"@type\":\"PropertyValueSpecification\",\"valueRequired\":true,\"valueName\":\"search_term_string\"}}],\"inLanguage\":\"es\"},{\"@type\":\"Organization\",\"@id\":\"https:\\\/\\\/www.ralarsa.com\\\/es\\\/#organization\",\"name\":\"Ralarsa\",\"url\":\"https:\\\/\\\/www.ralarsa.com\\\/es\\\/\",\"logo\":{\"@type\":\"ImageObject\",\"inLanguage\":\"es\",\"@id\":\"https:\\\/\\\/www.ralarsa.com\\\/es\\\/#\\\/schema\\\/logo\\\/image\\\/\",\"url\":\"https:\\\/\\\/ralarsa.s3.eu-central-1.amazonaws.com\\\/wp-content\\\/uploads\\\/2025\\\/04\\\/logo-ralarsa.png\",\"contentUrl\":\"https:\\\/\\\/ralarsa.s3.eu-central-1.amazonaws.com\\\/wp-content\\\/uploads\\\/2025\\\/04\\\/logo-ralarsa.png\",\"width\":1192,\"height\":412,\"caption\":\"Ralarsa\"},\"image\":{\"@id\":\"https:\\\/\\\/www.ralarsa.com\\\/es\\\/#\\\/schema\\\/logo\\\/image\\\/\"}},{\"@type\":\"Person\",\"@id\":\"https:\\\/\\\/www.ralarsa.com\\\/es\\\/#\\\/schema\\\/person\\\/da053e3bdd8933370cee4db17edd3710\",\"name\":\"Aina Belles\",\"image\":{\"@type\":\"ImageObject\",\"inLanguage\":\"es\",\"@id\":\"https:\\\/\\\/secure.gravatar.com\\\/avatar\\\/a5711a4554fc4f9a95faec51accef383d52c93253ac87fe09655e6991a4a4ebe?s=96&d=mm&r=g\",\"url\":\"https:\\\/\\\/secure.gravatar.com\\\/avatar\\\/a5711a4554fc4f9a95faec51accef383d52c93253ac87fe09655e6991a4a4ebe?s=96&d=mm&r=g\",\"contentUrl\":\"https:\\\/\\\/secure.gravatar.com\\\/avatar\\\/a5711a4554fc4f9a95faec51accef383d52c93253ac87fe09655e6991a4a4ebe?s=96&d=mm&r=g\",\"caption\":\"Aina Belles\"},\"sameAs\":[\"http:\\\/\\\/ralarsa.com\"]}]}<\/script>\n<!-- \/ Yoast SEO Premium plugin. -->","yoast_head_json":{"title":"C\u00f3mo afecta el calor de agosto a las lunas del coche - Ralarsa","robots":{"index":"index","follow":"follow","max-snippet":"max-snippet:-1","max-image-preview":"max-image-preview:large","max-video-preview":"max-video-preview:-1"},"canonical":"https:\/\/www.ralarsa.com\/es\/como-afecta-el-calor-de-agosto-a-las-lunas-del-coche\/","og_locale":"es_ES","og_type":"article","og_title":"C\u00f3mo afecta el calor de agosto a las lunas del coche","og_description":"Entender c\u00f3mo afecta el calor de agosto a las lunas del coche es fundamental para prevenir da\u00f1os en el parabrisas y mantener la seguridad durante los meses m\u00e1s calurosos del a\u00f1o. Las altas temperaturas, la exposici\u00f3n prolongada al sol y los cambios bruscos entre el calor exterior y el aire acondicionado generan tensi\u00f3n en el...","og_url":"https:\/\/www.ralarsa.com\/es\/como-afecta-el-calor-de-agosto-a-las-lunas-del-coche\/","og_site_name":"Ralarsa","article_published_time":"2026-08-31T07:00:03+00:00","og_image":[{"width":901,"height":600,"url":"https:\/\/d2oyvx818ubhz6.cloudfront.net\/wp-content\/uploads\/2026\/08\/como-afecta-calor-agosto-lunas-coche.png","type":"image\/png"}],"author":"Aina Belles","twitter_card":"summary_large_image","twitter_misc":{"Escrito por":"Aina Belles","Tiempo de lectura":"2 minutos"},"schema":{"@context":"https:\/\/schema.org","@graph":[{"@type":"Article","@id":"https:\/\/www.ralarsa.com\/es\/como-afecta-el-calor-de-agosto-a-las-lunas-del-coche\/#article","isPartOf":{"@id":"https:\/\/www.ralarsa.com\/es\/como-afecta-el-calor-de-agosto-a-las-lunas-del-coche\/"},"author":{"name":"Aina Belles","@id":"https:\/\/www.ralarsa.com\/es\/#\/schema\/person\/da053e3bdd8933370cee4db17edd3710"},"headline":"C\u00f3mo afecta el calor de agosto a las lunas del coche","datePublished":"2026-08-31T07:00:03+00:00","mainEntityOfPage":{"@id":"https:\/\/www.ralarsa.com\/es\/como-afecta-el-calor-de-agosto-a-las-lunas-del-coche\/"},"wordCount":962,"commentCount":0,"publisher":{"@id":"https:\/\/www.ralarsa.com\/es\/#organization"},"image":{"@id":"https:\/\/www.ralarsa.com\/es\/como-afecta-el-calor-de-agosto-a-las-lunas-del-coche\/#primaryimage"},"thumbnailUrl":"https:\/\/d2oyvx818ubhz6.cloudfront.net\/wp-content\/uploads\/2026\/08\/como-afecta-calor-agosto-lunas-coche.png","articleSection":["Informaci\u00f3n"],"inLanguage":"es","potentialAction":[{"@type":"CommentAction","name":"Comment","target":["https:\/\/www.ralarsa.com\/es\/como-afecta-el-calor-de-agosto-a-las-lunas-del-coche\/#respond"]}]},{"@type":"WebPage","@id":"https:\/\/www.ralarsa.com\/es\/como-afecta-el-calor-de-agosto-a-las-lunas-del-coche\/","url":"https:\/\/www.ralarsa.com\/es\/como-afecta-el-calor-de-agosto-a-las-lunas-del-coche\/","name":"C\u00f3mo afecta el calor de agosto a las lunas del coche - Ralarsa","isPartOf":{"@id":"https:\/\/www.ralarsa.com\/es\/#website"},"primaryImageOfPage":{"@id":"https:\/\/www.ralarsa.com\/es\/como-afecta-el-calor-de-agosto-a-las-lunas-del-coche\/#primaryimage"},"image":{"@id":"https:\/\/www.ralarsa.com\/es\/como-afecta-el-calor-de-agosto-a-las-lunas-del-coche\/#primaryimage"},"thumbnailUrl":"https:\/\/d2oyvx818ubhz6.cloudfront.net\/wp-content\/uploads\/2026\/08\/como-afecta-calor-agosto-lunas-coche.png","datePublished":"2026-08-31T07:00:03+00:00","breadcrumb":{"@id":"https:\/\/www.ralarsa.com\/es\/como-afecta-el-calor-de-agosto-a-las-lunas-del-coche\/#breadcrumb"},"inLanguage":"es","potentialAction":[{"@type":"ReadAction","target":[["https:\/\/www.ralarsa.com\/es\/como-afecta-el-calor-de-agosto-a-las-lunas-del-coche\/"]]}]},{"@type":"ImageObject","inLanguage":"es","@id":"https:\/\/www.ralarsa.com\/es\/como-afecta-el-calor-de-agosto-a-las-lunas-del-coche\/#primaryimage","url":"https:\/\/d2oyvx818ubhz6.cloudfront.net\/wp-content\/uploads\/2026\/08\/como-afecta-calor-agosto-lunas-coche.png","contentUrl":"https:\/\/d2oyvx818ubhz6.cloudfront.net\/wp-content\/uploads\/2026\/08\/como-afecta-calor-agosto-lunas-coche.png","width":901,"height":600},{"@type":"BreadcrumbList","@id":"https:\/\/www.ralarsa.com\/es\/como-afecta-el-calor-de-agosto-a-las-lunas-del-coche\/#breadcrumb","itemListElement":[{"@type":"ListItem","position":1,"name":"Portada","item":"https:\/\/www.ralarsa.com\/es\/ralarsa-2\/"},{"@type":"ListItem","position":2,"name":"C\u00f3mo afecta el calor de agosto a las lunas del coche"}]},{"@type":"WebSite","@id":"https:\/\/www.ralarsa.com\/es\/#website","url":"https:\/\/www.ralarsa.com\/es\/","name":"Ralarsa","description":"","publisher":{"@id":"https:\/\/www.ralarsa.com\/es\/#organization"},"potentialAction":[{"@type":"SearchAction","target":{"@type":"EntryPoint","urlTemplate":"https:\/\/www.ralarsa.com\/es\/?s={search_term_string}"},"query-input":{"@type":"PropertyValueSpecification","valueRequired":true,"valueName":"search_term_string"}}],"inLanguage":"es"},{"@type":"Organization","@id":"https:\/\/www.ralarsa.com\/es\/#organization","name":"Ralarsa","url":"https:\/\/www.ralarsa.com\/es\/","logo":{"@type":"ImageObject","inLanguage":"es","@id":"https:\/\/www.ralarsa.com\/es\/#\/schema\/logo\/image\/","url":"https:\/\/ralarsa.s3.eu-central-1.amazonaws.com\/wp-content\/uploads\/2025\/04\/logo-ralarsa.png","contentUrl":"https:\/\/ralarsa.s3.eu-central-1.amazonaws.com\/wp-content\/uploads\/2025\/04\/logo-ralarsa.png","width":1192,"height":412,"caption":"Ralarsa"},"image":{"@id":"https:\/\/www.ralarsa.com\/es\/#\/schema\/logo\/image\/"}},{"@type":"Person","@id":"https:\/\/www.ralarsa.com\/es\/#\/schema\/person\/da053e3bdd8933370cee4db17edd3710","name":"Aina Belles","image":{"@type":"ImageObject","inLanguage":"es","@id":"https:\/\/secure.gravatar.com\/avatar\/a5711a4554fc4f9a95faec51accef383d52c93253ac87fe09655e6991a4a4ebe?s=96&d=mm&r=g","url":"https:\/\/secure.gravatar.com\/avatar\/a5711a4554fc4f9a95faec51accef383d52c93253ac87fe09655e6991a4a4ebe?s=96&d=mm&r=g","contentUrl":"https:\/\/secure.gravatar.com\/avatar\/a5711a4554fc4f9a95faec51accef383d52c93253ac87fe09655e6991a4a4ebe?s=96&d=mm&r=g","caption":"Aina Belles"},"sameAs":["http:\/\/ralarsa.com"]}]}},"_links":{"self":[{"href":"https:\/\/www.ralarsa.com\/es\/wp-json\/wp\/v2\/posts\/7097","targetHints":{"allow":["GET"]}}],"collection":[{"href":"https:\/\/www.ralarsa.com\/es\/wp-json\/wp\/v2\/posts"}],"about":[{"href":"https:\/\/www.ralarsa.com\/es\/wp-json\/wp\/v2\/types\/post"}],"author":[{"embeddable":true,"href":"https:\/\/www.ralarsa.com\/es\/wp-json\/wp\/v2\/users\/8"}],"replies":[{"embeddable":true,"href":"https:\/\/www.ralarsa.com\/es\/wp-json\/wp\/v2\/comments?post=7097"}],"version-history":[{"count":2,"href":"https:\/\/www.ralarsa.com\/es\/wp-json\/wp\/v2\/posts\/7097\/revisions"}],"predecessor-version":[{"id":7131,"href":"https:\/\/www.ralarsa.com\/es\/wp-json\/wp\/v2\/posts\/7097\/revisions\/7131"}],"wp:featuredmedia":[{"embeddable":true,"href":"https:\/\/www.ralarsa.com\/es\/wp-json\/wp\/v2\/media\/7098"}],"wp:attachment":[{"href":"https:\/\/www.ralarsa.com\/es\/wp-json\/wp\/v2\/media?parent=7097"}],"wp:term":[{"taxonomy":"category","embeddable":true,"href":"https:\/\/www.ralarsa.com\/es\/wp-json\/wp\/v2\/categories?post=7097"},{"taxonomy":"post_tag","embeddable":true,"href":"https:\/\/www.ralarsa.com\/es\/wp-json\/wp\/v2\/tags?post=7097"}],"curies":[{"name":"wp","href":"https:\/\/api.w.org\/{rel}","templated":true}]}}